{"id":94,"date":"2019-12-07T11:41:24","date_gmt":"2019-12-07T10:41:24","guid":{"rendered":"https:\/\/www.teoriamusical.es\/blog\/?p=94"},"modified":"2019-12-07T11:44:35","modified_gmt":"2019-12-07T10:44:35","slug":"como-desarrollar-melodias","status":"publish","type":"post","link":"https:\/\/www.teoriamusical.es\/blog\/como-desarrollar-melodias\/","title":{"rendered":"\u00bfC\u00f3mo desarrollar melod\u00edas?"},"content":{"rendered":"\n<p>C\u00f3mo desarrollar melod\u00edas. El video que hice en febrero de 2019 iba sobre c\u00f3mo desarrollar melod\u00edas.<\/p>\n\n\n\n<p>En \u00e9l expliqu\u00e9 un par de t\u00e9cnicas sencillas para conseguirlo, ya que es cierto que, si comparamos con la cantidad de material sobre armon\u00eda, producci\u00f3n musical, etc, hay muy poco sobre desarrollo mel\u00f3dico.<\/p>\n\n\n\n<p>El video tuvo muy buena acogida, hubo interacciones no s\u00f3lo en los comentarios sino por mail y, finalmente, termin\u00f3 dando pie al que es uno de mis <a href=\"https:\/\/www.teoriamusical.es\/blog\/cursos-de-musica\/\">cursos de m\u00fasica moderna<\/a> m\u00e1s exitoso:<\/p>\n\n\n\n<p>El curso de desarrollo mel\u00f3dico, donde explico con m\u00faltiples t\u00e9cnicas y conceptos c\u00f3mo desarrollar melod\u00edas.<\/p>\n\n\n\n<p>En el video me centr\u00e9 durante 19 minutos en una sola t\u00e9cnica de rotaci\u00f3n que nos permit\u00eda obtener nuevo material mel\u00f3dico a partir de un material dado. <\/p>\n\n\n\n<p>Hay muchas m\u00e1s t\u00e9cnicas y adem\u00e1s se combinan entre s\u00ed, pero esta me pareci\u00f3 muy f\u00e1cil de explicar y muy f\u00e1cil de entender, as\u00ed que me decant\u00e9 por ella.<\/p>\n\n\n\n<p>Tengo que reconocer que me preocup\u00f3 un poco el usar partitura, porque gran parte de mis suscriptores no est\u00e1n acostumbrados al pentagrama, pero era algo que ten\u00eda que hacer para poderlo explicar bien.<\/p>\n\n\n\n<p>La gente, incluso los que no leen m\u00fasica, entendi\u00f3 todo perfectamente, porque es una t\u00e9cnica bastante visual, as\u00ed que sin problema.<\/p>\n\n\n\n<p>Hablando de visual, <a href=\"https:\/\/youtu.be\/7Oj4wuhzgTs\">este ejercicio<\/a> te puede gustar y es tambi\u00e9n aplicable.<\/p>\n\n\n\n<p>Aqu\u00ed ten\u00e9is el video, espero que os guste, y recordad que ten\u00e9is <a href=\"https:\/\/www.teoriamusical.es\/blog\/cursos-online\/\">un curso de 13 horas con much\u00edsimas m\u00e1s t\u00e9cnicas de desarrollo mel\u00f3dico. <\/a><\/p>\n\n\n\n<figure class=\"wp-block-embed-youtube wp-block-embed is-type-video is-provider-youtube wp-embed-aspect-16-9 wp-has-aspect-ratio\"><div class=\"wp-block-embed__wrapper\">\n<iframe loading=\"lazy\" title=\"T\u00e9cnica Musical: \u00bfC\u00f3mo Desarrollar Las Melod\u00edas? -Cursos en la Descripci\u00f3n- | Countblissett\" width=\"584\" height=\"329\" src=\"https:\/\/www.youtube.com\/embed\/XBy18dMJL6Y?feature=oembed\" frameborder=\"0\" allow=\"accelerometer; autoplay; clipboard-write; encrypted-media; gyroscope; picture-in-picture; web-share\" referrerpolicy=\"strict-origin-when-cross-origin\" allowfullscreen><\/iframe>\n<\/div><\/figure>\n","protected":false},"excerpt":{"rendered":"<p>C\u00f3mo desarrollar melod\u00edas. El video que hice en febrero de 2019 iba sobre c\u00f3mo desarrollar melod\u00edas. En \u00e9l expliqu\u00e9 un par de t\u00e9cnicas sencillas para conseguirlo, ya que es cierto que, si comparamos con la cantidad de material sobre armon\u00eda, &hellip; <a href=\"https:\/\/www.teoriamusical.es\/blog\/como-desarrollar-melodias\/\">Sigue leyendo <span class=\"meta-nav\">&rarr;<\/span><\/a><\/p>\n","protected":false},"author":1,"featured_media":0,"comment_status":"open","ping_status":"open","sticky":false,"template":"","format":"standard","meta":{"_monsterinsights_skip_tracking":false,"_monsterinsights_sitenote_active":false,"_monsterinsights_sitenote_note":"","_monsterinsights_sitenote_category":0,"footnotes":""},"categories":[27,44,16],"tags":[4,6,22],"class_list":["post-94","post","type-post","status-publish","format-standard","hentry","category-creatividad","category-desarrollo-melodico","category-lenguaje-armonico","tag-armonia-moderna","tag-desarrollo-melodico","tag-lenguaje-armonico"],"yoast_head":"<!-- This site is optimized with the Yoast SEO plugin v19.6 - https:\/\/yoast.com\/wordpress\/plugins\/seo\/ -->\n<title>\u00bfC\u00f3mo desarrollar melod\u00edas? - Teor\u00eda Musical<\/title>\n<meta name=\"description\" content=\"\u00bfC\u00f3mo desarrollar melod\u00edas? Es una de las preguntas que dio pie a este video que termin\u00f3 dando pie al Curso de Desarrollo Mel\u00f3dico. Video sencillo y f\u00e1cil.\" \/>\n<meta name=\"robots\" content=\"index, follow, max-snippet:-1, max-image-preview:large, max-video-preview:-1\" \/>\n<link rel=\"canonical\" href=\"https:\/\/www.teoriamusical.es\/blog\/como-desarrollar-melodias\/\" \/>\n<meta property=\"og:locale\" content=\"es_ES\" \/>\n<meta property=\"og:type\" content=\"article\" \/>\n<meta property=\"og:title\" content=\"\u00bfC\u00f3mo desarrollar melod\u00edas? - Teor\u00eda Musical\" \/>\n<meta property=\"og:description\" content=\"\u00bfC\u00f3mo desarrollar melod\u00edas? Es una de las preguntas que dio pie a este video que termin\u00f3 dando pie al Curso de Desarrollo Mel\u00f3dico. Video sencillo y f\u00e1cil.\" \/>\n<meta property=\"og:url\" content=\"https:\/\/www.teoriamusical.es\/blog\/como-desarrollar-melodias\/\" \/>\n<meta property=\"og:site_name\" content=\"Teor\u00eda Musical\" \/>\n<meta property=\"article:published_time\" content=\"2019-12-07T10:41:24+00:00\" \/>\n<meta property=\"article:modified_time\" content=\"2019-12-07T10:44:35+00:00\" \/>\n<meta name=\"author\" content=\"teoriamusical.es\" \/>\n<meta name=\"twitter:card\" content=\"summary_large_image\" \/>\n<meta name=\"twitter:label1\" content=\"Escrito por\" \/>\n\t<meta name=\"twitter:data1\" content=\"teoriamusical.es\" \/>\n\t<meta name=\"twitter:label2\" content=\"Tiempo de lectura\" \/>\n\t<meta name=\"twitter:data2\" content=\"1 minuto\" \/>\n<script type=\"application\/ld+json\" class=\"yoast-schema-graph\">{\"@context\":\"https:\/\/schema.org\",\"@graph\":[{\"@type\":\"Article\",\"@id\":\"https:\/\/www.teoriamusical.es\/blog\/como-desarrollar-melodias\/#article\",\"isPartOf\":{\"@id\":\"https:\/\/www.teoriamusical.es\/blog\/como-desarrollar-melodias\/\"},\"author\":{\"name\":\"teoriamusical.es\",\"@id\":\"https:\/\/www.teoriamusical.es\/blog\/#\/schema\/person\/abbe30b6f6b449ac9e19ab236fe3d80c\"},\"headline\":\"\u00bfC\u00f3mo desarrollar melod\u00edas?\",\"datePublished\":\"2019-12-07T10:41:24+00:00\",\"dateModified\":\"2019-12-07T10:44:35+00:00\",\"mainEntityOfPage\":{\"@id\":\"https:\/\/www.teoriamusical.es\/blog\/como-desarrollar-melodias\/\"},\"wordCount\":287,\"commentCount\":0,\"publisher\":{\"@id\":\"https:\/\/www.teoriamusical.es\/blog\/#\/schema\/person\/abbe30b6f6b449ac9e19ab236fe3d80c\"},\"keywords\":[\"armonia moderna\",\"desarrollo melodico\",\"lenguaje arm\u00f3nico\"],\"articleSection\":[\"creatividad\",\"Desarrollo Mel\u00f3dico\",\"Lenguaje Arm\u00f3nico\"],\"inLanguage\":\"es\",\"potentialAction\":[{\"@type\":\"CommentAction\",\"name\":\"Comment\",\"target\":[\"https:\/\/www.teoriamusical.es\/blog\/como-desarrollar-melodias\/#respond\"]}]},{\"@type\":\"WebPage\",\"@id\":\"https:\/\/www.teoriamusical.es\/blog\/como-desarrollar-melodias\/\",\"url\":\"https:\/\/www.teoriamusical.es\/blog\/como-desarrollar-melodias\/\",\"name\":\"\u00bfC\u00f3mo desarrollar melod\u00edas? - Teor\u00eda Musical\",\"isPartOf\":{\"@id\":\"https:\/\/www.teoriamusical.es\/blog\/#website\"},\"datePublished\":\"2019-12-07T10:41:24+00:00\",\"dateModified\":\"2019-12-07T10:44:35+00:00\",\"description\":\"\u00bfC\u00f3mo desarrollar melod\u00edas? Es una de las preguntas que dio pie a este video que termin\u00f3 dando pie al Curso de Desarrollo Mel\u00f3dico. Video sencillo y f\u00e1cil.\",\"breadcrumb\":{\"@id\":\"https:\/\/www.teoriamusical.es\/blog\/como-desarrollar-melodias\/#breadcrumb\"},\"inLanguage\":\"es\",\"potentialAction\":[{\"@type\":\"ReadAction\",\"target\":[\"https:\/\/www.teoriamusical.es\/blog\/como-desarrollar-melodias\/\"]}]},{\"@type\":\"BreadcrumbList\",\"@id\":\"https:\/\/www.teoriamusical.es\/blog\/como-desarrollar-melodias\/#breadcrumb\",\"itemListElement\":[{\"@type\":\"ListItem\",\"position\":1,\"name\":\"Home\",\"item\":\"https:\/\/www.teoriamusical.es\/blog\/\"},{\"@type\":\"ListItem\",\"position\":2,\"name\":\"\u00bfC\u00f3mo desarrollar melod\u00edas?\"}]},{\"@type\":\"WebSite\",\"@id\":\"https:\/\/www.teoriamusical.es\/blog\/#website\",\"url\":\"https:\/\/www.teoriamusical.es\/blog\/\",\"name\":\"Teor\u00eda Musical\",\"description\":\"Teor\u00eda Musical, Armon\u00eda Moderna y Cursos Online\",\"publisher\":{\"@id\":\"https:\/\/www.teoriamusical.es\/blog\/#\/schema\/person\/abbe30b6f6b449ac9e19ab236fe3d80c\"},\"potentialAction\":[{\"@type\":\"SearchAction\",\"target\":{\"@type\":\"EntryPoint\",\"urlTemplate\":\"https:\/\/www.teoriamusical.es\/blog\/?s={search_term_string}\"},\"query-input\":\"required name=search_term_string\"}],\"inLanguage\":\"es\"},{\"@type\":[\"Person\",\"Organization\"],\"@id\":\"https:\/\/www.teoriamusical.es\/blog\/#\/schema\/person\/abbe30b6f6b449ac9e19ab236fe3d80c\",\"name\":\"teoriamusical.es\",\"image\":{\"@type\":\"ImageObject\",\"inLanguage\":\"es\",\"@id\":\"https:\/\/www.teoriamusical.es\/blog\/#\/schema\/person\/image\/\",\"url\":\"https:\/\/secure.gravatar.com\/avatar\/1d7014e5a95916f717d86ab0aceffce14fd35c12b39d368d60384afae17e1760?s=96&d=mm&r=g\",\"contentUrl\":\"https:\/\/secure.gravatar.com\/avatar\/1d7014e5a95916f717d86ab0aceffce14fd35c12b39d368d60384afae17e1760?s=96&d=mm&r=g\",\"caption\":\"teoriamusical.es\"},\"logo\":{\"@id\":\"https:\/\/www.teoriamusical.es\/blog\/#\/schema\/person\/image\/\"}}]}<\/script>\n<!-- \/ Yoast SEO plugin. -->","yoast_head_json":{"title":"\u00bfC\u00f3mo desarrollar melod\u00edas? - Teor\u00eda Musical","description":"\u00bfC\u00f3mo desarrollar melod\u00edas? Es una de las preguntas que dio pie a este video que termin\u00f3 dando pie al Curso de Desarrollo Mel\u00f3dico. Video sencillo y f\u00e1cil.","robots":{"index":"index","follow":"follow","max-snippet":"max-snippet:-1","max-image-preview":"max-image-preview:large","max-video-preview":"max-video-preview:-1"},"canonical":"https:\/\/www.teoriamusical.es\/blog\/como-desarrollar-melodias\/","og_locale":"es_ES","og_type":"article","og_title":"\u00bfC\u00f3mo desarrollar melod\u00edas? - Teor\u00eda Musical","og_description":"\u00bfC\u00f3mo desarrollar melod\u00edas? Es una de las preguntas que dio pie a este video que termin\u00f3 dando pie al Curso de Desarrollo Mel\u00f3dico. Video sencillo y f\u00e1cil.","og_url":"https:\/\/www.teoriamusical.es\/blog\/como-desarrollar-melodias\/","og_site_name":"Teor\u00eda Musical","article_published_time":"2019-12-07T10:41:24+00:00","article_modified_time":"2019-12-07T10:44:35+00:00","author":"teoriamusical.es","twitter_card":"summary_large_image","twitter_misc":{"Escrito por":"teoriamusical.es","Tiempo de lectura":"1 minuto"},"schema":{"@context":"https:\/\/schema.org","@graph":[{"@type":"Article","@id":"https:\/\/www.teoriamusical.es\/blog\/como-desarrollar-melodias\/#article","isPartOf":{"@id":"https:\/\/www.teoriamusical.es\/blog\/como-desarrollar-melodias\/"},"author":{"name":"teoriamusical.es","@id":"https:\/\/www.teoriamusical.es\/blog\/#\/schema\/person\/abbe30b6f6b449ac9e19ab236fe3d80c"},"headline":"\u00bfC\u00f3mo desarrollar melod\u00edas?","datePublished":"2019-12-07T10:41:24+00:00","dateModified":"2019-12-07T10:44:35+00:00","mainEntityOfPage":{"@id":"https:\/\/www.teoriamusical.es\/blog\/como-desarrollar-melodias\/"},"wordCount":287,"commentCount":0,"publisher":{"@id":"https:\/\/www.teoriamusical.es\/blog\/#\/schema\/person\/abbe30b6f6b449ac9e19ab236fe3d80c"},"keywords":["armonia moderna","desarrollo melodico","lenguaje arm\u00f3nico"],"articleSection":["creatividad","Desarrollo Mel\u00f3dico","Lenguaje Arm\u00f3nico"],"inLanguage":"es","potentialAction":[{"@type":"CommentAction","name":"Comment","target":["https:\/\/www.teoriamusical.es\/blog\/como-desarrollar-melodias\/#respond"]}]},{"@type":"WebPage","@id":"https:\/\/www.teoriamusical.es\/blog\/como-desarrollar-melodias\/","url":"https:\/\/www.teoriamusical.es\/blog\/como-desarrollar-melodias\/","name":"\u00bfC\u00f3mo desarrollar melod\u00edas? - Teor\u00eda Musical","isPartOf":{"@id":"https:\/\/www.teoriamusical.es\/blog\/#website"},"datePublished":"2019-12-07T10:41:24+00:00","dateModified":"2019-12-07T10:44:35+00:00","description":"\u00bfC\u00f3mo desarrollar melod\u00edas? Es una de las preguntas que dio pie a este video que termin\u00f3 dando pie al Curso de Desarrollo Mel\u00f3dico. Video sencillo y f\u00e1cil.","breadcrumb":{"@id":"https:\/\/www.teoriamusical.es\/blog\/como-desarrollar-melodias\/#breadcrumb"},"inLanguage":"es","potentialAction":[{"@type":"ReadAction","target":["https:\/\/www.teoriamusical.es\/blog\/como-desarrollar-melodias\/"]}]},{"@type":"BreadcrumbList","@id":"https:\/\/www.teoriamusical.es\/blog\/como-desarrollar-melodias\/#breadcrumb","itemListElement":[{"@type":"ListItem","position":1,"name":"Home","item":"https:\/\/www.teoriamusical.es\/blog\/"},{"@type":"ListItem","position":2,"name":"\u00bfC\u00f3mo desarrollar melod\u00edas?"}]},{"@type":"WebSite","@id":"https:\/\/www.teoriamusical.es\/blog\/#website","url":"https:\/\/www.teoriamusical.es\/blog\/","name":"Teor\u00eda Musical","description":"Teor\u00eda Musical, Armon\u00eda Moderna y Cursos Online","publisher":{"@id":"https:\/\/www.teoriamusical.es\/blog\/#\/schema\/person\/abbe30b6f6b449ac9e19ab236fe3d80c"},"potentialAction":[{"@type":"SearchAction","target":{"@type":"EntryPoint","urlTemplate":"https:\/\/www.teoriamusical.es\/blog\/?s={search_term_string}"},"query-input":"required name=search_term_string"}],"inLanguage":"es"},{"@type":["Person","Organization"],"@id":"https:\/\/www.teoriamusical.es\/blog\/#\/schema\/person\/abbe30b6f6b449ac9e19ab236fe3d80c","name":"teoriamusical.es","image":{"@type":"ImageObject","inLanguage":"es","@id":"https:\/\/www.teoriamusical.es\/blog\/#\/schema\/person\/image\/","url":"https:\/\/secure.gravatar.com\/avatar\/1d7014e5a95916f717d86ab0aceffce14fd35c12b39d368d60384afae17e1760?s=96&d=mm&r=g","contentUrl":"https:\/\/secure.gravatar.com\/avatar\/1d7014e5a95916f717d86ab0aceffce14fd35c12b39d368d60384afae17e1760?s=96&d=mm&r=g","caption":"teoriamusical.es"},"logo":{"@id":"https:\/\/www.teoriamusical.es\/blog\/#\/schema\/person\/image\/"}}]}},"jetpack_featured_media_url":"","jetpack-related-posts":[{"id":387,"url":"https:\/\/www.teoriamusical.es\/blog\/notas_guia\/","url_meta":{"origin":94,"position":0},"title":"Notas Gu\u00eda &#8211; Melod\u00eda y Armon\u00eda","date":"agosto 30, 2021","format":false,"excerpt":"Componer melod\u00edas teniendo como notas estructurales las notas gu\u00eda y las notas caracter\u00edsticas del modo como material compositivo es una manera sencilla de construir melod\u00edas memorables. Muchas veces pensamos que el acorde es el que nos aporta la informaci\u00f3n arm\u00f3nica cuando, en realidad, muchas veces es la melod\u00eda la que\u2026","rel":"","context":"En \u00abAcordes\u00bb","img":{"alt_text":"","src":"https:\/\/i0.wp.com\/img.youtube.com\/vi\/s70bqsCSYN0\/0.jpg?resize=350%2C200","width":350,"height":200},"classes":[]},{"id":75,"url":"https:\/\/www.teoriamusical.es\/blog\/melodia-acordes\/","url_meta":{"origin":94,"position":1},"title":"Melod\u00eda y Acordes, \u00bfQu\u00e9 Hago Primero?","date":"diciembre 5, 2019","format":false,"excerpt":"Est\u00e1 la melod\u00eda y est\u00e1n los acordes pero qu\u00e9 hago primero, \u00bfmelod\u00eda y acordes? \u00bfprimero melod\u00eda y luego acordes o al rev\u00e9s? En mis m\u00e1s de 12 a\u00f1os como educador musical en un centro privado me enfrent\u00e9 muchas veces a esta pregunta. Ahora, como profesor online y propietario de un\u2026","rel":"","context":"En \u00abAcordes\u00bb","img":{"alt_text":"","src":"https:\/\/i0.wp.com\/img.youtube.com\/vi\/AeaK-qFqiJ0\/0.jpg?resize=350%2C200","width":350,"height":200},"classes":[]},{"id":359,"url":"https:\/\/www.teoriamusical.es\/blog\/chord_melody\/","url_meta":{"origin":94,"position":2},"title":"Chord Melody: Rearmonizaci\u00f3n","date":"agosto 9, 2021","format":false,"excerpt":"Chord Melody es el nombre que ponemos en jazz a convertir una melod\u00eda en una sucesi\u00f3n de acordes, sucesi\u00f3n de acordes que normalmente tiene la melod\u00eda en el top note y hace uso extensivo de las t\u00e9cnicas de rearmonizaci\u00f3n propias del lenguaje jazzistico El chord melody no es patrimonio exclusivo\u2026","rel":"","context":"En \u00abAcordes\u00bb","img":{"alt_text":"","src":"https:\/\/i0.wp.com\/img.youtube.com\/vi\/QdUazsLlQv0\/0.jpg?resize=350%2C200","width":350,"height":200},"classes":[]},{"id":384,"url":"https:\/\/www.teoriamusical.es\/blog\/componer-canciones\/","url_meta":{"origin":94,"position":3},"title":"Componer Canciones con Ruedas de Acordes","date":"agosto 29, 2021","format":false,"excerpt":"Hemos visto c\u00f3mo construir una progresi\u00f3n de acordes a partir de nuestra melod\u00eda para tener una armon\u00eda lo m\u00e1s rica posible pero tambi\u00e9n existe la opci\u00f3n de trabajar al rev\u00e9s, es decir, componer canciones partiendo de una secuencia de acordes. En este video vemos c\u00f3mo componer una canci\u00f3n partiendo de\u2026","rel":"","context":"En \u00abAcordes\u00bb","img":{"alt_text":"","src":"https:\/\/i0.wp.com\/img.youtube.com\/vi\/QkGBzt7t1Mc\/0.jpg?resize=350%2C200","width":350,"height":200},"classes":[]},{"id":317,"url":"https:\/\/www.teoriamusical.es\/blog\/direccionalidad-melodica\/","url_meta":{"origin":94,"position":4},"title":"Direccionalidad Mel\u00f3dica","date":"julio 16, 2021","format":false,"excerpt":"C\u00f3mo componer melod\u00edas, sin saber teor\u00eda musical o sabi\u00e9ndola, tiene mucho que ver con percibir d\u00f3nde quieren moverse las notas. Todo el desarrollo mel\u00f3dico posterior reforzar\u00e1 y ampliar\u00e1 la intenci\u00f3n y direcci\u00f3n de la melod\u00eda, por eso es importante que sepamos crear melod\u00edas s\u00f3lidas que no dependan de la armon\u00eda.\u2026","rel":"","context":"En \u00abArmon\u00eda Moderna\u00bb","img":{"alt_text":"","src":"https:\/\/i0.wp.com\/img.youtube.com\/vi\/rf4hxJ-XIn0\/0.jpg?resize=350%2C200","width":350,"height":200},"classes":[]},{"id":35,"url":"https:\/\/www.teoriamusical.es\/blog\/desarrollo-melodico-goldsmith\/","url_meta":{"origin":94,"position":5},"title":"La Importancia del Desarrollo Mel\u00f3dico en las Bandas Sonoras","date":"diciembre 4, 2019","format":false,"excerpt":"Desarrollo mel\u00f3dico. El tema es tan fascinante que le he dedicado un curso de 13 horas, lleno de t\u00e9cnicas aplicables a \u00e9l. El motivo de hacer esto es que, en la actualidad, sonamos de forma incre\u00edble gracias al despliegue de medios pero estamos perdiendo lo b\u00e1sico. Y ojo, no se\u2026","rel":"","context":"En \u00abAn\u00e1lisis Musical\u00bb","img":{"alt_text":"","src":"https:\/\/i0.wp.com\/img.youtube.com\/vi\/kdfwDysXJ9E\/0.jpg?resize=350%2C200","width":350,"height":200},"classes":[]}],"_links":{"self":[{"href":"https:\/\/www.teoriamusical.es\/blog\/wp-json\/wp\/v2\/posts\/94","targetHints":{"allow":["GET"]}}],"collection":[{"href":"https:\/\/www.teoriamusical.es\/blog\/wp-json\/wp\/v2\/posts"}],"about":[{"href":"https:\/\/www.teoriamusical.es\/blog\/wp-json\/wp\/v2\/types\/post"}],"author":[{"embeddable":true,"href":"https:\/\/www.teoriamusical.es\/blog\/wp-json\/wp\/v2\/users\/1"}],"replies":[{"embeddable":true,"href":"https:\/\/www.teoriamusical.es\/blog\/wp-json\/wp\/v2\/comments?post=94"}],"version-history":[{"count":1,"href":"https:\/\/www.teoriamusical.es\/blog\/wp-json\/wp\/v2\/posts\/94\/revisions"}],"predecessor-version":[{"id":96,"href":"https:\/\/www.teoriamusical.es\/blog\/wp-json\/wp\/v2\/posts\/94\/revisions\/96"}],"wp:attachment":[{"href":"https:\/\/www.teoriamusical.es\/blog\/wp-json\/wp\/v2\/media?parent=94"}],"wp:term":[{"taxonomy":"category","embeddable":true,"href":"https:\/\/www.teoriamusical.es\/blog\/wp-json\/wp\/v2\/categories?post=94"},{"taxonomy":"post_tag","embeddable":true,"href":"https:\/\/www.teoriamusical.es\/blog\/wp-json\/wp\/v2\/tags?post=94"}],"curies":[{"name":"wp","href":"https:\/\/api.w.org\/{rel}","templated":true}]}}