{"id":85,"date":"2019-12-05T23:01:59","date_gmt":"2019-12-05T22:01:59","guid":{"rendered":"https:\/\/www.teoriamusical.es\/blog\/?p=85"},"modified":"2019-12-05T23:02:00","modified_gmt":"2019-12-05T22:02:00","slug":"tonalidad-acorde","status":"publish","type":"post","link":"https:\/\/www.teoriamusical.es\/blog\/tonalidad-acorde\/","title":{"rendered":"Tonalidad y Acorde"},"content":{"rendered":"\n<p>Tonalidad y acorde tienen, en armon\u00eda funcional, una relaci\u00f3n.<\/p>\n\n\n\n<p>Siempre explico, en mis <a href=\"https:\/\/www.teoriamusical.es\/blog\/cursos-de-musica\/\">cursos online<\/a>, en mis <a href=\"https:\/\/www.teoriamusical.es\/blog\/clases-particulares-musica-online\/\">clases particulares<\/a> y en <a href=\"http:\/\/www.youtube.com\/countblissett\">mis videos de Youtube<\/a>, que debemos saber 3 cosas sobre un acorde; su forma (voicing), el modo que tiene debajo y su escala fuente.<\/p>\n\n\n\n<p>Esa escala fuente est\u00e1 en una tonalidad concreta y, en circunstancias normales, esa tonalidad ser\u00e1 el eje sobre el que resolver, o posponer, las cadencias arm\u00f3nicas y tambi\u00e9n el punto clave sobre el que gravitar mel\u00f3dicamente. <\/p>\n\n\n\n<p>Son embargo, en ocasiones nos va a ser m\u00e1s \u00fatil pensar en la tonalidad que en los acordes concretos. Tonalidad y acorde o acordes relacionados no funcionan igual en este contexto. Esto suceder\u00e1 sobre todo en temas con cambios r\u00e1pidos y, por supuesto, en m\u00fasica modal, donde lo que importa es el modo, ya que no hay una progresi\u00f3n funcional.<\/p>\n\n\n\n<p>En este video que grab\u00e9 en Diciembre de 2018, habl\u00e9 sobre este tema y puse un ejemplo de cambios r\u00e1pidos con modulaci\u00f3n constante.<\/p>\n\n\n\n<p>En \u00faltima instancia es mejor tener una visi\u00f3n clara del contexto arm\u00f3nico que del acorde del momento, o, dicho de otra forma, mejor ser consciente del bosque en su totalidad que del \u00e1rbol que tienes delante.<\/p>\n\n\n\n<figure class=\"wp-block-embed-youtube wp-block-embed is-type-video is-provider-youtube wp-embed-aspect-16-9 wp-has-aspect-ratio\"><div class=\"wp-block-embed__wrapper\">\n<iframe loading=\"lazy\" title=\"An\u00e1lisis Musical: \u00bfPor qu\u00e9 Debo Pensar en el Tono y No en el Acorde? | Countblissett\" width=\"584\" height=\"329\" src=\"https:\/\/www.youtube.com\/embed\/5f6fnYnNXes?feature=oembed\" frameborder=\"0\" allow=\"accelerometer; autoplay; clipboard-write; encrypted-media; gyroscope; picture-in-picture; web-share\" referrerpolicy=\"strict-origin-when-cross-origin\" allowfullscreen><\/iframe>\n<\/div><\/figure>\n\n\n\n<p>Si te interesa la armon\u00eda moderna, los voicings y el desarrollo mel\u00f3dico, \u00e9chale un vistazo a <a href=\"https:\/\/www.teoriamusical.es\/blog\/cursos-de-musica\/\">mis cursos<\/a>.<\/p>\n","protected":false},"excerpt":{"rendered":"<p>Tonalidad y acorde tienen, en armon\u00eda funcional, una relaci\u00f3n. Siempre explico, en mis cursos online, en mis clases particulares y en mis videos de Youtube, que debemos saber 3 cosas sobre un acorde; su forma (voicing), el modo que tiene &hellip; <a href=\"https:\/\/www.teoriamusical.es\/blog\/tonalidad-acorde\/\">Sigue leyendo <span class=\"meta-nav\">&rarr;<\/span><\/a><\/p>\n","protected":false},"author":1,"featured_media":0,"comment_status":"open","ping_status":"open","sticky":false,"template":"","format":"standard","meta":{"_monsterinsights_skip_tracking":false,"_monsterinsights_sitenote_active":false,"_monsterinsights_sitenote_note":"","_monsterinsights_sitenote_category":0,"footnotes":""},"categories":[37,18,15,16],"tags":[8,4,40,9,39],"class_list":["post-85","post","type-post","status-publish","format-standard","hentry","category-acordes","category-analisis-musical","category-armonia-moderna","category-lenguaje-armonico","tag-acordes","tag-armonia-moderna","tag-coltrane","tag-escalas","tag-tonalidad"],"yoast_head":"<!-- This site is optimized with the Yoast SEO plugin v19.6 - https:\/\/yoast.com\/wordpress\/plugins\/seo\/ -->\n<title>Tonalidad y Acorde - Teor\u00eda Musical<\/title>\n<meta name=\"description\" content=\"Tonalidad y Acorde tienen, en armon\u00eda funcional, una relaci\u00f3n directa. En este video vemos cu\u00e1ndo pensar en la tonalidad y cu\u00e1ndo en el acorde y por qu\u00e9.\" \/>\n<meta name=\"robots\" content=\"index, follow, max-snippet:-1, max-image-preview:large, max-video-preview:-1\" \/>\n<link rel=\"canonical\" href=\"https:\/\/www.teoriamusical.es\/blog\/tonalidad-acorde\/\" \/>\n<meta property=\"og:locale\" content=\"es_ES\" \/>\n<meta property=\"og:type\" content=\"article\" \/>\n<meta property=\"og:title\" content=\"Tonalidad y Acorde - Teor\u00eda Musical\" \/>\n<meta property=\"og:description\" content=\"Tonalidad y Acorde tienen, en armon\u00eda funcional, una relaci\u00f3n directa. En este video vemos cu\u00e1ndo pensar en la tonalidad y cu\u00e1ndo en el acorde y por qu\u00e9.\" \/>\n<meta property=\"og:url\" content=\"https:\/\/www.teoriamusical.es\/blog\/tonalidad-acorde\/\" \/>\n<meta property=\"og:site_name\" content=\"Teor\u00eda Musical\" \/>\n<meta property=\"article:published_time\" content=\"2019-12-05T22:01:59+00:00\" \/>\n<meta property=\"article:modified_time\" content=\"2019-12-05T22:02:00+00:00\" \/>\n<meta name=\"author\" content=\"teoriamusical.es\" \/>\n<meta name=\"twitter:card\" content=\"summary_large_image\" \/>\n<meta name=\"twitter:label1\" content=\"Escrito por\" \/>\n\t<meta name=\"twitter:data1\" content=\"teoriamusical.es\" \/>\n\t<meta name=\"twitter:label2\" content=\"Tiempo de lectura\" \/>\n\t<meta name=\"twitter:data2\" content=\"1 minuto\" \/>\n<script type=\"application\/ld+json\" class=\"yoast-schema-graph\">{\"@context\":\"https:\/\/schema.org\",\"@graph\":[{\"@type\":\"Article\",\"@id\":\"https:\/\/www.teoriamusical.es\/blog\/tonalidad-acorde\/#article\",\"isPartOf\":{\"@id\":\"https:\/\/www.teoriamusical.es\/blog\/tonalidad-acorde\/\"},\"author\":{\"name\":\"teoriamusical.es\",\"@id\":\"https:\/\/www.teoriamusical.es\/blog\/#\/schema\/person\/abbe30b6f6b449ac9e19ab236fe3d80c\"},\"headline\":\"Tonalidad y Acorde\",\"datePublished\":\"2019-12-05T22:01:59+00:00\",\"dateModified\":\"2019-12-05T22:02:00+00:00\",\"mainEntityOfPage\":{\"@id\":\"https:\/\/www.teoriamusical.es\/blog\/tonalidad-acorde\/\"},\"wordCount\":239,\"commentCount\":0,\"publisher\":{\"@id\":\"https:\/\/www.teoriamusical.es\/blog\/#\/schema\/person\/abbe30b6f6b449ac9e19ab236fe3d80c\"},\"keywords\":[\"Acordes\",\"armonia moderna\",\"coltrane\",\"Escalas\",\"tonalidad\"],\"articleSection\":[\"Acordes\",\"An\u00e1lisis Musical\",\"Armon\u00eda Moderna\",\"Lenguaje Arm\u00f3nico\"],\"inLanguage\":\"es\",\"potentialAction\":[{\"@type\":\"CommentAction\",\"name\":\"Comment\",\"target\":[\"https:\/\/www.teoriamusical.es\/blog\/tonalidad-acorde\/#respond\"]}]},{\"@type\":\"WebPage\",\"@id\":\"https:\/\/www.teoriamusical.es\/blog\/tonalidad-acorde\/\",\"url\":\"https:\/\/www.teoriamusical.es\/blog\/tonalidad-acorde\/\",\"name\":\"Tonalidad y Acorde - Teor\u00eda Musical\",\"isPartOf\":{\"@id\":\"https:\/\/www.teoriamusical.es\/blog\/#website\"},\"datePublished\":\"2019-12-05T22:01:59+00:00\",\"dateModified\":\"2019-12-05T22:02:00+00:00\",\"description\":\"Tonalidad y Acorde tienen, en armon\u00eda funcional, una relaci\u00f3n directa. En este video vemos cu\u00e1ndo pensar en la tonalidad y cu\u00e1ndo en el acorde y por qu\u00e9.\",\"breadcrumb\":{\"@id\":\"https:\/\/www.teoriamusical.es\/blog\/tonalidad-acorde\/#breadcrumb\"},\"inLanguage\":\"es\",\"potentialAction\":[{\"@type\":\"ReadAction\",\"target\":[\"https:\/\/www.teoriamusical.es\/blog\/tonalidad-acorde\/\"]}]},{\"@type\":\"BreadcrumbList\",\"@id\":\"https:\/\/www.teoriamusical.es\/blog\/tonalidad-acorde\/#breadcrumb\",\"itemListElement\":[{\"@type\":\"ListItem\",\"position\":1,\"name\":\"Home\",\"item\":\"https:\/\/www.teoriamusical.es\/blog\/\"},{\"@type\":\"ListItem\",\"position\":2,\"name\":\"Tonalidad y Acorde\"}]},{\"@type\":\"WebSite\",\"@id\":\"https:\/\/www.teoriamusical.es\/blog\/#website\",\"url\":\"https:\/\/www.teoriamusical.es\/blog\/\",\"name\":\"Teor\u00eda Musical\",\"description\":\"Teor\u00eda Musical, Armon\u00eda Moderna y Cursos Online\",\"publisher\":{\"@id\":\"https:\/\/www.teoriamusical.es\/blog\/#\/schema\/person\/abbe30b6f6b449ac9e19ab236fe3d80c\"},\"potentialAction\":[{\"@type\":\"SearchAction\",\"target\":{\"@type\":\"EntryPoint\",\"urlTemplate\":\"https:\/\/www.teoriamusical.es\/blog\/?s={search_term_string}\"},\"query-input\":\"required name=search_term_string\"}],\"inLanguage\":\"es\"},{\"@type\":[\"Person\",\"Organization\"],\"@id\":\"https:\/\/www.teoriamusical.es\/blog\/#\/schema\/person\/abbe30b6f6b449ac9e19ab236fe3d80c\",\"name\":\"teoriamusical.es\",\"image\":{\"@type\":\"ImageObject\",\"inLanguage\":\"es\",\"@id\":\"https:\/\/www.teoriamusical.es\/blog\/#\/schema\/person\/image\/\",\"url\":\"https:\/\/secure.gravatar.com\/avatar\/1d7014e5a95916f717d86ab0aceffce14fd35c12b39d368d60384afae17e1760?s=96&d=mm&r=g\",\"contentUrl\":\"https:\/\/secure.gravatar.com\/avatar\/1d7014e5a95916f717d86ab0aceffce14fd35c12b39d368d60384afae17e1760?s=96&d=mm&r=g\",\"caption\":\"teoriamusical.es\"},\"logo\":{\"@id\":\"https:\/\/www.teoriamusical.es\/blog\/#\/schema\/person\/image\/\"}}]}<\/script>\n<!-- \/ Yoast SEO plugin. -->","yoast_head_json":{"title":"Tonalidad y Acorde - Teor\u00eda Musical","description":"Tonalidad y Acorde tienen, en armon\u00eda funcional, una relaci\u00f3n directa. En este video vemos cu\u00e1ndo pensar en la tonalidad y cu\u00e1ndo en el acorde y por qu\u00e9.","robots":{"index":"index","follow":"follow","max-snippet":"max-snippet:-1","max-image-preview":"max-image-preview:large","max-video-preview":"max-video-preview:-1"},"canonical":"https:\/\/www.teoriamusical.es\/blog\/tonalidad-acorde\/","og_locale":"es_ES","og_type":"article","og_title":"Tonalidad y Acorde - Teor\u00eda Musical","og_description":"Tonalidad y Acorde tienen, en armon\u00eda funcional, una relaci\u00f3n directa. En este video vemos cu\u00e1ndo pensar en la tonalidad y cu\u00e1ndo en el acorde y por qu\u00e9.","og_url":"https:\/\/www.teoriamusical.es\/blog\/tonalidad-acorde\/","og_site_name":"Teor\u00eda Musical","article_published_time":"2019-12-05T22:01:59+00:00","article_modified_time":"2019-12-05T22:02:00+00:00","author":"teoriamusical.es","twitter_card":"summary_large_image","twitter_misc":{"Escrito por":"teoriamusical.es","Tiempo de lectura":"1 minuto"},"schema":{"@context":"https:\/\/schema.org","@graph":[{"@type":"Article","@id":"https:\/\/www.teoriamusical.es\/blog\/tonalidad-acorde\/#article","isPartOf":{"@id":"https:\/\/www.teoriamusical.es\/blog\/tonalidad-acorde\/"},"author":{"name":"teoriamusical.es","@id":"https:\/\/www.teoriamusical.es\/blog\/#\/schema\/person\/abbe30b6f6b449ac9e19ab236fe3d80c"},"headline":"Tonalidad y Acorde","datePublished":"2019-12-05T22:01:59+00:00","dateModified":"2019-12-05T22:02:00+00:00","mainEntityOfPage":{"@id":"https:\/\/www.teoriamusical.es\/blog\/tonalidad-acorde\/"},"wordCount":239,"commentCount":0,"publisher":{"@id":"https:\/\/www.teoriamusical.es\/blog\/#\/schema\/person\/abbe30b6f6b449ac9e19ab236fe3d80c"},"keywords":["Acordes","armonia moderna","coltrane","Escalas","tonalidad"],"articleSection":["Acordes","An\u00e1lisis Musical","Armon\u00eda Moderna","Lenguaje Arm\u00f3nico"],"inLanguage":"es","potentialAction":[{"@type":"CommentAction","name":"Comment","target":["https:\/\/www.teoriamusical.es\/blog\/tonalidad-acorde\/#respond"]}]},{"@type":"WebPage","@id":"https:\/\/www.teoriamusical.es\/blog\/tonalidad-acorde\/","url":"https:\/\/www.teoriamusical.es\/blog\/tonalidad-acorde\/","name":"Tonalidad y Acorde - Teor\u00eda Musical","isPartOf":{"@id":"https:\/\/www.teoriamusical.es\/blog\/#website"},"datePublished":"2019-12-05T22:01:59+00:00","dateModified":"2019-12-05T22:02:00+00:00","description":"Tonalidad y Acorde tienen, en armon\u00eda funcional, una relaci\u00f3n directa. En este video vemos cu\u00e1ndo pensar en la tonalidad y cu\u00e1ndo en el acorde y por qu\u00e9.","breadcrumb":{"@id":"https:\/\/www.teoriamusical.es\/blog\/tonalidad-acorde\/#breadcrumb"},"inLanguage":"es","potentialAction":[{"@type":"ReadAction","target":["https:\/\/www.teoriamusical.es\/blog\/tonalidad-acorde\/"]}]},{"@type":"BreadcrumbList","@id":"https:\/\/www.teoriamusical.es\/blog\/tonalidad-acorde\/#breadcrumb","itemListElement":[{"@type":"ListItem","position":1,"name":"Home","item":"https:\/\/www.teoriamusical.es\/blog\/"},{"@type":"ListItem","position":2,"name":"Tonalidad y Acorde"}]},{"@type":"WebSite","@id":"https:\/\/www.teoriamusical.es\/blog\/#website","url":"https:\/\/www.teoriamusical.es\/blog\/","name":"Teor\u00eda Musical","description":"Teor\u00eda Musical, Armon\u00eda Moderna y Cursos Online","publisher":{"@id":"https:\/\/www.teoriamusical.es\/blog\/#\/schema\/person\/abbe30b6f6b449ac9e19ab236fe3d80c"},"potentialAction":[{"@type":"SearchAction","target":{"@type":"EntryPoint","urlTemplate":"https:\/\/www.teoriamusical.es\/blog\/?s={search_term_string}"},"query-input":"required name=search_term_string"}],"inLanguage":"es"},{"@type":["Person","Organization"],"@id":"https:\/\/www.teoriamusical.es\/blog\/#\/schema\/person\/abbe30b6f6b449ac9e19ab236fe3d80c","name":"teoriamusical.es","image":{"@type":"ImageObject","inLanguage":"es","@id":"https:\/\/www.teoriamusical.es\/blog\/#\/schema\/person\/image\/","url":"https:\/\/secure.gravatar.com\/avatar\/1d7014e5a95916f717d86ab0aceffce14fd35c12b39d368d60384afae17e1760?s=96&d=mm&r=g","contentUrl":"https:\/\/secure.gravatar.com\/avatar\/1d7014e5a95916f717d86ab0aceffce14fd35c12b39d368d60384afae17e1760?s=96&d=mm&r=g","caption":"teoriamusical.es"},"logo":{"@id":"https:\/\/www.teoriamusical.es\/blog\/#\/schema\/person\/image\/"}}]}},"jetpack_featured_media_url":"","jetpack-related-posts":[{"id":465,"url":"https:\/\/www.teoriamusical.es\/blog\/la-clave-del-intercambio-modal\/","url_meta":{"origin":85,"position":0},"title":"La Clave del Intercambio Modal","date":"junio 29, 2022","format":false,"excerpt":"El intercambio modal es un recurso que, en armon\u00eda moderna, nos prepara para la tonalidad extendida, que est\u00e1 a la orden del d\u00eda en la pr\u00e1ctica jazzistica, tanto en composici\u00f3n como en improvisaci\u00f3n. Aprender los recursos arm\u00f3nicos y las formas de ver la armon\u00eda que se tienen en distintos estilos\u2026","rel":"","context":"En \u00abCursos de M\u00fasica\u00bb","img":{"alt_text":"","src":"https:\/\/i0.wp.com\/img.youtube.com\/vi\/_6_BtKDiroM\/0.jpg?resize=350%2C200","width":350,"height":200},"classes":[]},{"id":296,"url":"https:\/\/www.teoriamusical.es\/blog\/tonalidad-extendida-como-usarla\/","url_meta":{"origin":85,"position":1},"title":"Tonalidad Extendida: C\u00f3mo Usarla.","date":"julio 16, 2021","format":false,"excerpt":"Intercambio modal es un recurso habitual cuando en jazz y otros estilos empezamos enriquecer nuestra armon\u00eda, utilizando acordes que pertenece a otras areas tonales pero con el mismo centro. Con el tiempo esto va evolucionando y, armonicamente, empezamos a sentir que estamos en una tonalidad sin que nos importe demasiado\u2026","rel":"","context":"En \u00abArmon\u00eda Moderna\u00bb","img":{"alt_text":"","src":"https:\/\/i0.wp.com\/img.youtube.com\/vi\/qVUyddUkKnA\/0.jpg?resize=350%2C200","width":350,"height":200},"classes":[]},{"id":106,"url":"https:\/\/www.teoriamusical.es\/blog\/acorde-dominante\/","url_meta":{"origin":85,"position":2},"title":"Acorde Dominante: Qu\u00e9 tipos hay","date":"diciembre 8, 2019","format":false,"excerpt":"El acorde dominante nos da mucha libertad y es quiz\u00e1, dentro de la armon\u00eda tonal, el tipo de acorde donde m\u00e1s imaginativos somos cuando empezamos a componer. Sin embargo, al margen de todas las sustituciones y elecciones de modo que tenemos a nuestra disposici\u00f3n, tambi\u00e9n los clasificamos seg\u00fan lo que\u2026","rel":"","context":"En \u00abAcordes\u00bb","img":{"alt_text":"","src":"https:\/\/i0.wp.com\/img.youtube.com\/vi\/lGoU8p7_gjw\/0.jpg?resize=350%2C200","width":350,"height":200},"classes":[]},{"id":320,"url":"https:\/\/www.teoriamusical.es\/blog\/dominante-frigio\/","url_meta":{"origin":85,"position":3},"title":"Dominante Frigio: Mixolidio (b9, b13)","date":"julio 16, 2021","format":false,"excerpt":"El modo frigio dominante, conocido tambi\u00e9n como escala frigia dominante, mixolidia (b9 b13), frigio mayor, quinto modo de la escala menor arm\u00f3nica, o cualquier otra etiqueta, es uno de esos modos con multitud de nombres pero una sonoridad espectacular que debemos conocer tanto en contextos modales como en contextos tonales\u2026","rel":"","context":"En \u00abAcordes\u00bb","img":{"alt_text":"","src":"https:\/\/i0.wp.com\/img.youtube.com\/vi\/-EZQuNUAuFs\/0.jpg?resize=350%2C200","width":350,"height":200},"classes":[]},{"id":381,"url":"https:\/\/www.teoriamusical.es\/blog\/notas-pivot\/","url_meta":{"origin":85,"position":4},"title":"Notas Pivot: Rearmonizaci\u00f3n","date":"agosto 18, 2021","format":false,"excerpt":"La rearmonizaci\u00f3n con notas pivot es una t\u00e9cnica habitual en jazz y en artistas con un lenguaje arm\u00f3nico avanzado como Jacob Collier. Las notas pivot utilizan un concepto muy similar al concepto de los acordes pivot que encontramos en la modulaci\u00f3n con acordes pivot, que es uno de los tipos\u2026","rel":"","context":"En \u00abArmon\u00eda Moderna\u00bb","img":{"alt_text":"","src":"https:\/\/i0.wp.com\/img.youtube.com\/vi\/330ozUR0h-g\/0.jpg?resize=350%2C200","width":350,"height":200},"classes":[]},{"id":153,"url":"https:\/\/www.teoriamusical.es\/blog\/todas-las-tonalidades\/","url_meta":{"origin":85,"position":5},"title":"TOCAR EN TODAS LAS TONALIDADES","date":"febrero 28, 2020","format":false,"excerpt":"\u00bfTocar en todas las tonalidades? En este video de teoria musical s\u00faper f\u00e1cil para principiantes, te ense\u00f1o c\u00f3mo entender los acordes, escalas, modos y tonos para que puedas hacerlo. Tambi\u00e9n te sirve para componer canciones, porque a veces compones en un tono y luego quieres transportarla a otras tonalidades para\u2026","rel":"","context":"En \u00abcreatividad\u00bb","img":{"alt_text":"","src":"https:\/\/i0.wp.com\/img.youtube.com\/vi\/uX5brnc3OxM\/0.jpg?resize=350%2C200","width":350,"height":200},"classes":[]}],"_links":{"self":[{"href":"https:\/\/www.teoriamusical.es\/blog\/wp-json\/wp\/v2\/posts\/85","targetHints":{"allow":["GET"]}}],"collection":[{"href":"https:\/\/www.teoriamusical.es\/blog\/wp-json\/wp\/v2\/posts"}],"about":[{"href":"https:\/\/www.teoriamusical.es\/blog\/wp-json\/wp\/v2\/types\/post"}],"author":[{"embeddable":true,"href":"https:\/\/www.teoriamusical.es\/blog\/wp-json\/wp\/v2\/users\/1"}],"replies":[{"embeddable":true,"href":"https:\/\/www.teoriamusical.es\/blog\/wp-json\/wp\/v2\/comments?post=85"}],"version-history":[{"count":1,"href":"https:\/\/www.teoriamusical.es\/blog\/wp-json\/wp\/v2\/posts\/85\/revisions"}],"predecessor-version":[{"id":87,"href":"https:\/\/www.teoriamusical.es\/blog\/wp-json\/wp\/v2\/posts\/85\/revisions\/87"}],"wp:attachment":[{"href":"https:\/\/www.teoriamusical.es\/blog\/wp-json\/wp\/v2\/media?parent=85"}],"wp:term":[{"taxonomy":"category","embeddable":true,"href":"https:\/\/www.teoriamusical.es\/blog\/wp-json\/wp\/v2\/categories?post=85"},{"taxonomy":"post_tag","embeddable":true,"href":"https:\/\/www.teoriamusical.es\/blog\/wp-json\/wp\/v2\/tags?post=85"}],"curies":[{"name":"wp","href":"https:\/\/api.w.org\/{rel}","templated":true}]}}