{"id":75,"date":"2019-12-05T14:10:49","date_gmt":"2019-12-05T13:10:49","guid":{"rendered":"https:\/\/www.teoriamusical.es\/blog\/?p=75"},"modified":"2019-12-05T14:10:50","modified_gmt":"2019-12-05T13:10:50","slug":"melodia-acordes","status":"publish","type":"post","link":"https:\/\/www.teoriamusical.es\/blog\/melodia-acordes\/","title":{"rendered":"Melod\u00eda y Acordes, \u00bfQu\u00e9 Hago Primero?"},"content":{"rendered":"\n<p>Est\u00e1 la melod\u00eda y est\u00e1n los acordes pero qu\u00e9 hago primero, \u00bfmelod\u00eda y acordes? \u00bfprimero melod\u00eda y luego acordes o al rev\u00e9s?<\/p>\n\n\n\n<p>En mis m\u00e1s de 12 a\u00f1os como educador musical en un centro privado me enfrent\u00e9 muchas veces a esta pregunta. Ahora, como profesor online y propietario de un canal sobre teor\u00eda musical, sigo recibi\u00e9ndola de tanto en tanto.<\/p>\n\n\n\n<p>En diciembre de 2018 hice este video que encontrar\u00e1s aqu\u00ed abajo donde abordaba el tema de melod\u00eda y acordes, ya que no hay una respuesta universal, no porque no est\u00e9 claro, sino porque depende mucho de la persona y sus capacidades del momento.<\/p>\n\n\n\n<h2 class=\"has-text-align-center wp-block-heading\">Contexto<\/h2>\n\n\n\n<p>Al principio de mi formaci\u00f3n arm\u00f3nica, antes de ser profe, la armon\u00eda que estaba sonando predeterminaba mucho mis elecciones a la hora de pensar melod\u00edas, bien fuese para componer una canci\u00f3n o para improvisar sobre una progresi\u00f3n.<\/p>\n\n\n\n<p>Fueron dos conceptos, y su pr\u00e1ctica, lo que cambiaron esto, por un lado la superposici\u00f3n arm\u00f3nica y por otro la pr\u00e1ctica de lo que en jazz se denomina playing outside.<\/p>\n\n\n\n<p>Melod\u00eda y acordes pasaron entonces a funcionar de otra manera para m\u00ed, pero insisto; para m\u00ed. <\/p>\n\n\n\n<h2 class=\"has-text-align-center wp-block-heading\">El video sobre melod\u00eda y acordes<\/h2>\n\n\n\n<p>En este video explor\u00e9 los pros y contras de cada una de las formas de trabajar, o bien tener una armon\u00eda (impl\u00edcita o expl\u00edcita) y partir de ella para generar la l\u00ednea o las lineas mel\u00f3dicas, o bien tener una l\u00ednea mel\u00f3dica y partir de ella para generar la armon\u00eda.<\/p>\n\n\n\n<p>A d\u00eda de  hoy puedo trabajar con ambos sistemas con la misma comodidad, pero s\u00ed tengo un preferido -tal y como digo en el video- y, por los motivos que expongo en \u00e9l, creo que uno es mejor que el otro para mi forma de crear y mis capacidades.<\/p>\n\n\n\n<p>Sin embargo no hay que desde\u00f1ar la seguridad que aporta el otro sistema, as\u00ed que lo dicho; intent\u00e9 explicar c\u00f3mo funcionan ambos sistemas y que se\u00e1is vosotros los que escoj\u00e1is.<\/p>\n\n\n\n<figure class=\"wp-block-embed-youtube wp-block-embed is-type-video is-provider-youtube wp-embed-aspect-16-9 wp-has-aspect-ratio\"><div class=\"wp-block-embed__wrapper\">\n<iframe loading=\"lazy\" title=\"Analisis Musical: \u00bfPrimero los Acordes o Primero la Melod\u00eda? | Countblissett\" width=\"584\" height=\"329\" src=\"https:\/\/www.youtube.com\/embed\/AeaK-qFqiJ0?feature=oembed\" frameborder=\"0\" allow=\"accelerometer; autoplay; clipboard-write; encrypted-media; gyroscope; picture-in-picture; web-share\" referrerpolicy=\"strict-origin-when-cross-origin\" allowfullscreen><\/iframe>\n<\/div><\/figure>\n\n\n\n<p>Si te interesa la armon\u00eda moderna, los voicings y el desarrollo mel\u00f3dico echa un vistazo a <a href=\"https:\/\/www.teoriamusical.es\/blog\/cursos-de-musica\/\">mis cursos online<\/a>. Si quieres m\u00e1s videos gratutitos como el de arriba, p\u00e1sate por mi <a href=\"http:\/\/www.youtube.com\/countblissett\">Canal de Youtube<\/a> y disfruta.<\/p>\n","protected":false},"excerpt":{"rendered":"<p>Est\u00e1 la melod\u00eda y est\u00e1n los acordes pero qu\u00e9 hago primero, \u00bfmelod\u00eda y acordes? \u00bfprimero melod\u00eda y luego acordes o al rev\u00e9s? En mis m\u00e1s de 12 a\u00f1os como educador musical en un centro privado me enfrent\u00e9 muchas veces a &hellip; <a href=\"https:\/\/www.teoriamusical.es\/blog\/melodia-acordes\/\">Sigue leyendo <span class=\"meta-nav\">&rarr;<\/span><\/a><\/p>\n","protected":false},"author":1,"featured_media":0,"comment_status":"open","ping_status":"open","sticky":false,"template":"","format":"standard","meta":{"_monsterinsights_skip_tracking":false,"_monsterinsights_sitenote_active":false,"_monsterinsights_sitenote_note":"","_monsterinsights_sitenote_category":0,"footnotes":""},"categories":[37,18,15,27,16],"tags":[8,4,6,22],"class_list":["post-75","post","type-post","status-publish","format-standard","hentry","category-acordes","category-analisis-musical","category-armonia-moderna","category-creatividad","category-lenguaje-armonico","tag-acordes","tag-armonia-moderna","tag-desarrollo-melodico","tag-lenguaje-armonico"],"yoast_head":"<!-- This site is optimized with the Yoast SEO plugin v19.6 - https:\/\/yoast.com\/wordpress\/plugins\/seo\/ -->\n<title>Melod\u00eda y Acordes, \u00bfQu\u00e9 Hago Primero? - Teor\u00eda Musical<\/title>\n<meta name=\"description\" content=\"Melod\u00eda y acordes suelen funcionar juntos pero a la hora de componer, \u00bfqu\u00e9 hago primero? \u00bfLa melod\u00eda? \u00bfLos acordes? En este video valoramos las dos opciones\" \/>\n<meta name=\"robots\" content=\"index, follow, max-snippet:-1, max-image-preview:large, max-video-preview:-1\" \/>\n<link rel=\"canonical\" href=\"https:\/\/www.teoriamusical.es\/blog\/melodia-acordes\/\" \/>\n<meta property=\"og:locale\" content=\"es_ES\" \/>\n<meta property=\"og:type\" content=\"article\" \/>\n<meta property=\"og:title\" content=\"Melod\u00eda y Acordes, \u00bfQu\u00e9 Hago Primero? - Teor\u00eda Musical\" \/>\n<meta property=\"og:description\" content=\"Melod\u00eda y acordes suelen funcionar juntos pero a la hora de componer, \u00bfqu\u00e9 hago primero? \u00bfLa melod\u00eda? \u00bfLos acordes? En este video valoramos las dos opciones\" \/>\n<meta property=\"og:url\" content=\"https:\/\/www.teoriamusical.es\/blog\/melodia-acordes\/\" \/>\n<meta property=\"og:site_name\" content=\"Teor\u00eda Musical\" \/>\n<meta property=\"article:published_time\" content=\"2019-12-05T13:10:49+00:00\" \/>\n<meta property=\"article:modified_time\" content=\"2019-12-05T13:10:50+00:00\" \/>\n<meta name=\"author\" content=\"teoriamusical.es\" \/>\n<meta name=\"twitter:card\" content=\"summary_large_image\" \/>\n<meta name=\"twitter:label1\" content=\"Escrito por\" \/>\n\t<meta name=\"twitter:data1\" content=\"teoriamusical.es\" \/>\n\t<meta name=\"twitter:label2\" content=\"Tiempo de lectura\" \/>\n\t<meta name=\"twitter:data2\" content=\"2 minutos\" \/>\n<script type=\"application\/ld+json\" class=\"yoast-schema-graph\">{\"@context\":\"https:\/\/schema.org\",\"@graph\":[{\"@type\":\"Article\",\"@id\":\"https:\/\/www.teoriamusical.es\/blog\/melodia-acordes\/#article\",\"isPartOf\":{\"@id\":\"https:\/\/www.teoriamusical.es\/blog\/melodia-acordes\/\"},\"author\":{\"name\":\"teoriamusical.es\",\"@id\":\"https:\/\/www.teoriamusical.es\/blog\/#\/schema\/person\/abbe30b6f6b449ac9e19ab236fe3d80c\"},\"headline\":\"Melod\u00eda y Acordes, \u00bfQu\u00e9 Hago Primero?\",\"datePublished\":\"2019-12-05T13:10:49+00:00\",\"dateModified\":\"2019-12-05T13:10:50+00:00\",\"mainEntityOfPage\":{\"@id\":\"https:\/\/www.teoriamusical.es\/blog\/melodia-acordes\/\"},\"wordCount\":407,\"commentCount\":0,\"publisher\":{\"@id\":\"https:\/\/www.teoriamusical.es\/blog\/#\/schema\/person\/abbe30b6f6b449ac9e19ab236fe3d80c\"},\"keywords\":[\"Acordes\",\"armonia moderna\",\"desarrollo melodico\",\"lenguaje arm\u00f3nico\"],\"articleSection\":[\"Acordes\",\"An\u00e1lisis Musical\",\"Armon\u00eda Moderna\",\"creatividad\",\"Lenguaje Arm\u00f3nico\"],\"inLanguage\":\"es\",\"potentialAction\":[{\"@type\":\"CommentAction\",\"name\":\"Comment\",\"target\":[\"https:\/\/www.teoriamusical.es\/blog\/melodia-acordes\/#respond\"]}]},{\"@type\":\"WebPage\",\"@id\":\"https:\/\/www.teoriamusical.es\/blog\/melodia-acordes\/\",\"url\":\"https:\/\/www.teoriamusical.es\/blog\/melodia-acordes\/\",\"name\":\"Melod\u00eda y Acordes, \u00bfQu\u00e9 Hago Primero? - Teor\u00eda Musical\",\"isPartOf\":{\"@id\":\"https:\/\/www.teoriamusical.es\/blog\/#website\"},\"datePublished\":\"2019-12-05T13:10:49+00:00\",\"dateModified\":\"2019-12-05T13:10:50+00:00\",\"description\":\"Melod\u00eda y acordes suelen funcionar juntos pero a la hora de componer, \u00bfqu\u00e9 hago primero? \u00bfLa melod\u00eda? \u00bfLos acordes? En este video valoramos las dos opciones\",\"breadcrumb\":{\"@id\":\"https:\/\/www.teoriamusical.es\/blog\/melodia-acordes\/#breadcrumb\"},\"inLanguage\":\"es\",\"potentialAction\":[{\"@type\":\"ReadAction\",\"target\":[\"https:\/\/www.teoriamusical.es\/blog\/melodia-acordes\/\"]}]},{\"@type\":\"BreadcrumbList\",\"@id\":\"https:\/\/www.teoriamusical.es\/blog\/melodia-acordes\/#breadcrumb\",\"itemListElement\":[{\"@type\":\"ListItem\",\"position\":1,\"name\":\"Home\",\"item\":\"https:\/\/www.teoriamusical.es\/blog\/\"},{\"@type\":\"ListItem\",\"position\":2,\"name\":\"Melod\u00eda y Acordes, \u00bfQu\u00e9 Hago Primero?\"}]},{\"@type\":\"WebSite\",\"@id\":\"https:\/\/www.teoriamusical.es\/blog\/#website\",\"url\":\"https:\/\/www.teoriamusical.es\/blog\/\",\"name\":\"Teor\u00eda Musical\",\"description\":\"Teor\u00eda Musical, Armon\u00eda Moderna y Cursos Online\",\"publisher\":{\"@id\":\"https:\/\/www.teoriamusical.es\/blog\/#\/schema\/person\/abbe30b6f6b449ac9e19ab236fe3d80c\"},\"potentialAction\":[{\"@type\":\"SearchAction\",\"target\":{\"@type\":\"EntryPoint\",\"urlTemplate\":\"https:\/\/www.teoriamusical.es\/blog\/?s={search_term_string}\"},\"query-input\":\"required name=search_term_string\"}],\"inLanguage\":\"es\"},{\"@type\":[\"Person\",\"Organization\"],\"@id\":\"https:\/\/www.teoriamusical.es\/blog\/#\/schema\/person\/abbe30b6f6b449ac9e19ab236fe3d80c\",\"name\":\"teoriamusical.es\",\"image\":{\"@type\":\"ImageObject\",\"inLanguage\":\"es\",\"@id\":\"https:\/\/www.teoriamusical.es\/blog\/#\/schema\/person\/image\/\",\"url\":\"https:\/\/secure.gravatar.com\/avatar\/1d7014e5a95916f717d86ab0aceffce14fd35c12b39d368d60384afae17e1760?s=96&d=mm&r=g\",\"contentUrl\":\"https:\/\/secure.gravatar.com\/avatar\/1d7014e5a95916f717d86ab0aceffce14fd35c12b39d368d60384afae17e1760?s=96&d=mm&r=g\",\"caption\":\"teoriamusical.es\"},\"logo\":{\"@id\":\"https:\/\/www.teoriamusical.es\/blog\/#\/schema\/person\/image\/\"}}]}<\/script>\n<!-- \/ Yoast SEO plugin. -->","yoast_head_json":{"title":"Melod\u00eda y Acordes, \u00bfQu\u00e9 Hago Primero? - Teor\u00eda Musical","description":"Melod\u00eda y acordes suelen funcionar juntos pero a la hora de componer, \u00bfqu\u00e9 hago primero? \u00bfLa melod\u00eda? \u00bfLos acordes? En este video valoramos las dos opciones","robots":{"index":"index","follow":"follow","max-snippet":"max-snippet:-1","max-image-preview":"max-image-preview:large","max-video-preview":"max-video-preview:-1"},"canonical":"https:\/\/www.teoriamusical.es\/blog\/melodia-acordes\/","og_locale":"es_ES","og_type":"article","og_title":"Melod\u00eda y Acordes, \u00bfQu\u00e9 Hago Primero? - Teor\u00eda Musical","og_description":"Melod\u00eda y acordes suelen funcionar juntos pero a la hora de componer, \u00bfqu\u00e9 hago primero? \u00bfLa melod\u00eda? \u00bfLos acordes? En este video valoramos las dos opciones","og_url":"https:\/\/www.teoriamusical.es\/blog\/melodia-acordes\/","og_site_name":"Teor\u00eda Musical","article_published_time":"2019-12-05T13:10:49+00:00","article_modified_time":"2019-12-05T13:10:50+00:00","author":"teoriamusical.es","twitter_card":"summary_large_image","twitter_misc":{"Escrito por":"teoriamusical.es","Tiempo de lectura":"2 minutos"},"schema":{"@context":"https:\/\/schema.org","@graph":[{"@type":"Article","@id":"https:\/\/www.teoriamusical.es\/blog\/melodia-acordes\/#article","isPartOf":{"@id":"https:\/\/www.teoriamusical.es\/blog\/melodia-acordes\/"},"author":{"name":"teoriamusical.es","@id":"https:\/\/www.teoriamusical.es\/blog\/#\/schema\/person\/abbe30b6f6b449ac9e19ab236fe3d80c"},"headline":"Melod\u00eda y Acordes, \u00bfQu\u00e9 Hago Primero?","datePublished":"2019-12-05T13:10:49+00:00","dateModified":"2019-12-05T13:10:50+00:00","mainEntityOfPage":{"@id":"https:\/\/www.teoriamusical.es\/blog\/melodia-acordes\/"},"wordCount":407,"commentCount":0,"publisher":{"@id":"https:\/\/www.teoriamusical.es\/blog\/#\/schema\/person\/abbe30b6f6b449ac9e19ab236fe3d80c"},"keywords":["Acordes","armonia moderna","desarrollo melodico","lenguaje arm\u00f3nico"],"articleSection":["Acordes","An\u00e1lisis Musical","Armon\u00eda Moderna","creatividad","Lenguaje Arm\u00f3nico"],"inLanguage":"es","potentialAction":[{"@type":"CommentAction","name":"Comment","target":["https:\/\/www.teoriamusical.es\/blog\/melodia-acordes\/#respond"]}]},{"@type":"WebPage","@id":"https:\/\/www.teoriamusical.es\/blog\/melodia-acordes\/","url":"https:\/\/www.teoriamusical.es\/blog\/melodia-acordes\/","name":"Melod\u00eda y Acordes, \u00bfQu\u00e9 Hago Primero? - Teor\u00eda Musical","isPartOf":{"@id":"https:\/\/www.teoriamusical.es\/blog\/#website"},"datePublished":"2019-12-05T13:10:49+00:00","dateModified":"2019-12-05T13:10:50+00:00","description":"Melod\u00eda y acordes suelen funcionar juntos pero a la hora de componer, \u00bfqu\u00e9 hago primero? \u00bfLa melod\u00eda? \u00bfLos acordes? En este video valoramos las dos opciones","breadcrumb":{"@id":"https:\/\/www.teoriamusical.es\/blog\/melodia-acordes\/#breadcrumb"},"inLanguage":"es","potentialAction":[{"@type":"ReadAction","target":["https:\/\/www.teoriamusical.es\/blog\/melodia-acordes\/"]}]},{"@type":"BreadcrumbList","@id":"https:\/\/www.teoriamusical.es\/blog\/melodia-acordes\/#breadcrumb","itemListElement":[{"@type":"ListItem","position":1,"name":"Home","item":"https:\/\/www.teoriamusical.es\/blog\/"},{"@type":"ListItem","position":2,"name":"Melod\u00eda y Acordes, \u00bfQu\u00e9 Hago Primero?"}]},{"@type":"WebSite","@id":"https:\/\/www.teoriamusical.es\/blog\/#website","url":"https:\/\/www.teoriamusical.es\/blog\/","name":"Teor\u00eda Musical","description":"Teor\u00eda Musical, Armon\u00eda Moderna y Cursos Online","publisher":{"@id":"https:\/\/www.teoriamusical.es\/blog\/#\/schema\/person\/abbe30b6f6b449ac9e19ab236fe3d80c"},"potentialAction":[{"@type":"SearchAction","target":{"@type":"EntryPoint","urlTemplate":"https:\/\/www.teoriamusical.es\/blog\/?s={search_term_string}"},"query-input":"required name=search_term_string"}],"inLanguage":"es"},{"@type":["Person","Organization"],"@id":"https:\/\/www.teoriamusical.es\/blog\/#\/schema\/person\/abbe30b6f6b449ac9e19ab236fe3d80c","name":"teoriamusical.es","image":{"@type":"ImageObject","inLanguage":"es","@id":"https:\/\/www.teoriamusical.es\/blog\/#\/schema\/person\/image\/","url":"https:\/\/secure.gravatar.com\/avatar\/1d7014e5a95916f717d86ab0aceffce14fd35c12b39d368d60384afae17e1760?s=96&d=mm&r=g","contentUrl":"https:\/\/secure.gravatar.com\/avatar\/1d7014e5a95916f717d86ab0aceffce14fd35c12b39d368d60384afae17e1760?s=96&d=mm&r=g","caption":"teoriamusical.es"},"logo":{"@id":"https:\/\/www.teoriamusical.es\/blog\/#\/schema\/person\/image\/"}}]}},"jetpack_featured_media_url":"","jetpack-related-posts":[{"id":387,"url":"https:\/\/www.teoriamusical.es\/blog\/notas_guia\/","url_meta":{"origin":75,"position":0},"title":"Notas Gu\u00eda &#8211; Melod\u00eda y Armon\u00eda","date":"agosto 30, 2021","format":false,"excerpt":"Componer melod\u00edas teniendo como notas estructurales las notas gu\u00eda y las notas caracter\u00edsticas del modo como material compositivo es una manera sencilla de construir melod\u00edas memorables. Muchas veces pensamos que el acorde es el que nos aporta la informaci\u00f3n arm\u00f3nica cuando, en realidad, muchas veces es la melod\u00eda la que\u2026","rel":"","context":"En \u00abAcordes\u00bb","img":{"alt_text":"","src":"https:\/\/i0.wp.com\/img.youtube.com\/vi\/s70bqsCSYN0\/0.jpg?resize=350%2C200","width":350,"height":200},"classes":[]},{"id":270,"url":"https:\/\/www.teoriamusical.es\/blog\/como-armonizar-una-melodia\/","url_meta":{"origin":75,"position":1},"title":"C\u00f3mo Armonizar una Melod\u00eda","date":"julio 16, 2021","format":false,"excerpt":"En este video hablaremos sobre c\u00f3mo armonizar melod\u00edas y, para ello, primero debemos distinguir entre melod\u00eda armonizada y melod\u00eda acompa\u00f1ada. Tambi\u00e9n veremos conceptos que nos ser\u00e1n \u00fatiles en orquestaci\u00f3n, tales como densidad arm\u00f3nica y peso instrumental. La idea es que pod\u00e1is armonizar melod\u00edas nota a nota sin que vuestras progresiones\u2026","rel":"","context":"En \u00abAcordes\u00bb","img":{"alt_text":"","src":"https:\/\/i0.wp.com\/img.youtube.com\/vi\/HfMKrJPsKHI\/0.jpg?resize=350%2C200","width":350,"height":200},"classes":[]},{"id":453,"url":"https:\/\/www.teoriamusical.es\/blog\/rearmonizar_melodias\/","url_meta":{"origin":75,"position":2},"title":"Rearmonizar Melod\u00edas: La Clave de la Rearmonizaci\u00f3n","date":"diciembre 28, 2021","format":false,"excerpt":"Rearmonizar melod\u00edas es una habilidad musical b\u00e1sica para el m\u00fasico moderno que trabaja en contextos creativos donde la improvisaci\u00f3n y la capacidad de hacer arreglos musicales distintos para una misma pieza tiene relevancia. Mucha de la rearmonizaci\u00f3n que vemos hoy d\u00eda se aplica directamente sobre progresiones de acordes y pide\u2026","rel":"","context":"En \u00abAcordes\u00bb","img":{"alt_text":"","src":"https:\/\/i0.wp.com\/img.youtube.com\/vi\/n8s0FBu3Gbc\/0.jpg?resize=350%2C200","width":350,"height":200},"classes":[]},{"id":359,"url":"https:\/\/www.teoriamusical.es\/blog\/chord_melody\/","url_meta":{"origin":75,"position":3},"title":"Chord Melody: Rearmonizaci\u00f3n","date":"agosto 9, 2021","format":false,"excerpt":"Chord Melody es el nombre que ponemos en jazz a convertir una melod\u00eda en una sucesi\u00f3n de acordes, sucesi\u00f3n de acordes que normalmente tiene la melod\u00eda en el top note y hace uso extensivo de las t\u00e9cnicas de rearmonizaci\u00f3n propias del lenguaje jazzistico El chord melody no es patrimonio exclusivo\u2026","rel":"","context":"En \u00abAcordes\u00bb","img":{"alt_text":"","src":"https:\/\/i0.wp.com\/img.youtube.com\/vi\/QdUazsLlQv0\/0.jpg?resize=350%2C200","width":350,"height":200},"classes":[]},{"id":285,"url":"https:\/\/www.teoriamusical.es\/blog\/escala-mayor-armonica\/","url_meta":{"origin":75,"position":4},"title":"Escala Mayor Arm\u00f3nica","date":"julio 16, 2021","format":false,"excerpt":"La escala mayor arm\u00f3nica, o harmonic major, es una escala fuente de la cual surgen varios modos que utilizamos en jazz y en m\u00fasica moderna. Posee una sonoridad con mucho inter\u00e9s, acordes aumentados, disminuidos, etc, pero nosotros vamos a centrarnos en el desarrollo mel\u00f3dico, es decir, vamos a utilizar la\u2026","rel":"","context":"En \u00abAn\u00e1lisis Musical\u00bb","img":{"alt_text":"","src":"https:\/\/i0.wp.com\/img.youtube.com\/vi\/zIpylteQ5p0\/0.jpg?resize=350%2C200","width":350,"height":200},"classes":[]},{"id":463,"url":"https:\/\/www.teoriamusical.es\/blog\/como-armonizar-una-melodia-con-intervalos\/","url_meta":{"origin":75,"position":5},"title":"C\u00f3mo Armonizar una Melod\u00eda Con Intervalos","date":"junio 29, 2022","format":false,"excerpt":"\u00bfC\u00f3mo armonizar una melod\u00eda sin utilizar acordes? \u00bfC\u00f3mo armonizar una melod\u00eda utilizando solamente 2 voces? El uso de intervalos para armonizar ya se daba en la m\u00fasica antigua y es deseable avanzar sin perder todo lo que ya aprendimos en \u00e9pocas anteriores a la aparici\u00f3n de la armon\u00eda tal y\u2026","rel":"","context":"En \u00abCursos de M\u00fasica\u00bb","img":{"alt_text":"","src":"https:\/\/i0.wp.com\/img.youtube.com\/vi\/hlJ5phHomdA\/0.jpg?resize=350%2C200","width":350,"height":200},"classes":[]}],"_links":{"self":[{"href":"https:\/\/www.teoriamusical.es\/blog\/wp-json\/wp\/v2\/posts\/75","targetHints":{"allow":["GET"]}}],"collection":[{"href":"https:\/\/www.teoriamusical.es\/blog\/wp-json\/wp\/v2\/posts"}],"about":[{"href":"https:\/\/www.teoriamusical.es\/blog\/wp-json\/wp\/v2\/types\/post"}],"author":[{"embeddable":true,"href":"https:\/\/www.teoriamusical.es\/blog\/wp-json\/wp\/v2\/users\/1"}],"replies":[{"embeddable":true,"href":"https:\/\/www.teoriamusical.es\/blog\/wp-json\/wp\/v2\/comments?post=75"}],"version-history":[{"count":1,"href":"https:\/\/www.teoriamusical.es\/blog\/wp-json\/wp\/v2\/posts\/75\/revisions"}],"predecessor-version":[{"id":77,"href":"https:\/\/www.teoriamusical.es\/blog\/wp-json\/wp\/v2\/posts\/75\/revisions\/77"}],"wp:attachment":[{"href":"https:\/\/www.teoriamusical.es\/blog\/wp-json\/wp\/v2\/media?parent=75"}],"wp:term":[{"taxonomy":"category","embeddable":true,"href":"https:\/\/www.teoriamusical.es\/blog\/wp-json\/wp\/v2\/categories?post=75"},{"taxonomy":"post_tag","embeddable":true,"href":"https:\/\/www.teoriamusical.es\/blog\/wp-json\/wp\/v2\/tags?post=75"}],"curies":[{"name":"wp","href":"https:\/\/api.w.org\/{rel}","templated":true}]}}