{"id":55,"date":"2019-12-04T22:30:24","date_gmt":"2019-12-04T21:30:24","guid":{"rendered":"https:\/\/www.teoriamusical.es\/blog\/?p=55"},"modified":"2019-12-04T22:30:25","modified_gmt":"2019-12-04T21:30:25","slug":"literatura-cine-musica","status":"publish","type":"post","link":"https:\/\/www.teoriamusical.es\/blog\/literatura-cine-musica\/","title":{"rendered":"C\u00f3mo la Literatura y el Cine te Ense\u00f1an a Hacer M\u00fasica"},"content":{"rendered":"\n<p>La literatura y el cine tienen varias cosas en com\u00fan, entre ellas el storytelling.<\/p>\n\n\n\n<p>Un novela nos cuenta una historia, una pel\u00edcula tambi\u00e9n y, hasta bien bien poco, la m\u00fasica en las pel\u00edculas hac\u00eda lo mismo.<\/p>\n\n\n\n<p>En el momento en que un tema atraviesa toda una pel\u00edcula sin desarrollarse se anula su curva dram\u00e1tica; en E.T vamos escuchando fragmentos del tema, peque\u00f1as c\u00e9lulas mel\u00f3dicas, hasta que escuchamos el tema completo. En el Batman de Elfmann, escuch\u00e1bamos el tema y variaciones no s\u00f3lo en la melod\u00eda sino en el propio background. Sin embargo, el Batman de Zimmer suena igual la primera vez que se nos presenta en la pel\u00edcula y la \u00faltima. S\u00f3lo hay un par de <a href=\"https:\/\/youtu.be\/ZRlz5wqrAIQ\">cambios arm\u00f3nicos que expliqu\u00e9 en este video<\/a>, pero no hay desarrollo, no hay cambio; no hay historia.<\/p>\n\n\n\n<p>Para aprender c\u00f3mo contar una historia, c\u00f3mo establecer una narrativa, podemos recurrir no s\u00f3lo a bandas sonoras que la posean, sino a dos artes distintos; la literatura y el cine. Dos artes unidos que, sumados a un tercero, la m\u00fasica, pueden crear un mundo concreto y definido para cada film.<\/p>\n\n\n\n<p>Distintas variaciones tem\u00e1ticas que no sean s\u00f3lo cambios de volumen o cambios de orquestaci\u00f3n; inversiones, rotaciones, adaptaciones modales, secuencias, modulaciones, elasticidad mel\u00f3dica, fragmentaci\u00f3n y un largo etc\u00e9tera de t\u00e9cnicas de <a href=\"http:\/\/www.teoriamusical.es\">desarrollo mel\u00f3dico<\/a> est\u00e1n a nuestra disposici\u00f3n.<\/p>\n\n\n\n<p>Muchos maestros, siguiendo el esquema de inicio, nudo y desenlace, guardan la versi\u00f3n m\u00e1s potente del tema para casi el final de la pel\u00edcula, creando una <a href=\"https:\/\/www.teoriamusical.es\/blog\/desarrollo-melodico-goldsmith\/\">curva de desarrollo que hace que la m\u00fasica avance<\/a> en lugar de ser una decoraci\u00f3n est\u00e1tica con un sonido impecable, eso s\u00ed.<\/p>\n\n\n\n<p>El video donde abord\u00e9 estos temas es este:<\/p>\n\n\n\n<figure class=\"wp-block-embed-youtube wp-block-embed is-type-video is-provider-youtube wp-embed-aspect-16-9 wp-has-aspect-ratio\"><div class=\"wp-block-embed__wrapper\">\n<iframe loading=\"lazy\" title=\"An\u00e1lisis Musical: C\u00f3mo la Literatura y el Cine te Ense\u00f1an a Hacer M\u00fasica.\" width=\"584\" height=\"329\" src=\"https:\/\/www.youtube.com\/embed\/Wueanp8jLnw?feature=oembed\" frameborder=\"0\" allow=\"accelerometer; autoplay; clipboard-write; encrypted-media; gyroscope; picture-in-picture; web-share\" referrerpolicy=\"strict-origin-when-cross-origin\" allowfullscreen><\/iframe>\n<\/div><\/figure>\n\n\n\n<p>Si te interesa el desarrollo arm\u00f3nico y mel\u00f3dico, echa un vistazo a <a href=\"http:\/\/www.teoriamusical.es\">los cursos de m\u00fasica moderna<\/a>.<\/p>\n","protected":false},"excerpt":{"rendered":"<p>La literatura y el cine tienen varias cosas en com\u00fan, entre ellas el storytelling. Un novela nos cuenta una historia, una pel\u00edcula tambi\u00e9n y, hasta bien bien poco, la m\u00fasica en las pel\u00edculas hac\u00eda lo mismo. En el momento en &hellip; <a href=\"https:\/\/www.teoriamusical.es\/blog\/literatura-cine-musica\/\">Sigue leyendo <span class=\"meta-nav\">&rarr;<\/span><\/a><\/p>\n","protected":false},"author":1,"featured_media":0,"comment_status":"open","ping_status":"open","sticky":false,"template":"","format":"standard","meta":{"_monsterinsights_skip_tracking":false,"_monsterinsights_sitenote_active":false,"_monsterinsights_sitenote_note":"","_monsterinsights_sitenote_category":0,"footnotes":""},"categories":[18,27,16],"tags":[24,36,6,35,11],"class_list":["post-55","post","type-post","status-publish","format-standard","hentry","category-analisis-musical","category-creatividad","category-lenguaje-armonico","tag-bandas-sonoras","tag-cine","tag-desarrollo-melodico","tag-literatura","tag-orquestacion"],"yoast_head":"<!-- This site is optimized with the Yoast SEO plugin v19.6 - https:\/\/yoast.com\/wordpress\/plugins\/seo\/ -->\n<title>C\u00f3mo la Literatura y el Cine te Ense\u00f1an a Hacer M\u00fasica - Teor\u00eda Musical<\/title>\n<meta name=\"description\" content=\"La literatura y el cine comparten una narrativa que, cuando se refuerza con m\u00fasica, es imparable. En este video hablo de c\u00f3mo tu m\u00fasica aprende de ambos.\" \/>\n<meta name=\"robots\" content=\"index, follow, max-snippet:-1, max-image-preview:large, max-video-preview:-1\" \/>\n<link rel=\"canonical\" href=\"https:\/\/www.teoriamusical.es\/blog\/literatura-cine-musica\/\" \/>\n<meta property=\"og:locale\" content=\"es_ES\" \/>\n<meta property=\"og:type\" content=\"article\" \/>\n<meta property=\"og:title\" content=\"C\u00f3mo la Literatura y el Cine te Ense\u00f1an a Hacer M\u00fasica - Teor\u00eda Musical\" \/>\n<meta property=\"og:description\" content=\"La literatura y el cine comparten una narrativa que, cuando se refuerza con m\u00fasica, es imparable. En este video hablo de c\u00f3mo tu m\u00fasica aprende de ambos.\" \/>\n<meta property=\"og:url\" content=\"https:\/\/www.teoriamusical.es\/blog\/literatura-cine-musica\/\" \/>\n<meta property=\"og:site_name\" content=\"Teor\u00eda Musical\" \/>\n<meta property=\"article:published_time\" content=\"2019-12-04T21:30:24+00:00\" \/>\n<meta property=\"article:modified_time\" content=\"2019-12-04T21:30:25+00:00\" \/>\n<meta name=\"author\" content=\"teoriamusical.es\" \/>\n<meta name=\"twitter:card\" content=\"summary_large_image\" \/>\n<meta name=\"twitter:label1\" content=\"Escrito por\" \/>\n\t<meta name=\"twitter:data1\" content=\"teoriamusical.es\" \/>\n\t<meta name=\"twitter:label2\" content=\"Tiempo de lectura\" \/>\n\t<meta name=\"twitter:data2\" content=\"2 minutos\" \/>\n<script type=\"application\/ld+json\" class=\"yoast-schema-graph\">{\"@context\":\"https:\/\/schema.org\",\"@graph\":[{\"@type\":\"Article\",\"@id\":\"https:\/\/www.teoriamusical.es\/blog\/literatura-cine-musica\/#article\",\"isPartOf\":{\"@id\":\"https:\/\/www.teoriamusical.es\/blog\/literatura-cine-musica\/\"},\"author\":{\"name\":\"teoriamusical.es\",\"@id\":\"https:\/\/www.teoriamusical.es\/blog\/#\/schema\/person\/abbe30b6f6b449ac9e19ab236fe3d80c\"},\"headline\":\"C\u00f3mo la Literatura y el Cine te Ense\u00f1an a Hacer M\u00fasica\",\"datePublished\":\"2019-12-04T21:30:24+00:00\",\"dateModified\":\"2019-12-04T21:30:25+00:00\",\"mainEntityOfPage\":{\"@id\":\"https:\/\/www.teoriamusical.es\/blog\/literatura-cine-musica\/\"},\"wordCount\":352,\"commentCount\":0,\"publisher\":{\"@id\":\"https:\/\/www.teoriamusical.es\/blog\/#\/schema\/person\/abbe30b6f6b449ac9e19ab236fe3d80c\"},\"keywords\":[\"bandas sonoras\",\"cine\",\"desarrollo melodico\",\"literatura\",\"orquestaci\u00f3n\"],\"articleSection\":[\"An\u00e1lisis Musical\",\"creatividad\",\"Lenguaje Arm\u00f3nico\"],\"inLanguage\":\"es\",\"potentialAction\":[{\"@type\":\"CommentAction\",\"name\":\"Comment\",\"target\":[\"https:\/\/www.teoriamusical.es\/blog\/literatura-cine-musica\/#respond\"]}]},{\"@type\":\"WebPage\",\"@id\":\"https:\/\/www.teoriamusical.es\/blog\/literatura-cine-musica\/\",\"url\":\"https:\/\/www.teoriamusical.es\/blog\/literatura-cine-musica\/\",\"name\":\"C\u00f3mo la Literatura y el Cine te Ense\u00f1an a Hacer M\u00fasica - Teor\u00eda Musical\",\"isPartOf\":{\"@id\":\"https:\/\/www.teoriamusical.es\/blog\/#website\"},\"datePublished\":\"2019-12-04T21:30:24+00:00\",\"dateModified\":\"2019-12-04T21:30:25+00:00\",\"description\":\"La literatura y el cine comparten una narrativa que, cuando se refuerza con m\u00fasica, es imparable. En este video hablo de c\u00f3mo tu m\u00fasica aprende de ambos.\",\"breadcrumb\":{\"@id\":\"https:\/\/www.teoriamusical.es\/blog\/literatura-cine-musica\/#breadcrumb\"},\"inLanguage\":\"es\",\"potentialAction\":[{\"@type\":\"ReadAction\",\"target\":[\"https:\/\/www.teoriamusical.es\/blog\/literatura-cine-musica\/\"]}]},{\"@type\":\"BreadcrumbList\",\"@id\":\"https:\/\/www.teoriamusical.es\/blog\/literatura-cine-musica\/#breadcrumb\",\"itemListElement\":[{\"@type\":\"ListItem\",\"position\":1,\"name\":\"Home\",\"item\":\"https:\/\/www.teoriamusical.es\/blog\/\"},{\"@type\":\"ListItem\",\"position\":2,\"name\":\"C\u00f3mo la Literatura y el Cine te Ense\u00f1an a Hacer M\u00fasica\"}]},{\"@type\":\"WebSite\",\"@id\":\"https:\/\/www.teoriamusical.es\/blog\/#website\",\"url\":\"https:\/\/www.teoriamusical.es\/blog\/\",\"name\":\"Teor\u00eda Musical\",\"description\":\"Teor\u00eda Musical, Armon\u00eda Moderna y Cursos Online\",\"publisher\":{\"@id\":\"https:\/\/www.teoriamusical.es\/blog\/#\/schema\/person\/abbe30b6f6b449ac9e19ab236fe3d80c\"},\"potentialAction\":[{\"@type\":\"SearchAction\",\"target\":{\"@type\":\"EntryPoint\",\"urlTemplate\":\"https:\/\/www.teoriamusical.es\/blog\/?s={search_term_string}\"},\"query-input\":\"required name=search_term_string\"}],\"inLanguage\":\"es\"},{\"@type\":[\"Person\",\"Organization\"],\"@id\":\"https:\/\/www.teoriamusical.es\/blog\/#\/schema\/person\/abbe30b6f6b449ac9e19ab236fe3d80c\",\"name\":\"teoriamusical.es\",\"image\":{\"@type\":\"ImageObject\",\"inLanguage\":\"es\",\"@id\":\"https:\/\/www.teoriamusical.es\/blog\/#\/schema\/person\/image\/\",\"url\":\"https:\/\/secure.gravatar.com\/avatar\/1d7014e5a95916f717d86ab0aceffce14fd35c12b39d368d60384afae17e1760?s=96&d=mm&r=g\",\"contentUrl\":\"https:\/\/secure.gravatar.com\/avatar\/1d7014e5a95916f717d86ab0aceffce14fd35c12b39d368d60384afae17e1760?s=96&d=mm&r=g\",\"caption\":\"teoriamusical.es\"},\"logo\":{\"@id\":\"https:\/\/www.teoriamusical.es\/blog\/#\/schema\/person\/image\/\"}}]}<\/script>\n<!-- \/ Yoast SEO plugin. -->","yoast_head_json":{"title":"C\u00f3mo la Literatura y el Cine te Ense\u00f1an a Hacer M\u00fasica - Teor\u00eda Musical","description":"La literatura y el cine comparten una narrativa que, cuando se refuerza con m\u00fasica, es imparable. En este video hablo de c\u00f3mo tu m\u00fasica aprende de ambos.","robots":{"index":"index","follow":"follow","max-snippet":"max-snippet:-1","max-image-preview":"max-image-preview:large","max-video-preview":"max-video-preview:-1"},"canonical":"https:\/\/www.teoriamusical.es\/blog\/literatura-cine-musica\/","og_locale":"es_ES","og_type":"article","og_title":"C\u00f3mo la Literatura y el Cine te Ense\u00f1an a Hacer M\u00fasica - Teor\u00eda Musical","og_description":"La literatura y el cine comparten una narrativa que, cuando se refuerza con m\u00fasica, es imparable. En este video hablo de c\u00f3mo tu m\u00fasica aprende de ambos.","og_url":"https:\/\/www.teoriamusical.es\/blog\/literatura-cine-musica\/","og_site_name":"Teor\u00eda Musical","article_published_time":"2019-12-04T21:30:24+00:00","article_modified_time":"2019-12-04T21:30:25+00:00","author":"teoriamusical.es","twitter_card":"summary_large_image","twitter_misc":{"Escrito por":"teoriamusical.es","Tiempo de lectura":"2 minutos"},"schema":{"@context":"https:\/\/schema.org","@graph":[{"@type":"Article","@id":"https:\/\/www.teoriamusical.es\/blog\/literatura-cine-musica\/#article","isPartOf":{"@id":"https:\/\/www.teoriamusical.es\/blog\/literatura-cine-musica\/"},"author":{"name":"teoriamusical.es","@id":"https:\/\/www.teoriamusical.es\/blog\/#\/schema\/person\/abbe30b6f6b449ac9e19ab236fe3d80c"},"headline":"C\u00f3mo la Literatura y el Cine te Ense\u00f1an a Hacer M\u00fasica","datePublished":"2019-12-04T21:30:24+00:00","dateModified":"2019-12-04T21:30:25+00:00","mainEntityOfPage":{"@id":"https:\/\/www.teoriamusical.es\/blog\/literatura-cine-musica\/"},"wordCount":352,"commentCount":0,"publisher":{"@id":"https:\/\/www.teoriamusical.es\/blog\/#\/schema\/person\/abbe30b6f6b449ac9e19ab236fe3d80c"},"keywords":["bandas sonoras","cine","desarrollo melodico","literatura","orquestaci\u00f3n"],"articleSection":["An\u00e1lisis Musical","creatividad","Lenguaje Arm\u00f3nico"],"inLanguage":"es","potentialAction":[{"@type":"CommentAction","name":"Comment","target":["https:\/\/www.teoriamusical.es\/blog\/literatura-cine-musica\/#respond"]}]},{"@type":"WebPage","@id":"https:\/\/www.teoriamusical.es\/blog\/literatura-cine-musica\/","url":"https:\/\/www.teoriamusical.es\/blog\/literatura-cine-musica\/","name":"C\u00f3mo la Literatura y el Cine te Ense\u00f1an a Hacer M\u00fasica - Teor\u00eda Musical","isPartOf":{"@id":"https:\/\/www.teoriamusical.es\/blog\/#website"},"datePublished":"2019-12-04T21:30:24+00:00","dateModified":"2019-12-04T21:30:25+00:00","description":"La literatura y el cine comparten una narrativa que, cuando se refuerza con m\u00fasica, es imparable. En este video hablo de c\u00f3mo tu m\u00fasica aprende de ambos.","breadcrumb":{"@id":"https:\/\/www.teoriamusical.es\/blog\/literatura-cine-musica\/#breadcrumb"},"inLanguage":"es","potentialAction":[{"@type":"ReadAction","target":["https:\/\/www.teoriamusical.es\/blog\/literatura-cine-musica\/"]}]},{"@type":"BreadcrumbList","@id":"https:\/\/www.teoriamusical.es\/blog\/literatura-cine-musica\/#breadcrumb","itemListElement":[{"@type":"ListItem","position":1,"name":"Home","item":"https:\/\/www.teoriamusical.es\/blog\/"},{"@type":"ListItem","position":2,"name":"C\u00f3mo la Literatura y el Cine te Ense\u00f1an a Hacer M\u00fasica"}]},{"@type":"WebSite","@id":"https:\/\/www.teoriamusical.es\/blog\/#website","url":"https:\/\/www.teoriamusical.es\/blog\/","name":"Teor\u00eda Musical","description":"Teor\u00eda Musical, Armon\u00eda Moderna y Cursos Online","publisher":{"@id":"https:\/\/www.teoriamusical.es\/blog\/#\/schema\/person\/abbe30b6f6b449ac9e19ab236fe3d80c"},"potentialAction":[{"@type":"SearchAction","target":{"@type":"EntryPoint","urlTemplate":"https:\/\/www.teoriamusical.es\/blog\/?s={search_term_string}"},"query-input":"required name=search_term_string"}],"inLanguage":"es"},{"@type":["Person","Organization"],"@id":"https:\/\/www.teoriamusical.es\/blog\/#\/schema\/person\/abbe30b6f6b449ac9e19ab236fe3d80c","name":"teoriamusical.es","image":{"@type":"ImageObject","inLanguage":"es","@id":"https:\/\/www.teoriamusical.es\/blog\/#\/schema\/person\/image\/","url":"https:\/\/secure.gravatar.com\/avatar\/1d7014e5a95916f717d86ab0aceffce14fd35c12b39d368d60384afae17e1760?s=96&d=mm&r=g","contentUrl":"https:\/\/secure.gravatar.com\/avatar\/1d7014e5a95916f717d86ab0aceffce14fd35c12b39d368d60384afae17e1760?s=96&d=mm&r=g","caption":"teoriamusical.es"},"logo":{"@id":"https:\/\/www.teoriamusical.es\/blog\/#\/schema\/person\/image\/"}}]}},"jetpack_featured_media_url":"","jetpack-related-posts":[{"id":28,"url":"https:\/\/www.teoriamusical.es\/blog\/analisis-musical-coco\/","url_meta":{"origin":55,"position":0},"title":"An\u00e1lisis Musical: Recu\u00e9rdame, de Coco -Acordes y Melod\u00eda-","date":"diciembre 4, 2019","format":false,"excerpt":"Este an\u00e1lisis musical del tema principal de la pel\u00edcula Coco, tema que gan\u00f3 el \u00d3scar a la mejor canci\u00f3n, naci\u00f3 en 2018 por petici\u00f3n de mi amiga y compa\u00f1era de fechor\u00edas en Twitter, @MissBracknell. Tanto en este como otros an\u00e1lisis musicales que encontrar\u00e1s en mi canal de Youtube, suelo comentar\u2026","rel":"","context":"En \u00abAn\u00e1lisis Musical\u00bb","img":{"alt_text":"","src":"https:\/\/i0.wp.com\/img.youtube.com\/vi\/NRxAjb1aL8A\/0.jpg?resize=350%2C200","width":350,"height":200},"classes":[]},{"id":70,"url":"https:\/\/www.teoriamusical.es\/blog\/los-acordes-de-john-williams\/","url_meta":{"origin":55,"position":1},"title":"Los Acordes de John Williams","date":"diciembre 5, 2019","format":false,"excerpt":"Los acordes de john Williams, y la armon\u00eda que implican, son, junto con su dominio de la orquestaci\u00f3n y el desarrollo mel\u00f3dico, una de las claves de su calidad musical. Hasta que no transcribes alg\u00fan tema suyo al piano no te das cuenta de que muchos de los acordes de\u2026","rel":"","context":"En \u00abAcordes\u00bb","img":{"alt_text":"","src":"https:\/\/i0.wp.com\/img.youtube.com\/vi\/2aneqBJyOHo\/0.jpg?resize=350%2C200","width":350,"height":200},"classes":[]},{"id":35,"url":"https:\/\/www.teoriamusical.es\/blog\/desarrollo-melodico-goldsmith\/","url_meta":{"origin":55,"position":2},"title":"La Importancia del Desarrollo Mel\u00f3dico en las Bandas Sonoras","date":"diciembre 4, 2019","format":false,"excerpt":"Desarrollo mel\u00f3dico. El tema es tan fascinante que le he dedicado un curso de 13 horas, lleno de t\u00e9cnicas aplicables a \u00e9l. El motivo de hacer esto es que, en la actualidad, sonamos de forma incre\u00edble gracias al despliegue de medios pero estamos perdiendo lo b\u00e1sico. Y ojo, no se\u2026","rel":"","context":"En \u00abAn\u00e1lisis Musical\u00bb","img":{"alt_text":"","src":"https:\/\/i0.wp.com\/img.youtube.com\/vi\/kdfwDysXJ9E\/0.jpg?resize=350%2C200","width":350,"height":200},"classes":[]},{"id":415,"url":"https:\/\/www.teoriamusical.es\/blog\/analizando-musica\/","url_meta":{"origin":55,"position":3},"title":"Analizando M\u00fasica de Bruno Mars","date":"octubre 30, 2021","format":false,"excerpt":"Analizando m\u00fasica de Bruno Mars forma parte de la secci\u00f3n C\u00f3mo sacar canciones de o\u00eddo, donde usamos ear training y hablamos de armon\u00eda, acordes y escalas desde el punto de vista de la escucha, para mejorar en nuestra pr\u00e1ctica musical. Entender el lenguaje arm\u00f3nico de artistas como Bruno Mars, adem\u00e1s\u2026","rel":"","context":"En \u00abAn\u00e1lisis Musical\u00bb","img":{"alt_text":"","src":"https:\/\/i0.wp.com\/img.youtube.com\/vi\/rfDnkZ5-0KY\/0.jpg?resize=350%2C200","width":350,"height":200},"classes":[]},{"id":440,"url":"https:\/\/www.teoriamusical.es\/blog\/analizando-musica-de-laura-pausini\/","url_meta":{"origin":55,"position":4},"title":"Analizando M\u00fasica de Laura Pausini","date":"noviembre 29, 2021","format":false,"excerpt":"Analizando m\u00fasica de Laura Pausini es un video de la secci\u00f3n c\u00f3mo sacar canciones de o\u00eddo, donde vemos c\u00f3mo sacar acordes de los temas que nos gustan sin tener que estar probando en el instrumento hasta encontrar uno que encaje. En este tema de Laura Pausini podemos escuchar una progresi\u00f3n\u2026","rel":"","context":"En \u00abAn\u00e1lisis Musical\u00bb","img":{"alt_text":"","src":"https:\/\/i0.wp.com\/img.youtube.com\/vi\/xv1k72AbgKo\/0.jpg?resize=350%2C200","width":350,"height":200},"classes":[]},{"id":421,"url":"https:\/\/www.teoriamusical.es\/blog\/analizando-queen\/","url_meta":{"origin":55,"position":5},"title":"Analizando M\u00fasica de Queen","date":"noviembre 29, 2021","format":false,"excerpt":"Analizando m\u00fasica de Queen pertenece a la secci\u00f3n de t\u00e9cnicas musicales del canal, dentro de la etiqueta C\u00f3mo sacar canciones de o\u00eddo. Creo que el grupo del que m\u00e1s veces me han pedido que saque algo de o\u00eddo es Queen, as\u00ed que he escogido un tema que no est\u00e1 entre\u2026","rel":"","context":"En \u00abAn\u00e1lisis Musical\u00bb","img":{"alt_text":"","src":"https:\/\/i0.wp.com\/img.youtube.com\/vi\/hhEP4XUAMxg\/0.jpg?resize=350%2C200","width":350,"height":200},"classes":[]}],"_links":{"self":[{"href":"https:\/\/www.teoriamusical.es\/blog\/wp-json\/wp\/v2\/posts\/55","targetHints":{"allow":["GET"]}}],"collection":[{"href":"https:\/\/www.teoriamusical.es\/blog\/wp-json\/wp\/v2\/posts"}],"about":[{"href":"https:\/\/www.teoriamusical.es\/blog\/wp-json\/wp\/v2\/types\/post"}],"author":[{"embeddable":true,"href":"https:\/\/www.teoriamusical.es\/blog\/wp-json\/wp\/v2\/users\/1"}],"replies":[{"embeddable":true,"href":"https:\/\/www.teoriamusical.es\/blog\/wp-json\/wp\/v2\/comments?post=55"}],"version-history":[{"count":1,"href":"https:\/\/www.teoriamusical.es\/blog\/wp-json\/wp\/v2\/posts\/55\/revisions"}],"predecessor-version":[{"id":57,"href":"https:\/\/www.teoriamusical.es\/blog\/wp-json\/wp\/v2\/posts\/55\/revisions\/57"}],"wp:attachment":[{"href":"https:\/\/www.teoriamusical.es\/blog\/wp-json\/wp\/v2\/media?parent=55"}],"wp:term":[{"taxonomy":"category","embeddable":true,"href":"https:\/\/www.teoriamusical.es\/blog\/wp-json\/wp\/v2\/categories?post=55"},{"taxonomy":"post_tag","embeddable":true,"href":"https:\/\/www.teoriamusical.es\/blog\/wp-json\/wp\/v2\/tags?post=55"}],"curies":[{"name":"wp","href":"https:\/\/api.w.org\/{rel}","templated":true}]}}