{"id":478,"date":"2022-06-29T20:11:29","date_gmt":"2022-06-29T18:11:29","guid":{"rendered":"https:\/\/www.teoriamusical.es\/blog\/?p=478"},"modified":"2022-06-29T20:11:30","modified_gmt":"2022-06-29T18:11:30","slug":"el-flamenco-y-el-ritmo","status":"publish","type":"post","link":"https:\/\/www.teoriamusical.es\/blog\/el-flamenco-y-el-ritmo\/","title":{"rendered":"El Flamenco y El Ritmo"},"content":{"rendered":"\n<p>La flamencolog\u00eda es la rama de la musicolog\u00eda que se dedica al estudio del flamenco.<\/p>\n\n\n\n<p>La teor\u00eda musical ha ido abarcando en las \u00faltimas d\u00e9cadas m\u00fasicas que como el jazz, el flamenco, la m\u00fasica de cine y la m\u00fasica popular, tienen mucho que aportar al lenguaje de la m\u00fasica.<\/p>\n\n\n\n<p>El flamenco posee infinidad de estilos que podemos agrupar en palos, cada uno de estos palos a su vez tiene ramificaciones, variantes y una riqueza notable, adem\u00e1s de sus particularidades en lo r\u00edtmico, en lo arm\u00f3nico y en lo mel\u00f3dico.<\/p>\n\n\n\n<p>El ritmo en el flamenco es uno de los elementos m\u00e1s destacados; la superposici\u00f3n de compases binarios y compases ternarios, el uso constante de la subdivisi\u00f3n como fuente de acentuaci\u00f3n r\u00edtmica y la polirritmia son parte esencial del lenguaje r\u00edtmico del flamenco.<\/p>\n\n\n\n<p>En este video contamos con Ni\u00f1o Rub\u00e9n, artista flamenco de formaci\u00f3n cl\u00e1sica que est\u00e1 trabajando en el campo de la flamencolog\u00eda, adem\u00e1s de utilizar los palos del flamenco para expresarse musicalmente a trav\u00e9s de su instrumento elegido, el fagot flamenco.<\/p>\n\n\n\n<p>Ser\u00e1 \u00e9l quien nos explique algunas cosas sobre esta m\u00fasica, la organizaci\u00f3n de los palos del flamenco y sus ritmos caracter\u00edsticos.<\/p>\n\n\n\n<p>Este canal est\u00e1 dedicado a la composici\u00f3n, los arreglos y la armon\u00eda moderna, por lo que abarcar algo tan extenso como el flamenco y sus estilos ser\u00eda imposible en un solo video, por lo que vamos a ver uno de los palos principales; c\u00f3mo es su armon\u00eda, c\u00f3mo son las falsetas y cu\u00e1les son sus caracter\u00edsticas principales para que luego podamos hacer una actividad musical utilizando todo lo aprendido.<\/p>\n\n\n\n<p>Vamos a centrarnos en la parte r\u00edtmica del flamenco, viendo c\u00f3mo se alterna la subdivisi\u00f3n entre compases binarios y compases ternarios para construir el flujo r\u00edtmico que da vida al duende flamenco.<\/p>\n\n\n\n<figure class=\"wp-block-embed is-type-video is-provider-youtube wp-block-embed-youtube wp-embed-aspect-16-9 wp-has-aspect-ratio\"><div class=\"wp-block-embed__wrapper\">\n<iframe loading=\"lazy\" title=\"El Flamenco y El Ritmo\" width=\"584\" height=\"329\" src=\"https:\/\/www.youtube.com\/embed\/g6c4igWvVT0?feature=oembed\" frameborder=\"0\" allow=\"accelerometer; autoplay; clipboard-write; encrypted-media; gyroscope; picture-in-picture; web-share\" referrerpolicy=\"strict-origin-when-cross-origin\" allowfullscreen><\/iframe>\n<\/div><\/figure>\n\n\n\n<p><\/p>\n","protected":false},"excerpt":{"rendered":"<p>La flamencolog\u00eda es la rama de la musicolog\u00eda que se dedica al estudio del flamenco. La teor\u00eda musical ha ido abarcando en las \u00faltimas d\u00e9cadas m\u00fasicas que como el jazz, el flamenco, la m\u00fasica de cine y la m\u00fasica popular, &hellip; <a href=\"https:\/\/www.teoriamusical.es\/blog\/el-flamenco-y-el-ritmo\/\">Sigue leyendo <span class=\"meta-nav\">&rarr;<\/span><\/a><\/p>\n","protected":false},"author":1,"featured_media":0,"comment_status":"open","ping_status":"open","sticky":false,"template":"","format":"standard","meta":{"_monsterinsights_skip_tracking":false,"_monsterinsights_sitenote_active":false,"_monsterinsights_sitenote_note":"","_monsterinsights_sitenote_category":0,"footnotes":""},"categories":[1],"tags":[],"class_list":["post-478","post","type-post","status-publish","format-standard","hentry","category-cursos_de_musica"],"yoast_head":"<!-- This site is optimized with the Yoast SEO plugin v19.6 - https:\/\/yoast.com\/wordpress\/plugins\/seo\/ -->\n<title>El Flamenco y El Ritmo - Teor\u00eda Musical<\/title>\n<meta name=\"robots\" content=\"index, follow, max-snippet:-1, max-image-preview:large, max-video-preview:-1\" \/>\n<link rel=\"canonical\" href=\"https:\/\/www.teoriamusical.es\/blog\/el-flamenco-y-el-ritmo\/\" \/>\n<meta property=\"og:locale\" content=\"es_ES\" \/>\n<meta property=\"og:type\" content=\"article\" \/>\n<meta property=\"og:title\" content=\"El Flamenco y El Ritmo - Teor\u00eda Musical\" \/>\n<meta property=\"og:description\" content=\"La flamencolog\u00eda es la rama de la musicolog\u00eda que se dedica al estudio del flamenco. La teor\u00eda musical ha ido abarcando en las \u00faltimas d\u00e9cadas m\u00fasicas que como el jazz, el flamenco, la m\u00fasica de cine y la m\u00fasica popular, &hellip; Sigue leyendo &rarr;\" \/>\n<meta property=\"og:url\" content=\"https:\/\/www.teoriamusical.es\/blog\/el-flamenco-y-el-ritmo\/\" \/>\n<meta property=\"og:site_name\" content=\"Teor\u00eda Musical\" \/>\n<meta property=\"article:published_time\" content=\"2022-06-29T18:11:29+00:00\" \/>\n<meta property=\"article:modified_time\" content=\"2022-06-29T18:11:30+00:00\" \/>\n<meta name=\"author\" content=\"teoriamusical.es\" \/>\n<meta name=\"twitter:card\" content=\"summary_large_image\" \/>\n<meta name=\"twitter:label1\" content=\"Escrito por\" \/>\n\t<meta name=\"twitter:data1\" content=\"teoriamusical.es\" \/>\n\t<meta name=\"twitter:label2\" content=\"Tiempo de lectura\" \/>\n\t<meta name=\"twitter:data2\" content=\"2 minutos\" \/>\n<script type=\"application\/ld+json\" class=\"yoast-schema-graph\">{\"@context\":\"https:\/\/schema.org\",\"@graph\":[{\"@type\":\"Article\",\"@id\":\"https:\/\/www.teoriamusical.es\/blog\/el-flamenco-y-el-ritmo\/#article\",\"isPartOf\":{\"@id\":\"https:\/\/www.teoriamusical.es\/blog\/el-flamenco-y-el-ritmo\/\"},\"author\":{\"name\":\"teoriamusical.es\",\"@id\":\"https:\/\/www.teoriamusical.es\/blog\/#\/schema\/person\/abbe30b6f6b449ac9e19ab236fe3d80c\"},\"headline\":\"El Flamenco y El Ritmo\",\"datePublished\":\"2022-06-29T18:11:29+00:00\",\"dateModified\":\"2022-06-29T18:11:30+00:00\",\"mainEntityOfPage\":{\"@id\":\"https:\/\/www.teoriamusical.es\/blog\/el-flamenco-y-el-ritmo\/\"},\"wordCount\":344,\"commentCount\":0,\"publisher\":{\"@id\":\"https:\/\/www.teoriamusical.es\/blog\/#\/schema\/person\/abbe30b6f6b449ac9e19ab236fe3d80c\"},\"articleSection\":[\"Cursos de M\u00fasica\"],\"inLanguage\":\"es\",\"potentialAction\":[{\"@type\":\"CommentAction\",\"name\":\"Comment\",\"target\":[\"https:\/\/www.teoriamusical.es\/blog\/el-flamenco-y-el-ritmo\/#respond\"]}]},{\"@type\":\"WebPage\",\"@id\":\"https:\/\/www.teoriamusical.es\/blog\/el-flamenco-y-el-ritmo\/\",\"url\":\"https:\/\/www.teoriamusical.es\/blog\/el-flamenco-y-el-ritmo\/\",\"name\":\"El Flamenco y El Ritmo - Teor\u00eda Musical\",\"isPartOf\":{\"@id\":\"https:\/\/www.teoriamusical.es\/blog\/#website\"},\"datePublished\":\"2022-06-29T18:11:29+00:00\",\"dateModified\":\"2022-06-29T18:11:30+00:00\",\"breadcrumb\":{\"@id\":\"https:\/\/www.teoriamusical.es\/blog\/el-flamenco-y-el-ritmo\/#breadcrumb\"},\"inLanguage\":\"es\",\"potentialAction\":[{\"@type\":\"ReadAction\",\"target\":[\"https:\/\/www.teoriamusical.es\/blog\/el-flamenco-y-el-ritmo\/\"]}]},{\"@type\":\"BreadcrumbList\",\"@id\":\"https:\/\/www.teoriamusical.es\/blog\/el-flamenco-y-el-ritmo\/#breadcrumb\",\"itemListElement\":[{\"@type\":\"ListItem\",\"position\":1,\"name\":\"Home\",\"item\":\"https:\/\/www.teoriamusical.es\/blog\/\"},{\"@type\":\"ListItem\",\"position\":2,\"name\":\"El Flamenco y El Ritmo\"}]},{\"@type\":\"WebSite\",\"@id\":\"https:\/\/www.teoriamusical.es\/blog\/#website\",\"url\":\"https:\/\/www.teoriamusical.es\/blog\/\",\"name\":\"Teor\u00eda Musical\",\"description\":\"Teor\u00eda Musical, Armon\u00eda Moderna y Cursos Online\",\"publisher\":{\"@id\":\"https:\/\/www.teoriamusical.es\/blog\/#\/schema\/person\/abbe30b6f6b449ac9e19ab236fe3d80c\"},\"potentialAction\":[{\"@type\":\"SearchAction\",\"target\":{\"@type\":\"EntryPoint\",\"urlTemplate\":\"https:\/\/www.teoriamusical.es\/blog\/?s={search_term_string}\"},\"query-input\":\"required name=search_term_string\"}],\"inLanguage\":\"es\"},{\"@type\":[\"Person\",\"Organization\"],\"@id\":\"https:\/\/www.teoriamusical.es\/blog\/#\/schema\/person\/abbe30b6f6b449ac9e19ab236fe3d80c\",\"name\":\"teoriamusical.es\",\"image\":{\"@type\":\"ImageObject\",\"inLanguage\":\"es\",\"@id\":\"https:\/\/www.teoriamusical.es\/blog\/#\/schema\/person\/image\/\",\"url\":\"https:\/\/secure.gravatar.com\/avatar\/1d7014e5a95916f717d86ab0aceffce14fd35c12b39d368d60384afae17e1760?s=96&d=mm&r=g\",\"contentUrl\":\"https:\/\/secure.gravatar.com\/avatar\/1d7014e5a95916f717d86ab0aceffce14fd35c12b39d368d60384afae17e1760?s=96&d=mm&r=g\",\"caption\":\"teoriamusical.es\"},\"logo\":{\"@id\":\"https:\/\/www.teoriamusical.es\/blog\/#\/schema\/person\/image\/\"}}]}<\/script>\n<!-- \/ Yoast SEO plugin. -->","yoast_head_json":{"title":"El Flamenco y El Ritmo - Teor\u00eda Musical","robots":{"index":"index","follow":"follow","max-snippet":"max-snippet:-1","max-image-preview":"max-image-preview:large","max-video-preview":"max-video-preview:-1"},"canonical":"https:\/\/www.teoriamusical.es\/blog\/el-flamenco-y-el-ritmo\/","og_locale":"es_ES","og_type":"article","og_title":"El Flamenco y El Ritmo - Teor\u00eda Musical","og_description":"La flamencolog\u00eda es la rama de la musicolog\u00eda que se dedica al estudio del flamenco. La teor\u00eda musical ha ido abarcando en las \u00faltimas d\u00e9cadas m\u00fasicas que como el jazz, el flamenco, la m\u00fasica de cine y la m\u00fasica popular, &hellip; Sigue leyendo &rarr;","og_url":"https:\/\/www.teoriamusical.es\/blog\/el-flamenco-y-el-ritmo\/","og_site_name":"Teor\u00eda Musical","article_published_time":"2022-06-29T18:11:29+00:00","article_modified_time":"2022-06-29T18:11:30+00:00","author":"teoriamusical.es","twitter_card":"summary_large_image","twitter_misc":{"Escrito por":"teoriamusical.es","Tiempo de lectura":"2 minutos"},"schema":{"@context":"https:\/\/schema.org","@graph":[{"@type":"Article","@id":"https:\/\/www.teoriamusical.es\/blog\/el-flamenco-y-el-ritmo\/#article","isPartOf":{"@id":"https:\/\/www.teoriamusical.es\/blog\/el-flamenco-y-el-ritmo\/"},"author":{"name":"teoriamusical.es","@id":"https:\/\/www.teoriamusical.es\/blog\/#\/schema\/person\/abbe30b6f6b449ac9e19ab236fe3d80c"},"headline":"El Flamenco y El Ritmo","datePublished":"2022-06-29T18:11:29+00:00","dateModified":"2022-06-29T18:11:30+00:00","mainEntityOfPage":{"@id":"https:\/\/www.teoriamusical.es\/blog\/el-flamenco-y-el-ritmo\/"},"wordCount":344,"commentCount":0,"publisher":{"@id":"https:\/\/www.teoriamusical.es\/blog\/#\/schema\/person\/abbe30b6f6b449ac9e19ab236fe3d80c"},"articleSection":["Cursos de M\u00fasica"],"inLanguage":"es","potentialAction":[{"@type":"CommentAction","name":"Comment","target":["https:\/\/www.teoriamusical.es\/blog\/el-flamenco-y-el-ritmo\/#respond"]}]},{"@type":"WebPage","@id":"https:\/\/www.teoriamusical.es\/blog\/el-flamenco-y-el-ritmo\/","url":"https:\/\/www.teoriamusical.es\/blog\/el-flamenco-y-el-ritmo\/","name":"El Flamenco y El Ritmo - Teor\u00eda Musical","isPartOf":{"@id":"https:\/\/www.teoriamusical.es\/blog\/#website"},"datePublished":"2022-06-29T18:11:29+00:00","dateModified":"2022-06-29T18:11:30+00:00","breadcrumb":{"@id":"https:\/\/www.teoriamusical.es\/blog\/el-flamenco-y-el-ritmo\/#breadcrumb"},"inLanguage":"es","potentialAction":[{"@type":"ReadAction","target":["https:\/\/www.teoriamusical.es\/blog\/el-flamenco-y-el-ritmo\/"]}]},{"@type":"BreadcrumbList","@id":"https:\/\/www.teoriamusical.es\/blog\/el-flamenco-y-el-ritmo\/#breadcrumb","itemListElement":[{"@type":"ListItem","position":1,"name":"Home","item":"https:\/\/www.teoriamusical.es\/blog\/"},{"@type":"ListItem","position":2,"name":"El Flamenco y El Ritmo"}]},{"@type":"WebSite","@id":"https:\/\/www.teoriamusical.es\/blog\/#website","url":"https:\/\/www.teoriamusical.es\/blog\/","name":"Teor\u00eda Musical","description":"Teor\u00eda Musical, Armon\u00eda Moderna y Cursos Online","publisher":{"@id":"https:\/\/www.teoriamusical.es\/blog\/#\/schema\/person\/abbe30b6f6b449ac9e19ab236fe3d80c"},"potentialAction":[{"@type":"SearchAction","target":{"@type":"EntryPoint","urlTemplate":"https:\/\/www.teoriamusical.es\/blog\/?s={search_term_string}"},"query-input":"required name=search_term_string"}],"inLanguage":"es"},{"@type":["Person","Organization"],"@id":"https:\/\/www.teoriamusical.es\/blog\/#\/schema\/person\/abbe30b6f6b449ac9e19ab236fe3d80c","name":"teoriamusical.es","image":{"@type":"ImageObject","inLanguage":"es","@id":"https:\/\/www.teoriamusical.es\/blog\/#\/schema\/person\/image\/","url":"https:\/\/secure.gravatar.com\/avatar\/1d7014e5a95916f717d86ab0aceffce14fd35c12b39d368d60384afae17e1760?s=96&d=mm&r=g","contentUrl":"https:\/\/secure.gravatar.com\/avatar\/1d7014e5a95916f717d86ab0aceffce14fd35c12b39d368d60384afae17e1760?s=96&d=mm&r=g","caption":"teoriamusical.es"},"logo":{"@id":"https:\/\/www.teoriamusical.es\/blog\/#\/schema\/person\/image\/"}}]}},"jetpack_featured_media_url":"","jetpack-related-posts":[{"id":131,"url":"https:\/\/www.teoriamusical.es\/blog\/rosalia\/","url_meta":{"origin":478,"position":0},"title":"Rosal\u00eda: La armon\u00eda, tr\u00e1 tr\u00e1.","date":"enero 1, 2020","format":false,"excerpt":"Rosal\u00eda es, sin duda, la artista del momento. No s\u00f3lo por su forma de irrumpir, por su propuesta est\u00e9tica y musical o por su alcance internacional sino por aspectos no tan evidentes de su m\u00fasica. La conoc\u00ed de una forma totalmente accidental gracias a la cantidad de detractores a los\u2026","rel":"","context":"En \u00abAn\u00e1lisis Musical\u00bb","img":{"alt_text":"","src":"https:\/\/i0.wp.com\/img.youtube.com\/vi\/3bvkR2c1oQ0\/0.jpg?resize=350%2C200","width":350,"height":200},"classes":[]},{"id":471,"url":"https:\/\/www.teoriamusical.es\/blog\/el-ritmo-teoria-musical\/","url_meta":{"origin":478,"position":1},"title":"Africa y el Ritmo &#8211; Teor\u00eda Musical","date":"junio 29, 2022","format":false,"excerpt":"El ritmo es uno de los elementos de la m\u00fasica que se abordan desde la teor\u00eda musical pero el ritmo en la m\u00fasica africana, o mejor dicho, el ritmo en \u00e1frica, es algo que va mucho m\u00e1s all\u00e1 de la m\u00fasica tal y como la teor\u00eda musical occidental la abarca.\u2026","rel":"","context":"En \u00abCursos de M\u00fasica\u00bb","img":{"alt_text":"","src":"https:\/\/i0.wp.com\/img.youtube.com\/vi\/f4CXRG9FLBo\/0.jpg?resize=350%2C200","width":350,"height":200},"classes":[]},{"id":320,"url":"https:\/\/www.teoriamusical.es\/blog\/dominante-frigio\/","url_meta":{"origin":478,"position":2},"title":"Dominante Frigio: Mixolidio (b9, b13)","date":"julio 16, 2021","format":false,"excerpt":"El modo frigio dominante, conocido tambi\u00e9n como escala frigia dominante, mixolidia (b9 b13), frigio mayor, quinto modo de la escala menor arm\u00f3nica, o cualquier otra etiqueta, es uno de esos modos con multitud de nombres pero una sonoridad espectacular que debemos conocer tanto en contextos modales como en contextos tonales\u2026","rel":"","context":"En \u00abAcordes\u00bb","img":{"alt_text":"","src":"https:\/\/i0.wp.com\/img.youtube.com\/vi\/-EZQuNUAuFs\/0.jpg?resize=350%2C200","width":350,"height":200},"classes":[]},{"id":212,"url":"https:\/\/www.teoriamusical.es\/blog\/modo-frigio\/","url_meta":{"origin":478,"position":3},"title":"Modo Frigio","date":"julio 7, 2021","format":false,"excerpt":"\u00bfQu\u00e9 es la Armon\u00eda Modal? Esta es una de las preguntas m\u00e1s repetidas por los alumnos y suscriptores que mandan mails. En el video anterior expliqu\u00e9 el modo D\u00f3rico y en este repaso de forma sencilla la diferencia entre armon\u00eda tonal y armon\u00eda modal, haciendo hincapi\u00e9 en las diferencias que\u2026","rel":"","context":"En \u00abArmon\u00eda Moderna\u00bb","img":{"alt_text":"","src":"https:\/\/i0.wp.com\/img.youtube.com\/vi\/HFqqkRvICNU\/0.jpg?resize=350%2C200","width":350,"height":200},"classes":[]},{"id":137,"url":"https:\/\/www.teoriamusical.es\/blog\/elton-john-acordes\/","url_meta":{"origin":478,"position":4},"title":"Elton John: Lenguaje Arm\u00f3nico","date":"enero 1, 2020","format":false,"excerpt":"Elton John, pese a empezar su carrera en los 70, tiene un fort\u00edsimo sonido ochentero en lo que se refiere a recursos arm\u00f3nicos. Muchas veces asociamos el \"Sonido de los 80\" a eso; al sonido, a esas baterias de caja con reverb, a esos sintes y textura sonora y, no\u2026","rel":"","context":"En \u00abAcordes\u00bb","img":{"alt_text":"","src":"https:\/\/i0.wp.com\/img.youtube.com\/vi\/WfG6Z-Px3-I\/0.jpg?resize=350%2C200","width":350,"height":200},"classes":[]},{"id":355,"url":"https:\/\/www.teoriamusical.es\/blog\/arreglos-musicales\/","url_meta":{"origin":478,"position":5},"title":"Arreglos Musicales para Big Band de Jazz","date":"agosto 3, 2021","format":false,"excerpt":"Hacer arreglos musicales para big band es una de las cosas m\u00e1s divertidas que, como m\u00fasicos de jazz, podemos hacer. Estudiar arreglos para big band es una forma perfecta de introducirse al lenguaje previo a la orquestaci\u00f3n en un contexto de m\u00fasica moderna. Las grandes big bands de Ellington, Basie,\u2026","rel":"","context":"En \u00abArreglos Musicales\u00bb","img":{"alt_text":"","src":"https:\/\/i0.wp.com\/img.youtube.com\/vi\/57c-HRoCpe4\/0.jpg?resize=350%2C200","width":350,"height":200},"classes":[]}],"_links":{"self":[{"href":"https:\/\/www.teoriamusical.es\/blog\/wp-json\/wp\/v2\/posts\/478","targetHints":{"allow":["GET"]}}],"collection":[{"href":"https:\/\/www.teoriamusical.es\/blog\/wp-json\/wp\/v2\/posts"}],"about":[{"href":"https:\/\/www.teoriamusical.es\/blog\/wp-json\/wp\/v2\/types\/post"}],"author":[{"embeddable":true,"href":"https:\/\/www.teoriamusical.es\/blog\/wp-json\/wp\/v2\/users\/1"}],"replies":[{"embeddable":true,"href":"https:\/\/www.teoriamusical.es\/blog\/wp-json\/wp\/v2\/comments?post=478"}],"version-history":[{"count":1,"href":"https:\/\/www.teoriamusical.es\/blog\/wp-json\/wp\/v2\/posts\/478\/revisions"}],"predecessor-version":[{"id":479,"href":"https:\/\/www.teoriamusical.es\/blog\/wp-json\/wp\/v2\/posts\/478\/revisions\/479"}],"wp:attachment":[{"href":"https:\/\/www.teoriamusical.es\/blog\/wp-json\/wp\/v2\/media?parent=478"}],"wp:term":[{"taxonomy":"category","embeddable":true,"href":"https:\/\/www.teoriamusical.es\/blog\/wp-json\/wp\/v2\/categories?post=478"},{"taxonomy":"post_tag","embeddable":true,"href":"https:\/\/www.teoriamusical.es\/blog\/wp-json\/wp\/v2\/tags?post=478"}],"curies":[{"name":"wp","href":"https:\/\/api.w.org\/{rel}","templated":true}]}}