{"id":476,"date":"2022-06-29T20:08:24","date_gmt":"2022-06-29T18:08:24","guid":{"rendered":"https:\/\/www.teoriamusical.es\/blog\/?p=476"},"modified":"2022-06-29T20:08:25","modified_gmt":"2022-06-29T18:08:25","slug":"funciones-melodicas","status":"publish","type":"post","link":"https:\/\/www.teoriamusical.es\/blog\/funciones-melodicas\/","title":{"rendered":"Funciones mel\u00f3dicas"},"content":{"rendered":"\n<p>Las funciones mel\u00f3dicas son clave para componer m\u00fasica y sacar partido del contexto arm\u00f3nico de nuestras composiciones.<\/p>\n\n\n\n<p>Sin embargo, no es algo a lo que se preste demasiada atenci\u00f3n, pese al enorme potencial creativo que el uso de funciones mel\u00f3dicas tiene cuando se aplican de forma efectiva.<\/p>\n\n\n\n<p>En este video vamos a definir qu\u00e9 es esta funcionalidad aplicada a las notas, vamos a establecer relaciones con otros aspectos de la m\u00fasica que tenemos m\u00e1s interiorizados, como las funciones tonales, la doble funci\u00f3n tonal, etc, y vamos a aprender a sacarle partido al momento en que una nota deja cumplir una funci\u00f3n mel\u00f3dica y pasa a cumplir otra.<\/p>\n\n\n\n<p> A la hora de armonizar una melod\u00eda, es interesante ser conscientes de c\u00f3mo la funci\u00f3n mel\u00f3dica de cada una de esas notas va a verse afectada por el nuevo contexto arm\u00f3nico, definido por la relaci\u00f3n existente entre el acorde y el modo que representa.<\/p>\n\n\n\n<p>Esto es algo eminentemente pr\u00e1ctico y apreciable en la escucha, no es un concepto te\u00f3rico ni una cuesti\u00f3n de nomenclatura, es algo que entra en la psicoac\u00fastica musical y de lo que debemos ser conscientes para mejorar nuestras composiciones.<\/p>\n\n\n\n<p>Cuando en un contexto de armon\u00eda modal estamos escuchando la sexta de un modo d\u00f3rico, sentimos claramente su gravedad mel\u00f3dica, su tendencia a descender hacia la quinta, sin embargo, si modulamos al lidio de la misma escala fuente, lo que antes era una sexta es ahora una #11 y quiere ascender hacia la quinta. \u00bfC\u00f3mo se siente esa transformaci\u00f3n y qu\u00e9 potencial tiene para enriquecer nuestras composiciones en un contexto de armon\u00eda funcional?<\/p>\n\n\n\n<figure class=\"wp-block-embed is-type-video is-provider-youtube wp-block-embed-youtube wp-embed-aspect-16-9 wp-has-aspect-ratio\"><div class=\"wp-block-embed__wrapper\">\n<iframe loading=\"lazy\" title=\"Funciones mel\u00f3dicas\" width=\"584\" height=\"329\" src=\"https:\/\/www.youtube.com\/embed\/qeaFCoznBac?feature=oembed\" frameborder=\"0\" allow=\"accelerometer; autoplay; clipboard-write; encrypted-media; gyroscope; picture-in-picture; web-share\" referrerpolicy=\"strict-origin-when-cross-origin\" allowfullscreen><\/iframe>\n<\/div><\/figure>\n\n\n\n<p>\u00cdndice: <\/p>\n\n\n\n<p><a href=\"https:\/\/www.youtube.com\/watch?v=qeaFCoznBac&amp;t=0s\">00:00<\/a> Inicio <\/p>\n\n\n\n<p><a href=\"https:\/\/www.youtube.com\/watch?v=qeaFCoznBac&amp;t=29s\">00:29<\/a> Funciones tonales <\/p>\n\n\n\n<p><a href=\"https:\/\/www.youtube.com\/watch?v=qeaFCoznBac&amp;t=63s\">01:03<\/a> Psicoac\u00fastica <\/p>\n\n\n\n<p><a href=\"https:\/\/www.youtube.com\/watch?v=qeaFCoznBac&amp;t=105s\">01:45<\/a> Notas comunes <\/p>\n\n\n\n<p><a href=\"https:\/\/www.youtube.com\/watch?v=qeaFCoznBac&amp;t=143s\">02:23<\/a> Contextos arm\u00f3nicos <\/p>\n\n\n\n<p><a href=\"https:\/\/www.youtube.com\/watch?v=qeaFCoznBac&amp;t=200s\">03:20<\/a> Subjetividad Musical <\/p>\n\n\n\n<p><a href=\"https:\/\/www.youtube.com\/watch?v=qeaFCoznBac&amp;t=235s\">03:55<\/a> Acorde Alterado <\/p>\n\n\n\n<p><a href=\"https:\/\/www.youtube.com\/watch?v=qeaFCoznBac&amp;t=315s\">05:15<\/a> Funciones Mel\u00f3dicas <\/p>\n\n\n\n<p><a href=\"https:\/\/www.youtube.com\/watch?v=qeaFCoznBac&amp;t=579s\">09:39<\/a> Cambio de funci\u00f3n mel\u00f3dica <\/p>\n\n\n\n<p><a href=\"https:\/\/www.youtube.com\/watch?v=qeaFCoznBac&amp;t=90s\">01:30<\/a> Rearmonizar notas largas <\/p>\n\n\n\n<p><a href=\"https:\/\/www.youtube.com\/watch?v=qeaFCoznBac&amp;t=735s\">12:15<\/a> La funci\u00f3n mel\u00f3dica como eje <\/p>\n\n\n\n<p><a href=\"https:\/\/www.youtube.com\/watch?v=qeaFCoznBac&amp;t=790s\">13:10<\/a> Elecci\u00f3n del timbre correcto para la melod\u00eda <\/p>\n\n\n\n<p><a href=\"https:\/\/www.youtube.com\/watch?v=qeaFCoznBac&amp;t=820s\">13:40<\/a> Gestualidad modal <\/p>\n\n\n\n<p><a href=\"https:\/\/www.youtube.com\/watch?v=qeaFCoznBac&amp;t=950s\">15:50<\/a> Cambio de gestualidad modal <\/p>\n\n\n\n<p><a href=\"https:\/\/www.youtube.com\/watch?v=qeaFCoznBac&amp;t=990s\">16:30<\/a> Hulk <\/p>\n\n\n\n<p><a href=\"https:\/\/www.youtube.com\/watch?v=qeaFCoznBac&amp;t=1035s\">17:15<\/a> Cambio de la funci\u00f3n mel\u00f3dica <\/p>\n\n\n\n<p><a href=\"https:\/\/www.youtube.com\/watch?v=qeaFCoznBac&amp;t=1150s\">19:10<\/a> Ejemplo de doble funci\u00f3n tonal <\/p>\n\n\n\n<p><a href=\"https:\/\/www.youtube.com\/watch?v=qeaFCoznBac&amp;t=1404s\">23:24<\/a> Contextualizar la funci\u00f3n mel\u00f3dica <\/p>\n\n\n\n<p><a href=\"https:\/\/www.youtube.com\/watch?v=qeaFCoznBac&amp;t=1490s\">24:50<\/a> Ejercicio para interiorizar la t\u00e9cnica<\/p>\n","protected":false},"excerpt":{"rendered":"<p>Las funciones mel\u00f3dicas son clave para componer m\u00fasica y sacar partido del contexto arm\u00f3nico de nuestras composiciones. Sin embargo, no es algo a lo que se preste demasiada atenci\u00f3n, pese al enorme potencial creativo que el uso de funciones mel\u00f3dicas &hellip; <a href=\"https:\/\/www.teoriamusical.es\/blog\/funciones-melodicas\/\">Sigue leyendo <span class=\"meta-nav\">&rarr;<\/span><\/a><\/p>\n","protected":false},"author":1,"featured_media":0,"comment_status":"open","ping_status":"open","sticky":false,"template":"","format":"standard","meta":{"_monsterinsights_skip_tracking":false,"_monsterinsights_sitenote_active":false,"_monsterinsights_sitenote_note":"","_monsterinsights_sitenote_category":0,"footnotes":""},"categories":[1],"tags":[],"class_list":["post-476","post","type-post","status-publish","format-standard","hentry","category-cursos_de_musica"],"yoast_head":"<!-- This site is optimized with the Yoast SEO plugin v19.6 - https:\/\/yoast.com\/wordpress\/plugins\/seo\/ -->\n<title>Funciones mel\u00f3dicas - Teor\u00eda Musical<\/title>\n<meta name=\"robots\" content=\"index, follow, max-snippet:-1, max-image-preview:large, max-video-preview:-1\" \/>\n<link rel=\"canonical\" href=\"https:\/\/www.teoriamusical.es\/blog\/funciones-melodicas\/\" \/>\n<meta property=\"og:locale\" content=\"es_ES\" \/>\n<meta property=\"og:type\" content=\"article\" \/>\n<meta property=\"og:title\" content=\"Funciones mel\u00f3dicas - Teor\u00eda Musical\" \/>\n<meta property=\"og:description\" content=\"Las funciones mel\u00f3dicas son clave para componer m\u00fasica y sacar partido del contexto arm\u00f3nico de nuestras composiciones. Sin embargo, no es algo a lo que se preste demasiada atenci\u00f3n, pese al enorme potencial creativo que el uso de funciones mel\u00f3dicas &hellip; Sigue leyendo &rarr;\" \/>\n<meta property=\"og:url\" content=\"https:\/\/www.teoriamusical.es\/blog\/funciones-melodicas\/\" \/>\n<meta property=\"og:site_name\" content=\"Teor\u00eda Musical\" \/>\n<meta property=\"article:published_time\" content=\"2022-06-29T18:08:24+00:00\" \/>\n<meta property=\"article:modified_time\" content=\"2022-06-29T18:08:25+00:00\" \/>\n<meta name=\"author\" content=\"teoriamusical.es\" \/>\n<meta name=\"twitter:card\" content=\"summary_large_image\" \/>\n<meta name=\"twitter:label1\" content=\"Escrito por\" \/>\n\t<meta name=\"twitter:data1\" content=\"teoriamusical.es\" \/>\n\t<meta name=\"twitter:label2\" content=\"Tiempo de lectura\" \/>\n\t<meta name=\"twitter:data2\" content=\"2 minutos\" \/>\n<script type=\"application\/ld+json\" class=\"yoast-schema-graph\">{\"@context\":\"https:\/\/schema.org\",\"@graph\":[{\"@type\":\"Article\",\"@id\":\"https:\/\/www.teoriamusical.es\/blog\/funciones-melodicas\/#article\",\"isPartOf\":{\"@id\":\"https:\/\/www.teoriamusical.es\/blog\/funciones-melodicas\/\"},\"author\":{\"name\":\"teoriamusical.es\",\"@id\":\"https:\/\/www.teoriamusical.es\/blog\/#\/schema\/person\/abbe30b6f6b449ac9e19ab236fe3d80c\"},\"headline\":\"Funciones mel\u00f3dicas\",\"datePublished\":\"2022-06-29T18:08:24+00:00\",\"dateModified\":\"2022-06-29T18:08:25+00:00\",\"mainEntityOfPage\":{\"@id\":\"https:\/\/www.teoriamusical.es\/blog\/funciones-melodicas\/\"},\"wordCount\":370,\"commentCount\":0,\"publisher\":{\"@id\":\"https:\/\/www.teoriamusical.es\/blog\/#\/schema\/person\/abbe30b6f6b449ac9e19ab236fe3d80c\"},\"articleSection\":[\"Cursos de M\u00fasica\"],\"inLanguage\":\"es\",\"potentialAction\":[{\"@type\":\"CommentAction\",\"name\":\"Comment\",\"target\":[\"https:\/\/www.teoriamusical.es\/blog\/funciones-melodicas\/#respond\"]}]},{\"@type\":\"WebPage\",\"@id\":\"https:\/\/www.teoriamusical.es\/blog\/funciones-melodicas\/\",\"url\":\"https:\/\/www.teoriamusical.es\/blog\/funciones-melodicas\/\",\"name\":\"Funciones mel\u00f3dicas - Teor\u00eda Musical\",\"isPartOf\":{\"@id\":\"https:\/\/www.teoriamusical.es\/blog\/#website\"},\"datePublished\":\"2022-06-29T18:08:24+00:00\",\"dateModified\":\"2022-06-29T18:08:25+00:00\",\"breadcrumb\":{\"@id\":\"https:\/\/www.teoriamusical.es\/blog\/funciones-melodicas\/#breadcrumb\"},\"inLanguage\":\"es\",\"potentialAction\":[{\"@type\":\"ReadAction\",\"target\":[\"https:\/\/www.teoriamusical.es\/blog\/funciones-melodicas\/\"]}]},{\"@type\":\"BreadcrumbList\",\"@id\":\"https:\/\/www.teoriamusical.es\/blog\/funciones-melodicas\/#breadcrumb\",\"itemListElement\":[{\"@type\":\"ListItem\",\"position\":1,\"name\":\"Home\",\"item\":\"https:\/\/www.teoriamusical.es\/blog\/\"},{\"@type\":\"ListItem\",\"position\":2,\"name\":\"Funciones mel\u00f3dicas\"}]},{\"@type\":\"WebSite\",\"@id\":\"https:\/\/www.teoriamusical.es\/blog\/#website\",\"url\":\"https:\/\/www.teoriamusical.es\/blog\/\",\"name\":\"Teor\u00eda Musical\",\"description\":\"Teor\u00eda Musical, Armon\u00eda Moderna y Cursos Online\",\"publisher\":{\"@id\":\"https:\/\/www.teoriamusical.es\/blog\/#\/schema\/person\/abbe30b6f6b449ac9e19ab236fe3d80c\"},\"potentialAction\":[{\"@type\":\"SearchAction\",\"target\":{\"@type\":\"EntryPoint\",\"urlTemplate\":\"https:\/\/www.teoriamusical.es\/blog\/?s={search_term_string}\"},\"query-input\":\"required name=search_term_string\"}],\"inLanguage\":\"es\"},{\"@type\":[\"Person\",\"Organization\"],\"@id\":\"https:\/\/www.teoriamusical.es\/blog\/#\/schema\/person\/abbe30b6f6b449ac9e19ab236fe3d80c\",\"name\":\"teoriamusical.es\",\"image\":{\"@type\":\"ImageObject\",\"inLanguage\":\"es\",\"@id\":\"https:\/\/www.teoriamusical.es\/blog\/#\/schema\/person\/image\/\",\"url\":\"https:\/\/secure.gravatar.com\/avatar\/1d7014e5a95916f717d86ab0aceffce14fd35c12b39d368d60384afae17e1760?s=96&d=mm&r=g\",\"contentUrl\":\"https:\/\/secure.gravatar.com\/avatar\/1d7014e5a95916f717d86ab0aceffce14fd35c12b39d368d60384afae17e1760?s=96&d=mm&r=g\",\"caption\":\"teoriamusical.es\"},\"logo\":{\"@id\":\"https:\/\/www.teoriamusical.es\/blog\/#\/schema\/person\/image\/\"}}]}<\/script>\n<!-- \/ Yoast SEO plugin. -->","yoast_head_json":{"title":"Funciones mel\u00f3dicas - Teor\u00eda Musical","robots":{"index":"index","follow":"follow","max-snippet":"max-snippet:-1","max-image-preview":"max-image-preview:large","max-video-preview":"max-video-preview:-1"},"canonical":"https:\/\/www.teoriamusical.es\/blog\/funciones-melodicas\/","og_locale":"es_ES","og_type":"article","og_title":"Funciones mel\u00f3dicas - Teor\u00eda Musical","og_description":"Las funciones mel\u00f3dicas son clave para componer m\u00fasica y sacar partido del contexto arm\u00f3nico de nuestras composiciones. Sin embargo, no es algo a lo que se preste demasiada atenci\u00f3n, pese al enorme potencial creativo que el uso de funciones mel\u00f3dicas &hellip; Sigue leyendo &rarr;","og_url":"https:\/\/www.teoriamusical.es\/blog\/funciones-melodicas\/","og_site_name":"Teor\u00eda Musical","article_published_time":"2022-06-29T18:08:24+00:00","article_modified_time":"2022-06-29T18:08:25+00:00","author":"teoriamusical.es","twitter_card":"summary_large_image","twitter_misc":{"Escrito por":"teoriamusical.es","Tiempo de lectura":"2 minutos"},"schema":{"@context":"https:\/\/schema.org","@graph":[{"@type":"Article","@id":"https:\/\/www.teoriamusical.es\/blog\/funciones-melodicas\/#article","isPartOf":{"@id":"https:\/\/www.teoriamusical.es\/blog\/funciones-melodicas\/"},"author":{"name":"teoriamusical.es","@id":"https:\/\/www.teoriamusical.es\/blog\/#\/schema\/person\/abbe30b6f6b449ac9e19ab236fe3d80c"},"headline":"Funciones mel\u00f3dicas","datePublished":"2022-06-29T18:08:24+00:00","dateModified":"2022-06-29T18:08:25+00:00","mainEntityOfPage":{"@id":"https:\/\/www.teoriamusical.es\/blog\/funciones-melodicas\/"},"wordCount":370,"commentCount":0,"publisher":{"@id":"https:\/\/www.teoriamusical.es\/blog\/#\/schema\/person\/abbe30b6f6b449ac9e19ab236fe3d80c"},"articleSection":["Cursos de M\u00fasica"],"inLanguage":"es","potentialAction":[{"@type":"CommentAction","name":"Comment","target":["https:\/\/www.teoriamusical.es\/blog\/funciones-melodicas\/#respond"]}]},{"@type":"WebPage","@id":"https:\/\/www.teoriamusical.es\/blog\/funciones-melodicas\/","url":"https:\/\/www.teoriamusical.es\/blog\/funciones-melodicas\/","name":"Funciones mel\u00f3dicas - Teor\u00eda Musical","isPartOf":{"@id":"https:\/\/www.teoriamusical.es\/blog\/#website"},"datePublished":"2022-06-29T18:08:24+00:00","dateModified":"2022-06-29T18:08:25+00:00","breadcrumb":{"@id":"https:\/\/www.teoriamusical.es\/blog\/funciones-melodicas\/#breadcrumb"},"inLanguage":"es","potentialAction":[{"@type":"ReadAction","target":["https:\/\/www.teoriamusical.es\/blog\/funciones-melodicas\/"]}]},{"@type":"BreadcrumbList","@id":"https:\/\/www.teoriamusical.es\/blog\/funciones-melodicas\/#breadcrumb","itemListElement":[{"@type":"ListItem","position":1,"name":"Home","item":"https:\/\/www.teoriamusical.es\/blog\/"},{"@type":"ListItem","position":2,"name":"Funciones mel\u00f3dicas"}]},{"@type":"WebSite","@id":"https:\/\/www.teoriamusical.es\/blog\/#website","url":"https:\/\/www.teoriamusical.es\/blog\/","name":"Teor\u00eda Musical","description":"Teor\u00eda Musical, Armon\u00eda Moderna y Cursos Online","publisher":{"@id":"https:\/\/www.teoriamusical.es\/blog\/#\/schema\/person\/abbe30b6f6b449ac9e19ab236fe3d80c"},"potentialAction":[{"@type":"SearchAction","target":{"@type":"EntryPoint","urlTemplate":"https:\/\/www.teoriamusical.es\/blog\/?s={search_term_string}"},"query-input":"required name=search_term_string"}],"inLanguage":"es"},{"@type":["Person","Organization"],"@id":"https:\/\/www.teoriamusical.es\/blog\/#\/schema\/person\/abbe30b6f6b449ac9e19ab236fe3d80c","name":"teoriamusical.es","image":{"@type":"ImageObject","inLanguage":"es","@id":"https:\/\/www.teoriamusical.es\/blog\/#\/schema\/person\/image\/","url":"https:\/\/secure.gravatar.com\/avatar\/1d7014e5a95916f717d86ab0aceffce14fd35c12b39d368d60384afae17e1760?s=96&d=mm&r=g","contentUrl":"https:\/\/secure.gravatar.com\/avatar\/1d7014e5a95916f717d86ab0aceffce14fd35c12b39d368d60384afae17e1760?s=96&d=mm&r=g","caption":"teoriamusical.es"},"logo":{"@id":"https:\/\/www.teoriamusical.es\/blog\/#\/schema\/person\/image\/"}}]}},"jetpack_featured_media_url":"","jetpack-related-posts":[{"id":428,"url":"https:\/\/www.teoriamusical.es\/blog\/componer-con-acordes\/","url_meta":{"origin":476,"position":0},"title":"Componer con Acordes","date":"noviembre 29, 2021","format":false,"excerpt":"Componer con acordes es algo com\u00fan pero no siempre sabemos exactamente c\u00f3mo componer con acordes. Para poder realizar un desarrollo arm\u00f3nico y un desarrollo mel\u00f3dico debemos comprender qu\u00e9 son las notas no estructurales y qu\u00e9 son las notas estructurales y lo mismo sucede con los acordes, es decir, qu\u00e9 acordes\u2026","rel":"","context":"En \u00abAcordes\u00bb","img":{"alt_text":"","src":"https:\/\/i0.wp.com\/img.youtube.com\/vi\/9xhHsHX1wmc\/0.jpg?resize=350%2C200","width":350,"height":200},"classes":[]},{"id":85,"url":"https:\/\/www.teoriamusical.es\/blog\/tonalidad-acorde\/","url_meta":{"origin":476,"position":1},"title":"Tonalidad y Acorde","date":"diciembre 5, 2019","format":false,"excerpt":"Tonalidad y acorde tienen, en armon\u00eda funcional, una relaci\u00f3n. Siempre explico, en mis cursos online, en mis clases particulares y en mis videos de Youtube, que debemos saber 3 cosas sobre un acorde; su forma (voicing), el modo que tiene debajo y su escala fuente. Esa escala fuente est\u00e1 en\u2026","rel":"","context":"En \u00abAcordes\u00bb","img":{"alt_text":"","src":"https:\/\/i0.wp.com\/img.youtube.com\/vi\/5f6fnYnNXes\/0.jpg?resize=350%2C200","width":350,"height":200},"classes":[]},{"id":393,"url":"https:\/\/www.teoriamusical.es\/blog\/modulacion-en-los-doce-tonos\/","url_meta":{"origin":476,"position":2},"title":"Componer con Modulaci\u00f3n En Los Doce Tonos","date":"septiembre 13, 2021","format":false,"excerpt":"Componer con modulaci\u00f3n en los doce tonos es la actividad musical de esta semana donde, b\u00e1sicamente, nos iremos moviendo de un centro tonal a otro siguiendo el ciclo de quintas en sentido inverso, es decir el ciclo de cuartas, mientras nuestra melod\u00eda sigue la modulaci\u00f3n en los doce tonos aportando\u2026","rel":"","context":"En \u00abArmon\u00eda Moderna\u00bb","img":{"alt_text":"","src":"https:\/\/i0.wp.com\/img.youtube.com\/vi\/ircIzmNng9A\/0.jpg?resize=350%2C200","width":350,"height":200},"classes":[]},{"id":465,"url":"https:\/\/www.teoriamusical.es\/blog\/la-clave-del-intercambio-modal\/","url_meta":{"origin":476,"position":3},"title":"La Clave del Intercambio Modal","date":"junio 29, 2022","format":false,"excerpt":"El intercambio modal es un recurso que, en armon\u00eda moderna, nos prepara para la tonalidad extendida, que est\u00e1 a la orden del d\u00eda en la pr\u00e1ctica jazzistica, tanto en composici\u00f3n como en improvisaci\u00f3n. Aprender los recursos arm\u00f3nicos y las formas de ver la armon\u00eda que se tienen en distintos estilos\u2026","rel":"","context":"En \u00abCursos de M\u00fasica\u00bb","img":{"alt_text":"","src":"https:\/\/i0.wp.com\/img.youtube.com\/vi\/_6_BtKDiroM\/0.jpg?resize=350%2C200","width":350,"height":200},"classes":[]},{"id":314,"url":"https:\/\/www.teoriamusical.es\/blog\/procesos-cadenciales\/","url_meta":{"origin":476,"position":4},"title":"Procesos Cadenciales","date":"julio 16, 2021","format":false,"excerpt":"Una parte importante del lenguaje arm\u00f3nico son los procesos cadenciales. Los procesos cadenciales entendidos como algo que define el lenguaje musical que empleamos, que cambia en distintas \u00e9pocas y estilos y de los que debemos ser conscientes para mejorar nuestro dominio de la armon\u00eda, la direccionalidad tanto arm\u00f3nica como mel\u00f3dica\u2026","rel":"","context":"En \u00abArmon\u00eda Moderna\u00bb","img":{"alt_text":"","src":"https:\/\/i0.wp.com\/img.youtube.com\/vi\/ELPNYcekQlU\/0.jpg?resize=350%2C200","width":350,"height":200},"classes":[]},{"id":381,"url":"https:\/\/www.teoriamusical.es\/blog\/notas-pivot\/","url_meta":{"origin":476,"position":5},"title":"Notas Pivot: Rearmonizaci\u00f3n","date":"agosto 18, 2021","format":false,"excerpt":"La rearmonizaci\u00f3n con notas pivot es una t\u00e9cnica habitual en jazz y en artistas con un lenguaje arm\u00f3nico avanzado como Jacob Collier. Las notas pivot utilizan un concepto muy similar al concepto de los acordes pivot que encontramos en la modulaci\u00f3n con acordes pivot, que es uno de los tipos\u2026","rel":"","context":"En \u00abArmon\u00eda Moderna\u00bb","img":{"alt_text":"","src":"https:\/\/i0.wp.com\/img.youtube.com\/vi\/330ozUR0h-g\/0.jpg?resize=350%2C200","width":350,"height":200},"classes":[]}],"_links":{"self":[{"href":"https:\/\/www.teoriamusical.es\/blog\/wp-json\/wp\/v2\/posts\/476","targetHints":{"allow":["GET"]}}],"collection":[{"href":"https:\/\/www.teoriamusical.es\/blog\/wp-json\/wp\/v2\/posts"}],"about":[{"href":"https:\/\/www.teoriamusical.es\/blog\/wp-json\/wp\/v2\/types\/post"}],"author":[{"embeddable":true,"href":"https:\/\/www.teoriamusical.es\/blog\/wp-json\/wp\/v2\/users\/1"}],"replies":[{"embeddable":true,"href":"https:\/\/www.teoriamusical.es\/blog\/wp-json\/wp\/v2\/comments?post=476"}],"version-history":[{"count":1,"href":"https:\/\/www.teoriamusical.es\/blog\/wp-json\/wp\/v2\/posts\/476\/revisions"}],"predecessor-version":[{"id":477,"href":"https:\/\/www.teoriamusical.es\/blog\/wp-json\/wp\/v2\/posts\/476\/revisions\/477"}],"wp:attachment":[{"href":"https:\/\/www.teoriamusical.es\/blog\/wp-json\/wp\/v2\/media?parent=476"}],"wp:term":[{"taxonomy":"category","embeddable":true,"href":"https:\/\/www.teoriamusical.es\/blog\/wp-json\/wp\/v2\/categories?post=476"},{"taxonomy":"post_tag","embeddable":true,"href":"https:\/\/www.teoriamusical.es\/blog\/wp-json\/wp\/v2\/tags?post=476"}],"curies":[{"name":"wp","href":"https:\/\/api.w.org\/{rel}","templated":true}]}}