{"id":471,"date":"2022-06-29T20:01:45","date_gmt":"2022-06-29T18:01:45","guid":{"rendered":"https:\/\/www.teoriamusical.es\/blog\/?p=471"},"modified":"2022-06-29T20:02:00","modified_gmt":"2022-06-29T18:02:00","slug":"el-ritmo-teoria-musical","status":"publish","type":"post","link":"https:\/\/www.teoriamusical.es\/blog\/el-ritmo-teoria-musical\/","title":{"rendered":"Africa y el Ritmo &#8211; Teor\u00eda Musical"},"content":{"rendered":"\n<p>El ritmo es uno de los elementos de la m\u00fasica que se abordan desde la teor\u00eda musical pero el ritmo en la m\u00fasica africana, o mejor dicho, el ritmo en \u00e1frica, es algo que va mucho m\u00e1s all\u00e1 de la m\u00fasica tal y como la teor\u00eda musical occidental la abarca.<\/p>\n\n\n\n<p>M\u00e1s de 1300 millones de personas viven en \u00c1frica repartidos entre sus m\u00e1s de 50 estados. La variedad ling\u00fcistica no tiene precedentes y precisamente son los patrones r\u00edtmicos del habla los que dan forma a gran parte del discurso musical africano.<\/p>\n\n\n\n<p>La m\u00fasica africana est\u00e1 \u00edntimamente conectada con el ciclo vital de las personas y sus comunidades, tanto los nacimientos como las muertes y tambi\u00e9n con la voz, es decir, con los ritmos que surgieron de los di\u00e1logos de los antepasados.<\/p>\n\n\n\n<p>Los ritmos del habla son comunicaci\u00f3n personal y los ritmos del cuerpo son comunicaci\u00f3n comunitaria, la m\u00fasica en \u00c1frica no es algo externo a la vida, no est\u00e1 apartada de \u00e9sta; forma parte de \u00e9sta, es esencial.<\/p>\n\n\n\n<p>Las m\u00fasicas de ra\u00edces africanas que tenemos en occidente, tanto el blues, como el jazz, como el gospel, como las m\u00fasicas de origen afrocubano y toda la riqueza r\u00edtmica del caribe, tiene su ra\u00edz en \u00c1frica, en la forma de comprender el ritmo, forma que vamos a abordar de manera b\u00e1sica y esencial en este video<\/p>\n\n\n\n<figure class=\"wp-block-embed is-type-video is-provider-youtube wp-block-embed-youtube wp-embed-aspect-16-9 wp-has-aspect-ratio\"><div class=\"wp-block-embed__wrapper\">\n<iframe loading=\"lazy\" title=\"El Ritmo - Teor\u00eda Musical\" width=\"584\" height=\"329\" src=\"https:\/\/www.youtube.com\/embed\/f4CXRG9FLBo?feature=oembed\" frameborder=\"0\" allow=\"accelerometer; autoplay; clipboard-write; encrypted-media; gyroscope; picture-in-picture; web-share\" referrerpolicy=\"strict-origin-when-cross-origin\" allowfullscreen><\/iframe>\n<\/div><\/figure>\n\n\n\n<p>Para Ampliar la Informaci\u00f3n:<\/p>\n\n\n\n<p>The African Imagination in Music &#8211; Kofi Agawu: <a href=\"https:\/\/www.youtube.com\/redirect?event=video_description&amp;redir_token=QUFFLUhqbGx3TjBsbW5uUlpmUDRwcUJ6RndwajVqdzFrZ3xBQ3Jtc0tremU5QXYteXhzWVYwV3JBSlZLdG9TTFl2eVJwWW83aW9JSTdKeHBMcEF2OV9HUmUxN0EyMjVBR3lTRXkyNTZITDlxWU1xeTRzcVFQWGYwOHBMUDlwU0VGNzNTeWZPZ3AyakU1YzRJZTdpZFJlYUZRWQ&amp;q=https%3A%2F%2Famzn.to%2F34mn4DS&amp;v=f4CXRG9FLBo\" target=\"_blank\" rel=\"noreferrer noopener\">https:\/\/amzn.to\/34mn4DS<\/a><\/p>\n\n\n\n<p>FOLI:<\/p>\n\n\n\n<figure class=\"wp-block-embed is-type-video is-provider-youtube wp-block-embed-youtube wp-embed-aspect-16-9 wp-has-aspect-ratio\"><div class=\"wp-block-embed__wrapper\">\n<iframe loading=\"lazy\" title=\"FOLI (there is no movement without rhythm) original version by Thomas Roebers and Floris Leeuwenberg\" width=\"584\" height=\"329\" src=\"https:\/\/www.youtube.com\/embed\/lVPLIuBy9CY?feature=oembed\" frameborder=\"0\" allow=\"accelerometer; autoplay; clipboard-write; encrypted-media; gyroscope; picture-in-picture; web-share\" referrerpolicy=\"strict-origin-when-cross-origin\" allowfullscreen><\/iframe>\n<\/div><\/figure>\n\n\n\n<p>The metrical underpinnings of African time-line patterns:<\/p>\n\n\n\n<figure class=\"wp-block-embed is-type-video is-provider-youtube wp-block-embed-youtube wp-embed-aspect-16-9 wp-has-aspect-ratio\"><div class=\"wp-block-embed__wrapper\">\n<iframe loading=\"lazy\" title=\"Kofi Agawu - The metrical underpinnings of African time-line patterns\" width=\"584\" height=\"329\" src=\"https:\/\/www.youtube.com\/embed\/8ypTYNGLr5A?feature=oembed\" frameborder=\"0\" allow=\"accelerometer; autoplay; clipboard-write; encrypted-media; gyroscope; picture-in-picture; web-share\" referrerpolicy=\"strict-origin-when-cross-origin\" allowfullscreen><\/iframe>\n<\/div><\/figure>\n\n\n\n<p>Poliritmos Africanos en versi\u00f3n moderna: <\/p>\n\n\n\n<figure class=\"wp-block-embed is-type-video is-provider-youtube wp-block-embed-youtube wp-embed-aspect-16-9 wp-has-aspect-ratio\"><div class=\"wp-block-embed__wrapper\">\n<iframe loading=\"lazy\" title=\"Old African Polyrhythms\" width=\"584\" height=\"329\" src=\"https:\/\/www.youtube.com\/embed\/rrEqNTyMF_A?feature=oembed\" frameborder=\"0\" allow=\"accelerometer; autoplay; clipboard-write; encrypted-media; gyroscope; picture-in-picture; web-share\" referrerpolicy=\"strict-origin-when-cross-origin\" allowfullscreen><\/iframe>\n<\/div><\/figure>\n\n\n\n<p>Anku\u2019s Theory of African Rhythm:<\/p>\n\n\n\n<figure class=\"wp-block-embed is-type-video is-provider-youtube wp-block-embed-youtube wp-embed-aspect-16-9 wp-has-aspect-ratio\"><div class=\"wp-block-embed__wrapper\">\n<iframe loading=\"lazy\" title=\"Kofi Agawu - Anku\u2019s Theory of African Rhythm\" width=\"584\" height=\"329\" src=\"https:\/\/www.youtube.com\/embed\/SUYMF8Wr3Eg?feature=oembed\" frameborder=\"0\" allow=\"accelerometer; autoplay; clipboard-write; encrypted-media; gyroscope; picture-in-picture; web-share\" referrerpolicy=\"strict-origin-when-cross-origin\" allowfullscreen><\/iframe>\n<\/div><\/figure>\n\n\n\n<p>LOS RITMOS DEL EJERCICIO EXPLICADOS: The metrical underpinnings of African time-line patterns:<\/p>\n\n\n\n<figure class=\"wp-block-embed is-type-video is-provider-youtube wp-block-embed-youtube wp-embed-aspect-16-9 wp-has-aspect-ratio\"><div class=\"wp-block-embed__wrapper\">\n<iframe loading=\"lazy\" title=\"Kofi Agawu - The metrical underpinnings of African time-line patterns\" width=\"584\" height=\"329\" src=\"https:\/\/www.youtube.com\/embed\/8ypTYNGLr5A?feature=oembed\" frameborder=\"0\" allow=\"accelerometer; autoplay; clipboard-write; encrypted-media; gyroscope; picture-in-picture; web-share\" referrerpolicy=\"strict-origin-when-cross-origin\" allowfullscreen><\/iframe>\n<\/div><\/figure>\n","protected":false},"excerpt":{"rendered":"<p>El ritmo es uno de los elementos de la m\u00fasica que se abordan desde la teor\u00eda musical pero el ritmo en la m\u00fasica africana, o mejor dicho, el ritmo en \u00e1frica, es algo que va mucho m\u00e1s all\u00e1 de la &hellip; <a href=\"https:\/\/www.teoriamusical.es\/blog\/el-ritmo-teoria-musical\/\">Sigue leyendo <span class=\"meta-nav\">&rarr;<\/span><\/a><\/p>\n","protected":false},"author":1,"featured_media":0,"comment_status":"open","ping_status":"open","sticky":false,"template":"","format":"standard","meta":{"_monsterinsights_skip_tracking":false,"_monsterinsights_sitenote_active":false,"_monsterinsights_sitenote_note":"","_monsterinsights_sitenote_category":0,"footnotes":""},"categories":[1],"tags":[],"class_list":["post-471","post","type-post","status-publish","format-standard","hentry","category-cursos_de_musica"],"yoast_head":"<!-- This site is optimized with the Yoast SEO plugin v19.6 - https:\/\/yoast.com\/wordpress\/plugins\/seo\/ -->\n<title>Africa y el Ritmo - Teor\u00eda Musical - Teor\u00eda Musical<\/title>\n<meta name=\"robots\" content=\"index, follow, max-snippet:-1, max-image-preview:large, max-video-preview:-1\" \/>\n<link rel=\"canonical\" href=\"https:\/\/www.teoriamusical.es\/blog\/el-ritmo-teoria-musical\/\" \/>\n<meta property=\"og:locale\" content=\"es_ES\" \/>\n<meta property=\"og:type\" content=\"article\" \/>\n<meta property=\"og:title\" content=\"Africa y el Ritmo - Teor\u00eda Musical - Teor\u00eda Musical\" \/>\n<meta property=\"og:description\" content=\"El ritmo es uno de los elementos de la m\u00fasica que se abordan desde la teor\u00eda musical pero el ritmo en la m\u00fasica africana, o mejor dicho, el ritmo en \u00e1frica, es algo que va mucho m\u00e1s all\u00e1 de la &hellip; Sigue leyendo &rarr;\" \/>\n<meta property=\"og:url\" content=\"https:\/\/www.teoriamusical.es\/blog\/el-ritmo-teoria-musical\/\" \/>\n<meta property=\"og:site_name\" content=\"Teor\u00eda Musical\" \/>\n<meta property=\"article:published_time\" content=\"2022-06-29T18:01:45+00:00\" \/>\n<meta property=\"article:modified_time\" content=\"2022-06-29T18:02:00+00:00\" \/>\n<meta name=\"author\" content=\"teoriamusical.es\" \/>\n<meta name=\"twitter:card\" content=\"summary_large_image\" \/>\n<meta name=\"twitter:label1\" content=\"Escrito por\" \/>\n\t<meta name=\"twitter:data1\" content=\"teoriamusical.es\" \/>\n\t<meta name=\"twitter:label2\" content=\"Tiempo de lectura\" \/>\n\t<meta name=\"twitter:data2\" content=\"2 minutos\" \/>\n<script type=\"application\/ld+json\" class=\"yoast-schema-graph\">{\"@context\":\"https:\/\/schema.org\",\"@graph\":[{\"@type\":\"Article\",\"@id\":\"https:\/\/www.teoriamusical.es\/blog\/el-ritmo-teoria-musical\/#article\",\"isPartOf\":{\"@id\":\"https:\/\/www.teoriamusical.es\/blog\/el-ritmo-teoria-musical\/\"},\"author\":{\"name\":\"teoriamusical.es\",\"@id\":\"https:\/\/www.teoriamusical.es\/blog\/#\/schema\/person\/abbe30b6f6b449ac9e19ab236fe3d80c\"},\"headline\":\"Africa y el Ritmo &#8211; Teor\u00eda Musical\",\"datePublished\":\"2022-06-29T18:01:45+00:00\",\"dateModified\":\"2022-06-29T18:02:00+00:00\",\"mainEntityOfPage\":{\"@id\":\"https:\/\/www.teoriamusical.es\/blog\/el-ritmo-teoria-musical\/\"},\"wordCount\":334,\"commentCount\":0,\"publisher\":{\"@id\":\"https:\/\/www.teoriamusical.es\/blog\/#\/schema\/person\/abbe30b6f6b449ac9e19ab236fe3d80c\"},\"articleSection\":[\"Cursos de M\u00fasica\"],\"inLanguage\":\"es\",\"potentialAction\":[{\"@type\":\"CommentAction\",\"name\":\"Comment\",\"target\":[\"https:\/\/www.teoriamusical.es\/blog\/el-ritmo-teoria-musical\/#respond\"]}]},{\"@type\":\"WebPage\",\"@id\":\"https:\/\/www.teoriamusical.es\/blog\/el-ritmo-teoria-musical\/\",\"url\":\"https:\/\/www.teoriamusical.es\/blog\/el-ritmo-teoria-musical\/\",\"name\":\"Africa y el Ritmo - Teor\u00eda Musical - Teor\u00eda Musical\",\"isPartOf\":{\"@id\":\"https:\/\/www.teoriamusical.es\/blog\/#website\"},\"datePublished\":\"2022-06-29T18:01:45+00:00\",\"dateModified\":\"2022-06-29T18:02:00+00:00\",\"breadcrumb\":{\"@id\":\"https:\/\/www.teoriamusical.es\/blog\/el-ritmo-teoria-musical\/#breadcrumb\"},\"inLanguage\":\"es\",\"potentialAction\":[{\"@type\":\"ReadAction\",\"target\":[\"https:\/\/www.teoriamusical.es\/blog\/el-ritmo-teoria-musical\/\"]}]},{\"@type\":\"BreadcrumbList\",\"@id\":\"https:\/\/www.teoriamusical.es\/blog\/el-ritmo-teoria-musical\/#breadcrumb\",\"itemListElement\":[{\"@type\":\"ListItem\",\"position\":1,\"name\":\"Home\",\"item\":\"https:\/\/www.teoriamusical.es\/blog\/\"},{\"@type\":\"ListItem\",\"position\":2,\"name\":\"Africa y el Ritmo &#8211; Teor\u00eda Musical\"}]},{\"@type\":\"WebSite\",\"@id\":\"https:\/\/www.teoriamusical.es\/blog\/#website\",\"url\":\"https:\/\/www.teoriamusical.es\/blog\/\",\"name\":\"Teor\u00eda Musical\",\"description\":\"Teor\u00eda Musical, Armon\u00eda Moderna y Cursos Online\",\"publisher\":{\"@id\":\"https:\/\/www.teoriamusical.es\/blog\/#\/schema\/person\/abbe30b6f6b449ac9e19ab236fe3d80c\"},\"potentialAction\":[{\"@type\":\"SearchAction\",\"target\":{\"@type\":\"EntryPoint\",\"urlTemplate\":\"https:\/\/www.teoriamusical.es\/blog\/?s={search_term_string}\"},\"query-input\":\"required name=search_term_string\"}],\"inLanguage\":\"es\"},{\"@type\":[\"Person\",\"Organization\"],\"@id\":\"https:\/\/www.teoriamusical.es\/blog\/#\/schema\/person\/abbe30b6f6b449ac9e19ab236fe3d80c\",\"name\":\"teoriamusical.es\",\"image\":{\"@type\":\"ImageObject\",\"inLanguage\":\"es\",\"@id\":\"https:\/\/www.teoriamusical.es\/blog\/#\/schema\/person\/image\/\",\"url\":\"https:\/\/secure.gravatar.com\/avatar\/1d7014e5a95916f717d86ab0aceffce14fd35c12b39d368d60384afae17e1760?s=96&d=mm&r=g\",\"contentUrl\":\"https:\/\/secure.gravatar.com\/avatar\/1d7014e5a95916f717d86ab0aceffce14fd35c12b39d368d60384afae17e1760?s=96&d=mm&r=g\",\"caption\":\"teoriamusical.es\"},\"logo\":{\"@id\":\"https:\/\/www.teoriamusical.es\/blog\/#\/schema\/person\/image\/\"}}]}<\/script>\n<!-- \/ Yoast SEO plugin. -->","yoast_head_json":{"title":"Africa y el Ritmo - Teor\u00eda Musical - Teor\u00eda Musical","robots":{"index":"index","follow":"follow","max-snippet":"max-snippet:-1","max-image-preview":"max-image-preview:large","max-video-preview":"max-video-preview:-1"},"canonical":"https:\/\/www.teoriamusical.es\/blog\/el-ritmo-teoria-musical\/","og_locale":"es_ES","og_type":"article","og_title":"Africa y el Ritmo - Teor\u00eda Musical - Teor\u00eda Musical","og_description":"El ritmo es uno de los elementos de la m\u00fasica que se abordan desde la teor\u00eda musical pero el ritmo en la m\u00fasica africana, o mejor dicho, el ritmo en \u00e1frica, es algo que va mucho m\u00e1s all\u00e1 de la &hellip; Sigue leyendo &rarr;","og_url":"https:\/\/www.teoriamusical.es\/blog\/el-ritmo-teoria-musical\/","og_site_name":"Teor\u00eda Musical","article_published_time":"2022-06-29T18:01:45+00:00","article_modified_time":"2022-06-29T18:02:00+00:00","author":"teoriamusical.es","twitter_card":"summary_large_image","twitter_misc":{"Escrito por":"teoriamusical.es","Tiempo de lectura":"2 minutos"},"schema":{"@context":"https:\/\/schema.org","@graph":[{"@type":"Article","@id":"https:\/\/www.teoriamusical.es\/blog\/el-ritmo-teoria-musical\/#article","isPartOf":{"@id":"https:\/\/www.teoriamusical.es\/blog\/el-ritmo-teoria-musical\/"},"author":{"name":"teoriamusical.es","@id":"https:\/\/www.teoriamusical.es\/blog\/#\/schema\/person\/abbe30b6f6b449ac9e19ab236fe3d80c"},"headline":"Africa y el Ritmo &#8211; Teor\u00eda Musical","datePublished":"2022-06-29T18:01:45+00:00","dateModified":"2022-06-29T18:02:00+00:00","mainEntityOfPage":{"@id":"https:\/\/www.teoriamusical.es\/blog\/el-ritmo-teoria-musical\/"},"wordCount":334,"commentCount":0,"publisher":{"@id":"https:\/\/www.teoriamusical.es\/blog\/#\/schema\/person\/abbe30b6f6b449ac9e19ab236fe3d80c"},"articleSection":["Cursos de M\u00fasica"],"inLanguage":"es","potentialAction":[{"@type":"CommentAction","name":"Comment","target":["https:\/\/www.teoriamusical.es\/blog\/el-ritmo-teoria-musical\/#respond"]}]},{"@type":"WebPage","@id":"https:\/\/www.teoriamusical.es\/blog\/el-ritmo-teoria-musical\/","url":"https:\/\/www.teoriamusical.es\/blog\/el-ritmo-teoria-musical\/","name":"Africa y el Ritmo - Teor\u00eda Musical - Teor\u00eda Musical","isPartOf":{"@id":"https:\/\/www.teoriamusical.es\/blog\/#website"},"datePublished":"2022-06-29T18:01:45+00:00","dateModified":"2022-06-29T18:02:00+00:00","breadcrumb":{"@id":"https:\/\/www.teoriamusical.es\/blog\/el-ritmo-teoria-musical\/#breadcrumb"},"inLanguage":"es","potentialAction":[{"@type":"ReadAction","target":["https:\/\/www.teoriamusical.es\/blog\/el-ritmo-teoria-musical\/"]}]},{"@type":"BreadcrumbList","@id":"https:\/\/www.teoriamusical.es\/blog\/el-ritmo-teoria-musical\/#breadcrumb","itemListElement":[{"@type":"ListItem","position":1,"name":"Home","item":"https:\/\/www.teoriamusical.es\/blog\/"},{"@type":"ListItem","position":2,"name":"Africa y el Ritmo &#8211; Teor\u00eda Musical"}]},{"@type":"WebSite","@id":"https:\/\/www.teoriamusical.es\/blog\/#website","url":"https:\/\/www.teoriamusical.es\/blog\/","name":"Teor\u00eda Musical","description":"Teor\u00eda Musical, Armon\u00eda Moderna y Cursos Online","publisher":{"@id":"https:\/\/www.teoriamusical.es\/blog\/#\/schema\/person\/abbe30b6f6b449ac9e19ab236fe3d80c"},"potentialAction":[{"@type":"SearchAction","target":{"@type":"EntryPoint","urlTemplate":"https:\/\/www.teoriamusical.es\/blog\/?s={search_term_string}"},"query-input":"required name=search_term_string"}],"inLanguage":"es"},{"@type":["Person","Organization"],"@id":"https:\/\/www.teoriamusical.es\/blog\/#\/schema\/person\/abbe30b6f6b449ac9e19ab236fe3d80c","name":"teoriamusical.es","image":{"@type":"ImageObject","inLanguage":"es","@id":"https:\/\/www.teoriamusical.es\/blog\/#\/schema\/person\/image\/","url":"https:\/\/secure.gravatar.com\/avatar\/1d7014e5a95916f717d86ab0aceffce14fd35c12b39d368d60384afae17e1760?s=96&d=mm&r=g","contentUrl":"https:\/\/secure.gravatar.com\/avatar\/1d7014e5a95916f717d86ab0aceffce14fd35c12b39d368d60384afae17e1760?s=96&d=mm&r=g","caption":"teoriamusical.es"},"logo":{"@id":"https:\/\/www.teoriamusical.es\/blog\/#\/schema\/person\/image\/"}}]}},"jetpack_featured_media_url":"","jetpack-related-posts":[{"id":478,"url":"https:\/\/www.teoriamusical.es\/blog\/el-flamenco-y-el-ritmo\/","url_meta":{"origin":471,"position":0},"title":"El Flamenco y El Ritmo","date":"junio 29, 2022","format":false,"excerpt":"La flamencolog\u00eda es la rama de la musicolog\u00eda que se dedica al estudio del flamenco. La teor\u00eda musical ha ido abarcando en las \u00faltimas d\u00e9cadas m\u00fasicas que como el jazz, el flamenco, la m\u00fasica de cine y la m\u00fasica popular, tienen mucho que aportar al lenguaje de la m\u00fasica. El\u2026","rel":"","context":"En \u00abCursos de M\u00fasica\u00bb","img":{"alt_text":"","src":"https:\/\/i0.wp.com\/img.youtube.com\/vi\/g6c4igWvVT0\/0.jpg?resize=350%2C200","width":350,"height":200},"classes":[]},{"id":323,"url":"https:\/\/www.teoriamusical.es\/blog\/componer-sobre-un-groove\/","url_meta":{"origin":471,"position":1},"title":"Groove: Componer con Groove.","date":"julio 16, 2021","format":false,"excerpt":"\u00bfQu\u00e9 es el groove? \u00bfC\u00f3mo tener groove? \u00bfEl groove lo hace la bater\u00eda? \u00bfEl groove lo hace el bajo? \u00bfCu\u00e1ndo vas a hacer un video sobre groove? Estas son algunas de las preguntas que me han hecho con respecto al groove en este canal dedicado a la teor\u00eda musical, los\u2026","rel":"","context":"En \u00abAn\u00e1lisis Musical\u00bb","img":{"alt_text":"","src":"https:\/\/i0.wp.com\/img.youtube.com\/vi\/aZAZtam7hug\/0.jpg?resize=350%2C200","width":350,"height":200},"classes":[]},{"id":1,"url":"https:\/\/www.teoriamusical.es\/blog\/teoria-musical-presentacion\/","url_meta":{"origin":471,"position":2},"title":"Countblissett Teor\u00eda Musical","date":"diciembre 3, 2019","format":false,"excerpt":"\u00bfTeor\u00eda Musical? \u00bfArmon\u00eda Moderna? Te cuento qui\u00e9n soy: Soy Tony Domenech, profesor de m\u00fasica moderna. Trabaj\u00e9 m\u00e1s de 12 a\u00f1os como educador musical en una escuela privada de M\u00fasica Moderna. Ahora estoy en Youtube y hablo de teor\u00eda musical con todo lo que eso implica: Armon\u00eda moderna, an\u00e1lisis musical, acordes,\u2026","rel":"","context":"En \u00abAn\u00e1lisis Musical\u00bb","img":{"alt_text":"","src":"","width":0,"height":0},"classes":[]},{"id":448,"url":"https:\/\/www.teoriamusical.es\/blog\/analisis-laura-pausini\/","url_meta":{"origin":471,"position":3},"title":"Analizando M\u00fasica de Laura Pausini","date":"diciembre 3, 2021","format":false,"excerpt":"Analizando m\u00fasica de Laura Pausini es un video de la secci\u00f3n c\u00f3mo sacar canciones de o\u00eddo, donde vemos c\u00f3mo sacar acordes de los temas que nos gustan sin tener que estar probando en el instrumento hasta encontrar uno que encaje. Este tema de Laura Pausini, La Soledad, de su primer\u2026","rel":"","context":"En \u00abAn\u00e1lisis Musical\u00bb","img":{"alt_text":"","src":"https:\/\/i0.wp.com\/img.youtube.com\/vi\/UtKUEUPsD2c\/0.jpg?resize=350%2C200","width":350,"height":200},"classes":[]},{"id":255,"url":"https:\/\/www.teoriamusical.es\/blog\/polirritmia-como-hacer-polirritmos\/","url_meta":{"origin":471,"position":4},"title":"Polirritmia &#8211; C\u00f3mo Hacer Polirritmos","date":"julio 16, 2021","format":false,"excerpt":"Hoy hablaremos de polirritmos, un tema de mucho inter\u00e9s dentro de la teor\u00eda musical (y sobre todo de la pr\u00e1ctica) y que adem\u00e1s algunos suscriptores hab\u00e9is pedido varias veces. En este video veremos polirritmia b\u00e1sica, 3:2, 2:3, 4:3, 3:4, etc. Os explicar\u00e9 lo b\u00e1sico sobre ellas y, como siempre, podr\u00e9is\u2026","rel":"","context":"En \u00abAn\u00e1lisis Musical\u00bb","img":{"alt_text":"","src":"https:\/\/i0.wp.com\/img.youtube.com\/vi\/bglmpEbn-i0\/0.jpg?resize=350%2C200","width":350,"height":200},"classes":[]},{"id":160,"url":"https:\/\/www.teoriamusical.es\/blog\/cifrado-americano\/","url_meta":{"origin":471,"position":5},"title":"CIFRADO AMERICANO &#8211; Lo B\u00e1sico","date":"febrero 28, 2020","format":false,"excerpt":"\u00bfC\u00f3mo leer cifrado americano? es m\u00e1s... \u00bfC\u00f3mo aprender cifrado americano? \u00a1Pues aqu\u00ed, con el t\u00edo Tony! Otra clase de teoria musical y armonia moderna en plan facil, con mucha info, eso s\u00ed, pero f\u00e1cil. Hablamos de notacion musical para cifrar acordes utilizando -en lugar del sistema cl\u00e1sico de bajo cifrado-\u2026","rel":"","context":"En \u00abAcordes\u00bb","img":{"alt_text":"","src":"https:\/\/i0.wp.com\/img.youtube.com\/vi\/jT7XXViqf0w\/0.jpg?resize=350%2C200","width":350,"height":200},"classes":[]}],"_links":{"self":[{"href":"https:\/\/www.teoriamusical.es\/blog\/wp-json\/wp\/v2\/posts\/471","targetHints":{"allow":["GET"]}}],"collection":[{"href":"https:\/\/www.teoriamusical.es\/blog\/wp-json\/wp\/v2\/posts"}],"about":[{"href":"https:\/\/www.teoriamusical.es\/blog\/wp-json\/wp\/v2\/types\/post"}],"author":[{"embeddable":true,"href":"https:\/\/www.teoriamusical.es\/blog\/wp-json\/wp\/v2\/users\/1"}],"replies":[{"embeddable":true,"href":"https:\/\/www.teoriamusical.es\/blog\/wp-json\/wp\/v2\/comments?post=471"}],"version-history":[{"count":2,"href":"https:\/\/www.teoriamusical.es\/blog\/wp-json\/wp\/v2\/posts\/471\/revisions"}],"predecessor-version":[{"id":473,"href":"https:\/\/www.teoriamusical.es\/blog\/wp-json\/wp\/v2\/posts\/471\/revisions\/473"}],"wp:attachment":[{"href":"https:\/\/www.teoriamusical.es\/blog\/wp-json\/wp\/v2\/media?parent=471"}],"wp:term":[{"taxonomy":"category","embeddable":true,"href":"https:\/\/www.teoriamusical.es\/blog\/wp-json\/wp\/v2\/categories?post=471"},{"taxonomy":"post_tag","embeddable":true,"href":"https:\/\/www.teoriamusical.es\/blog\/wp-json\/wp\/v2\/tags?post=471"}],"curies":[{"name":"wp","href":"https:\/\/api.w.org\/{rel}","templated":true}]}}