{"id":465,"date":"2022-06-29T19:55:08","date_gmt":"2022-06-29T17:55:08","guid":{"rendered":"https:\/\/www.teoriamusical.es\/blog\/?p=465"},"modified":"2022-06-29T19:55:09","modified_gmt":"2022-06-29T17:55:09","slug":"la-clave-del-intercambio-modal","status":"publish","type":"post","link":"https:\/\/www.teoriamusical.es\/blog\/la-clave-del-intercambio-modal\/","title":{"rendered":"La Clave del Intercambio Modal"},"content":{"rendered":"\n<p>El intercambio modal es un recurso que, en armon\u00eda moderna, nos prepara para la tonalidad extendida, que est\u00e1 a la orden del d\u00eda en la pr\u00e1ctica jazzistica, tanto en composici\u00f3n como en improvisaci\u00f3n. Aprender los recursos arm\u00f3nicos y las formas de ver la armon\u00eda que se tienen en distintos estilos musicales no nos ata a ese estilo musical sino que nos da recursos, simplemente adquirimos vocabulario arm\u00f3nico.<\/p>\n\n\n\n<p>Durante varios siglos nos manejamos en un paradigma bimodal donde las tonalidades mayores y las tonalidades menores constitu\u00edan todo nuestro lenguaje arm\u00f3nico, por lo tanto el primer intercambio b\u00e1sico que aprendemos se da en ese contexto arm\u00f3nico. Por supuesto existen m\u00e1s posibilidades de intercambio modal fuera de este contexto bimodal que ha imperado durante siglos; manteniendo un mismo centro podemos tener a nuestra disposici\u00f3n modos de otras escalas como la escala menor mel\u00f3dica, la escala menor arm\u00f3nica, la escala doble arm\u00f3nica, la escala mayor arm\u00f3nica y un largo etc\u00e9tera<\/p>\n\n\n\n<p>El Siglo XX nos trajo el jazz y con \u00e9l lleg\u00f3 un sistema donde la relaci\u00f3n escala acorde cobr\u00f3 importancia y, como extensi\u00f3n l\u00f3gica de esto, los modos retomaron la importancia que hab\u00edan tenido antes del barroco.<\/p>\n\n\n\n<p>La gestualidad modal cobra especial importancia y es aqu\u00ed donde reside la clave del intercambio modal; la gestualidad del modo, utilizada melodicamente, puede aparecer en diferentes puntos sin alterar la relaci\u00f3n escala acorde ni perder el centro tonal gracias al intercambio modal. Es esa la perspectiva que vamos a explorar en este video sobre intercambio modal.<\/p>\n\n\n\n<figure class=\"wp-block-embed is-type-video is-provider-youtube wp-block-embed-youtube wp-embed-aspect-16-9 wp-has-aspect-ratio\"><div class=\"wp-block-embed__wrapper\">\n<iframe loading=\"lazy\" title=\"La Clave del Intercambio Modal\" width=\"584\" height=\"329\" src=\"https:\/\/www.youtube.com\/embed\/_6_BtKDiroM?feature=oembed\" frameborder=\"0\" allow=\"accelerometer; autoplay; clipboard-write; encrypted-media; gyroscope; picture-in-picture; web-share\" referrerpolicy=\"strict-origin-when-cross-origin\" allowfullscreen><\/iframe>\n<\/div><\/figure>\n","protected":false},"excerpt":{"rendered":"<p>El intercambio modal es un recurso que, en armon\u00eda moderna, nos prepara para la tonalidad extendida, que est\u00e1 a la orden del d\u00eda en la pr\u00e1ctica jazzistica, tanto en composici\u00f3n como en improvisaci\u00f3n. Aprender los recursos arm\u00f3nicos y las formas &hellip; <a href=\"https:\/\/www.teoriamusical.es\/blog\/la-clave-del-intercambio-modal\/\">Sigue leyendo <span class=\"meta-nav\">&rarr;<\/span><\/a><\/p>\n","protected":false},"author":1,"featured_media":0,"comment_status":"open","ping_status":"open","sticky":false,"template":"","format":"standard","meta":{"_monsterinsights_skip_tracking":false,"_monsterinsights_sitenote_active":false,"_monsterinsights_sitenote_note":"","_monsterinsights_sitenote_category":0,"footnotes":""},"categories":[1],"tags":[],"class_list":["post-465","post","type-post","status-publish","format-standard","hentry","category-cursos_de_musica"],"yoast_head":"<!-- This site is optimized with the Yoast SEO plugin v19.6 - https:\/\/yoast.com\/wordpress\/plugins\/seo\/ -->\n<title>La Clave del Intercambio Modal - Teor\u00eda Musical<\/title>\n<meta name=\"robots\" content=\"index, follow, max-snippet:-1, max-image-preview:large, max-video-preview:-1\" \/>\n<link rel=\"canonical\" href=\"https:\/\/www.teoriamusical.es\/blog\/la-clave-del-intercambio-modal\/\" \/>\n<meta property=\"og:locale\" content=\"es_ES\" \/>\n<meta property=\"og:type\" content=\"article\" \/>\n<meta property=\"og:title\" content=\"La Clave del Intercambio Modal - Teor\u00eda Musical\" \/>\n<meta property=\"og:description\" content=\"El intercambio modal es un recurso que, en armon\u00eda moderna, nos prepara para la tonalidad extendida, que est\u00e1 a la orden del d\u00eda en la pr\u00e1ctica jazzistica, tanto en composici\u00f3n como en improvisaci\u00f3n. Aprender los recursos arm\u00f3nicos y las formas &hellip; Sigue leyendo &rarr;\" \/>\n<meta property=\"og:url\" content=\"https:\/\/www.teoriamusical.es\/blog\/la-clave-del-intercambio-modal\/\" \/>\n<meta property=\"og:site_name\" content=\"Teor\u00eda Musical\" \/>\n<meta property=\"article:published_time\" content=\"2022-06-29T17:55:08+00:00\" \/>\n<meta property=\"article:modified_time\" content=\"2022-06-29T17:55:09+00:00\" \/>\n<meta name=\"author\" content=\"teoriamusical.es\" \/>\n<meta name=\"twitter:card\" content=\"summary_large_image\" \/>\n<meta name=\"twitter:label1\" content=\"Escrito por\" \/>\n\t<meta name=\"twitter:data1\" content=\"teoriamusical.es\" \/>\n\t<meta name=\"twitter:label2\" content=\"Tiempo de lectura\" \/>\n\t<meta name=\"twitter:data2\" content=\"2 minutos\" \/>\n<script type=\"application\/ld+json\" class=\"yoast-schema-graph\">{\"@context\":\"https:\/\/schema.org\",\"@graph\":[{\"@type\":\"Article\",\"@id\":\"https:\/\/www.teoriamusical.es\/blog\/la-clave-del-intercambio-modal\/#article\",\"isPartOf\":{\"@id\":\"https:\/\/www.teoriamusical.es\/blog\/la-clave-del-intercambio-modal\/\"},\"author\":{\"name\":\"teoriamusical.es\",\"@id\":\"https:\/\/www.teoriamusical.es\/blog\/#\/schema\/person\/abbe30b6f6b449ac9e19ab236fe3d80c\"},\"headline\":\"La Clave del Intercambio Modal\",\"datePublished\":\"2022-06-29T17:55:08+00:00\",\"dateModified\":\"2022-06-29T17:55:09+00:00\",\"mainEntityOfPage\":{\"@id\":\"https:\/\/www.teoriamusical.es\/blog\/la-clave-del-intercambio-modal\/\"},\"wordCount\":282,\"commentCount\":0,\"publisher\":{\"@id\":\"https:\/\/www.teoriamusical.es\/blog\/#\/schema\/person\/abbe30b6f6b449ac9e19ab236fe3d80c\"},\"articleSection\":[\"Cursos de M\u00fasica\"],\"inLanguage\":\"es\",\"potentialAction\":[{\"@type\":\"CommentAction\",\"name\":\"Comment\",\"target\":[\"https:\/\/www.teoriamusical.es\/blog\/la-clave-del-intercambio-modal\/#respond\"]}]},{\"@type\":\"WebPage\",\"@id\":\"https:\/\/www.teoriamusical.es\/blog\/la-clave-del-intercambio-modal\/\",\"url\":\"https:\/\/www.teoriamusical.es\/blog\/la-clave-del-intercambio-modal\/\",\"name\":\"La Clave del Intercambio Modal - Teor\u00eda Musical\",\"isPartOf\":{\"@id\":\"https:\/\/www.teoriamusical.es\/blog\/#website\"},\"datePublished\":\"2022-06-29T17:55:08+00:00\",\"dateModified\":\"2022-06-29T17:55:09+00:00\",\"breadcrumb\":{\"@id\":\"https:\/\/www.teoriamusical.es\/blog\/la-clave-del-intercambio-modal\/#breadcrumb\"},\"inLanguage\":\"es\",\"potentialAction\":[{\"@type\":\"ReadAction\",\"target\":[\"https:\/\/www.teoriamusical.es\/blog\/la-clave-del-intercambio-modal\/\"]}]},{\"@type\":\"BreadcrumbList\",\"@id\":\"https:\/\/www.teoriamusical.es\/blog\/la-clave-del-intercambio-modal\/#breadcrumb\",\"itemListElement\":[{\"@type\":\"ListItem\",\"position\":1,\"name\":\"Home\",\"item\":\"https:\/\/www.teoriamusical.es\/blog\/\"},{\"@type\":\"ListItem\",\"position\":2,\"name\":\"La Clave del Intercambio Modal\"}]},{\"@type\":\"WebSite\",\"@id\":\"https:\/\/www.teoriamusical.es\/blog\/#website\",\"url\":\"https:\/\/www.teoriamusical.es\/blog\/\",\"name\":\"Teor\u00eda Musical\",\"description\":\"Teor\u00eda Musical, Armon\u00eda Moderna y Cursos Online\",\"publisher\":{\"@id\":\"https:\/\/www.teoriamusical.es\/blog\/#\/schema\/person\/abbe30b6f6b449ac9e19ab236fe3d80c\"},\"potentialAction\":[{\"@type\":\"SearchAction\",\"target\":{\"@type\":\"EntryPoint\",\"urlTemplate\":\"https:\/\/www.teoriamusical.es\/blog\/?s={search_term_string}\"},\"query-input\":\"required name=search_term_string\"}],\"inLanguage\":\"es\"},{\"@type\":[\"Person\",\"Organization\"],\"@id\":\"https:\/\/www.teoriamusical.es\/blog\/#\/schema\/person\/abbe30b6f6b449ac9e19ab236fe3d80c\",\"name\":\"teoriamusical.es\",\"image\":{\"@type\":\"ImageObject\",\"inLanguage\":\"es\",\"@id\":\"https:\/\/www.teoriamusical.es\/blog\/#\/schema\/person\/image\/\",\"url\":\"https:\/\/secure.gravatar.com\/avatar\/1d7014e5a95916f717d86ab0aceffce14fd35c12b39d368d60384afae17e1760?s=96&d=mm&r=g\",\"contentUrl\":\"https:\/\/secure.gravatar.com\/avatar\/1d7014e5a95916f717d86ab0aceffce14fd35c12b39d368d60384afae17e1760?s=96&d=mm&r=g\",\"caption\":\"teoriamusical.es\"},\"logo\":{\"@id\":\"https:\/\/www.teoriamusical.es\/blog\/#\/schema\/person\/image\/\"}}]}<\/script>\n<!-- \/ Yoast SEO plugin. -->","yoast_head_json":{"title":"La Clave del Intercambio Modal - Teor\u00eda Musical","robots":{"index":"index","follow":"follow","max-snippet":"max-snippet:-1","max-image-preview":"max-image-preview:large","max-video-preview":"max-video-preview:-1"},"canonical":"https:\/\/www.teoriamusical.es\/blog\/la-clave-del-intercambio-modal\/","og_locale":"es_ES","og_type":"article","og_title":"La Clave del Intercambio Modal - Teor\u00eda Musical","og_description":"El intercambio modal es un recurso que, en armon\u00eda moderna, nos prepara para la tonalidad extendida, que est\u00e1 a la orden del d\u00eda en la pr\u00e1ctica jazzistica, tanto en composici\u00f3n como en improvisaci\u00f3n. Aprender los recursos arm\u00f3nicos y las formas &hellip; Sigue leyendo &rarr;","og_url":"https:\/\/www.teoriamusical.es\/blog\/la-clave-del-intercambio-modal\/","og_site_name":"Teor\u00eda Musical","article_published_time":"2022-06-29T17:55:08+00:00","article_modified_time":"2022-06-29T17:55:09+00:00","author":"teoriamusical.es","twitter_card":"summary_large_image","twitter_misc":{"Escrito por":"teoriamusical.es","Tiempo de lectura":"2 minutos"},"schema":{"@context":"https:\/\/schema.org","@graph":[{"@type":"Article","@id":"https:\/\/www.teoriamusical.es\/blog\/la-clave-del-intercambio-modal\/#article","isPartOf":{"@id":"https:\/\/www.teoriamusical.es\/blog\/la-clave-del-intercambio-modal\/"},"author":{"name":"teoriamusical.es","@id":"https:\/\/www.teoriamusical.es\/blog\/#\/schema\/person\/abbe30b6f6b449ac9e19ab236fe3d80c"},"headline":"La Clave del Intercambio Modal","datePublished":"2022-06-29T17:55:08+00:00","dateModified":"2022-06-29T17:55:09+00:00","mainEntityOfPage":{"@id":"https:\/\/www.teoriamusical.es\/blog\/la-clave-del-intercambio-modal\/"},"wordCount":282,"commentCount":0,"publisher":{"@id":"https:\/\/www.teoriamusical.es\/blog\/#\/schema\/person\/abbe30b6f6b449ac9e19ab236fe3d80c"},"articleSection":["Cursos de M\u00fasica"],"inLanguage":"es","potentialAction":[{"@type":"CommentAction","name":"Comment","target":["https:\/\/www.teoriamusical.es\/blog\/la-clave-del-intercambio-modal\/#respond"]}]},{"@type":"WebPage","@id":"https:\/\/www.teoriamusical.es\/blog\/la-clave-del-intercambio-modal\/","url":"https:\/\/www.teoriamusical.es\/blog\/la-clave-del-intercambio-modal\/","name":"La Clave del Intercambio Modal - Teor\u00eda Musical","isPartOf":{"@id":"https:\/\/www.teoriamusical.es\/blog\/#website"},"datePublished":"2022-06-29T17:55:08+00:00","dateModified":"2022-06-29T17:55:09+00:00","breadcrumb":{"@id":"https:\/\/www.teoriamusical.es\/blog\/la-clave-del-intercambio-modal\/#breadcrumb"},"inLanguage":"es","potentialAction":[{"@type":"ReadAction","target":["https:\/\/www.teoriamusical.es\/blog\/la-clave-del-intercambio-modal\/"]}]},{"@type":"BreadcrumbList","@id":"https:\/\/www.teoriamusical.es\/blog\/la-clave-del-intercambio-modal\/#breadcrumb","itemListElement":[{"@type":"ListItem","position":1,"name":"Home","item":"https:\/\/www.teoriamusical.es\/blog\/"},{"@type":"ListItem","position":2,"name":"La Clave del Intercambio Modal"}]},{"@type":"WebSite","@id":"https:\/\/www.teoriamusical.es\/blog\/#website","url":"https:\/\/www.teoriamusical.es\/blog\/","name":"Teor\u00eda Musical","description":"Teor\u00eda Musical, Armon\u00eda Moderna y Cursos Online","publisher":{"@id":"https:\/\/www.teoriamusical.es\/blog\/#\/schema\/person\/abbe30b6f6b449ac9e19ab236fe3d80c"},"potentialAction":[{"@type":"SearchAction","target":{"@type":"EntryPoint","urlTemplate":"https:\/\/www.teoriamusical.es\/blog\/?s={search_term_string}"},"query-input":"required name=search_term_string"}],"inLanguage":"es"},{"@type":["Person","Organization"],"@id":"https:\/\/www.teoriamusical.es\/blog\/#\/schema\/person\/abbe30b6f6b449ac9e19ab236fe3d80c","name":"teoriamusical.es","image":{"@type":"ImageObject","inLanguage":"es","@id":"https:\/\/www.teoriamusical.es\/blog\/#\/schema\/person\/image\/","url":"https:\/\/secure.gravatar.com\/avatar\/1d7014e5a95916f717d86ab0aceffce14fd35c12b39d368d60384afae17e1760?s=96&d=mm&r=g","contentUrl":"https:\/\/secure.gravatar.com\/avatar\/1d7014e5a95916f717d86ab0aceffce14fd35c12b39d368d60384afae17e1760?s=96&d=mm&r=g","caption":"teoriamusical.es"},"logo":{"@id":"https:\/\/www.teoriamusical.es\/blog\/#\/schema\/person\/image\/"}}]}},"jetpack_featured_media_url":"","jetpack-related-posts":[{"id":296,"url":"https:\/\/www.teoriamusical.es\/blog\/tonalidad-extendida-como-usarla\/","url_meta":{"origin":465,"position":0},"title":"Tonalidad Extendida: C\u00f3mo Usarla.","date":"julio 16, 2021","format":false,"excerpt":"Intercambio modal es un recurso habitual cuando en jazz y otros estilos empezamos enriquecer nuestra armon\u00eda, utilizando acordes que pertenece a otras areas tonales pero con el mismo centro. Con el tiempo esto va evolucionando y, armonicamente, empezamos a sentir que estamos en una tonalidad sin que nos importe demasiado\u2026","rel":"","context":"En \u00abArmon\u00eda Moderna\u00bb","img":{"alt_text":"","src":"https:\/\/i0.wp.com\/img.youtube.com\/vi\/qVUyddUkKnA\/0.jpg?resize=350%2C200","width":350,"height":200},"classes":[]},{"id":163,"url":"https:\/\/www.teoriamusical.es\/blog\/intercambio-modal\/","url_meta":{"origin":465,"position":1},"title":"INTERCAMBIO MODAL con?TODOS los MODOS ?","date":"febrero 28, 2020","format":false,"excerpt":"En el intercambio modal no s\u00f3lo utilizamos los modos de la escala menor natural sino tambi\u00e9n los que surgen de la escala menor mel\u00f3dica, la escala menor arm\u00f3nica y los modos practicables como el d\u00f3rico, el frigio, etc. El intercambio modal completo enriquece notablemente el lenguaje arm\u00f3nico y es una\u2026","rel":"","context":"En \u00abAn\u00e1lisis Musical\u00bb","img":{"alt_text":"","src":"https:\/\/i0.wp.com\/img.youtube.com\/vi\/Hg9QdMHgd_k\/0.jpg?resize=350%2C200","width":350,"height":200},"classes":[]},{"id":421,"url":"https:\/\/www.teoriamusical.es\/blog\/analizando-queen\/","url_meta":{"origin":465,"position":2},"title":"Analizando M\u00fasica de Queen","date":"noviembre 29, 2021","format":false,"excerpt":"Analizando m\u00fasica de Queen pertenece a la secci\u00f3n de t\u00e9cnicas musicales del canal, dentro de la etiqueta C\u00f3mo sacar canciones de o\u00eddo. Creo que el grupo del que m\u00e1s veces me han pedido que saque algo de o\u00eddo es Queen, as\u00ed que he escogido un tema que no est\u00e1 entre\u2026","rel":"","context":"En \u00abAn\u00e1lisis Musical\u00bb","img":{"alt_text":"","src":"https:\/\/i0.wp.com\/img.youtube.com\/vi\/hhEP4XUAMxg\/0.jpg?resize=350%2C200","width":350,"height":200},"classes":[]},{"id":404,"url":"https:\/\/www.teoriamusical.es\/blog\/cadencias\/","url_meta":{"origin":465,"position":3},"title":"Cadencias y Armon\u00eda","date":"octubre 12, 2021","format":false,"excerpt":"En la armon\u00eda funcional las cadencias son un elemento important\u00edsimo ya \u00a0que nos se\u00f1alan nuestro centro tonal. Muchas obras en la m\u00fasica cl\u00e1sica \u00a0se estructuran en torno a las cadencias, implicando \u00a0diferentes procesos cadenciales. Un an\u00e1lisis arm\u00f3nico de obras de distintos \u00a0autores desde Bach hasta Charlie Parker nos se\u00f1ala con\u2026","rel":"","context":"En \u00abArmon\u00eda Moderna\u00bb","img":{"alt_text":"","src":"https:\/\/i0.wp.com\/img.youtube.com\/vi\/HUTgkUnBrM4\/0.jpg?resize=350%2C200","width":350,"height":200},"classes":[]},{"id":401,"url":"https:\/\/www.teoriamusical.es\/blog\/escalas-pentatonicas\/","url_meta":{"origin":465,"position":4},"title":"Escalas Pentat\u00f3nicas","date":"octubre 9, 2021","format":false,"excerpt":"Dentro de la armon\u00eda moderna la armon\u00eda modal tiene un papel importante, ya que los modos que utilizamos en nuestra m\u00fasica se amplian mucho, por lo que dominar las nuevas escalas y sus modos es importante para desarrollar nuestro lenguaje musical. Sin embargo unas escalas que solemos pasar por alto,\u2026","rel":"","context":"En \u00abarmon\u00eda modal\u00bb","img":{"alt_text":"","src":"https:\/\/i0.wp.com\/img.youtube.com\/vi\/6S8LywEuK58\/0.jpg?resize=350%2C200","width":350,"height":200},"classes":[]},{"id":390,"url":"https:\/\/www.teoriamusical.es\/blog\/armonia-modal\/","url_meta":{"origin":465,"position":5},"title":"Armon\u00eda Modal &#8211; Pivotar entre modos","date":"septiembre 8, 2021","format":false,"excerpt":"La Armon\u00eda Modal es una de las herramientas compositivas que podemos utilizar en m\u00fasica moderna para dar car\u00e1cter y riqueza arm\u00f3nica a nuestras composiciones. Por supuesto la composici\u00f3n modal moderna no es algo exclusivo del Jazz; en el pop\/rock encontramos multitud de temas modales, desde el luminoso Man on The\u2026","rel":"","context":"En \u00abAcordes\u00bb","img":{"alt_text":"","src":"https:\/\/i0.wp.com\/img.youtube.com\/vi\/tTAvhm1zGZ8\/0.jpg?resize=350%2C200","width":350,"height":200},"classes":[]}],"_links":{"self":[{"href":"https:\/\/www.teoriamusical.es\/blog\/wp-json\/wp\/v2\/posts\/465","targetHints":{"allow":["GET"]}}],"collection":[{"href":"https:\/\/www.teoriamusical.es\/blog\/wp-json\/wp\/v2\/posts"}],"about":[{"href":"https:\/\/www.teoriamusical.es\/blog\/wp-json\/wp\/v2\/types\/post"}],"author":[{"embeddable":true,"href":"https:\/\/www.teoriamusical.es\/blog\/wp-json\/wp\/v2\/users\/1"}],"replies":[{"embeddable":true,"href":"https:\/\/www.teoriamusical.es\/blog\/wp-json\/wp\/v2\/comments?post=465"}],"version-history":[{"count":1,"href":"https:\/\/www.teoriamusical.es\/blog\/wp-json\/wp\/v2\/posts\/465\/revisions"}],"predecessor-version":[{"id":466,"href":"https:\/\/www.teoriamusical.es\/blog\/wp-json\/wp\/v2\/posts\/465\/revisions\/466"}],"wp:attachment":[{"href":"https:\/\/www.teoriamusical.es\/blog\/wp-json\/wp\/v2\/media?parent=465"}],"wp:term":[{"taxonomy":"category","embeddable":true,"href":"https:\/\/www.teoriamusical.es\/blog\/wp-json\/wp\/v2\/categories?post=465"},{"taxonomy":"post_tag","embeddable":true,"href":"https:\/\/www.teoriamusical.es\/blog\/wp-json\/wp\/v2\/tags?post=465"}],"curies":[{"name":"wp","href":"https:\/\/api.w.org\/{rel}","templated":true}]}}