{"id":456,"date":"2022-06-29T19:49:00","date_gmt":"2022-06-29T17:49:00","guid":{"rendered":"https:\/\/www.teoriamusical.es\/blog\/?p=456"},"modified":"2022-06-29T19:49:01","modified_gmt":"2022-06-29T17:49:01","slug":"arreglos-musicales-organizacion-por-capas","status":"publish","type":"post","link":"https:\/\/www.teoriamusical.es\/blog\/arreglos-musicales-organizacion-por-capas\/","title":{"rendered":"Arreglos Musicales: Organizaci\u00f3n por Capas"},"content":{"rendered":"\n<p>En los arreglos musicales hechos en el DAW la organizaci\u00f3n por capas es fundamental.<\/p>\n\n\n\n<p>En la orquestaci\u00f3n h\u00edbrida, organizar nuestras capas y saber c\u00f3mo combinarlas con los instrumentos orquestales es importante pero si queremos componer m\u00fasica electr\u00f3nica el saber organizar por capas nuestros arreglos musicales cobra m\u00e1s importancia todav\u00eda.<\/p>\n\n\n\n<p>En la orquestaci\u00f3n tradicional, adem\u00e1s de las t\u00e9cnicas de orquestaci\u00f3n, tenemos que considerar ciertos conceptos compositivos; qu\u00e9 es el foreground musical, qu\u00e9 es el background musical y que es el middleground musical.<\/p>\n\n\n\n<p>Componer con DAW nos permite organizar estos elementos no s\u00f3lo conceptualmente sino f\u00edsicamente, utilizando folders, de manera que nuestra composici\u00f3n sea, adem\u00e1s de eficiente, ordenada. Arnau Bataller es el compositor del reciente \u00e9xito de taquilla Way Down pero tambi\u00e9n es educador musical y se ha prestado a hacer este video donde vamos a profundizar en c\u00f3mo organizar nuestra plantilla orquestal cuando el elemento principal es el sound design y los sonidos sint\u00e9ticos.<\/p>\n\n\n\n<figure class=\"wp-block-embed is-type-video is-provider-youtube wp-block-embed-youtube wp-embed-aspect-16-9 wp-has-aspect-ratio\"><div class=\"wp-block-embed__wrapper\">\n<iframe loading=\"lazy\" title=\"Arreglos Musicales: Organizaci\u00f3n por Capas\" width=\"584\" height=\"329\" src=\"https:\/\/www.youtube.com\/embed\/fKUI37st1eM?feature=oembed\" frameborder=\"0\" allow=\"accelerometer; autoplay; clipboard-write; encrypted-media; gyroscope; picture-in-picture; web-share\" referrerpolicy=\"strict-origin-when-cross-origin\" allowfullscreen><\/iframe>\n<\/div><\/figure>\n\n\n\n<p>ENLACE A LAS CORRECCIONES DE LOS EJERCICIOS DE LOS SUSCRIPTORES: <a href=\"https:\/\/www.youtube.com\/watch?v=Pjsy7rV_610&amp;t=0s\">https:\/\/youtu.be\/Pjsy7rV_610<\/a> <\/p>\n\n\n\n<p>Si te interesa la m\u00fasica de cine: www.asturscore.com<\/p>\n","protected":false},"excerpt":{"rendered":"<p>En los arreglos musicales hechos en el DAW la organizaci\u00f3n por capas es fundamental. En la orquestaci\u00f3n h\u00edbrida, organizar nuestras capas y saber c\u00f3mo combinarlas con los instrumentos orquestales es importante pero si queremos componer m\u00fasica electr\u00f3nica el saber organizar &hellip; <a href=\"https:\/\/www.teoriamusical.es\/blog\/arreglos-musicales-organizacion-por-capas\/\">Sigue leyendo <span class=\"meta-nav\">&rarr;<\/span><\/a><\/p>\n","protected":false},"author":1,"featured_media":0,"comment_status":"open","ping_status":"open","sticky":false,"template":"","format":"standard","meta":{"_monsterinsights_skip_tracking":false,"_monsterinsights_sitenote_active":false,"_monsterinsights_sitenote_note":"","_monsterinsights_sitenote_category":0,"footnotes":""},"categories":[1],"tags":[],"class_list":["post-456","post","type-post","status-publish","format-standard","hentry","category-cursos_de_musica"],"yoast_head":"<!-- This site is optimized with the Yoast SEO plugin v19.6 - https:\/\/yoast.com\/wordpress\/plugins\/seo\/ -->\n<title>Arreglos Musicales: Organizaci\u00f3n por Capas - Teor\u00eda Musical<\/title>\n<meta name=\"robots\" content=\"index, follow, max-snippet:-1, max-image-preview:large, max-video-preview:-1\" \/>\n<link rel=\"canonical\" href=\"https:\/\/www.teoriamusical.es\/blog\/arreglos-musicales-organizacion-por-capas\/\" \/>\n<meta property=\"og:locale\" content=\"es_ES\" \/>\n<meta property=\"og:type\" content=\"article\" \/>\n<meta property=\"og:title\" content=\"Arreglos Musicales: Organizaci\u00f3n por Capas - Teor\u00eda Musical\" \/>\n<meta property=\"og:description\" content=\"En los arreglos musicales hechos en el DAW la organizaci\u00f3n por capas es fundamental. En la orquestaci\u00f3n h\u00edbrida, organizar nuestras capas y saber c\u00f3mo combinarlas con los instrumentos orquestales es importante pero si queremos componer m\u00fasica electr\u00f3nica el saber organizar &hellip; Sigue leyendo &rarr;\" \/>\n<meta property=\"og:url\" content=\"https:\/\/www.teoriamusical.es\/blog\/arreglos-musicales-organizacion-por-capas\/\" \/>\n<meta property=\"og:site_name\" content=\"Teor\u00eda Musical\" \/>\n<meta property=\"article:published_time\" content=\"2022-06-29T17:49:00+00:00\" \/>\n<meta property=\"article:modified_time\" content=\"2022-06-29T17:49:01+00:00\" \/>\n<meta name=\"author\" content=\"teoriamusical.es\" \/>\n<meta name=\"twitter:card\" content=\"summary_large_image\" \/>\n<meta name=\"twitter:label1\" content=\"Escrito por\" \/>\n\t<meta name=\"twitter:data1\" content=\"teoriamusical.es\" \/>\n\t<meta name=\"twitter:label2\" content=\"Tiempo de lectura\" \/>\n\t<meta name=\"twitter:data2\" content=\"1 minuto\" \/>\n<script type=\"application\/ld+json\" class=\"yoast-schema-graph\">{\"@context\":\"https:\/\/schema.org\",\"@graph\":[{\"@type\":\"Article\",\"@id\":\"https:\/\/www.teoriamusical.es\/blog\/arreglos-musicales-organizacion-por-capas\/#article\",\"isPartOf\":{\"@id\":\"https:\/\/www.teoriamusical.es\/blog\/arreglos-musicales-organizacion-por-capas\/\"},\"author\":{\"name\":\"teoriamusical.es\",\"@id\":\"https:\/\/www.teoriamusical.es\/blog\/#\/schema\/person\/abbe30b6f6b449ac9e19ab236fe3d80c\"},\"headline\":\"Arreglos Musicales: Organizaci\u00f3n por Capas\",\"datePublished\":\"2022-06-29T17:49:00+00:00\",\"dateModified\":\"2022-06-29T17:49:01+00:00\",\"mainEntityOfPage\":{\"@id\":\"https:\/\/www.teoriamusical.es\/blog\/arreglos-musicales-organizacion-por-capas\/\"},\"wordCount\":210,\"commentCount\":0,\"publisher\":{\"@id\":\"https:\/\/www.teoriamusical.es\/blog\/#\/schema\/person\/abbe30b6f6b449ac9e19ab236fe3d80c\"},\"articleSection\":[\"Cursos de M\u00fasica\"],\"inLanguage\":\"es\",\"potentialAction\":[{\"@type\":\"CommentAction\",\"name\":\"Comment\",\"target\":[\"https:\/\/www.teoriamusical.es\/blog\/arreglos-musicales-organizacion-por-capas\/#respond\"]}]},{\"@type\":\"WebPage\",\"@id\":\"https:\/\/www.teoriamusical.es\/blog\/arreglos-musicales-organizacion-por-capas\/\",\"url\":\"https:\/\/www.teoriamusical.es\/blog\/arreglos-musicales-organizacion-por-capas\/\",\"name\":\"Arreglos Musicales: Organizaci\u00f3n por Capas - Teor\u00eda Musical\",\"isPartOf\":{\"@id\":\"https:\/\/www.teoriamusical.es\/blog\/#website\"},\"datePublished\":\"2022-06-29T17:49:00+00:00\",\"dateModified\":\"2022-06-29T17:49:01+00:00\",\"breadcrumb\":{\"@id\":\"https:\/\/www.teoriamusical.es\/blog\/arreglos-musicales-organizacion-por-capas\/#breadcrumb\"},\"inLanguage\":\"es\",\"potentialAction\":[{\"@type\":\"ReadAction\",\"target\":[\"https:\/\/www.teoriamusical.es\/blog\/arreglos-musicales-organizacion-por-capas\/\"]}]},{\"@type\":\"BreadcrumbList\",\"@id\":\"https:\/\/www.teoriamusical.es\/blog\/arreglos-musicales-organizacion-por-capas\/#breadcrumb\",\"itemListElement\":[{\"@type\":\"ListItem\",\"position\":1,\"name\":\"Home\",\"item\":\"https:\/\/www.teoriamusical.es\/blog\/\"},{\"@type\":\"ListItem\",\"position\":2,\"name\":\"Arreglos Musicales: Organizaci\u00f3n por Capas\"}]},{\"@type\":\"WebSite\",\"@id\":\"https:\/\/www.teoriamusical.es\/blog\/#website\",\"url\":\"https:\/\/www.teoriamusical.es\/blog\/\",\"name\":\"Teor\u00eda Musical\",\"description\":\"Teor\u00eda Musical, Armon\u00eda Moderna y Cursos Online\",\"publisher\":{\"@id\":\"https:\/\/www.teoriamusical.es\/blog\/#\/schema\/person\/abbe30b6f6b449ac9e19ab236fe3d80c\"},\"potentialAction\":[{\"@type\":\"SearchAction\",\"target\":{\"@type\":\"EntryPoint\",\"urlTemplate\":\"https:\/\/www.teoriamusical.es\/blog\/?s={search_term_string}\"},\"query-input\":\"required name=search_term_string\"}],\"inLanguage\":\"es\"},{\"@type\":[\"Person\",\"Organization\"],\"@id\":\"https:\/\/www.teoriamusical.es\/blog\/#\/schema\/person\/abbe30b6f6b449ac9e19ab236fe3d80c\",\"name\":\"teoriamusical.es\",\"image\":{\"@type\":\"ImageObject\",\"inLanguage\":\"es\",\"@id\":\"https:\/\/www.teoriamusical.es\/blog\/#\/schema\/person\/image\/\",\"url\":\"https:\/\/secure.gravatar.com\/avatar\/1d7014e5a95916f717d86ab0aceffce14fd35c12b39d368d60384afae17e1760?s=96&d=mm&r=g\",\"contentUrl\":\"https:\/\/secure.gravatar.com\/avatar\/1d7014e5a95916f717d86ab0aceffce14fd35c12b39d368d60384afae17e1760?s=96&d=mm&r=g\",\"caption\":\"teoriamusical.es\"},\"logo\":{\"@id\":\"https:\/\/www.teoriamusical.es\/blog\/#\/schema\/person\/image\/\"}}]}<\/script>\n<!-- \/ Yoast SEO plugin. -->","yoast_head_json":{"title":"Arreglos Musicales: Organizaci\u00f3n por Capas - Teor\u00eda Musical","robots":{"index":"index","follow":"follow","max-snippet":"max-snippet:-1","max-image-preview":"max-image-preview:large","max-video-preview":"max-video-preview:-1"},"canonical":"https:\/\/www.teoriamusical.es\/blog\/arreglos-musicales-organizacion-por-capas\/","og_locale":"es_ES","og_type":"article","og_title":"Arreglos Musicales: Organizaci\u00f3n por Capas - Teor\u00eda Musical","og_description":"En los arreglos musicales hechos en el DAW la organizaci\u00f3n por capas es fundamental. En la orquestaci\u00f3n h\u00edbrida, organizar nuestras capas y saber c\u00f3mo combinarlas con los instrumentos orquestales es importante pero si queremos componer m\u00fasica electr\u00f3nica el saber organizar &hellip; Sigue leyendo &rarr;","og_url":"https:\/\/www.teoriamusical.es\/blog\/arreglos-musicales-organizacion-por-capas\/","og_site_name":"Teor\u00eda Musical","article_published_time":"2022-06-29T17:49:00+00:00","article_modified_time":"2022-06-29T17:49:01+00:00","author":"teoriamusical.es","twitter_card":"summary_large_image","twitter_misc":{"Escrito por":"teoriamusical.es","Tiempo de lectura":"1 minuto"},"schema":{"@context":"https:\/\/schema.org","@graph":[{"@type":"Article","@id":"https:\/\/www.teoriamusical.es\/blog\/arreglos-musicales-organizacion-por-capas\/#article","isPartOf":{"@id":"https:\/\/www.teoriamusical.es\/blog\/arreglos-musicales-organizacion-por-capas\/"},"author":{"name":"teoriamusical.es","@id":"https:\/\/www.teoriamusical.es\/blog\/#\/schema\/person\/abbe30b6f6b449ac9e19ab236fe3d80c"},"headline":"Arreglos Musicales: Organizaci\u00f3n por Capas","datePublished":"2022-06-29T17:49:00+00:00","dateModified":"2022-06-29T17:49:01+00:00","mainEntityOfPage":{"@id":"https:\/\/www.teoriamusical.es\/blog\/arreglos-musicales-organizacion-por-capas\/"},"wordCount":210,"commentCount":0,"publisher":{"@id":"https:\/\/www.teoriamusical.es\/blog\/#\/schema\/person\/abbe30b6f6b449ac9e19ab236fe3d80c"},"articleSection":["Cursos de M\u00fasica"],"inLanguage":"es","potentialAction":[{"@type":"CommentAction","name":"Comment","target":["https:\/\/www.teoriamusical.es\/blog\/arreglos-musicales-organizacion-por-capas\/#respond"]}]},{"@type":"WebPage","@id":"https:\/\/www.teoriamusical.es\/blog\/arreglos-musicales-organizacion-por-capas\/","url":"https:\/\/www.teoriamusical.es\/blog\/arreglos-musicales-organizacion-por-capas\/","name":"Arreglos Musicales: Organizaci\u00f3n por Capas - Teor\u00eda Musical","isPartOf":{"@id":"https:\/\/www.teoriamusical.es\/blog\/#website"},"datePublished":"2022-06-29T17:49:00+00:00","dateModified":"2022-06-29T17:49:01+00:00","breadcrumb":{"@id":"https:\/\/www.teoriamusical.es\/blog\/arreglos-musicales-organizacion-por-capas\/#breadcrumb"},"inLanguage":"es","potentialAction":[{"@type":"ReadAction","target":["https:\/\/www.teoriamusical.es\/blog\/arreglos-musicales-organizacion-por-capas\/"]}]},{"@type":"BreadcrumbList","@id":"https:\/\/www.teoriamusical.es\/blog\/arreglos-musicales-organizacion-por-capas\/#breadcrumb","itemListElement":[{"@type":"ListItem","position":1,"name":"Home","item":"https:\/\/www.teoriamusical.es\/blog\/"},{"@type":"ListItem","position":2,"name":"Arreglos Musicales: Organizaci\u00f3n por Capas"}]},{"@type":"WebSite","@id":"https:\/\/www.teoriamusical.es\/blog\/#website","url":"https:\/\/www.teoriamusical.es\/blog\/","name":"Teor\u00eda Musical","description":"Teor\u00eda Musical, Armon\u00eda Moderna y Cursos Online","publisher":{"@id":"https:\/\/www.teoriamusical.es\/blog\/#\/schema\/person\/abbe30b6f6b449ac9e19ab236fe3d80c"},"potentialAction":[{"@type":"SearchAction","target":{"@type":"EntryPoint","urlTemplate":"https:\/\/www.teoriamusical.es\/blog\/?s={search_term_string}"},"query-input":"required name=search_term_string"}],"inLanguage":"es"},{"@type":["Person","Organization"],"@id":"https:\/\/www.teoriamusical.es\/blog\/#\/schema\/person\/abbe30b6f6b449ac9e19ab236fe3d80c","name":"teoriamusical.es","image":{"@type":"ImageObject","inLanguage":"es","@id":"https:\/\/www.teoriamusical.es\/blog\/#\/schema\/person\/image\/","url":"https:\/\/secure.gravatar.com\/avatar\/1d7014e5a95916f717d86ab0aceffce14fd35c12b39d368d60384afae17e1760?s=96&d=mm&r=g","contentUrl":"https:\/\/secure.gravatar.com\/avatar\/1d7014e5a95916f717d86ab0aceffce14fd35c12b39d368d60384afae17e1760?s=96&d=mm&r=g","caption":"teoriamusical.es"},"logo":{"@id":"https:\/\/www.teoriamusical.es\/blog\/#\/schema\/person\/image\/"}}]}},"jetpack_featured_media_url":"","jetpack-related-posts":[{"id":218,"url":"https:\/\/www.teoriamusical.es\/blog\/orquestacion-sistema-de-3-lineas\/","url_meta":{"origin":456,"position":0},"title":"Orquestaci\u00f3n: Sistema de 3 l\u00edneas","date":"julio 7, 2021","format":false,"excerpt":"Los Arreglos musicales van a aplicarse muchas veces mediante la orquestaci\u00f3n, as\u00ed que en este video os explico un sistema de composici\u00f3n en 3 lineas. Aprendemos m\u00fasica separando la composici\u00f3n, los arreglos musicales, la orquestaci\u00f3n (sea orquestaci\u00f3n midi con VST u orquestaci\u00f3n para banda, orquestaci\u00f3n para orquesta, etc) pero en\u2026","rel":"","context":"En \u00abAn\u00e1lisis Musical\u00bb","img":{"alt_text":"","src":"https:\/\/i0.wp.com\/img.youtube.com\/vi\/SAzTF4buk0k\/0.jpg?resize=350%2C200","width":350,"height":200},"classes":[]},{"id":355,"url":"https:\/\/www.teoriamusical.es\/blog\/arreglos-musicales\/","url_meta":{"origin":456,"position":1},"title":"Arreglos Musicales para Big Band de Jazz","date":"agosto 3, 2021","format":false,"excerpt":"Hacer arreglos musicales para big band es una de las cosas m\u00e1s divertidas que, como m\u00fasicos de jazz, podemos hacer. Estudiar arreglos para big band es una forma perfecta de introducirse al lenguaje previo a la orquestaci\u00f3n en un contexto de m\u00fasica moderna. Las grandes big bands de Ellington, Basie,\u2026","rel":"","context":"En \u00abArreglos Musicales\u00bb","img":{"alt_text":"","src":"https:\/\/i0.wp.com\/img.youtube.com\/vi\/57c-HRoCpe4\/0.jpg?resize=350%2C200","width":350,"height":200},"classes":[]},{"id":1,"url":"https:\/\/www.teoriamusical.es\/blog\/teoria-musical-presentacion\/","url_meta":{"origin":456,"position":2},"title":"Countblissett Teor\u00eda Musical","date":"diciembre 3, 2019","format":false,"excerpt":"\u00bfTeor\u00eda Musical? \u00bfArmon\u00eda Moderna? Te cuento qui\u00e9n soy: Soy Tony Domenech, profesor de m\u00fasica moderna. Trabaj\u00e9 m\u00e1s de 12 a\u00f1os como educador musical en una escuela privada de M\u00fasica Moderna. Ahora estoy en Youtube y hablo de teor\u00eda musical con todo lo que eso implica: Armon\u00eda moderna, an\u00e1lisis musical, acordes,\u2026","rel":"","context":"En \u00abAn\u00e1lisis Musical\u00bb","img":{"alt_text":"","src":"","width":0,"height":0},"classes":[]},{"id":431,"url":"https:\/\/www.teoriamusical.es\/blog\/errores-comunes\/","url_meta":{"origin":456,"position":3},"title":"Arreglos Musicales: 3 Errores Comunes","date":"noviembre 29, 2021","format":false,"excerpt":"Este canal est\u00e1 enfocado los amantes de la armon\u00eda moderna, los voicings, el desarrollo mel\u00f3dico, la composici\u00f3n, la orquestaci\u00f3n, los arreglos y todo lo relacionado con la creaci\u00f3n musical. El enfoque del canal, pese a su evidente conexi\u00f3n con la teor\u00eda musical, es totalmente pr\u00e1ctico; hay videos donde sacamos canciones\u2026","rel":"","context":"En \u00abArreglos Musicales\u00bb","img":{"alt_text":"","src":"https:\/\/i0.wp.com\/img.youtube.com\/vi\/JDClTjLk41A\/0.jpg?resize=350%2C200","width":350,"height":200},"classes":[]},{"id":399,"url":"https:\/\/www.teoriamusical.es\/blog\/componer-con-clusters-arreglos-musicales\/","url_meta":{"origin":456,"position":4},"title":"Componer con Clusters &#8211; Arreglos Musicales","date":"septiembre 29, 2021","format":false,"excerpt":"Componer con clusters o incorporarlos en nuestros arreglos musicales, sea en la orquestaci\u00f3n de un conjunto sinf\u00f3nico al completo o en ensembles m\u00e1s peque\u00f1os, es un recurso sin duda interesante para nuestros arreglos musicales, aunque presenta ciertas dificultades. Los clusters son disposiciones de los acordes compuestos exclusivamente de segundas mayores,\u2026","rel":"","context":"En \u00abAcordes\u00bb","img":{"alt_text":"","src":"https:\/\/i0.wp.com\/img.youtube.com\/vi\/Xg16hXS6zfE\/0.jpg?resize=350%2C200","width":350,"height":200},"classes":[]},{"id":24,"url":"https:\/\/www.teoriamusical.es\/blog\/orquestacion\/","url_meta":{"origin":456,"position":5},"title":"Orquestaci\u00f3n en Star Wars John Williams","date":"diciembre 3, 2019","format":false,"excerpt":"En este video de An\u00e1lisis Musical abord\u00e9 la orquestaci\u00f3n de John Williams en el main theme de Star Wars. Williams es, sin duda, un gran maestro a la hora no s\u00f3lo de componer temas memorables (Star wars, Superman, E.T, Indiana Jones y un largo etc\u00e9tera) sino en el dominio de\u2026","rel":"","context":"En \u00abOrquestaci\u00f3n\u00bb","img":{"alt_text":"","src":"https:\/\/i0.wp.com\/img.youtube.com\/vi\/gWmIKapt8N4\/0.jpg?resize=350%2C200","width":350,"height":200},"classes":[]}],"_links":{"self":[{"href":"https:\/\/www.teoriamusical.es\/blog\/wp-json\/wp\/v2\/posts\/456","targetHints":{"allow":["GET"]}}],"collection":[{"href":"https:\/\/www.teoriamusical.es\/blog\/wp-json\/wp\/v2\/posts"}],"about":[{"href":"https:\/\/www.teoriamusical.es\/blog\/wp-json\/wp\/v2\/types\/post"}],"author":[{"embeddable":true,"href":"https:\/\/www.teoriamusical.es\/blog\/wp-json\/wp\/v2\/users\/1"}],"replies":[{"embeddable":true,"href":"https:\/\/www.teoriamusical.es\/blog\/wp-json\/wp\/v2\/comments?post=456"}],"version-history":[{"count":1,"href":"https:\/\/www.teoriamusical.es\/blog\/wp-json\/wp\/v2\/posts\/456\/revisions"}],"predecessor-version":[{"id":458,"href":"https:\/\/www.teoriamusical.es\/blog\/wp-json\/wp\/v2\/posts\/456\/revisions\/458"}],"wp:attachment":[{"href":"https:\/\/www.teoriamusical.es\/blog\/wp-json\/wp\/v2\/media?parent=456"}],"wp:term":[{"taxonomy":"category","embeddable":true,"href":"https:\/\/www.teoriamusical.es\/blog\/wp-json\/wp\/v2\/categories?post=456"},{"taxonomy":"post_tag","embeddable":true,"href":"https:\/\/www.teoriamusical.es\/blog\/wp-json\/wp\/v2\/tags?post=456"}],"curies":[{"name":"wp","href":"https:\/\/api.w.org\/{rel}","templated":true}]}}