{"id":448,"date":"2021-12-03T20:34:08","date_gmt":"2021-12-03T19:34:08","guid":{"rendered":"https:\/\/www.teoriamusical.es\/blog\/?p=448"},"modified":"2021-12-03T20:35:08","modified_gmt":"2021-12-03T19:35:08","slug":"analisis-laura-pausini","status":"publish","type":"post","link":"https:\/\/www.teoriamusical.es\/blog\/analisis-laura-pausini\/","title":{"rendered":"Analizando M\u00fasica de Laura Pausini"},"content":{"rendered":"\n<p>Analizando m\u00fasica de Laura Pausini es un video de la secci\u00f3n c\u00f3mo sacar canciones de o\u00eddo, donde vemos c\u00f3mo sacar acordes de los temas que nos gustan sin tener que estar probando en el instrumento hasta encontrar uno que encaje. Este tema de Laura Pausini, La Soledad, de su primer \u00e1lbum, ha sido un tema muy solicitado por los suscriptores del canal para la secci\u00f3n de an\u00e1lisis musical. Una sencilla progresi\u00f3n de acordes, el recurso de doblar ritmo arm\u00f3nico en el estribillo, modulaci\u00f3n con relaci\u00f3n mediante con la tonalidad original, puente y arreglos eficaces hacen que este tema de Laura Pausini se haya ganado su sitio.<\/p>\n\n\n\n<p>Como esta secci\u00f3n de an\u00e1lisis musical va a ser fija d\u00e9jame por favor en los comentarios qu\u00e9 artistas y canciones te gustar\u00eda que analizase en ella.<\/p>\n\n\n\n<figure class=\"wp-block-embed is-type-video is-provider-youtube wp-block-embed-youtube wp-embed-aspect-16-9 wp-has-aspect-ratio\"><div class=\"wp-block-embed__wrapper\">\n<iframe loading=\"lazy\" title=\"An\u00e1lisis Musical: Laura Pausini - Parte 2\" width=\"584\" height=\"329\" src=\"https:\/\/www.youtube.com\/embed\/UtKUEUPsD2c?feature=oembed\" frameborder=\"0\" allow=\"accelerometer; autoplay; clipboard-write; encrypted-media; gyroscope; picture-in-picture; web-share\" referrerpolicy=\"strict-origin-when-cross-origin\" allowfullscreen><\/iframe>\n<\/div><\/figure>\n\n\n\n<p> \u00bfTe Interesa la armon\u00eda moderna, los voicings y el desarrollo mel\u00f3dico? Echa un vistazo a mis <a href=\"https:\/\/www.teoriamusical.es\/blog\/cursos-de-musica\/\">cursos de m\u00fasica online<\/a> y al contenido gratuito en mi <a href=\"http:\/\/www.youtube.com\/countblissett\">canal de Youtube<\/a>. <\/p>\n","protected":false},"excerpt":{"rendered":"<p>Analizando m\u00fasica de Laura Pausini es un video de la secci\u00f3n c\u00f3mo sacar canciones de o\u00eddo, donde vemos c\u00f3mo sacar acordes de los temas que nos gustan sin tener que estar probando en el instrumento hasta encontrar uno que encaje. &hellip; <a href=\"https:\/\/www.teoriamusical.es\/blog\/analisis-laura-pausini\/\">Sigue leyendo <span class=\"meta-nav\">&rarr;<\/span><\/a><\/p>\n","protected":false},"author":1,"featured_media":0,"comment_status":"open","ping_status":"open","sticky":false,"template":"","format":"standard","meta":{"_monsterinsights_skip_tracking":false,"_monsterinsights_sitenote_active":false,"_monsterinsights_sitenote_note":"","_monsterinsights_sitenote_category":0,"footnotes":""},"categories":[18],"tags":[],"class_list":["post-448","post","type-post","status-publish","format-standard","hentry","category-analisis-musical"],"yoast_head":"<!-- This site is optimized with the Yoast SEO plugin v19.6 - https:\/\/yoast.com\/wordpress\/plugins\/seo\/ -->\n<title>Analizando M\u00fasica de Laura Pausini - Teor\u00eda Musical<\/title>\n<meta name=\"description\" content=\"Analizando M\u00fasica de Laura Pausini, esta vez el tema La Soledad. Vemos la progresi\u00f3n de acordes y el lenguaje arm\u00f3nico utilizado.\" \/>\n<meta name=\"robots\" content=\"index, follow, max-snippet:-1, max-image-preview:large, max-video-preview:-1\" \/>\n<link rel=\"canonical\" href=\"https:\/\/www.teoriamusical.es\/blog\/analisis-laura-pausini\/\" \/>\n<meta property=\"og:locale\" content=\"es_ES\" \/>\n<meta property=\"og:type\" content=\"article\" \/>\n<meta property=\"og:title\" content=\"Analizando M\u00fasica de Laura Pausini - Teor\u00eda Musical\" \/>\n<meta property=\"og:description\" content=\"Analizando M\u00fasica de Laura Pausini, esta vez el tema La Soledad. Vemos la progresi\u00f3n de acordes y el lenguaje arm\u00f3nico utilizado.\" \/>\n<meta property=\"og:url\" content=\"https:\/\/www.teoriamusical.es\/blog\/analisis-laura-pausini\/\" \/>\n<meta property=\"og:site_name\" content=\"Teor\u00eda Musical\" \/>\n<meta property=\"article:published_time\" content=\"2021-12-03T19:34:08+00:00\" \/>\n<meta property=\"article:modified_time\" content=\"2021-12-03T19:35:08+00:00\" \/>\n<meta name=\"author\" content=\"teoriamusical.es\" \/>\n<meta name=\"twitter:card\" content=\"summary_large_image\" \/>\n<meta name=\"twitter:label1\" content=\"Escrito por\" \/>\n\t<meta name=\"twitter:data1\" content=\"teoriamusical.es\" \/>\n\t<meta name=\"twitter:label2\" content=\"Tiempo de lectura\" \/>\n\t<meta name=\"twitter:data2\" content=\"1 minuto\" \/>\n<script type=\"application\/ld+json\" class=\"yoast-schema-graph\">{\"@context\":\"https:\/\/schema.org\",\"@graph\":[{\"@type\":\"Article\",\"@id\":\"https:\/\/www.teoriamusical.es\/blog\/analisis-laura-pausini\/#article\",\"isPartOf\":{\"@id\":\"https:\/\/www.teoriamusical.es\/blog\/analisis-laura-pausini\/\"},\"author\":{\"name\":\"teoriamusical.es\",\"@id\":\"https:\/\/www.teoriamusical.es\/blog\/#\/schema\/person\/abbe30b6f6b449ac9e19ab236fe3d80c\"},\"headline\":\"Analizando M\u00fasica de Laura Pausini\",\"datePublished\":\"2021-12-03T19:34:08+00:00\",\"dateModified\":\"2021-12-03T19:35:08+00:00\",\"mainEntityOfPage\":{\"@id\":\"https:\/\/www.teoriamusical.es\/blog\/analisis-laura-pausini\/\"},\"wordCount\":190,\"commentCount\":0,\"publisher\":{\"@id\":\"https:\/\/www.teoriamusical.es\/blog\/#\/schema\/person\/abbe30b6f6b449ac9e19ab236fe3d80c\"},\"articleSection\":[\"An\u00e1lisis Musical\"],\"inLanguage\":\"es\",\"potentialAction\":[{\"@type\":\"CommentAction\",\"name\":\"Comment\",\"target\":[\"https:\/\/www.teoriamusical.es\/blog\/analisis-laura-pausini\/#respond\"]}]},{\"@type\":\"WebPage\",\"@id\":\"https:\/\/www.teoriamusical.es\/blog\/analisis-laura-pausini\/\",\"url\":\"https:\/\/www.teoriamusical.es\/blog\/analisis-laura-pausini\/\",\"name\":\"Analizando M\u00fasica de Laura Pausini - Teor\u00eda Musical\",\"isPartOf\":{\"@id\":\"https:\/\/www.teoriamusical.es\/blog\/#website\"},\"datePublished\":\"2021-12-03T19:34:08+00:00\",\"dateModified\":\"2021-12-03T19:35:08+00:00\",\"description\":\"Analizando M\u00fasica de Laura Pausini, esta vez el tema La Soledad. Vemos la progresi\u00f3n de acordes y el lenguaje arm\u00f3nico utilizado.\",\"breadcrumb\":{\"@id\":\"https:\/\/www.teoriamusical.es\/blog\/analisis-laura-pausini\/#breadcrumb\"},\"inLanguage\":\"es\",\"potentialAction\":[{\"@type\":\"ReadAction\",\"target\":[\"https:\/\/www.teoriamusical.es\/blog\/analisis-laura-pausini\/\"]}]},{\"@type\":\"BreadcrumbList\",\"@id\":\"https:\/\/www.teoriamusical.es\/blog\/analisis-laura-pausini\/#breadcrumb\",\"itemListElement\":[{\"@type\":\"ListItem\",\"position\":1,\"name\":\"Home\",\"item\":\"https:\/\/www.teoriamusical.es\/blog\/\"},{\"@type\":\"ListItem\",\"position\":2,\"name\":\"Analizando M\u00fasica de Laura Pausini\"}]},{\"@type\":\"WebSite\",\"@id\":\"https:\/\/www.teoriamusical.es\/blog\/#website\",\"url\":\"https:\/\/www.teoriamusical.es\/blog\/\",\"name\":\"Teor\u00eda Musical\",\"description\":\"Teor\u00eda Musical, Armon\u00eda Moderna y Cursos Online\",\"publisher\":{\"@id\":\"https:\/\/www.teoriamusical.es\/blog\/#\/schema\/person\/abbe30b6f6b449ac9e19ab236fe3d80c\"},\"potentialAction\":[{\"@type\":\"SearchAction\",\"target\":{\"@type\":\"EntryPoint\",\"urlTemplate\":\"https:\/\/www.teoriamusical.es\/blog\/?s={search_term_string}\"},\"query-input\":\"required name=search_term_string\"}],\"inLanguage\":\"es\"},{\"@type\":[\"Person\",\"Organization\"],\"@id\":\"https:\/\/www.teoriamusical.es\/blog\/#\/schema\/person\/abbe30b6f6b449ac9e19ab236fe3d80c\",\"name\":\"teoriamusical.es\",\"image\":{\"@type\":\"ImageObject\",\"inLanguage\":\"es\",\"@id\":\"https:\/\/www.teoriamusical.es\/blog\/#\/schema\/person\/image\/\",\"url\":\"https:\/\/secure.gravatar.com\/avatar\/1d7014e5a95916f717d86ab0aceffce14fd35c12b39d368d60384afae17e1760?s=96&d=mm&r=g\",\"contentUrl\":\"https:\/\/secure.gravatar.com\/avatar\/1d7014e5a95916f717d86ab0aceffce14fd35c12b39d368d60384afae17e1760?s=96&d=mm&r=g\",\"caption\":\"teoriamusical.es\"},\"logo\":{\"@id\":\"https:\/\/www.teoriamusical.es\/blog\/#\/schema\/person\/image\/\"}}]}<\/script>\n<!-- \/ Yoast SEO plugin. -->","yoast_head_json":{"title":"Analizando M\u00fasica de Laura Pausini - Teor\u00eda Musical","description":"Analizando M\u00fasica de Laura Pausini, esta vez el tema La Soledad. Vemos la progresi\u00f3n de acordes y el lenguaje arm\u00f3nico utilizado.","robots":{"index":"index","follow":"follow","max-snippet":"max-snippet:-1","max-image-preview":"max-image-preview:large","max-video-preview":"max-video-preview:-1"},"canonical":"https:\/\/www.teoriamusical.es\/blog\/analisis-laura-pausini\/","og_locale":"es_ES","og_type":"article","og_title":"Analizando M\u00fasica de Laura Pausini - Teor\u00eda Musical","og_description":"Analizando M\u00fasica de Laura Pausini, esta vez el tema La Soledad. Vemos la progresi\u00f3n de acordes y el lenguaje arm\u00f3nico utilizado.","og_url":"https:\/\/www.teoriamusical.es\/blog\/analisis-laura-pausini\/","og_site_name":"Teor\u00eda Musical","article_published_time":"2021-12-03T19:34:08+00:00","article_modified_time":"2021-12-03T19:35:08+00:00","author":"teoriamusical.es","twitter_card":"summary_large_image","twitter_misc":{"Escrito por":"teoriamusical.es","Tiempo de lectura":"1 minuto"},"schema":{"@context":"https:\/\/schema.org","@graph":[{"@type":"Article","@id":"https:\/\/www.teoriamusical.es\/blog\/analisis-laura-pausini\/#article","isPartOf":{"@id":"https:\/\/www.teoriamusical.es\/blog\/analisis-laura-pausini\/"},"author":{"name":"teoriamusical.es","@id":"https:\/\/www.teoriamusical.es\/blog\/#\/schema\/person\/abbe30b6f6b449ac9e19ab236fe3d80c"},"headline":"Analizando M\u00fasica de Laura Pausini","datePublished":"2021-12-03T19:34:08+00:00","dateModified":"2021-12-03T19:35:08+00:00","mainEntityOfPage":{"@id":"https:\/\/www.teoriamusical.es\/blog\/analisis-laura-pausini\/"},"wordCount":190,"commentCount":0,"publisher":{"@id":"https:\/\/www.teoriamusical.es\/blog\/#\/schema\/person\/abbe30b6f6b449ac9e19ab236fe3d80c"},"articleSection":["An\u00e1lisis Musical"],"inLanguage":"es","potentialAction":[{"@type":"CommentAction","name":"Comment","target":["https:\/\/www.teoriamusical.es\/blog\/analisis-laura-pausini\/#respond"]}]},{"@type":"WebPage","@id":"https:\/\/www.teoriamusical.es\/blog\/analisis-laura-pausini\/","url":"https:\/\/www.teoriamusical.es\/blog\/analisis-laura-pausini\/","name":"Analizando M\u00fasica de Laura Pausini - Teor\u00eda Musical","isPartOf":{"@id":"https:\/\/www.teoriamusical.es\/blog\/#website"},"datePublished":"2021-12-03T19:34:08+00:00","dateModified":"2021-12-03T19:35:08+00:00","description":"Analizando M\u00fasica de Laura Pausini, esta vez el tema La Soledad. Vemos la progresi\u00f3n de acordes y el lenguaje arm\u00f3nico utilizado.","breadcrumb":{"@id":"https:\/\/www.teoriamusical.es\/blog\/analisis-laura-pausini\/#breadcrumb"},"inLanguage":"es","potentialAction":[{"@type":"ReadAction","target":["https:\/\/www.teoriamusical.es\/blog\/analisis-laura-pausini\/"]}]},{"@type":"BreadcrumbList","@id":"https:\/\/www.teoriamusical.es\/blog\/analisis-laura-pausini\/#breadcrumb","itemListElement":[{"@type":"ListItem","position":1,"name":"Home","item":"https:\/\/www.teoriamusical.es\/blog\/"},{"@type":"ListItem","position":2,"name":"Analizando M\u00fasica de Laura Pausini"}]},{"@type":"WebSite","@id":"https:\/\/www.teoriamusical.es\/blog\/#website","url":"https:\/\/www.teoriamusical.es\/blog\/","name":"Teor\u00eda Musical","description":"Teor\u00eda Musical, Armon\u00eda Moderna y Cursos Online","publisher":{"@id":"https:\/\/www.teoriamusical.es\/blog\/#\/schema\/person\/abbe30b6f6b449ac9e19ab236fe3d80c"},"potentialAction":[{"@type":"SearchAction","target":{"@type":"EntryPoint","urlTemplate":"https:\/\/www.teoriamusical.es\/blog\/?s={search_term_string}"},"query-input":"required name=search_term_string"}],"inLanguage":"es"},{"@type":["Person","Organization"],"@id":"https:\/\/www.teoriamusical.es\/blog\/#\/schema\/person\/abbe30b6f6b449ac9e19ab236fe3d80c","name":"teoriamusical.es","image":{"@type":"ImageObject","inLanguage":"es","@id":"https:\/\/www.teoriamusical.es\/blog\/#\/schema\/person\/image\/","url":"https:\/\/secure.gravatar.com\/avatar\/1d7014e5a95916f717d86ab0aceffce14fd35c12b39d368d60384afae17e1760?s=96&d=mm&r=g","contentUrl":"https:\/\/secure.gravatar.com\/avatar\/1d7014e5a95916f717d86ab0aceffce14fd35c12b39d368d60384afae17e1760?s=96&d=mm&r=g","caption":"teoriamusical.es"},"logo":{"@id":"https:\/\/www.teoriamusical.es\/blog\/#\/schema\/person\/image\/"}}]}},"jetpack_featured_media_url":"","jetpack-related-posts":[{"id":440,"url":"https:\/\/www.teoriamusical.es\/blog\/analizando-musica-de-laura-pausini\/","url_meta":{"origin":448,"position":0},"title":"Analizando M\u00fasica de Laura Pausini","date":"noviembre 29, 2021","format":false,"excerpt":"Analizando m\u00fasica de Laura Pausini es un video de la secci\u00f3n c\u00f3mo sacar canciones de o\u00eddo, donde vemos c\u00f3mo sacar acordes de los temas que nos gustan sin tener que estar probando en el instrumento hasta encontrar uno que encaje. En este tema de Laura Pausini podemos escuchar una progresi\u00f3n\u2026","rel":"","context":"En \u00abAn\u00e1lisis Musical\u00bb","img":{"alt_text":"","src":"https:\/\/i0.wp.com\/img.youtube.com\/vi\/xv1k72AbgKo\/0.jpg?resize=350%2C200","width":350,"height":200},"classes":[]},{"id":424,"url":"https:\/\/www.teoriamusical.es\/blog\/analizando-musica-toni-braxton\/","url_meta":{"origin":448,"position":1},"title":"Analizando M\u00fasica de Toni Braxton","date":"noviembre 29, 2021","format":false,"excerpt":"Analizando M\u00fasica de Toni Braxton es el video de an\u00e1lisis musical y ear training donde sacamos de canciones de oido, hoy es el turno del tema unbreak my heart, de Toni Braxton. En el an\u00e1lisis musical razonamos en voz alta qu\u00e9 est\u00e1 haciendo la armon\u00eda en lugar de lanzarnos a\u2026","rel":"","context":"En \u00abAn\u00e1lisis Musical\u00bb","img":{"alt_text":"","src":"https:\/\/i0.wp.com\/img.youtube.com\/vi\/wNiItJn2bz8\/0.jpg?resize=350%2C200","width":350,"height":200},"classes":[]},{"id":415,"url":"https:\/\/www.teoriamusical.es\/blog\/analizando-musica\/","url_meta":{"origin":448,"position":2},"title":"Analizando M\u00fasica de Bruno Mars","date":"octubre 30, 2021","format":false,"excerpt":"Analizando m\u00fasica de Bruno Mars forma parte de la secci\u00f3n C\u00f3mo sacar canciones de o\u00eddo, donde usamos ear training y hablamos de armon\u00eda, acordes y escalas desde el punto de vista de la escucha, para mejorar en nuestra pr\u00e1ctica musical. Entender el lenguaje arm\u00f3nico de artistas como Bruno Mars, adem\u00e1s\u2026","rel":"","context":"En \u00abAn\u00e1lisis Musical\u00bb","img":{"alt_text":"","src":"https:\/\/i0.wp.com\/img.youtube.com\/vi\/rfDnkZ5-0KY\/0.jpg?resize=350%2C200","width":350,"height":200},"classes":[]},{"id":411,"url":"https:\/\/www.teoriamusical.es\/blog\/sacar-canciones-de-oido\/","url_meta":{"origin":448,"position":3},"title":"C\u00f3mo Sacar Canciones de O\u00eddo 15 &#8211; Analizando M\u00fasica de Richard Marx","date":"octubre 26, 2021","format":false,"excerpt":"C\u00f3mo sacar canciones de o\u00eddo es la secci\u00f3n del canal donde analizamos la armon\u00eda de distintas canciones desde el punto de vista de la percepci\u00f3n arm\u00f3nica, vemos rutinas y formas para sacar canciones de o\u00eddo usando nuestra cabeza y sin depender tanto del instrumento. Desde sentir cu\u00e1ndo estamos en t\u00f3nica,\u2026","rel":"","context":"En \u00abAn\u00e1lisis Musical\u00bb","img":{"alt_text":"","src":"https:\/\/i0.wp.com\/img.youtube.com\/vi\/UElgVT5BMok\/0.jpg?resize=350%2C200","width":350,"height":200},"classes":[]},{"id":421,"url":"https:\/\/www.teoriamusical.es\/blog\/analizando-queen\/","url_meta":{"origin":448,"position":4},"title":"Analizando M\u00fasica de Queen","date":"noviembre 29, 2021","format":false,"excerpt":"Analizando m\u00fasica de Queen pertenece a la secci\u00f3n de t\u00e9cnicas musicales del canal, dentro de la etiqueta C\u00f3mo sacar canciones de o\u00eddo. Creo que el grupo del que m\u00e1s veces me han pedido que saque algo de o\u00eddo es Queen, as\u00ed que he escogido un tema que no est\u00e1 entre\u2026","rel":"","context":"En \u00abAn\u00e1lisis Musical\u00bb","img":{"alt_text":"","src":"https:\/\/i0.wp.com\/img.youtube.com\/vi\/hhEP4XUAMxg\/0.jpg?resize=350%2C200","width":350,"height":200},"classes":[]},{"id":435,"url":"https:\/\/www.teoriamusical.es\/blog\/analizando-show-must-go-on\/","url_meta":{"origin":448,"position":5},"title":"Analizando M\u00fasica de Queen: The Show Must Go On","date":"noviembre 29, 2021","format":false,"excerpt":"Analizando M\u00fasica de Queen est\u00e1 dedicado a la canci\u00f3n The Show Must Go On. En este video haremos un an\u00e1lisis musical del tema de Queen y veremos cosas interesantes de su lenguaje arm\u00f3nico; c\u00f3mo plantean las modulaciones, c\u00f3mo utilizan las notas pivot, los acordes disminuidos, los acordes suspendidos y un\u2026","rel":"","context":"En \u00abAn\u00e1lisis Musical\u00bb","img":{"alt_text":"","src":"https:\/\/i0.wp.com\/img.youtube.com\/vi\/JL3_rYWMynM\/0.jpg?resize=350%2C200","width":350,"height":200},"classes":[]}],"_links":{"self":[{"href":"https:\/\/www.teoriamusical.es\/blog\/wp-json\/wp\/v2\/posts\/448","targetHints":{"allow":["GET"]}}],"collection":[{"href":"https:\/\/www.teoriamusical.es\/blog\/wp-json\/wp\/v2\/posts"}],"about":[{"href":"https:\/\/www.teoriamusical.es\/blog\/wp-json\/wp\/v2\/types\/post"}],"author":[{"embeddable":true,"href":"https:\/\/www.teoriamusical.es\/blog\/wp-json\/wp\/v2\/users\/1"}],"replies":[{"embeddable":true,"href":"https:\/\/www.teoriamusical.es\/blog\/wp-json\/wp\/v2\/comments?post=448"}],"version-history":[{"count":2,"href":"https:\/\/www.teoriamusical.es\/blog\/wp-json\/wp\/v2\/posts\/448\/revisions"}],"predecessor-version":[{"id":450,"href":"https:\/\/www.teoriamusical.es\/blog\/wp-json\/wp\/v2\/posts\/448\/revisions\/450"}],"wp:attachment":[{"href":"https:\/\/www.teoriamusical.es\/blog\/wp-json\/wp\/v2\/media?parent=448"}],"wp:term":[{"taxonomy":"category","embeddable":true,"href":"https:\/\/www.teoriamusical.es\/blog\/wp-json\/wp\/v2\/categories?post=448"},{"taxonomy":"post_tag","embeddable":true,"href":"https:\/\/www.teoriamusical.es\/blog\/wp-json\/wp\/v2\/tags?post=448"}],"curies":[{"name":"wp","href":"https:\/\/api.w.org\/{rel}","templated":true}]}}