{"id":438,"date":"2021-11-29T19:59:17","date_gmt":"2021-11-29T18:59:17","guid":{"rendered":"https:\/\/www.teoriamusical.es\/blog\/?p=438"},"modified":"2021-11-29T19:59:28","modified_gmt":"2021-11-29T18:59:28","slug":"orquestacion-hibrida","status":"publish","type":"post","link":"https:\/\/www.teoriamusical.es\/blog\/orquestacion-hibrida\/","title":{"rendered":"Orquestaci\u00f3n H\u00edbrida &#8211; La Casa de Papel"},"content":{"rendered":"\n<p>Orquestaci\u00f3n H\u00edbrida es el nombre que se da en m\u00fasica de cine y series a la combinaci\u00f3n entre orquestaci\u00f3n y sound design y sintetizadores. La Casa de Papel es una famosa serie en Netflix cuya banda sonora es h\u00edbrida, con mucha presencia de sintetizadores y sound design y ciertas partes orquestales. Su compositor es Iv\u00e1n M. Lacamara.<\/p>\n\n\n\n<p>La charla con Iv\u00e1n es cortes\u00eda de: www.asturscore.com<\/p>\n\n\n\n<figure class=\"wp-block-embed is-type-video is-provider-youtube wp-block-embed-youtube wp-embed-aspect-16-9 wp-has-aspect-ratio\"><div class=\"wp-block-embed__wrapper\">\n<iframe loading=\"lazy\" title=\"Orquestaci\u00f3n H\u00edbrida - La Casa de Papel\" width=\"584\" height=\"329\" src=\"https:\/\/www.youtube.com\/embed\/XOU4UMDFN64?feature=oembed\" frameborder=\"0\" allow=\"accelerometer; autoplay; clipboard-write; encrypted-media; gyroscope; picture-in-picture; web-share\" referrerpolicy=\"strict-origin-when-cross-origin\" allowfullscreen><\/iframe>\n<\/div><\/figure>\n\n\n\n<p> \u00bfTe Interesa la armon\u00eda moderna, los voicings y el desarrollo mel\u00f3dico? Echa un vistazo a mis <a href=\"https:\/\/www.teoriamusical.es\/blog\/cursos-de-musica\/\">cursos de m\u00fasica online<\/a> y al contenido gratuito en mi <a href=\"http:\/\/www.youtube.com\/countblissett\">canal de Youtube<\/a>. <\/p>\n","protected":false},"excerpt":{"rendered":"<p>Orquestaci\u00f3n H\u00edbrida es el nombre que se da en m\u00fasica de cine y series a la combinaci\u00f3n entre orquestaci\u00f3n y sound design y sintetizadores. La Casa de Papel es una famosa serie en Netflix cuya banda sonora es h\u00edbrida, con &hellip; <a href=\"https:\/\/www.teoriamusical.es\/blog\/orquestacion-hibrida\/\">Sigue leyendo <span class=\"meta-nav\">&rarr;<\/span><\/a><\/p>\n","protected":false},"author":1,"featured_media":0,"comment_status":"open","ping_status":"open","sticky":false,"template":"","format":"standard","meta":{"_monsterinsights_skip_tracking":false,"_monsterinsights_sitenote_active":false,"_monsterinsights_sitenote_note":"","_monsterinsights_sitenote_category":0,"footnotes":""},"categories":[18,14],"tags":[],"class_list":["post-438","post","type-post","status-publish","format-standard","hentry","category-analisis-musical","category-orquestacion"],"yoast_head":"<!-- This site is optimized with the Yoast SEO plugin v19.6 - https:\/\/yoast.com\/wordpress\/plugins\/seo\/ -->\n<title>Orquestaci\u00f3n H\u00edbrida - La Casa de Papel - Teor\u00eda Musical<\/title>\n<meta name=\"description\" content=\"La orquestaci\u00f3n h\u00edbrida est\u00e1 a la orden del d\u00eda en el siglo XXI, en este video hablamos con Iv\u00e1n Martinez Lacamara sobre La Casa de Papel.\" \/>\n<meta name=\"robots\" content=\"index, follow, max-snippet:-1, max-image-preview:large, max-video-preview:-1\" \/>\n<link rel=\"canonical\" href=\"https:\/\/www.teoriamusical.es\/blog\/orquestacion-hibrida\/\" \/>\n<meta property=\"og:locale\" content=\"es_ES\" \/>\n<meta property=\"og:type\" content=\"article\" \/>\n<meta property=\"og:title\" content=\"Orquestaci\u00f3n H\u00edbrida - La Casa de Papel - Teor\u00eda Musical\" \/>\n<meta property=\"og:description\" content=\"La orquestaci\u00f3n h\u00edbrida est\u00e1 a la orden del d\u00eda en el siglo XXI, en este video hablamos con Iv\u00e1n Martinez Lacamara sobre La Casa de Papel.\" \/>\n<meta property=\"og:url\" content=\"https:\/\/www.teoriamusical.es\/blog\/orquestacion-hibrida\/\" \/>\n<meta property=\"og:site_name\" content=\"Teor\u00eda Musical\" \/>\n<meta property=\"article:published_time\" content=\"2021-11-29T18:59:17+00:00\" \/>\n<meta property=\"article:modified_time\" content=\"2021-11-29T18:59:28+00:00\" \/>\n<meta name=\"author\" content=\"teoriamusical.es\" \/>\n<meta name=\"twitter:card\" content=\"summary_large_image\" \/>\n<meta name=\"twitter:label1\" content=\"Escrito por\" \/>\n\t<meta name=\"twitter:data1\" content=\"teoriamusical.es\" \/>\n\t<meta name=\"twitter:label2\" content=\"Tiempo de lectura\" \/>\n\t<meta name=\"twitter:data2\" content=\"1 minuto\" \/>\n<script type=\"application\/ld+json\" class=\"yoast-schema-graph\">{\"@context\":\"https:\/\/schema.org\",\"@graph\":[{\"@type\":\"Article\",\"@id\":\"https:\/\/www.teoriamusical.es\/blog\/orquestacion-hibrida\/#article\",\"isPartOf\":{\"@id\":\"https:\/\/www.teoriamusical.es\/blog\/orquestacion-hibrida\/\"},\"author\":{\"name\":\"teoriamusical.es\",\"@id\":\"https:\/\/www.teoriamusical.es\/blog\/#\/schema\/person\/abbe30b6f6b449ac9e19ab236fe3d80c\"},\"headline\":\"Orquestaci\u00f3n H\u00edbrida &#8211; La Casa de Papel\",\"datePublished\":\"2021-11-29T18:59:17+00:00\",\"dateModified\":\"2021-11-29T18:59:28+00:00\",\"mainEntityOfPage\":{\"@id\":\"https:\/\/www.teoriamusical.es\/blog\/orquestacion-hibrida\/\"},\"wordCount\":122,\"commentCount\":0,\"publisher\":{\"@id\":\"https:\/\/www.teoriamusical.es\/blog\/#\/schema\/person\/abbe30b6f6b449ac9e19ab236fe3d80c\"},\"articleSection\":[\"An\u00e1lisis Musical\",\"Orquestaci\u00f3n\"],\"inLanguage\":\"es\",\"potentialAction\":[{\"@type\":\"CommentAction\",\"name\":\"Comment\",\"target\":[\"https:\/\/www.teoriamusical.es\/blog\/orquestacion-hibrida\/#respond\"]}]},{\"@type\":\"WebPage\",\"@id\":\"https:\/\/www.teoriamusical.es\/blog\/orquestacion-hibrida\/\",\"url\":\"https:\/\/www.teoriamusical.es\/blog\/orquestacion-hibrida\/\",\"name\":\"Orquestaci\u00f3n H\u00edbrida - La Casa de Papel - Teor\u00eda Musical\",\"isPartOf\":{\"@id\":\"https:\/\/www.teoriamusical.es\/blog\/#website\"},\"datePublished\":\"2021-11-29T18:59:17+00:00\",\"dateModified\":\"2021-11-29T18:59:28+00:00\",\"description\":\"La orquestaci\u00f3n h\u00edbrida est\u00e1 a la orden del d\u00eda en el siglo XXI, en este video hablamos con Iv\u00e1n Martinez Lacamara sobre La Casa de Papel.\",\"breadcrumb\":{\"@id\":\"https:\/\/www.teoriamusical.es\/blog\/orquestacion-hibrida\/#breadcrumb\"},\"inLanguage\":\"es\",\"potentialAction\":[{\"@type\":\"ReadAction\",\"target\":[\"https:\/\/www.teoriamusical.es\/blog\/orquestacion-hibrida\/\"]}]},{\"@type\":\"BreadcrumbList\",\"@id\":\"https:\/\/www.teoriamusical.es\/blog\/orquestacion-hibrida\/#breadcrumb\",\"itemListElement\":[{\"@type\":\"ListItem\",\"position\":1,\"name\":\"Home\",\"item\":\"https:\/\/www.teoriamusical.es\/blog\/\"},{\"@type\":\"ListItem\",\"position\":2,\"name\":\"Orquestaci\u00f3n H\u00edbrida &#8211; La Casa de Papel\"}]},{\"@type\":\"WebSite\",\"@id\":\"https:\/\/www.teoriamusical.es\/blog\/#website\",\"url\":\"https:\/\/www.teoriamusical.es\/blog\/\",\"name\":\"Teor\u00eda Musical\",\"description\":\"Teor\u00eda Musical, Armon\u00eda Moderna y Cursos Online\",\"publisher\":{\"@id\":\"https:\/\/www.teoriamusical.es\/blog\/#\/schema\/person\/abbe30b6f6b449ac9e19ab236fe3d80c\"},\"potentialAction\":[{\"@type\":\"SearchAction\",\"target\":{\"@type\":\"EntryPoint\",\"urlTemplate\":\"https:\/\/www.teoriamusical.es\/blog\/?s={search_term_string}\"},\"query-input\":\"required name=search_term_string\"}],\"inLanguage\":\"es\"},{\"@type\":[\"Person\",\"Organization\"],\"@id\":\"https:\/\/www.teoriamusical.es\/blog\/#\/schema\/person\/abbe30b6f6b449ac9e19ab236fe3d80c\",\"name\":\"teoriamusical.es\",\"image\":{\"@type\":\"ImageObject\",\"inLanguage\":\"es\",\"@id\":\"https:\/\/www.teoriamusical.es\/blog\/#\/schema\/person\/image\/\",\"url\":\"https:\/\/secure.gravatar.com\/avatar\/1d7014e5a95916f717d86ab0aceffce14fd35c12b39d368d60384afae17e1760?s=96&d=mm&r=g\",\"contentUrl\":\"https:\/\/secure.gravatar.com\/avatar\/1d7014e5a95916f717d86ab0aceffce14fd35c12b39d368d60384afae17e1760?s=96&d=mm&r=g\",\"caption\":\"teoriamusical.es\"},\"logo\":{\"@id\":\"https:\/\/www.teoriamusical.es\/blog\/#\/schema\/person\/image\/\"}}]}<\/script>\n<!-- \/ Yoast SEO plugin. -->","yoast_head_json":{"title":"Orquestaci\u00f3n H\u00edbrida - La Casa de Papel - Teor\u00eda Musical","description":"La orquestaci\u00f3n h\u00edbrida est\u00e1 a la orden del d\u00eda en el siglo XXI, en este video hablamos con Iv\u00e1n Martinez Lacamara sobre La Casa de Papel.","robots":{"index":"index","follow":"follow","max-snippet":"max-snippet:-1","max-image-preview":"max-image-preview:large","max-video-preview":"max-video-preview:-1"},"canonical":"https:\/\/www.teoriamusical.es\/blog\/orquestacion-hibrida\/","og_locale":"es_ES","og_type":"article","og_title":"Orquestaci\u00f3n H\u00edbrida - La Casa de Papel - Teor\u00eda Musical","og_description":"La orquestaci\u00f3n h\u00edbrida est\u00e1 a la orden del d\u00eda en el siglo XXI, en este video hablamos con Iv\u00e1n Martinez Lacamara sobre La Casa de Papel.","og_url":"https:\/\/www.teoriamusical.es\/blog\/orquestacion-hibrida\/","og_site_name":"Teor\u00eda Musical","article_published_time":"2021-11-29T18:59:17+00:00","article_modified_time":"2021-11-29T18:59:28+00:00","author":"teoriamusical.es","twitter_card":"summary_large_image","twitter_misc":{"Escrito por":"teoriamusical.es","Tiempo de lectura":"1 minuto"},"schema":{"@context":"https:\/\/schema.org","@graph":[{"@type":"Article","@id":"https:\/\/www.teoriamusical.es\/blog\/orquestacion-hibrida\/#article","isPartOf":{"@id":"https:\/\/www.teoriamusical.es\/blog\/orquestacion-hibrida\/"},"author":{"name":"teoriamusical.es","@id":"https:\/\/www.teoriamusical.es\/blog\/#\/schema\/person\/abbe30b6f6b449ac9e19ab236fe3d80c"},"headline":"Orquestaci\u00f3n H\u00edbrida &#8211; La Casa de Papel","datePublished":"2021-11-29T18:59:17+00:00","dateModified":"2021-11-29T18:59:28+00:00","mainEntityOfPage":{"@id":"https:\/\/www.teoriamusical.es\/blog\/orquestacion-hibrida\/"},"wordCount":122,"commentCount":0,"publisher":{"@id":"https:\/\/www.teoriamusical.es\/blog\/#\/schema\/person\/abbe30b6f6b449ac9e19ab236fe3d80c"},"articleSection":["An\u00e1lisis Musical","Orquestaci\u00f3n"],"inLanguage":"es","potentialAction":[{"@type":"CommentAction","name":"Comment","target":["https:\/\/www.teoriamusical.es\/blog\/orquestacion-hibrida\/#respond"]}]},{"@type":"WebPage","@id":"https:\/\/www.teoriamusical.es\/blog\/orquestacion-hibrida\/","url":"https:\/\/www.teoriamusical.es\/blog\/orquestacion-hibrida\/","name":"Orquestaci\u00f3n H\u00edbrida - La Casa de Papel - Teor\u00eda Musical","isPartOf":{"@id":"https:\/\/www.teoriamusical.es\/blog\/#website"},"datePublished":"2021-11-29T18:59:17+00:00","dateModified":"2021-11-29T18:59:28+00:00","description":"La orquestaci\u00f3n h\u00edbrida est\u00e1 a la orden del d\u00eda en el siglo XXI, en este video hablamos con Iv\u00e1n Martinez Lacamara sobre La Casa de Papel.","breadcrumb":{"@id":"https:\/\/www.teoriamusical.es\/blog\/orquestacion-hibrida\/#breadcrumb"},"inLanguage":"es","potentialAction":[{"@type":"ReadAction","target":["https:\/\/www.teoriamusical.es\/blog\/orquestacion-hibrida\/"]}]},{"@type":"BreadcrumbList","@id":"https:\/\/www.teoriamusical.es\/blog\/orquestacion-hibrida\/#breadcrumb","itemListElement":[{"@type":"ListItem","position":1,"name":"Home","item":"https:\/\/www.teoriamusical.es\/blog\/"},{"@type":"ListItem","position":2,"name":"Orquestaci\u00f3n H\u00edbrida &#8211; La Casa de Papel"}]},{"@type":"WebSite","@id":"https:\/\/www.teoriamusical.es\/blog\/#website","url":"https:\/\/www.teoriamusical.es\/blog\/","name":"Teor\u00eda Musical","description":"Teor\u00eda Musical, Armon\u00eda Moderna y Cursos Online","publisher":{"@id":"https:\/\/www.teoriamusical.es\/blog\/#\/schema\/person\/abbe30b6f6b449ac9e19ab236fe3d80c"},"potentialAction":[{"@type":"SearchAction","target":{"@type":"EntryPoint","urlTemplate":"https:\/\/www.teoriamusical.es\/blog\/?s={search_term_string}"},"query-input":"required name=search_term_string"}],"inLanguage":"es"},{"@type":["Person","Organization"],"@id":"https:\/\/www.teoriamusical.es\/blog\/#\/schema\/person\/abbe30b6f6b449ac9e19ab236fe3d80c","name":"teoriamusical.es","image":{"@type":"ImageObject","inLanguage":"es","@id":"https:\/\/www.teoriamusical.es\/blog\/#\/schema\/person\/image\/","url":"https:\/\/secure.gravatar.com\/avatar\/1d7014e5a95916f717d86ab0aceffce14fd35c12b39d368d60384afae17e1760?s=96&d=mm&r=g","contentUrl":"https:\/\/secure.gravatar.com\/avatar\/1d7014e5a95916f717d86ab0aceffce14fd35c12b39d368d60384afae17e1760?s=96&d=mm&r=g","caption":"teoriamusical.es"},"logo":{"@id":"https:\/\/www.teoriamusical.es\/blog\/#\/schema\/person\/image\/"}}]}},"jetpack_featured_media_url":"","jetpack-related-posts":[{"id":456,"url":"https:\/\/www.teoriamusical.es\/blog\/arreglos-musicales-organizacion-por-capas\/","url_meta":{"origin":438,"position":0},"title":"Arreglos Musicales: Organizaci\u00f3n por Capas","date":"junio 29, 2022","format":false,"excerpt":"En los arreglos musicales hechos en el DAW la organizaci\u00f3n por capas es fundamental. En la orquestaci\u00f3n h\u00edbrida, organizar nuestras capas y saber c\u00f3mo combinarlas con los instrumentos orquestales es importante pero si queremos componer m\u00fasica electr\u00f3nica el saber organizar por capas nuestros arreglos musicales cobra m\u00e1s importancia todav\u00eda. En\u2026","rel":"","context":"En \u00abCursos de M\u00fasica\u00bb","img":{"alt_text":"","src":"https:\/\/i0.wp.com\/img.youtube.com\/vi\/fKUI37st1eM\/0.jpg?resize=350%2C200","width":350,"height":200},"classes":[]},{"id":218,"url":"https:\/\/www.teoriamusical.es\/blog\/orquestacion-sistema-de-3-lineas\/","url_meta":{"origin":438,"position":1},"title":"Orquestaci\u00f3n: Sistema de 3 l\u00edneas","date":"julio 7, 2021","format":false,"excerpt":"Los Arreglos musicales van a aplicarse muchas veces mediante la orquestaci\u00f3n, as\u00ed que en este video os explico un sistema de composici\u00f3n en 3 lineas. Aprendemos m\u00fasica separando la composici\u00f3n, los arreglos musicales, la orquestaci\u00f3n (sea orquestaci\u00f3n midi con VST u orquestaci\u00f3n para banda, orquestaci\u00f3n para orquesta, etc) pero en\u2026","rel":"","context":"En \u00abAn\u00e1lisis Musical\u00bb","img":{"alt_text":"","src":"https:\/\/i0.wp.com\/img.youtube.com\/vi\/SAzTF4buk0k\/0.jpg?resize=350%2C200","width":350,"height":200},"classes":[]},{"id":24,"url":"https:\/\/www.teoriamusical.es\/blog\/orquestacion\/","url_meta":{"origin":438,"position":2},"title":"Orquestaci\u00f3n en Star Wars John Williams","date":"diciembre 3, 2019","format":false,"excerpt":"En este video de An\u00e1lisis Musical abord\u00e9 la orquestaci\u00f3n de John Williams en el main theme de Star Wars. Williams es, sin duda, un gran maestro a la hora no s\u00f3lo de componer temas memorables (Star wars, Superman, E.T, Indiana Jones y un largo etc\u00e9tera) sino en el dominio de\u2026","rel":"","context":"En \u00abOrquestaci\u00f3n\u00bb","img":{"alt_text":"","src":"https:\/\/i0.wp.com\/img.youtube.com\/vi\/gWmIKapt8N4\/0.jpg?resize=350%2C200","width":350,"height":200},"classes":[]},{"id":1,"url":"https:\/\/www.teoriamusical.es\/blog\/teoria-musical-presentacion\/","url_meta":{"origin":438,"position":3},"title":"Countblissett Teor\u00eda Musical","date":"diciembre 3, 2019","format":false,"excerpt":"\u00bfTeor\u00eda Musical? \u00bfArmon\u00eda Moderna? Te cuento qui\u00e9n soy: Soy Tony Domenech, profesor de m\u00fasica moderna. Trabaj\u00e9 m\u00e1s de 12 a\u00f1os como educador musical en una escuela privada de M\u00fasica Moderna. Ahora estoy en Youtube y hablo de teor\u00eda musical con todo lo que eso implica: Armon\u00eda moderna, an\u00e1lisis musical, acordes,\u2026","rel":"","context":"En \u00abAn\u00e1lisis Musical\u00bb","img":{"alt_text":"","src":"","width":0,"height":0},"classes":[]},{"id":32,"url":"https:\/\/www.teoriamusical.es\/blog\/god-of-war\/","url_meta":{"origin":438,"position":4},"title":"God of War y el Leitmotiv ausente","date":"diciembre 4, 2019","format":false,"excerpt":"En este video di un repaso a c\u00f3mo se desarroll\u00f3 el Leitmotiv de Kratos a lo largo de la saga God of War. Habl\u00e9 de c\u00f3mo se consolid\u00f3 y desarroll\u00f3 el lenguaje arm\u00f3nico, el lenguaje mel\u00f3dico y el lenguaje r\u00edtmico de un proyecto que consta de varias entregas: la saga\u2026","rel":"","context":"En \u00abAn\u00e1lisis Musical\u00bb","img":{"alt_text":"","src":"https:\/\/i0.wp.com\/img.youtube.com\/vi\/0w3xXSY2xJk\/0.jpg?resize=350%2C200","width":350,"height":200},"classes":[]},{"id":270,"url":"https:\/\/www.teoriamusical.es\/blog\/como-armonizar-una-melodia\/","url_meta":{"origin":438,"position":5},"title":"C\u00f3mo Armonizar una Melod\u00eda","date":"julio 16, 2021","format":false,"excerpt":"En este video hablaremos sobre c\u00f3mo armonizar melod\u00edas y, para ello, primero debemos distinguir entre melod\u00eda armonizada y melod\u00eda acompa\u00f1ada. Tambi\u00e9n veremos conceptos que nos ser\u00e1n \u00fatiles en orquestaci\u00f3n, tales como densidad arm\u00f3nica y peso instrumental. La idea es que pod\u00e1is armonizar melod\u00edas nota a nota sin que vuestras progresiones\u2026","rel":"","context":"En \u00abAcordes\u00bb","img":{"alt_text":"","src":"https:\/\/i0.wp.com\/img.youtube.com\/vi\/HfMKrJPsKHI\/0.jpg?resize=350%2C200","width":350,"height":200},"classes":[]}],"_links":{"self":[{"href":"https:\/\/www.teoriamusical.es\/blog\/wp-json\/wp\/v2\/posts\/438","targetHints":{"allow":["GET"]}}],"collection":[{"href":"https:\/\/www.teoriamusical.es\/blog\/wp-json\/wp\/v2\/posts"}],"about":[{"href":"https:\/\/www.teoriamusical.es\/blog\/wp-json\/wp\/v2\/types\/post"}],"author":[{"embeddable":true,"href":"https:\/\/www.teoriamusical.es\/blog\/wp-json\/wp\/v2\/users\/1"}],"replies":[{"embeddable":true,"href":"https:\/\/www.teoriamusical.es\/blog\/wp-json\/wp\/v2\/comments?post=438"}],"version-history":[{"count":1,"href":"https:\/\/www.teoriamusical.es\/blog\/wp-json\/wp\/v2\/posts\/438\/revisions"}],"predecessor-version":[{"id":439,"href":"https:\/\/www.teoriamusical.es\/blog\/wp-json\/wp\/v2\/posts\/438\/revisions\/439"}],"wp:attachment":[{"href":"https:\/\/www.teoriamusical.es\/blog\/wp-json\/wp\/v2\/media?parent=438"}],"wp:term":[{"taxonomy":"category","embeddable":true,"href":"https:\/\/www.teoriamusical.es\/blog\/wp-json\/wp\/v2\/categories?post=438"},{"taxonomy":"post_tag","embeddable":true,"href":"https:\/\/www.teoriamusical.es\/blog\/wp-json\/wp\/v2\/tags?post=438"}],"curies":[{"name":"wp","href":"https:\/\/api.w.org\/{rel}","templated":true}]}}