{"id":428,"date":"2021-11-29T19:47:25","date_gmt":"2021-11-29T18:47:25","guid":{"rendered":"https:\/\/www.teoriamusical.es\/blog\/?p=428"},"modified":"2021-11-29T19:48:14","modified_gmt":"2021-11-29T18:48:14","slug":"componer-con-acordes","status":"publish","type":"post","link":"https:\/\/www.teoriamusical.es\/blog\/componer-con-acordes\/","title":{"rendered":"Componer con Acordes"},"content":{"rendered":"\n<p>Componer con acordes es algo com\u00fan pero no siempre sabemos exactamente c\u00f3mo componer con acordes. Para poder realizar un desarrollo arm\u00f3nico y un desarrollo mel\u00f3dico debemos comprender qu\u00e9 son las notas no estructurales y qu\u00e9 son las notas estructurales y lo mismo sucede con los acordes, es decir, qu\u00e9 acordes son estructurales y qu\u00e9 acordes son no estructurales.<\/p>\n\n\n\n<p>Tambi\u00e9n hemos de considerar el tratamiento compositivo que vamos a darle a esas notas estructurales y, en \u00faltima instancia, aprender a reconocerlas usando tan solo nuestro o\u00eddo.<\/p>\n\n\n\n<figure class=\"wp-block-embed is-type-video is-provider-youtube wp-block-embed-youtube wp-embed-aspect-16-9 wp-has-aspect-ratio\"><div class=\"wp-block-embed__wrapper\">\n<iframe loading=\"lazy\" title=\"Componer con Acordes\" width=\"584\" height=\"329\" src=\"https:\/\/www.youtube.com\/embed\/9xhHsHX1wmc?feature=oembed\" frameborder=\"0\" allow=\"accelerometer; autoplay; clipboard-write; encrypted-media; gyroscope; picture-in-picture; web-share\" referrerpolicy=\"strict-origin-when-cross-origin\" allowfullscreen><\/iframe>\n<\/div><\/figure>\n\n\n\n<p>00:00 Inicio<br>00:05 Notas estructurales y notas no estructurales<br>00:45 Desarrollo sinf\u00f3nico en contextos modernos<br>01:22 Componer partiendo de la armon\u00eda<br>01:55 Acordes estructurales<br>02:40 Armon\u00eda extendida<br>02:55 La funci\u00f3n pre-dominante<br>04:20 Acordes no estructurales<br>05:51 Melod\u00edas estructurales<br>06:20 Melod\u00edas no estructurales<br>07:20 Rearmonizar melod\u00edas estructurales<br>07:35 Aplicaci\u00f3n mel\u00f3dica de lo no estructural<br>09:17 Componer partiendo de un acorde<br>10:03 Proceso compositivo por fases<br>13:25 Sentido musical de lo estructural y lo no estructural<\/p>\n\n\n\n<p>\u00bfTe Interesa la armon\u00eda moderna, los voicings y el desarrollo mel\u00f3dico? Echa un vistazo a mis <a href=\"https:\/\/www.teoriamusical.es\/blog\/cursos-de-musica\/\">cursos de m\u00fasica online<\/a> y al contenido gratuito en mi <a href=\"http:\/\/www.youtube.com\/countblissett\">canal de Youtube<\/a>.   <\/p>\n","protected":false},"excerpt":{"rendered":"<p>Componer con acordes es algo com\u00fan pero no siempre sabemos exactamente c\u00f3mo componer con acordes. Para poder realizar un desarrollo arm\u00f3nico y un desarrollo mel\u00f3dico debemos comprender qu\u00e9 son las notas no estructurales y qu\u00e9 son las notas estructurales y &hellip; <a href=\"https:\/\/www.teoriamusical.es\/blog\/componer-con-acordes\/\">Sigue leyendo <span class=\"meta-nav\">&rarr;<\/span><\/a><\/p>\n","protected":false},"author":1,"featured_media":0,"comment_status":"open","ping_status":"open","sticky":false,"template":"","format":"standard","meta":{"_monsterinsights_skip_tracking":false,"_monsterinsights_sitenote_active":false,"_monsterinsights_sitenote_note":"","_monsterinsights_sitenote_category":0,"footnotes":""},"categories":[37,15,85],"tags":[],"class_list":["post-428","post","type-post","status-publish","format-standard","hentry","category-acordes","category-armonia-moderna","category-componer"],"yoast_head":"<!-- This site is optimized with the Yoast SEO plugin v19.6 - https:\/\/yoast.com\/wordpress\/plugins\/seo\/ -->\n<title>Componer con Acordes - Teor\u00eda Musical<\/title>\n<meta name=\"description\" content=\"Componer con acordes utilizando las notas estructurales como base de nuestro desarrollo mel\u00f3dico y arm\u00f3nico.\" \/>\n<meta name=\"robots\" content=\"index, follow, max-snippet:-1, max-image-preview:large, max-video-preview:-1\" \/>\n<link rel=\"canonical\" href=\"https:\/\/www.teoriamusical.es\/blog\/componer-con-acordes\/\" \/>\n<meta property=\"og:locale\" content=\"es_ES\" \/>\n<meta property=\"og:type\" content=\"article\" \/>\n<meta property=\"og:title\" content=\"Componer con Acordes - Teor\u00eda Musical\" \/>\n<meta property=\"og:description\" content=\"Componer con acordes utilizando las notas estructurales como base de nuestro desarrollo mel\u00f3dico y arm\u00f3nico.\" \/>\n<meta property=\"og:url\" content=\"https:\/\/www.teoriamusical.es\/blog\/componer-con-acordes\/\" \/>\n<meta property=\"og:site_name\" content=\"Teor\u00eda Musical\" \/>\n<meta property=\"article:published_time\" content=\"2021-11-29T18:47:25+00:00\" \/>\n<meta property=\"article:modified_time\" content=\"2021-11-29T18:48:14+00:00\" \/>\n<meta name=\"author\" content=\"teoriamusical.es\" \/>\n<meta name=\"twitter:card\" content=\"summary_large_image\" \/>\n<meta name=\"twitter:label1\" content=\"Escrito por\" \/>\n\t<meta name=\"twitter:data1\" content=\"teoriamusical.es\" \/>\n\t<meta name=\"twitter:label2\" content=\"Tiempo de lectura\" \/>\n\t<meta name=\"twitter:data2\" content=\"1 minuto\" \/>\n<script type=\"application\/ld+json\" class=\"yoast-schema-graph\">{\"@context\":\"https:\/\/schema.org\",\"@graph\":[{\"@type\":\"Article\",\"@id\":\"https:\/\/www.teoriamusical.es\/blog\/componer-con-acordes\/#article\",\"isPartOf\":{\"@id\":\"https:\/\/www.teoriamusical.es\/blog\/componer-con-acordes\/\"},\"author\":{\"name\":\"teoriamusical.es\",\"@id\":\"https:\/\/www.teoriamusical.es\/blog\/#\/schema\/person\/abbe30b6f6b449ac9e19ab236fe3d80c\"},\"headline\":\"Componer con Acordes\",\"datePublished\":\"2021-11-29T18:47:25+00:00\",\"dateModified\":\"2021-11-29T18:48:14+00:00\",\"mainEntityOfPage\":{\"@id\":\"https:\/\/www.teoriamusical.es\/blog\/componer-con-acordes\/\"},\"wordCount\":199,\"commentCount\":0,\"publisher\":{\"@id\":\"https:\/\/www.teoriamusical.es\/blog\/#\/schema\/person\/abbe30b6f6b449ac9e19ab236fe3d80c\"},\"articleSection\":[\"Acordes\",\"Armon\u00eda Moderna\",\"componer\"],\"inLanguage\":\"es\",\"potentialAction\":[{\"@type\":\"CommentAction\",\"name\":\"Comment\",\"target\":[\"https:\/\/www.teoriamusical.es\/blog\/componer-con-acordes\/#respond\"]}]},{\"@type\":\"WebPage\",\"@id\":\"https:\/\/www.teoriamusical.es\/blog\/componer-con-acordes\/\",\"url\":\"https:\/\/www.teoriamusical.es\/blog\/componer-con-acordes\/\",\"name\":\"Componer con Acordes - Teor\u00eda Musical\",\"isPartOf\":{\"@id\":\"https:\/\/www.teoriamusical.es\/blog\/#website\"},\"datePublished\":\"2021-11-29T18:47:25+00:00\",\"dateModified\":\"2021-11-29T18:48:14+00:00\",\"description\":\"Componer con acordes utilizando las notas estructurales como base de nuestro desarrollo mel\u00f3dico y arm\u00f3nico.\",\"breadcrumb\":{\"@id\":\"https:\/\/www.teoriamusical.es\/blog\/componer-con-acordes\/#breadcrumb\"},\"inLanguage\":\"es\",\"potentialAction\":[{\"@type\":\"ReadAction\",\"target\":[\"https:\/\/www.teoriamusical.es\/blog\/componer-con-acordes\/\"]}]},{\"@type\":\"BreadcrumbList\",\"@id\":\"https:\/\/www.teoriamusical.es\/blog\/componer-con-acordes\/#breadcrumb\",\"itemListElement\":[{\"@type\":\"ListItem\",\"position\":1,\"name\":\"Home\",\"item\":\"https:\/\/www.teoriamusical.es\/blog\/\"},{\"@type\":\"ListItem\",\"position\":2,\"name\":\"Componer con Acordes\"}]},{\"@type\":\"WebSite\",\"@id\":\"https:\/\/www.teoriamusical.es\/blog\/#website\",\"url\":\"https:\/\/www.teoriamusical.es\/blog\/\",\"name\":\"Teor\u00eda Musical\",\"description\":\"Teor\u00eda Musical, Armon\u00eda Moderna y Cursos Online\",\"publisher\":{\"@id\":\"https:\/\/www.teoriamusical.es\/blog\/#\/schema\/person\/abbe30b6f6b449ac9e19ab236fe3d80c\"},\"potentialAction\":[{\"@type\":\"SearchAction\",\"target\":{\"@type\":\"EntryPoint\",\"urlTemplate\":\"https:\/\/www.teoriamusical.es\/blog\/?s={search_term_string}\"},\"query-input\":\"required name=search_term_string\"}],\"inLanguage\":\"es\"},{\"@type\":[\"Person\",\"Organization\"],\"@id\":\"https:\/\/www.teoriamusical.es\/blog\/#\/schema\/person\/abbe30b6f6b449ac9e19ab236fe3d80c\",\"name\":\"teoriamusical.es\",\"image\":{\"@type\":\"ImageObject\",\"inLanguage\":\"es\",\"@id\":\"https:\/\/www.teoriamusical.es\/blog\/#\/schema\/person\/image\/\",\"url\":\"https:\/\/secure.gravatar.com\/avatar\/1d7014e5a95916f717d86ab0aceffce14fd35c12b39d368d60384afae17e1760?s=96&d=mm&r=g\",\"contentUrl\":\"https:\/\/secure.gravatar.com\/avatar\/1d7014e5a95916f717d86ab0aceffce14fd35c12b39d368d60384afae17e1760?s=96&d=mm&r=g\",\"caption\":\"teoriamusical.es\"},\"logo\":{\"@id\":\"https:\/\/www.teoriamusical.es\/blog\/#\/schema\/person\/image\/\"}}]}<\/script>\n<!-- \/ Yoast SEO plugin. -->","yoast_head_json":{"title":"Componer con Acordes - Teor\u00eda Musical","description":"Componer con acordes utilizando las notas estructurales como base de nuestro desarrollo mel\u00f3dico y arm\u00f3nico.","robots":{"index":"index","follow":"follow","max-snippet":"max-snippet:-1","max-image-preview":"max-image-preview:large","max-video-preview":"max-video-preview:-1"},"canonical":"https:\/\/www.teoriamusical.es\/blog\/componer-con-acordes\/","og_locale":"es_ES","og_type":"article","og_title":"Componer con Acordes - Teor\u00eda Musical","og_description":"Componer con acordes utilizando las notas estructurales como base de nuestro desarrollo mel\u00f3dico y arm\u00f3nico.","og_url":"https:\/\/www.teoriamusical.es\/blog\/componer-con-acordes\/","og_site_name":"Teor\u00eda Musical","article_published_time":"2021-11-29T18:47:25+00:00","article_modified_time":"2021-11-29T18:48:14+00:00","author":"teoriamusical.es","twitter_card":"summary_large_image","twitter_misc":{"Escrito por":"teoriamusical.es","Tiempo de lectura":"1 minuto"},"schema":{"@context":"https:\/\/schema.org","@graph":[{"@type":"Article","@id":"https:\/\/www.teoriamusical.es\/blog\/componer-con-acordes\/#article","isPartOf":{"@id":"https:\/\/www.teoriamusical.es\/blog\/componer-con-acordes\/"},"author":{"name":"teoriamusical.es","@id":"https:\/\/www.teoriamusical.es\/blog\/#\/schema\/person\/abbe30b6f6b449ac9e19ab236fe3d80c"},"headline":"Componer con Acordes","datePublished":"2021-11-29T18:47:25+00:00","dateModified":"2021-11-29T18:48:14+00:00","mainEntityOfPage":{"@id":"https:\/\/www.teoriamusical.es\/blog\/componer-con-acordes\/"},"wordCount":199,"commentCount":0,"publisher":{"@id":"https:\/\/www.teoriamusical.es\/blog\/#\/schema\/person\/abbe30b6f6b449ac9e19ab236fe3d80c"},"articleSection":["Acordes","Armon\u00eda Moderna","componer"],"inLanguage":"es","potentialAction":[{"@type":"CommentAction","name":"Comment","target":["https:\/\/www.teoriamusical.es\/blog\/componer-con-acordes\/#respond"]}]},{"@type":"WebPage","@id":"https:\/\/www.teoriamusical.es\/blog\/componer-con-acordes\/","url":"https:\/\/www.teoriamusical.es\/blog\/componer-con-acordes\/","name":"Componer con Acordes - Teor\u00eda Musical","isPartOf":{"@id":"https:\/\/www.teoriamusical.es\/blog\/#website"},"datePublished":"2021-11-29T18:47:25+00:00","dateModified":"2021-11-29T18:48:14+00:00","description":"Componer con acordes utilizando las notas estructurales como base de nuestro desarrollo mel\u00f3dico y arm\u00f3nico.","breadcrumb":{"@id":"https:\/\/www.teoriamusical.es\/blog\/componer-con-acordes\/#breadcrumb"},"inLanguage":"es","potentialAction":[{"@type":"ReadAction","target":["https:\/\/www.teoriamusical.es\/blog\/componer-con-acordes\/"]}]},{"@type":"BreadcrumbList","@id":"https:\/\/www.teoriamusical.es\/blog\/componer-con-acordes\/#breadcrumb","itemListElement":[{"@type":"ListItem","position":1,"name":"Home","item":"https:\/\/www.teoriamusical.es\/blog\/"},{"@type":"ListItem","position":2,"name":"Componer con Acordes"}]},{"@type":"WebSite","@id":"https:\/\/www.teoriamusical.es\/blog\/#website","url":"https:\/\/www.teoriamusical.es\/blog\/","name":"Teor\u00eda Musical","description":"Teor\u00eda Musical, Armon\u00eda Moderna y Cursos Online","publisher":{"@id":"https:\/\/www.teoriamusical.es\/blog\/#\/schema\/person\/abbe30b6f6b449ac9e19ab236fe3d80c"},"potentialAction":[{"@type":"SearchAction","target":{"@type":"EntryPoint","urlTemplate":"https:\/\/www.teoriamusical.es\/blog\/?s={search_term_string}"},"query-input":"required name=search_term_string"}],"inLanguage":"es"},{"@type":["Person","Organization"],"@id":"https:\/\/www.teoriamusical.es\/blog\/#\/schema\/person\/abbe30b6f6b449ac9e19ab236fe3d80c","name":"teoriamusical.es","image":{"@type":"ImageObject","inLanguage":"es","@id":"https:\/\/www.teoriamusical.es\/blog\/#\/schema\/person\/image\/","url":"https:\/\/secure.gravatar.com\/avatar\/1d7014e5a95916f717d86ab0aceffce14fd35c12b39d368d60384afae17e1760?s=96&d=mm&r=g","contentUrl":"https:\/\/secure.gravatar.com\/avatar\/1d7014e5a95916f717d86ab0aceffce14fd35c12b39d368d60384afae17e1760?s=96&d=mm&r=g","caption":"teoriamusical.es"},"logo":{"@id":"https:\/\/www.teoriamusical.es\/blog\/#\/schema\/person\/image\/"}}]}},"jetpack_featured_media_url":"","jetpack-related-posts":[{"id":384,"url":"https:\/\/www.teoriamusical.es\/blog\/componer-canciones\/","url_meta":{"origin":428,"position":0},"title":"Componer Canciones con Ruedas de Acordes","date":"agosto 29, 2021","format":false,"excerpt":"Hemos visto c\u00f3mo construir una progresi\u00f3n de acordes a partir de nuestra melod\u00eda para tener una armon\u00eda lo m\u00e1s rica posible pero tambi\u00e9n existe la opci\u00f3n de trabajar al rev\u00e9s, es decir, componer canciones partiendo de una secuencia de acordes. En este video vemos c\u00f3mo componer una canci\u00f3n partiendo de\u2026","rel":"","context":"En \u00abAcordes\u00bb","img":{"alt_text":"","src":"https:\/\/i0.wp.com\/img.youtube.com\/vi\/QkGBzt7t1Mc\/0.jpg?resize=350%2C200","width":350,"height":200},"classes":[]},{"id":387,"url":"https:\/\/www.teoriamusical.es\/blog\/notas_guia\/","url_meta":{"origin":428,"position":1},"title":"Notas Gu\u00eda &#8211; Melod\u00eda y Armon\u00eda","date":"agosto 30, 2021","format":false,"excerpt":"Componer melod\u00edas teniendo como notas estructurales las notas gu\u00eda y las notas caracter\u00edsticas del modo como material compositivo es una manera sencilla de construir melod\u00edas memorables. Muchas veces pensamos que el acorde es el que nos aporta la informaci\u00f3n arm\u00f3nica cuando, en realidad, muchas veces es la melod\u00eda la que\u2026","rel":"","context":"En \u00abAcordes\u00bb","img":{"alt_text":"","src":"https:\/\/i0.wp.com\/img.youtube.com\/vi\/s70bqsCSYN0\/0.jpg?resize=350%2C200","width":350,"height":200},"classes":[]},{"id":487,"url":"https:\/\/www.teoriamusical.es\/blog\/acordes-sencillos-para-armonias-complejas\/","url_meta":{"origin":428,"position":2},"title":"Acordes Sencillos para Armon\u00edas Complejas","date":"junio 29, 2022","format":false,"excerpt":"\u00bfC\u00f3mo utilizar armon\u00edas complejas si tu vocabulario arm\u00f3nico s\u00f3lo posee acordes sencillos? En este video veremos c\u00f3mo la teor\u00eda musical nos ayuda a manejar armon\u00edas complejas con acordes triada b\u00e1sicos. La triada, que durante siglos ha sido la unidad m\u00ednima de informaci\u00f3n arm\u00f3nica, puede emplearse de muchas otras formas musicales,\u2026","rel":"","context":"En \u00abCursos de M\u00fasica\u00bb","img":{"alt_text":"","src":"https:\/\/i0.wp.com\/img.youtube.com\/vi\/WmTmFyYwFnY\/0.jpg?resize=350%2C200","width":350,"height":200},"classes":[]},{"id":292,"url":"https:\/\/www.teoriamusical.es\/blog\/armonizar-tensiones-con-triadas-internas\/","url_meta":{"origin":428,"position":3},"title":"Armonizar Melod\u00edas con Triadas Internas","date":"julio 16, 2021","format":false,"excerpt":"Cuando hablamos de armonizar melod\u00edas solemos pensar en c\u00f3mo poner acordes a una melod\u00eda pero a veces pasamos por alto cuestiones que, dentro de la teor\u00eda musical de jazz u otros estilos se consideran estructurales. Gracias a la armon\u00eda moderna sabemos que no s\u00f3lo las notas del acorde se pueden\u2026","rel":"","context":"En \u00abAcordes\u00bb","img":{"alt_text":"","src":"https:\/\/i0.wp.com\/img.youtube.com\/vi\/DbrBHBBXL8k\/0.jpg?resize=350%2C200","width":350,"height":200},"classes":[]},{"id":276,"url":"https:\/\/www.teoriamusical.es\/blog\/componer-con-sets-de-notas\/","url_meta":{"origin":428,"position":4},"title":"Componer con Sets de Notas","date":"julio 16, 2021","format":false,"excerpt":"Armonizar melod\u00edas es relativamente sencillo cuando conoces los modos y las escalas fuente de las cuales surgen los acordes y qu\u00e9 notas son chord tones y cu\u00e1les son tensiones del acorde. El problema viene cuando, para armonizar melod\u00edas, trabajamos con sets de notas que no se agrupan en los modelos\u2026","rel":"","context":"En \u00abAcordes\u00bb","img":{"alt_text":"","src":"https:\/\/i0.wp.com\/img.youtube.com\/vi\/Ttg-oprgrPw\/0.jpg?resize=350%2C200","width":350,"height":200},"classes":[]},{"id":121,"url":"https:\/\/www.teoriamusical.es\/blog\/componer-riqueza-armonica\/","url_meta":{"origin":428,"position":5},"title":"Componer con Riqueza Arm\u00f3nica","date":"diciembre 14, 2019","format":false,"excerpt":"Componer con riqueza arm\u00f3nica es una meta deseable pero difusa sin no concretamos un poco de qu\u00e9 estamos hablando. En un primer momento, dado la tendencia a confundir la armon\u00eda con los acordes, podemos pensar que al hablar de riqueza arm\u00f3nica hablamos de que haya muchos acordes. Y no va\u2026","rel":"","context":"En \u00abAcordes\u00bb","img":{"alt_text":"","src":"https:\/\/i0.wp.com\/img.youtube.com\/vi\/aXA85ILVWUE\/0.jpg?resize=350%2C200","width":350,"height":200},"classes":[]}],"_links":{"self":[{"href":"https:\/\/www.teoriamusical.es\/blog\/wp-json\/wp\/v2\/posts\/428","targetHints":{"allow":["GET"]}}],"collection":[{"href":"https:\/\/www.teoriamusical.es\/blog\/wp-json\/wp\/v2\/posts"}],"about":[{"href":"https:\/\/www.teoriamusical.es\/blog\/wp-json\/wp\/v2\/types\/post"}],"author":[{"embeddable":true,"href":"https:\/\/www.teoriamusical.es\/blog\/wp-json\/wp\/v2\/users\/1"}],"replies":[{"embeddable":true,"href":"https:\/\/www.teoriamusical.es\/blog\/wp-json\/wp\/v2\/comments?post=428"}],"version-history":[{"count":2,"href":"https:\/\/www.teoriamusical.es\/blog\/wp-json\/wp\/v2\/posts\/428\/revisions"}],"predecessor-version":[{"id":430,"href":"https:\/\/www.teoriamusical.es\/blog\/wp-json\/wp\/v2\/posts\/428\/revisions\/430"}],"wp:attachment":[{"href":"https:\/\/www.teoriamusical.es\/blog\/wp-json\/wp\/v2\/media?parent=428"}],"wp:term":[{"taxonomy":"category","embeddable":true,"href":"https:\/\/www.teoriamusical.es\/blog\/wp-json\/wp\/v2\/categories?post=428"},{"taxonomy":"post_tag","embeddable":true,"href":"https:\/\/www.teoriamusical.es\/blog\/wp-json\/wp\/v2\/tags?post=428"}],"curies":[{"name":"wp","href":"https:\/\/api.w.org\/{rel}","templated":true}]}}