{"id":413,"date":"2021-10-26T22:49:17","date_gmt":"2021-10-26T20:49:17","guid":{"rendered":"https:\/\/www.teoriamusical.es\/blog\/?p=413"},"modified":"2021-10-26T22:49:19","modified_gmt":"2021-10-26T20:49:19","slug":"componer-musica-terror","status":"publish","type":"post","link":"https:\/\/www.teoriamusical.es\/blog\/componer-musica-terror\/","title":{"rendered":"?Componer M\u00fasica para ?PERSONAJES DE TERROR? en ?Halloween?"},"content":{"rendered":"\n<p>La m\u00fasica de terror tiene un lenguaje concreto del cual hablamos en el especial de Halloween del a\u00f1o pasado, cuyo enlace ten\u00e9is aqu\u00ed: <\/p>\n\n\n\n<figure class=\"wp-block-embed is-type-video is-provider-youtube wp-block-embed-youtube wp-embed-aspect-16-9 wp-has-aspect-ratio\"><div class=\"wp-block-embed__wrapper\">\n<iframe loading=\"lazy\" title=\"La M\u00fasica del Cine de TERROR | An\u00e1lisis Musical\" width=\"584\" height=\"329\" src=\"https:\/\/www.youtube.com\/embed\/9jkb6aoQxHI?feature=oembed\" frameborder=\"0\" allow=\"accelerometer; autoplay; clipboard-write; encrypted-media; gyroscope; picture-in-picture; web-share\" referrerpolicy=\"strict-origin-when-cross-origin\" allowfullscreen><\/iframe>\n<\/div><\/figure>\n\n\n\n<p>El directo que hicimos escuchando los temas de Halloween 2020 est\u00e1 aqu\u00ed:<\/p>\n\n\n\n<figure class=\"wp-block-embed is-type-video is-provider-youtube wp-block-embed-youtube wp-embed-aspect-16-9 wp-has-aspect-ratio\"><div class=\"wp-block-embed__wrapper\">\n<iframe loading=\"lazy\" title=\"\ud83d\udc7bEspecial Halloween\ud83d\udc7b Temas de los suscriptores-  Podcast M\u00fasica\" width=\"584\" height=\"329\" src=\"https:\/\/www.youtube.com\/embed\/FlcXixwiANY?feature=oembed\" frameborder=\"0\" allow=\"accelerometer; autoplay; clipboard-write; encrypted-media; gyroscope; picture-in-picture; web-share\" referrerpolicy=\"strict-origin-when-cross-origin\" allowfullscreen><\/iframe>\n<\/div><\/figure>\n\n\n\n<p>Este a\u00f1o, aprovechando que nuestra amiga Shaunelay presenta nuevo proyecto vamos a hacer m\u00fasica para Sebasti\u00e1n Sombrasesina. Sebasti\u00e1n al igual que suced\u00eda con Megan Comeni\u00f1os, presenta un reto para los compositores de la comunidad, ya que no es una forma de terror com\u00fan, por lo que su m\u00fasica no ha de ser com\u00fan tampoco.<\/p>\n\n\n\n<p>La m\u00fasica que los suscriptores de Youtube realizaron para Megan Comeni\u00f1os ha acompa\u00f1ado muchas de las lecturas en vivo que se han hecho durante este a\u00f1o. El enlace de compra del cuento ilustrado es: <a href=\"https:\/\/www.youtube.com\/redirect?event=video_description&amp;redir_token=QUFFLUhqbEZnN2ZFdXJqZDdVb0lQcGtINkc3TllHeWlLZ3xBQ3Jtc0ttb19BcDM2aHR1QmM1cjNoU05RQUsxc2FhZkRkSXJ2SHZuUlJVOGVkSzlEQ1NCV3FmbTl2TEhPTFJxX25LTWpWMjBBaTg5MmxJdEl1VkctdXhKTHJ5SVg0X1ZHYURRWlZhNWxaVkE1eFQ3YmVkVmNRUQ&amp;q=https%3A%2F%2Fshaunelay.com%2Fsebastian-sombrasesina\" rel=\"noreferrer noopener\" target=\"_blank\">https:\/\/shaunelay.com\/sebastian-sombr&#8230;<\/a> <\/p>\n\n\n\n<p>All\u00ed se pueden escuchar los temas promocionales compuestos por Dani Cassani y Aitor Su\u00e1rez que fueron seleccionados en el pasado directo para el adelanto de la promoci\u00f3n del personaje. Los temas que fueron seleccionados para Megan Comeni\u00f1os del anterior ejercicio fueron: <\/p>\n\n\n\n<p>&#8211; El intro del tema de Ivan Quintana (que abre al tema principal del personaje) &#8211; El tema principal de Curro Mart\u00edn (que ya acompa\u00f1a todas las video lecturas del personaje) <a href=\"https:\/\/www.youtube.com\/redirect?event=video_description&amp;redir_token=QUFFLUhqbF9tN3R3TTZTTG5XUnFhaW80alpNellMTTlBQXxBQ3Jtc0tsbDhTQ1N5V0lYRnRIckJIUWZEYkFqSXhDeEZtVERBU2NpelhrUDlOb3lfTXpqY0ZyRENYSDhTMzRockJqNVlJY2pVSUdRdzVhclpSNDRRX0duSzhmeFRhRTBKRmU0OHdkWUtiU0k3dXhER25fYlpWTQ&amp;q=https%3A%2F%2Fshaunelay.com%2Fmegan-comeninos-2\" rel=\"noreferrer noopener\" target=\"_blank\">https:\/\/shaunelay.com\/megan-comeninos-2<\/a> &#8211; <\/p>\n\n\n\n<p>La sinton\u00eda principal compuesta por Pedro S. Bonnin (que se utiliza para las promos y banners del personaje)<\/p>\n\n\n\n<p>&#8211; Los temas compuestos por: Eunice, Jos\u00e9 Pablo Rodriguez, Naim Tala, Larry Constantino, Juan Pablo Bustamante, Alberto del Puerto, Iv\u00e1n Mar\u00edn, Marcos Fuentealba, Guillermo Morello y el fant\u00e1stico tema musical de Juan Pablo Barthet, tambi\u00e9n ser\u00e1n incluidas junto a las dem\u00e1s en un \u00e1lbum promocional de distribuci\u00f3n gratuita para que todos los ni\u00f1os puedan escucharlas junto a la nueva edici\u00f3n de Megan Comeni\u00f1os que esperamos que llegue a las librerias en Navidad.<\/p>\n\n\n\n<p>&#8211; El tema musical \u00abEl Blues del Exterminador\u00bb, compuesto por Fran Olivares y tambi\u00e9n presentado en el anterior ejercicio musical, ya acompa\u00f1a todas las audiolecturas de Amador Exterminador y dispone de un incre\u00edble video m\u00fasical realizado por Miguel \u00c1ngel Olivares. <a href=\"https:\/\/www.youtube.com\/redirect?event=video_description&amp;redir_token=QUFFLUhqbWVJZXNBX2dzV0JCTUVacml5UmVxZlRfU1VtUXxBQ3Jtc0trQUlrYlg1VmJtNENYOFJCSzRldjQtQm40R2Jza1A2TmFzSUJMYmdGUWRsbUxRY1ZpWkc0aExQN290OVlacG9TTkU4MXJiLXUtaDJWUHVRSE9DSjJiYmxINUFSdjZhTXB1VzBlRzAwM2NJWFp3S2Fobw&amp;q=https%3A%2F%2Fshaunelay.com%2Famador-exterminador\" rel=\"noreferrer noopener\" target=\"_blank\">https:\/\/shaunelay.com\/amador-extermin&#8230;<\/a> <\/p>\n\n\n\n<p>Todas las sinton\u00edas que sean seleccionadas, con permiso y acreditaci\u00f3n de sus autores ser\u00e1n incluidas en la nueva promoci\u00f3n y en el \u00e1lbum si los seleccionados contactan con nosotros para dar su consentimiento en shaunelay@gmail.com<\/p>\n\n\n\n<p>Las videolecturas de Historias de Horror para Ni\u00f1os se suelen proyectar en directo en colegios y diversos eventos culturales para ni\u00f1os en nuestra gira art\u00edstica nacional y se incluyen en un \u00e1lbum promocional gratuitamente descargable desde la web oficial o se regala en formato f\u00edsico promocional junto al cuento ilustrado.<\/p>\n\n\n\n<p>Este Halloween promete ser especial con Sebasti\u00e1n Sombrasesina y los compositores de la comunidad de Youtube.<\/p>\n\n\n\n<figure class=\"wp-block-embed is-type-video is-provider-youtube wp-block-embed-youtube wp-embed-aspect-16-9 wp-has-aspect-ratio\"><div class=\"wp-block-embed__wrapper\">\n<iframe loading=\"lazy\" title=\"\ud83d\udd25Componer M\u00fasica para \ud83d\udc7bPERSONAJES DE TERROR\ud83d\udc7b en \ud83c\udf83Halloween\ud83c\udf83\" width=\"584\" height=\"329\" src=\"https:\/\/www.youtube.com\/embed\/-QldqO6tHzc?feature=oembed\" frameborder=\"0\" allow=\"accelerometer; autoplay; clipboard-write; encrypted-media; gyroscope; picture-in-picture; web-share\" referrerpolicy=\"strict-origin-when-cross-origin\" allowfullscreen><\/iframe>\n<\/div><\/figure>\n\n\n\n<p> \u00bfTe Interesa la armon\u00eda moderna, los voicings y el desarrollo mel\u00f3dico? Echa un vistazo a mis <a href=\"https:\/\/www.teoriamusical.es\/blog\/cursos-de-musica\/\">cursos de m\u00fasica online<\/a> y al contenido gratuito en mi <a href=\"http:\/\/www.youtube.com\/countblissett\">canal de Youtube<\/a>.<\/p>\n\n\n\n<p><\/p>\n","protected":false},"excerpt":{"rendered":"<p>La m\u00fasica de terror tiene un lenguaje concreto del cual hablamos en el especial de Halloween del a\u00f1o pasado, cuyo enlace ten\u00e9is aqu\u00ed: El directo que hicimos escuchando los temas de Halloween 2020 est\u00e1 aqu\u00ed: Este a\u00f1o, aprovechando que nuestra &hellip; <a href=\"https:\/\/www.teoriamusical.es\/blog\/componer-musica-terror\/\">Sigue leyendo <span class=\"meta-nav\">&rarr;<\/span><\/a><\/p>\n","protected":false},"author":1,"featured_media":0,"comment_status":"open","ping_status":"open","sticky":false,"template":"","format":"standard","meta":{"_monsterinsights_skip_tracking":false,"_monsterinsights_sitenote_active":false,"_monsterinsights_sitenote_note":"","_monsterinsights_sitenote_category":0,"footnotes":""},"categories":[1],"tags":[],"class_list":["post-413","post","type-post","status-publish","format-standard","hentry","category-cursos_de_musica"],"yoast_head":"<!-- This site is optimized with the Yoast SEO plugin v19.6 - https:\/\/yoast.com\/wordpress\/plugins\/seo\/ -->\n<title>?Componer M\u00fasica para ?PERSONAJES DE TERROR? en ?Halloween? - Teor\u00eda Musical<\/title>\n<meta name=\"description\" content=\"Componer m\u00fasica de terror para personajes infantiles parece un contrasentido, pero en esta historia todo es posible. Conoce a Sebastian.\" \/>\n<meta name=\"robots\" content=\"index, follow, max-snippet:-1, max-image-preview:large, max-video-preview:-1\" \/>\n<link rel=\"canonical\" href=\"https:\/\/www.teoriamusical.es\/blog\/componer-musica-terror\/\" \/>\n<meta property=\"og:locale\" content=\"es_ES\" \/>\n<meta property=\"og:type\" content=\"article\" \/>\n<meta property=\"og:title\" content=\"?Componer M\u00fasica para ?PERSONAJES DE TERROR? en ?Halloween? - Teor\u00eda Musical\" \/>\n<meta property=\"og:description\" content=\"Componer m\u00fasica de terror para personajes infantiles parece un contrasentido, pero en esta historia todo es posible. Conoce a Sebastian.\" \/>\n<meta property=\"og:url\" content=\"https:\/\/www.teoriamusical.es\/blog\/componer-musica-terror\/\" \/>\n<meta property=\"og:site_name\" content=\"Teor\u00eda Musical\" \/>\n<meta property=\"article:published_time\" content=\"2021-10-26T20:49:17+00:00\" \/>\n<meta property=\"article:modified_time\" content=\"2021-10-26T20:49:19+00:00\" \/>\n<meta name=\"author\" content=\"teoriamusical.es\" \/>\n<meta name=\"twitter:card\" content=\"summary_large_image\" \/>\n<meta name=\"twitter:label1\" content=\"Escrito por\" \/>\n\t<meta name=\"twitter:data1\" content=\"teoriamusical.es\" \/>\n\t<meta name=\"twitter:label2\" content=\"Tiempo de lectura\" \/>\n\t<meta name=\"twitter:data2\" content=\"3 minutos\" \/>\n<script type=\"application\/ld+json\" class=\"yoast-schema-graph\">{\"@context\":\"https:\/\/schema.org\",\"@graph\":[{\"@type\":\"Article\",\"@id\":\"https:\/\/www.teoriamusical.es\/blog\/componer-musica-terror\/#article\",\"isPartOf\":{\"@id\":\"https:\/\/www.teoriamusical.es\/blog\/componer-musica-terror\/\"},\"author\":{\"name\":\"teoriamusical.es\",\"@id\":\"https:\/\/www.teoriamusical.es\/blog\/#\/schema\/person\/abbe30b6f6b449ac9e19ab236fe3d80c\"},\"headline\":\"?Componer M\u00fasica para ?PERSONAJES DE TERROR? en ?Halloween?\",\"datePublished\":\"2021-10-26T20:49:17+00:00\",\"dateModified\":\"2021-10-26T20:49:19+00:00\",\"mainEntityOfPage\":{\"@id\":\"https:\/\/www.teoriamusical.es\/blog\/componer-musica-terror\/\"},\"wordCount\":540,\"commentCount\":0,\"publisher\":{\"@id\":\"https:\/\/www.teoriamusical.es\/blog\/#\/schema\/person\/abbe30b6f6b449ac9e19ab236fe3d80c\"},\"articleSection\":[\"Cursos de M\u00fasica\"],\"inLanguage\":\"es\",\"potentialAction\":[{\"@type\":\"CommentAction\",\"name\":\"Comment\",\"target\":[\"https:\/\/www.teoriamusical.es\/blog\/componer-musica-terror\/#respond\"]}]},{\"@type\":\"WebPage\",\"@id\":\"https:\/\/www.teoriamusical.es\/blog\/componer-musica-terror\/\",\"url\":\"https:\/\/www.teoriamusical.es\/blog\/componer-musica-terror\/\",\"name\":\"?Componer M\u00fasica para ?PERSONAJES DE TERROR? en ?Halloween? - Teor\u00eda Musical\",\"isPartOf\":{\"@id\":\"https:\/\/www.teoriamusical.es\/blog\/#website\"},\"datePublished\":\"2021-10-26T20:49:17+00:00\",\"dateModified\":\"2021-10-26T20:49:19+00:00\",\"description\":\"Componer m\u00fasica de terror para personajes infantiles parece un contrasentido, pero en esta historia todo es posible. Conoce a Sebastian.\",\"breadcrumb\":{\"@id\":\"https:\/\/www.teoriamusical.es\/blog\/componer-musica-terror\/#breadcrumb\"},\"inLanguage\":\"es\",\"potentialAction\":[{\"@type\":\"ReadAction\",\"target\":[\"https:\/\/www.teoriamusical.es\/blog\/componer-musica-terror\/\"]}]},{\"@type\":\"BreadcrumbList\",\"@id\":\"https:\/\/www.teoriamusical.es\/blog\/componer-musica-terror\/#breadcrumb\",\"itemListElement\":[{\"@type\":\"ListItem\",\"position\":1,\"name\":\"Home\",\"item\":\"https:\/\/www.teoriamusical.es\/blog\/\"},{\"@type\":\"ListItem\",\"position\":2,\"name\":\"?Componer M\u00fasica para ?PERSONAJES DE TERROR? en ?Halloween?\"}]},{\"@type\":\"WebSite\",\"@id\":\"https:\/\/www.teoriamusical.es\/blog\/#website\",\"url\":\"https:\/\/www.teoriamusical.es\/blog\/\",\"name\":\"Teor\u00eda Musical\",\"description\":\"Teor\u00eda Musical, Armon\u00eda Moderna y Cursos Online\",\"publisher\":{\"@id\":\"https:\/\/www.teoriamusical.es\/blog\/#\/schema\/person\/abbe30b6f6b449ac9e19ab236fe3d80c\"},\"potentialAction\":[{\"@type\":\"SearchAction\",\"target\":{\"@type\":\"EntryPoint\",\"urlTemplate\":\"https:\/\/www.teoriamusical.es\/blog\/?s={search_term_string}\"},\"query-input\":\"required name=search_term_string\"}],\"inLanguage\":\"es\"},{\"@type\":[\"Person\",\"Organization\"],\"@id\":\"https:\/\/www.teoriamusical.es\/blog\/#\/schema\/person\/abbe30b6f6b449ac9e19ab236fe3d80c\",\"name\":\"teoriamusical.es\",\"image\":{\"@type\":\"ImageObject\",\"inLanguage\":\"es\",\"@id\":\"https:\/\/www.teoriamusical.es\/blog\/#\/schema\/person\/image\/\",\"url\":\"https:\/\/secure.gravatar.com\/avatar\/1d7014e5a95916f717d86ab0aceffce14fd35c12b39d368d60384afae17e1760?s=96&d=mm&r=g\",\"contentUrl\":\"https:\/\/secure.gravatar.com\/avatar\/1d7014e5a95916f717d86ab0aceffce14fd35c12b39d368d60384afae17e1760?s=96&d=mm&r=g\",\"caption\":\"teoriamusical.es\"},\"logo\":{\"@id\":\"https:\/\/www.teoriamusical.es\/blog\/#\/schema\/person\/image\/\"}}]}<\/script>\n<!-- \/ Yoast SEO plugin. -->","yoast_head_json":{"title":"?Componer M\u00fasica para ?PERSONAJES DE TERROR? en ?Halloween? - Teor\u00eda Musical","description":"Componer m\u00fasica de terror para personajes infantiles parece un contrasentido, pero en esta historia todo es posible. Conoce a Sebastian.","robots":{"index":"index","follow":"follow","max-snippet":"max-snippet:-1","max-image-preview":"max-image-preview:large","max-video-preview":"max-video-preview:-1"},"canonical":"https:\/\/www.teoriamusical.es\/blog\/componer-musica-terror\/","og_locale":"es_ES","og_type":"article","og_title":"?Componer M\u00fasica para ?PERSONAJES DE TERROR? en ?Halloween? - Teor\u00eda Musical","og_description":"Componer m\u00fasica de terror para personajes infantiles parece un contrasentido, pero en esta historia todo es posible. Conoce a Sebastian.","og_url":"https:\/\/www.teoriamusical.es\/blog\/componer-musica-terror\/","og_site_name":"Teor\u00eda Musical","article_published_time":"2021-10-26T20:49:17+00:00","article_modified_time":"2021-10-26T20:49:19+00:00","author":"teoriamusical.es","twitter_card":"summary_large_image","twitter_misc":{"Escrito por":"teoriamusical.es","Tiempo de lectura":"3 minutos"},"schema":{"@context":"https:\/\/schema.org","@graph":[{"@type":"Article","@id":"https:\/\/www.teoriamusical.es\/blog\/componer-musica-terror\/#article","isPartOf":{"@id":"https:\/\/www.teoriamusical.es\/blog\/componer-musica-terror\/"},"author":{"name":"teoriamusical.es","@id":"https:\/\/www.teoriamusical.es\/blog\/#\/schema\/person\/abbe30b6f6b449ac9e19ab236fe3d80c"},"headline":"?Componer M\u00fasica para ?PERSONAJES DE TERROR? en ?Halloween?","datePublished":"2021-10-26T20:49:17+00:00","dateModified":"2021-10-26T20:49:19+00:00","mainEntityOfPage":{"@id":"https:\/\/www.teoriamusical.es\/blog\/componer-musica-terror\/"},"wordCount":540,"commentCount":0,"publisher":{"@id":"https:\/\/www.teoriamusical.es\/blog\/#\/schema\/person\/abbe30b6f6b449ac9e19ab236fe3d80c"},"articleSection":["Cursos de M\u00fasica"],"inLanguage":"es","potentialAction":[{"@type":"CommentAction","name":"Comment","target":["https:\/\/www.teoriamusical.es\/blog\/componer-musica-terror\/#respond"]}]},{"@type":"WebPage","@id":"https:\/\/www.teoriamusical.es\/blog\/componer-musica-terror\/","url":"https:\/\/www.teoriamusical.es\/blog\/componer-musica-terror\/","name":"?Componer M\u00fasica para ?PERSONAJES DE TERROR? en ?Halloween? - Teor\u00eda Musical","isPartOf":{"@id":"https:\/\/www.teoriamusical.es\/blog\/#website"},"datePublished":"2021-10-26T20:49:17+00:00","dateModified":"2021-10-26T20:49:19+00:00","description":"Componer m\u00fasica de terror para personajes infantiles parece un contrasentido, pero en esta historia todo es posible. Conoce a Sebastian.","breadcrumb":{"@id":"https:\/\/www.teoriamusical.es\/blog\/componer-musica-terror\/#breadcrumb"},"inLanguage":"es","potentialAction":[{"@type":"ReadAction","target":["https:\/\/www.teoriamusical.es\/blog\/componer-musica-terror\/"]}]},{"@type":"BreadcrumbList","@id":"https:\/\/www.teoriamusical.es\/blog\/componer-musica-terror\/#breadcrumb","itemListElement":[{"@type":"ListItem","position":1,"name":"Home","item":"https:\/\/www.teoriamusical.es\/blog\/"},{"@type":"ListItem","position":2,"name":"?Componer M\u00fasica para ?PERSONAJES DE TERROR? en ?Halloween?"}]},{"@type":"WebSite","@id":"https:\/\/www.teoriamusical.es\/blog\/#website","url":"https:\/\/www.teoriamusical.es\/blog\/","name":"Teor\u00eda Musical","description":"Teor\u00eda Musical, Armon\u00eda Moderna y Cursos Online","publisher":{"@id":"https:\/\/www.teoriamusical.es\/blog\/#\/schema\/person\/abbe30b6f6b449ac9e19ab236fe3d80c"},"potentialAction":[{"@type":"SearchAction","target":{"@type":"EntryPoint","urlTemplate":"https:\/\/www.teoriamusical.es\/blog\/?s={search_term_string}"},"query-input":"required name=search_term_string"}],"inLanguage":"es"},{"@type":["Person","Organization"],"@id":"https:\/\/www.teoriamusical.es\/blog\/#\/schema\/person\/abbe30b6f6b449ac9e19ab236fe3d80c","name":"teoriamusical.es","image":{"@type":"ImageObject","inLanguage":"es","@id":"https:\/\/www.teoriamusical.es\/blog\/#\/schema\/person\/image\/","url":"https:\/\/secure.gravatar.com\/avatar\/1d7014e5a95916f717d86ab0aceffce14fd35c12b39d368d60384afae17e1760?s=96&d=mm&r=g","contentUrl":"https:\/\/secure.gravatar.com\/avatar\/1d7014e5a95916f717d86ab0aceffce14fd35c12b39d368d60384afae17e1760?s=96&d=mm&r=g","caption":"teoriamusical.es"},"logo":{"@id":"https:\/\/www.teoriamusical.es\/blog\/#\/schema\/person\/image\/"}}]}},"jetpack_featured_media_url":"","jetpack-related-posts":[{"id":408,"url":"https:\/\/www.teoriamusical.es\/blog\/hacer-musica-para-television\/","url_meta":{"origin":413,"position":0},"title":"Como Hacer Musica para Televisi\u00f3n: Dibujos Animados","date":"octubre 20, 2021","format":false,"excerpt":"Hacer m\u00fasica para televisi\u00f3n tiene diferentes \u00e1reas, una de las m\u00e1s atractivas es la de hacer m\u00fasica para dibujos animados. Desde el comienzo del cine de animaci\u00f3n la m\u00fasica ha tenido un papel relevante y lo mismo podemos decir de la m\u00fasica para series de televisi\u00f3n. Empresas como Disney y\u2026","rel":"","context":"En \u00abAn\u00e1lisis Musical\u00bb","img":{"alt_text":"","src":"https:\/\/i0.wp.com\/img.youtube.com\/vi\/N92lm6j_Pfk\/0.jpg?resize=350%2C200","width":350,"height":200},"classes":[]},{"id":471,"url":"https:\/\/www.teoriamusical.es\/blog\/el-ritmo-teoria-musical\/","url_meta":{"origin":413,"position":1},"title":"Africa y el Ritmo &#8211; Teor\u00eda Musical","date":"junio 29, 2022","format":false,"excerpt":"El ritmo es uno de los elementos de la m\u00fasica que se abordan desde la teor\u00eda musical pero el ritmo en la m\u00fasica africana, o mejor dicho, el ritmo en \u00e1frica, es algo que va mucho m\u00e1s all\u00e1 de la m\u00fasica tal y como la teor\u00eda musical occidental la abarca.\u2026","rel":"","context":"En \u00abCursos de M\u00fasica\u00bb","img":{"alt_text":"","src":"https:\/\/i0.wp.com\/img.youtube.com\/vi\/f4CXRG9FLBo\/0.jpg?resize=350%2C200","width":350,"height":200},"classes":[]},{"id":156,"url":"https:\/\/www.teoriamusical.es\/blog\/componer-musica-para-videojuegos\/","url_meta":{"origin":413,"position":2},"title":"Componer m\u00fasica para videojuegos","date":"febrero 28, 2020","format":false,"excerpt":"Componer m\u00fasica para videojuegos, de eso toca hablar hoy. Concretamente no s\u00f3lo de componer m\u00fasica para videojuegos, de los distintos g\u00e9neros musicales que existen en el gaming, de cual es el perfil de cada uno de los jugadores y de qu\u00e9 m\u00fasica escuchan en base a este perfil de jugador.\u2026","rel":"","context":"En \u00abAn\u00e1lisis Musical\u00bb","img":{"alt_text":"","src":"https:\/\/i0.wp.com\/img.youtube.com\/vi\/4giPa2IVOuM\/0.jpg?resize=350%2C200","width":350,"height":200},"classes":[]},{"id":352,"url":"https:\/\/www.teoriamusical.es\/blog\/blues\/","url_meta":{"origin":413,"position":3},"title":"Blues &#8211; Armon\u00eda Moderna","date":"julio 31, 2021","format":false,"excerpt":"El Blues es un elemento clave en la armon\u00eda moderna de tradici\u00f3n afroamericana que sirve como base a m\u00fasicas de gran riqueza mel\u00f3dica, r\u00edtmica y arm\u00f3nica. Durante la era del swing dos grandes orquestas compart\u00edan el liderazgo de la escena jazzistica, la orquesta de Count Basie y la orquesta de\u2026","rel":"","context":"En \u00abAcordes\u00bb","img":{"alt_text":"","src":"https:\/\/i0.wp.com\/img.youtube.com\/vi\/gvofLngSgZs\/0.jpg?resize=350%2C200","width":350,"height":200},"classes":[]},{"id":440,"url":"https:\/\/www.teoriamusical.es\/blog\/analizando-musica-de-laura-pausini\/","url_meta":{"origin":413,"position":4},"title":"Analizando M\u00fasica de Laura Pausini","date":"noviembre 29, 2021","format":false,"excerpt":"Analizando m\u00fasica de Laura Pausini es un video de la secci\u00f3n c\u00f3mo sacar canciones de o\u00eddo, donde vemos c\u00f3mo sacar acordes de los temas que nos gustan sin tener que estar probando en el instrumento hasta encontrar uno que encaje. En este tema de Laura Pausini podemos escuchar una progresi\u00f3n\u2026","rel":"","context":"En \u00abAn\u00e1lisis Musical\u00bb","img":{"alt_text":"","src":"https:\/\/i0.wp.com\/img.youtube.com\/vi\/xv1k72AbgKo\/0.jpg?resize=350%2C200","width":350,"height":200},"classes":[]},{"id":456,"url":"https:\/\/www.teoriamusical.es\/blog\/arreglos-musicales-organizacion-por-capas\/","url_meta":{"origin":413,"position":5},"title":"Arreglos Musicales: Organizaci\u00f3n por Capas","date":"junio 29, 2022","format":false,"excerpt":"En los arreglos musicales hechos en el DAW la organizaci\u00f3n por capas es fundamental. En la orquestaci\u00f3n h\u00edbrida, organizar nuestras capas y saber c\u00f3mo combinarlas con los instrumentos orquestales es importante pero si queremos componer m\u00fasica electr\u00f3nica el saber organizar por capas nuestros arreglos musicales cobra m\u00e1s importancia todav\u00eda. En\u2026","rel":"","context":"En \u00abCursos de M\u00fasica\u00bb","img":{"alt_text":"","src":"https:\/\/i0.wp.com\/img.youtube.com\/vi\/fKUI37st1eM\/0.jpg?resize=350%2C200","width":350,"height":200},"classes":[]}],"_links":{"self":[{"href":"https:\/\/www.teoriamusical.es\/blog\/wp-json\/wp\/v2\/posts\/413","targetHints":{"allow":["GET"]}}],"collection":[{"href":"https:\/\/www.teoriamusical.es\/blog\/wp-json\/wp\/v2\/posts"}],"about":[{"href":"https:\/\/www.teoriamusical.es\/blog\/wp-json\/wp\/v2\/types\/post"}],"author":[{"embeddable":true,"href":"https:\/\/www.teoriamusical.es\/blog\/wp-json\/wp\/v2\/users\/1"}],"replies":[{"embeddable":true,"href":"https:\/\/www.teoriamusical.es\/blog\/wp-json\/wp\/v2\/comments?post=413"}],"version-history":[{"count":1,"href":"https:\/\/www.teoriamusical.es\/blog\/wp-json\/wp\/v2\/posts\/413\/revisions"}],"predecessor-version":[{"id":414,"href":"https:\/\/www.teoriamusical.es\/blog\/wp-json\/wp\/v2\/posts\/413\/revisions\/414"}],"wp:attachment":[{"href":"https:\/\/www.teoriamusical.es\/blog\/wp-json\/wp\/v2\/media?parent=413"}],"wp:term":[{"taxonomy":"category","embeddable":true,"href":"https:\/\/www.teoriamusical.es\/blog\/wp-json\/wp\/v2\/categories?post=413"},{"taxonomy":"post_tag","embeddable":true,"href":"https:\/\/www.teoriamusical.es\/blog\/wp-json\/wp\/v2\/tags?post=413"}],"curies":[{"name":"wp","href":"https:\/\/api.w.org\/{rel}","templated":true}]}}