{"id":404,"date":"2021-10-12T09:08:45","date_gmt":"2021-10-12T07:08:45","guid":{"rendered":"https:\/\/www.teoriamusical.es\/blog\/?p=404"},"modified":"2021-10-12T09:09:54","modified_gmt":"2021-10-12T07:09:54","slug":"cadencias","status":"publish","type":"post","link":"https:\/\/www.teoriamusical.es\/blog\/cadencias\/","title":{"rendered":"Cadencias y Armon\u00eda"},"content":{"rendered":"\n<p>En la armon\u00eda funcional las cadencias son un elemento important\u00edsimo ya &nbsp;que nos se\u00f1alan nuestro centro tonal. Muchas obras en la m\u00fasica cl\u00e1sica &nbsp;se estructuran en torno a las cadencias, implicando &nbsp;diferentes procesos cadenciales. Un an\u00e1lisis arm\u00f3nico de obras de distintos &nbsp;autores desde Bach hasta Charlie Parker nos se\u00f1ala con claridad la &nbsp;importancia que tienen las cadencias, sea en contextos tonales o en &nbsp;contextos de tonalidad extendida.&nbsp;<\/p>\n\n\n\n<p>Uno de los mayores retos que ha enfrentado la m\u00fasica post-tonal que se &nbsp;apoya en centralidad ha sido precisamente buscar alternativas o &nbsp;equivalentes arm\u00f3nicos a las cadencias.&nbsp;<\/p>\n\n\n\n<p>Diferentes estilos musicales tienen entre sus caracter\u00edsticas esenciales  por lo que conocerlas y saberlas &nbsp;utilizar es importante para cualquiera que se tome en serio la &nbsp;composici\u00f3n musical. Comprender los procesos cadenciales de la m\u00fasica &nbsp;cl\u00e1sica, de la m\u00fasica modal, del rock, del pop, del jazz, del neosoul y &nbsp;del gospel, entre otros, es una forma efectiva de ampliar nuestro &nbsp;vocabulario arm\u00f3nico.<\/p>\n\n\n\n<figure class=\"wp-block-embed is-type-video is-provider-youtube wp-block-embed-youtube wp-embed-aspect-16-9 wp-has-aspect-ratio\"><div class=\"wp-block-embed__wrapper\">\n<iframe loading=\"lazy\" title=\"Cadencias - Armon\u00eda Moderna\" width=\"584\" height=\"329\" src=\"https:\/\/www.youtube.com\/embed\/HUTgkUnBrM4?feature=oembed\" frameborder=\"0\" allow=\"accelerometer; autoplay; clipboard-write; encrypted-media; gyroscope; picture-in-picture; web-share\" referrerpolicy=\"strict-origin-when-cross-origin\" allowfullscreen><\/iframe>\n<\/div><\/figure>\n\n\n\n<p> \u00bfTe Interesa la armon\u00eda moderna, los voicings y el desarrollo mel\u00f3dico? Echa un vistazo a mis <a href=\"https:\/\/www.teoriamusical.es\/blog\/cursos-de-musica\/\">cursos de m\u00fasica online<\/a> y al contenido gratuito en mi <a href=\"http:\/\/www.youtube.com\/countblissett\">canal de Youtube<\/a>. <\/p>\n","protected":false},"excerpt":{"rendered":"<p>En la armon\u00eda funcional las cadencias son un elemento important\u00edsimo ya &nbsp;que nos se\u00f1alan nuestro centro tonal. Muchas obras en la m\u00fasica cl\u00e1sica &nbsp;se estructuran en torno a las cadencias, implicando &nbsp;diferentes procesos cadenciales. Un an\u00e1lisis arm\u00f3nico de obras de &hellip; <a href=\"https:\/\/www.teoriamusical.es\/blog\/cadencias\/\">Sigue leyendo <span class=\"meta-nav\">&rarr;<\/span><\/a><\/p>\n","protected":false},"author":1,"featured_media":0,"comment_status":"open","ping_status":"open","sticky":false,"template":"","format":"standard","meta":{"_monsterinsights_skip_tracking":false,"_monsterinsights_sitenote_active":false,"_monsterinsights_sitenote_note":"","_monsterinsights_sitenote_category":0,"footnotes":""},"categories":[15,16],"tags":[],"class_list":["post-404","post","type-post","status-publish","format-standard","hentry","category-armonia-moderna","category-lenguaje-armonico"],"yoast_head":"<!-- This site is optimized with the Yoast SEO plugin v19.6 - https:\/\/yoast.com\/wordpress\/plugins\/seo\/ -->\n<title>Cadencias y Armon\u00eda - Teor\u00eda Musical<\/title>\n<meta name=\"description\" content=\"Cadencias en la armon\u00eda nos ayudan a crear estructura y una forma l\u00f3gica apoyada en los procesos cadenciales.\" \/>\n<meta name=\"robots\" content=\"index, follow, max-snippet:-1, max-image-preview:large, max-video-preview:-1\" \/>\n<link rel=\"canonical\" href=\"https:\/\/www.teoriamusical.es\/blog\/cadencias\/\" \/>\n<meta property=\"og:locale\" content=\"es_ES\" \/>\n<meta property=\"og:type\" content=\"article\" \/>\n<meta property=\"og:title\" content=\"Cadencias y Armon\u00eda - Teor\u00eda Musical\" \/>\n<meta property=\"og:description\" content=\"Cadencias en la armon\u00eda nos ayudan a crear estructura y una forma l\u00f3gica apoyada en los procesos cadenciales.\" \/>\n<meta property=\"og:url\" content=\"https:\/\/www.teoriamusical.es\/blog\/cadencias\/\" \/>\n<meta property=\"og:site_name\" content=\"Teor\u00eda Musical\" \/>\n<meta property=\"article:published_time\" content=\"2021-10-12T07:08:45+00:00\" \/>\n<meta property=\"article:modified_time\" content=\"2021-10-12T07:09:54+00:00\" \/>\n<meta name=\"author\" content=\"teoriamusical.es\" \/>\n<meta name=\"twitter:card\" content=\"summary_large_image\" \/>\n<meta name=\"twitter:label1\" content=\"Escrito por\" \/>\n\t<meta name=\"twitter:data1\" content=\"teoriamusical.es\" \/>\n\t<meta name=\"twitter:label2\" content=\"Tiempo de lectura\" \/>\n\t<meta name=\"twitter:data2\" content=\"1 minuto\" \/>\n<script type=\"application\/ld+json\" class=\"yoast-schema-graph\">{\"@context\":\"https:\/\/schema.org\",\"@graph\":[{\"@type\":\"Article\",\"@id\":\"https:\/\/www.teoriamusical.es\/blog\/cadencias\/#article\",\"isPartOf\":{\"@id\":\"https:\/\/www.teoriamusical.es\/blog\/cadencias\/\"},\"author\":{\"name\":\"teoriamusical.es\",\"@id\":\"https:\/\/www.teoriamusical.es\/blog\/#\/schema\/person\/abbe30b6f6b449ac9e19ab236fe3d80c\"},\"headline\":\"Cadencias y Armon\u00eda\",\"datePublished\":\"2021-10-12T07:08:45+00:00\",\"dateModified\":\"2021-10-12T07:09:54+00:00\",\"mainEntityOfPage\":{\"@id\":\"https:\/\/www.teoriamusical.es\/blog\/cadencias\/\"},\"wordCount\":226,\"commentCount\":0,\"publisher\":{\"@id\":\"https:\/\/www.teoriamusical.es\/blog\/#\/schema\/person\/abbe30b6f6b449ac9e19ab236fe3d80c\"},\"articleSection\":[\"Armon\u00eda Moderna\",\"Lenguaje Arm\u00f3nico\"],\"inLanguage\":\"es\",\"potentialAction\":[{\"@type\":\"CommentAction\",\"name\":\"Comment\",\"target\":[\"https:\/\/www.teoriamusical.es\/blog\/cadencias\/#respond\"]}]},{\"@type\":\"WebPage\",\"@id\":\"https:\/\/www.teoriamusical.es\/blog\/cadencias\/\",\"url\":\"https:\/\/www.teoriamusical.es\/blog\/cadencias\/\",\"name\":\"Cadencias y Armon\u00eda - Teor\u00eda Musical\",\"isPartOf\":{\"@id\":\"https:\/\/www.teoriamusical.es\/blog\/#website\"},\"datePublished\":\"2021-10-12T07:08:45+00:00\",\"dateModified\":\"2021-10-12T07:09:54+00:00\",\"description\":\"Cadencias en la armon\u00eda nos ayudan a crear estructura y una forma l\u00f3gica apoyada en los procesos cadenciales.\",\"breadcrumb\":{\"@id\":\"https:\/\/www.teoriamusical.es\/blog\/cadencias\/#breadcrumb\"},\"inLanguage\":\"es\",\"potentialAction\":[{\"@type\":\"ReadAction\",\"target\":[\"https:\/\/www.teoriamusical.es\/blog\/cadencias\/\"]}]},{\"@type\":\"BreadcrumbList\",\"@id\":\"https:\/\/www.teoriamusical.es\/blog\/cadencias\/#breadcrumb\",\"itemListElement\":[{\"@type\":\"ListItem\",\"position\":1,\"name\":\"Home\",\"item\":\"https:\/\/www.teoriamusical.es\/blog\/\"},{\"@type\":\"ListItem\",\"position\":2,\"name\":\"Cadencias y Armon\u00eda\"}]},{\"@type\":\"WebSite\",\"@id\":\"https:\/\/www.teoriamusical.es\/blog\/#website\",\"url\":\"https:\/\/www.teoriamusical.es\/blog\/\",\"name\":\"Teor\u00eda Musical\",\"description\":\"Teor\u00eda Musical, Armon\u00eda Moderna y Cursos Online\",\"publisher\":{\"@id\":\"https:\/\/www.teoriamusical.es\/blog\/#\/schema\/person\/abbe30b6f6b449ac9e19ab236fe3d80c\"},\"potentialAction\":[{\"@type\":\"SearchAction\",\"target\":{\"@type\":\"EntryPoint\",\"urlTemplate\":\"https:\/\/www.teoriamusical.es\/blog\/?s={search_term_string}\"},\"query-input\":\"required name=search_term_string\"}],\"inLanguage\":\"es\"},{\"@type\":[\"Person\",\"Organization\"],\"@id\":\"https:\/\/www.teoriamusical.es\/blog\/#\/schema\/person\/abbe30b6f6b449ac9e19ab236fe3d80c\",\"name\":\"teoriamusical.es\",\"image\":{\"@type\":\"ImageObject\",\"inLanguage\":\"es\",\"@id\":\"https:\/\/www.teoriamusical.es\/blog\/#\/schema\/person\/image\/\",\"url\":\"https:\/\/secure.gravatar.com\/avatar\/1d7014e5a95916f717d86ab0aceffce14fd35c12b39d368d60384afae17e1760?s=96&d=mm&r=g\",\"contentUrl\":\"https:\/\/secure.gravatar.com\/avatar\/1d7014e5a95916f717d86ab0aceffce14fd35c12b39d368d60384afae17e1760?s=96&d=mm&r=g\",\"caption\":\"teoriamusical.es\"},\"logo\":{\"@id\":\"https:\/\/www.teoriamusical.es\/blog\/#\/schema\/person\/image\/\"}}]}<\/script>\n<!-- \/ Yoast SEO plugin. -->","yoast_head_json":{"title":"Cadencias y Armon\u00eda - Teor\u00eda Musical","description":"Cadencias en la armon\u00eda nos ayudan a crear estructura y una forma l\u00f3gica apoyada en los procesos cadenciales.","robots":{"index":"index","follow":"follow","max-snippet":"max-snippet:-1","max-image-preview":"max-image-preview:large","max-video-preview":"max-video-preview:-1"},"canonical":"https:\/\/www.teoriamusical.es\/blog\/cadencias\/","og_locale":"es_ES","og_type":"article","og_title":"Cadencias y Armon\u00eda - Teor\u00eda Musical","og_description":"Cadencias en la armon\u00eda nos ayudan a crear estructura y una forma l\u00f3gica apoyada en los procesos cadenciales.","og_url":"https:\/\/www.teoriamusical.es\/blog\/cadencias\/","og_site_name":"Teor\u00eda Musical","article_published_time":"2021-10-12T07:08:45+00:00","article_modified_time":"2021-10-12T07:09:54+00:00","author":"teoriamusical.es","twitter_card":"summary_large_image","twitter_misc":{"Escrito por":"teoriamusical.es","Tiempo de lectura":"1 minuto"},"schema":{"@context":"https:\/\/schema.org","@graph":[{"@type":"Article","@id":"https:\/\/www.teoriamusical.es\/blog\/cadencias\/#article","isPartOf":{"@id":"https:\/\/www.teoriamusical.es\/blog\/cadencias\/"},"author":{"name":"teoriamusical.es","@id":"https:\/\/www.teoriamusical.es\/blog\/#\/schema\/person\/abbe30b6f6b449ac9e19ab236fe3d80c"},"headline":"Cadencias y Armon\u00eda","datePublished":"2021-10-12T07:08:45+00:00","dateModified":"2021-10-12T07:09:54+00:00","mainEntityOfPage":{"@id":"https:\/\/www.teoriamusical.es\/blog\/cadencias\/"},"wordCount":226,"commentCount":0,"publisher":{"@id":"https:\/\/www.teoriamusical.es\/blog\/#\/schema\/person\/abbe30b6f6b449ac9e19ab236fe3d80c"},"articleSection":["Armon\u00eda Moderna","Lenguaje Arm\u00f3nico"],"inLanguage":"es","potentialAction":[{"@type":"CommentAction","name":"Comment","target":["https:\/\/www.teoriamusical.es\/blog\/cadencias\/#respond"]}]},{"@type":"WebPage","@id":"https:\/\/www.teoriamusical.es\/blog\/cadencias\/","url":"https:\/\/www.teoriamusical.es\/blog\/cadencias\/","name":"Cadencias y Armon\u00eda - Teor\u00eda Musical","isPartOf":{"@id":"https:\/\/www.teoriamusical.es\/blog\/#website"},"datePublished":"2021-10-12T07:08:45+00:00","dateModified":"2021-10-12T07:09:54+00:00","description":"Cadencias en la armon\u00eda nos ayudan a crear estructura y una forma l\u00f3gica apoyada en los procesos cadenciales.","breadcrumb":{"@id":"https:\/\/www.teoriamusical.es\/blog\/cadencias\/#breadcrumb"},"inLanguage":"es","potentialAction":[{"@type":"ReadAction","target":["https:\/\/www.teoriamusical.es\/blog\/cadencias\/"]}]},{"@type":"BreadcrumbList","@id":"https:\/\/www.teoriamusical.es\/blog\/cadencias\/#breadcrumb","itemListElement":[{"@type":"ListItem","position":1,"name":"Home","item":"https:\/\/www.teoriamusical.es\/blog\/"},{"@type":"ListItem","position":2,"name":"Cadencias y Armon\u00eda"}]},{"@type":"WebSite","@id":"https:\/\/www.teoriamusical.es\/blog\/#website","url":"https:\/\/www.teoriamusical.es\/blog\/","name":"Teor\u00eda Musical","description":"Teor\u00eda Musical, Armon\u00eda Moderna y Cursos Online","publisher":{"@id":"https:\/\/www.teoriamusical.es\/blog\/#\/schema\/person\/abbe30b6f6b449ac9e19ab236fe3d80c"},"potentialAction":[{"@type":"SearchAction","target":{"@type":"EntryPoint","urlTemplate":"https:\/\/www.teoriamusical.es\/blog\/?s={search_term_string}"},"query-input":"required name=search_term_string"}],"inLanguage":"es"},{"@type":["Person","Organization"],"@id":"https:\/\/www.teoriamusical.es\/blog\/#\/schema\/person\/abbe30b6f6b449ac9e19ab236fe3d80c","name":"teoriamusical.es","image":{"@type":"ImageObject","inLanguage":"es","@id":"https:\/\/www.teoriamusical.es\/blog\/#\/schema\/person\/image\/","url":"https:\/\/secure.gravatar.com\/avatar\/1d7014e5a95916f717d86ab0aceffce14fd35c12b39d368d60384afae17e1760?s=96&d=mm&r=g","contentUrl":"https:\/\/secure.gravatar.com\/avatar\/1d7014e5a95916f717d86ab0aceffce14fd35c12b39d368d60384afae17e1760?s=96&d=mm&r=g","caption":"teoriamusical.es"},"logo":{"@id":"https:\/\/www.teoriamusical.es\/blog\/#\/schema\/person\/image\/"}}]}},"jetpack_featured_media_url":"","jetpack-related-posts":[{"id":314,"url":"https:\/\/www.teoriamusical.es\/blog\/procesos-cadenciales\/","url_meta":{"origin":404,"position":0},"title":"Procesos Cadenciales","date":"julio 16, 2021","format":false,"excerpt":"Una parte importante del lenguaje arm\u00f3nico son los procesos cadenciales. Los procesos cadenciales entendidos como algo que define el lenguaje musical que empleamos, que cambia en distintas \u00e9pocas y estilos y de los que debemos ser conscientes para mejorar nuestro dominio de la armon\u00eda, la direccionalidad tanto arm\u00f3nica como mel\u00f3dica\u2026","rel":"","context":"En \u00abArmon\u00eda Moderna\u00bb","img":{"alt_text":"","src":"https:\/\/i0.wp.com\/img.youtube.com\/vi\/ELPNYcekQlU\/0.jpg?resize=350%2C200","width":350,"height":200},"classes":[]},{"id":85,"url":"https:\/\/www.teoriamusical.es\/blog\/tonalidad-acorde\/","url_meta":{"origin":404,"position":1},"title":"Tonalidad y Acorde","date":"diciembre 5, 2019","format":false,"excerpt":"Tonalidad y acorde tienen, en armon\u00eda funcional, una relaci\u00f3n. Siempre explico, en mis cursos online, en mis clases particulares y en mis videos de Youtube, que debemos saber 3 cosas sobre un acorde; su forma (voicing), el modo que tiene debajo y su escala fuente. Esa escala fuente est\u00e1 en\u2026","rel":"","context":"En \u00abAcordes\u00bb","img":{"alt_text":"","src":"https:\/\/i0.wp.com\/img.youtube.com\/vi\/5f6fnYnNXes\/0.jpg?resize=350%2C200","width":350,"height":200},"classes":[]},{"id":252,"url":"https:\/\/www.teoriamusical.es\/blog\/progresiones-de-acordes-sin-usar-dominantes\/","url_meta":{"origin":404,"position":2},"title":"\u00bfProgresiones de acordes sin usar dominantes?","date":"julio 16, 2021","format":false,"excerpt":"Creamos y usamos progresiones de acordes continuamente. Tenemos acordes de reposo, o acordes de t\u00f3nica, tenemos acordes que se mueven hacia alguna parte, o acordes subdominantes, y tenemos acordes dominantes, que tienen una imperiosa necesidad de resolver. La m\u00fasica occidental se construye sobre esta relaci\u00f3n t\u00f3nica, subdominante, dominante pero... \u00bfqu\u00e9\u2026","rel":"","context":"En \u00abAcordes\u00bb","img":{"alt_text":"","src":"https:\/\/i0.wp.com\/img.youtube.com\/vi\/-j-CsM27WQQ\/0.jpg?resize=350%2C200","width":350,"height":200},"classes":[]},{"id":282,"url":"https:\/\/www.teoriamusical.es\/blog\/dominantes-extendidos\/","url_meta":{"origin":404,"position":3},"title":"Dominantes Extendidos","date":"julio 16, 2021","format":false,"excerpt":"Los dominantes extendidos suelen crear confusi\u00f3n; alguna gente los confunde con dominantes secundarios y, en menor medida, con dominantes sustitutos. Todos estos acordes de dominante y sus correctas relaciones escala\/acorde est\u00e1n cubiertas en mi masterclass de armon\u00eda moderna, pero para los suscriptores del canal que no est\u00e1n en mis cursos,\u2026","rel":"","context":"En \u00abAcordes\u00bb","img":{"alt_text":"","src":"https:\/\/i0.wp.com\/img.youtube.com\/vi\/mD2nn_wVJqY\/0.jpg?resize=350%2C200","width":350,"height":200},"classes":[]},{"id":465,"url":"https:\/\/www.teoriamusical.es\/blog\/la-clave-del-intercambio-modal\/","url_meta":{"origin":404,"position":4},"title":"La Clave del Intercambio Modal","date":"junio 29, 2022","format":false,"excerpt":"El intercambio modal es un recurso que, en armon\u00eda moderna, nos prepara para la tonalidad extendida, que est\u00e1 a la orden del d\u00eda en la pr\u00e1ctica jazzistica, tanto en composici\u00f3n como en improvisaci\u00f3n. Aprender los recursos arm\u00f3nicos y las formas de ver la armon\u00eda que se tienen en distintos estilos\u2026","rel":"","context":"En \u00abCursos de M\u00fasica\u00bb","img":{"alt_text":"","src":"https:\/\/i0.wp.com\/img.youtube.com\/vi\/_6_BtKDiroM\/0.jpg?resize=350%2C200","width":350,"height":200},"classes":[]},{"id":296,"url":"https:\/\/www.teoriamusical.es\/blog\/tonalidad-extendida-como-usarla\/","url_meta":{"origin":404,"position":5},"title":"Tonalidad Extendida: C\u00f3mo Usarla.","date":"julio 16, 2021","format":false,"excerpt":"Intercambio modal es un recurso habitual cuando en jazz y otros estilos empezamos enriquecer nuestra armon\u00eda, utilizando acordes que pertenece a otras areas tonales pero con el mismo centro. Con el tiempo esto va evolucionando y, armonicamente, empezamos a sentir que estamos en una tonalidad sin que nos importe demasiado\u2026","rel":"","context":"En \u00abArmon\u00eda Moderna\u00bb","img":{"alt_text":"","src":"https:\/\/i0.wp.com\/img.youtube.com\/vi\/qVUyddUkKnA\/0.jpg?resize=350%2C200","width":350,"height":200},"classes":[]}],"_links":{"self":[{"href":"https:\/\/www.teoriamusical.es\/blog\/wp-json\/wp\/v2\/posts\/404","targetHints":{"allow":["GET"]}}],"collection":[{"href":"https:\/\/www.teoriamusical.es\/blog\/wp-json\/wp\/v2\/posts"}],"about":[{"href":"https:\/\/www.teoriamusical.es\/blog\/wp-json\/wp\/v2\/types\/post"}],"author":[{"embeddable":true,"href":"https:\/\/www.teoriamusical.es\/blog\/wp-json\/wp\/v2\/users\/1"}],"replies":[{"embeddable":true,"href":"https:\/\/www.teoriamusical.es\/blog\/wp-json\/wp\/v2\/comments?post=404"}],"version-history":[{"count":2,"href":"https:\/\/www.teoriamusical.es\/blog\/wp-json\/wp\/v2\/posts\/404\/revisions"}],"predecessor-version":[{"id":407,"href":"https:\/\/www.teoriamusical.es\/blog\/wp-json\/wp\/v2\/posts\/404\/revisions\/407"}],"wp:attachment":[{"href":"https:\/\/www.teoriamusical.es\/blog\/wp-json\/wp\/v2\/media?parent=404"}],"wp:term":[{"taxonomy":"category","embeddable":true,"href":"https:\/\/www.teoriamusical.es\/blog\/wp-json\/wp\/v2\/categories?post=404"},{"taxonomy":"post_tag","embeddable":true,"href":"https:\/\/www.teoriamusical.es\/blog\/wp-json\/wp\/v2\/tags?post=404"}],"curies":[{"name":"wp","href":"https:\/\/api.w.org\/{rel}","templated":true}]}}