{"id":40,"date":"2019-12-04T12:25:44","date_gmt":"2019-12-04T12:25:44","guid":{"rendered":"http:\/\/www.teoriamusical.es\/blog\/?p=40"},"modified":"2019-12-04T14:09:34","modified_gmt":"2019-12-04T13:09:34","slug":"proceso-creativo","status":"publish","type":"post","link":"https:\/\/www.teoriamusical.es\/blog\/proceso-creativo\/","title":{"rendered":"Proceso Creativo, \u00bfLe Afecta La M\u00fasica? Preguntemos."},"content":{"rendered":"\n<p>\u00bfC\u00f3mo afecta la m\u00fasica al proceso creativo?<\/p>\n\n\n\n<p> Esta fue la pregunta que realic\u00e9 a distintos profesionales de distintos campos relacionados con la creatividad. Todos ellos tienen un proceso, claro, pero&#8230;<\/p>\n\n\n\n<p>\u00bfQu\u00e9 m\u00fasica escuchan mientras hacen lo que hacen?<\/p>\n\n\n\n<p>\u00bfLes afecta de alguna forma?<\/p>\n\n\n\n<p>Es decir, \u00bfes la creaci\u00f3n no musical sensible a la m\u00fasica?<\/p>\n\n\n\n<p>Pregunt\u00e9 sobre esto a un escritor, una dibujante\/ilustradora y un dise\u00f1ador gr\u00e1fico. La pregunta era basicamente \u00bfc\u00f3mo afecta la m\u00fasica al proceso creativo?<\/p>\n\n\n\n<p><a href=\"http:\/\/atrozconleche.com\/author\/flanagan\/\">Flannagan McPhee<\/a>, escritor de <a href=\"https:\/\/www.muevetulengua.com\/libros\/libros\/186-manual-del-perfecto-dejado-flanagan-mcphee-e-ivan-haron.html\">El Manual del Perfecto Dejado<\/a> (libro del cual hicimos concurso en un directo posterior)<\/p>\n\n\n\n<p><a href=\"https:\/\/www.instagram.com\/lorenaloguen\/\">Lorena Loguen<\/a>, ilustradora increible en uno de sus primeros videos p\u00fablicos (y con la cual, mientras escribo esto, estoy preparando algo para el canal)<\/p>\n\n\n\n<p><a href=\"https:\/\/www.instagram.com\/nanospawn\/\">Nanospawn<\/a>, dise\u00f1ador profesional que de vez en cuando me echa una mano importante con el dise\u00f1o de cosas para Youtube.<\/p>\n\n\n\n<p>En este video ten\u00e9is sus respuestas.<\/p>\n\n\n\n<figure class=\"wp-block-embed-youtube wp-block-embed is-type-video is-provider-youtube wp-embed-aspect-16-9 wp-has-aspect-ratio\"><div class=\"wp-block-embed__wrapper\">\n<iframe loading=\"lazy\" title=\"C\u00f3mo Afecta La Musica Al Proceso Creativo\" width=\"584\" height=\"329\" src=\"https:\/\/www.youtube.com\/embed\/_gXayfl9UyY?feature=oembed\" frameborder=\"0\" allow=\"accelerometer; autoplay; clipboard-write; encrypted-media; gyroscope; picture-in-picture; web-share\" referrerpolicy=\"strict-origin-when-cross-origin\" allowfullscreen><\/iframe>\n<\/div><figcaption><strong>\u00bfC\u00f3mo afecta la m\u00fasica al proceso creativo?<\/strong><\/figcaption><\/figure>\n\n\n\n<h2 class=\"wp-block-heading\">MI PROPIO PROCESO<\/h2>\n\n\n\n<p>Como el video estaba centrado en c\u00f3mo afecta la m\u00fasica al proceso de creativos que no son m\u00fasicos, no habl\u00e9 del m\u00edo, ya que al ser compositor se supone que no escucho m\u00fasica durante el proceso de crear m\u00fasica.<\/p>\n\n\n\n<p>Sin embargo, s\u00ed que intento construir un entorno de m\u00fasica que tenga alguna relaci\u00f3n con lo que voy a hacer, es decir:<\/p>\n\n\n\n<p>Si voy a componer algo orquestal, escucho mucha m\u00fasica orquestal. Si estoy grabando un curso de desarrollo mel\u00f3dico intento escuchar m\u00fasica con mucho desarrollo. Si voy a hablar de acordes m\u00e1s complejos, escucho m\u00fasica que los utiliza.<\/p>\n\n\n\n<p>En resumen, intento que el microclima musical de mi estudio, sobre el que tengo control, sea rico en aquello de lo que quiero hablar o, simplemente, en aquellos recursos que quiero adquirir o mejorar.<\/p>\n\n\n\n<p>Si te interesa la creaci\u00f3n musical \u00e9chale un vistazo a mis <a href=\"http:\/\/www.teoriamusical.es\">cursos de m\u00fasica<\/a>.<\/p>\n\n\n\n<p><\/p>\n","protected":false},"excerpt":{"rendered":"<p>\u00bfC\u00f3mo afecta la m\u00fasica al proceso creativo? Esta fue la pregunta que realic\u00e9 a distintos profesionales de distintos campos relacionados con la creatividad. Todos ellos tienen un proceso, claro, pero&#8230; \u00bfQu\u00e9 m\u00fasica escuchan mientras hacen lo que hacen? \u00bfLes afecta &hellip; <a href=\"https:\/\/www.teoriamusical.es\/blog\/proceso-creativo\/\">Sigue leyendo <span class=\"meta-nav\">&rarr;<\/span><\/a><\/p>\n","protected":false},"author":1,"featured_media":0,"comment_status":"open","ping_status":"open","sticky":false,"template":"","format":"standard","meta":{"_monsterinsights_skip_tracking":false,"_monsterinsights_sitenote_active":false,"_monsterinsights_sitenote_note":"","_monsterinsights_sitenote_category":0,"footnotes":""},"categories":[27,26],"tags":[28,32,30,29],"class_list":["post-40","post","type-post","status-publish","format-standard","hentry","category-creatividad","category-entrevistas","tag-creatividad","tag-entrevista","tag-escritura","tag-musica"],"yoast_head":"<!-- This site is optimized with the Yoast SEO plugin v19.6 - https:\/\/yoast.com\/wordpress\/plugins\/seo\/ -->\n<title>Proceso Creativo, \u00bfLe Afecta La M\u00fasica? Preguntemos. -<\/title>\n<meta name=\"description\" content=\"Varios creativos de distintos campos hablan de c\u00f3mo afecta la m\u00fasica a su proceso creativo. \u00fatil para creativos: escritores, dise\u00f1adores, ilustradores, etc.\" \/>\n<meta name=\"robots\" content=\"index, follow, max-snippet:-1, max-image-preview:large, max-video-preview:-1\" \/>\n<link rel=\"canonical\" href=\"https:\/\/www.teoriamusical.es\/blog\/proceso-creativo\/\" \/>\n<meta property=\"og:locale\" content=\"es_ES\" \/>\n<meta property=\"og:type\" content=\"article\" \/>\n<meta property=\"og:title\" content=\"Proceso Creativo, \u00bfLe Afecta La M\u00fasica? Preguntemos. -\" \/>\n<meta property=\"og:description\" content=\"Varios creativos de distintos campos hablan de c\u00f3mo afecta la m\u00fasica a su proceso creativo. \u00fatil para creativos: escritores, dise\u00f1adores, ilustradores, etc.\" \/>\n<meta property=\"og:url\" content=\"https:\/\/www.teoriamusical.es\/blog\/proceso-creativo\/\" \/>\n<meta property=\"og:site_name\" content=\"Teor\u00eda Musical\" \/>\n<meta property=\"article:published_time\" content=\"2019-12-04T12:25:44+00:00\" \/>\n<meta property=\"article:modified_time\" content=\"2019-12-04T13:09:34+00:00\" \/>\n<meta name=\"author\" content=\"teoriamusical.es\" \/>\n<meta name=\"twitter:card\" content=\"summary_large_image\" \/>\n<meta name=\"twitter:label1\" content=\"Escrito por\" \/>\n\t<meta name=\"twitter:data1\" content=\"teoriamusical.es\" \/>\n\t<meta name=\"twitter:label2\" content=\"Tiempo de lectura\" \/>\n\t<meta name=\"twitter:data2\" content=\"2 minutos\" \/>\n<script type=\"application\/ld+json\" class=\"yoast-schema-graph\">{\"@context\":\"https:\/\/schema.org\",\"@graph\":[{\"@type\":\"Article\",\"@id\":\"https:\/\/www.teoriamusical.es\/blog\/proceso-creativo\/#article\",\"isPartOf\":{\"@id\":\"https:\/\/www.teoriamusical.es\/blog\/proceso-creativo\/\"},\"author\":{\"name\":\"teoriamusical.es\",\"@id\":\"https:\/\/www.teoriamusical.es\/blog\/#\/schema\/person\/abbe30b6f6b449ac9e19ab236fe3d80c\"},\"headline\":\"Proceso Creativo, \u00bfLe Afecta La M\u00fasica? Preguntemos.\",\"datePublished\":\"2019-12-04T12:25:44+00:00\",\"dateModified\":\"2019-12-04T13:09:34+00:00\",\"mainEntityOfPage\":{\"@id\":\"https:\/\/www.teoriamusical.es\/blog\/proceso-creativo\/\"},\"wordCount\":345,\"commentCount\":0,\"publisher\":{\"@id\":\"https:\/\/www.teoriamusical.es\/blog\/#\/schema\/person\/abbe30b6f6b449ac9e19ab236fe3d80c\"},\"keywords\":[\"creatividad\",\"entrevista\",\"escritura\",\"m\u00fasica\"],\"articleSection\":[\"creatividad\",\"Entrevistas\"],\"inLanguage\":\"es\",\"potentialAction\":[{\"@type\":\"CommentAction\",\"name\":\"Comment\",\"target\":[\"https:\/\/www.teoriamusical.es\/blog\/proceso-creativo\/#respond\"]}]},{\"@type\":\"WebPage\",\"@id\":\"https:\/\/www.teoriamusical.es\/blog\/proceso-creativo\/\",\"url\":\"https:\/\/www.teoriamusical.es\/blog\/proceso-creativo\/\",\"name\":\"Proceso Creativo, \u00bfLe Afecta La M\u00fasica? Preguntemos. -\",\"isPartOf\":{\"@id\":\"https:\/\/www.teoriamusical.es\/blog\/#website\"},\"datePublished\":\"2019-12-04T12:25:44+00:00\",\"dateModified\":\"2019-12-04T13:09:34+00:00\",\"description\":\"Varios creativos de distintos campos hablan de c\u00f3mo afecta la m\u00fasica a su proceso creativo. \u00fatil para creativos: escritores, dise\u00f1adores, ilustradores, etc.\",\"breadcrumb\":{\"@id\":\"https:\/\/www.teoriamusical.es\/blog\/proceso-creativo\/#breadcrumb\"},\"inLanguage\":\"es\",\"potentialAction\":[{\"@type\":\"ReadAction\",\"target\":[\"https:\/\/www.teoriamusical.es\/blog\/proceso-creativo\/\"]}]},{\"@type\":\"BreadcrumbList\",\"@id\":\"https:\/\/www.teoriamusical.es\/blog\/proceso-creativo\/#breadcrumb\",\"itemListElement\":[{\"@type\":\"ListItem\",\"position\":1,\"name\":\"Home\",\"item\":\"https:\/\/www.teoriamusical.es\/blog\/\"},{\"@type\":\"ListItem\",\"position\":2,\"name\":\"Proceso Creativo, \u00bfLe Afecta La M\u00fasica? Preguntemos.\"}]},{\"@type\":\"WebSite\",\"@id\":\"https:\/\/www.teoriamusical.es\/blog\/#website\",\"url\":\"https:\/\/www.teoriamusical.es\/blog\/\",\"name\":\"Teor\u00eda Musical\",\"description\":\"Teor\u00eda Musical, Armon\u00eda Moderna y Cursos Online\",\"publisher\":{\"@id\":\"https:\/\/www.teoriamusical.es\/blog\/#\/schema\/person\/abbe30b6f6b449ac9e19ab236fe3d80c\"},\"potentialAction\":[{\"@type\":\"SearchAction\",\"target\":{\"@type\":\"EntryPoint\",\"urlTemplate\":\"https:\/\/www.teoriamusical.es\/blog\/?s={search_term_string}\"},\"query-input\":\"required name=search_term_string\"}],\"inLanguage\":\"es\"},{\"@type\":[\"Person\",\"Organization\"],\"@id\":\"https:\/\/www.teoriamusical.es\/blog\/#\/schema\/person\/abbe30b6f6b449ac9e19ab236fe3d80c\",\"name\":\"teoriamusical.es\",\"image\":{\"@type\":\"ImageObject\",\"inLanguage\":\"es\",\"@id\":\"https:\/\/www.teoriamusical.es\/blog\/#\/schema\/person\/image\/\",\"url\":\"https:\/\/secure.gravatar.com\/avatar\/1d7014e5a95916f717d86ab0aceffce14fd35c12b39d368d60384afae17e1760?s=96&d=mm&r=g\",\"contentUrl\":\"https:\/\/secure.gravatar.com\/avatar\/1d7014e5a95916f717d86ab0aceffce14fd35c12b39d368d60384afae17e1760?s=96&d=mm&r=g\",\"caption\":\"teoriamusical.es\"},\"logo\":{\"@id\":\"https:\/\/www.teoriamusical.es\/blog\/#\/schema\/person\/image\/\"}}]}<\/script>\n<!-- \/ Yoast SEO plugin. -->","yoast_head_json":{"title":"Proceso Creativo, \u00bfLe Afecta La M\u00fasica? Preguntemos. -","description":"Varios creativos de distintos campos hablan de c\u00f3mo afecta la m\u00fasica a su proceso creativo. \u00fatil para creativos: escritores, dise\u00f1adores, ilustradores, etc.","robots":{"index":"index","follow":"follow","max-snippet":"max-snippet:-1","max-image-preview":"max-image-preview:large","max-video-preview":"max-video-preview:-1"},"canonical":"https:\/\/www.teoriamusical.es\/blog\/proceso-creativo\/","og_locale":"es_ES","og_type":"article","og_title":"Proceso Creativo, \u00bfLe Afecta La M\u00fasica? Preguntemos. -","og_description":"Varios creativos de distintos campos hablan de c\u00f3mo afecta la m\u00fasica a su proceso creativo. \u00fatil para creativos: escritores, dise\u00f1adores, ilustradores, etc.","og_url":"https:\/\/www.teoriamusical.es\/blog\/proceso-creativo\/","og_site_name":"Teor\u00eda Musical","article_published_time":"2019-12-04T12:25:44+00:00","article_modified_time":"2019-12-04T13:09:34+00:00","author":"teoriamusical.es","twitter_card":"summary_large_image","twitter_misc":{"Escrito por":"teoriamusical.es","Tiempo de lectura":"2 minutos"},"schema":{"@context":"https:\/\/schema.org","@graph":[{"@type":"Article","@id":"https:\/\/www.teoriamusical.es\/blog\/proceso-creativo\/#article","isPartOf":{"@id":"https:\/\/www.teoriamusical.es\/blog\/proceso-creativo\/"},"author":{"name":"teoriamusical.es","@id":"https:\/\/www.teoriamusical.es\/blog\/#\/schema\/person\/abbe30b6f6b449ac9e19ab236fe3d80c"},"headline":"Proceso Creativo, \u00bfLe Afecta La M\u00fasica? Preguntemos.","datePublished":"2019-12-04T12:25:44+00:00","dateModified":"2019-12-04T13:09:34+00:00","mainEntityOfPage":{"@id":"https:\/\/www.teoriamusical.es\/blog\/proceso-creativo\/"},"wordCount":345,"commentCount":0,"publisher":{"@id":"https:\/\/www.teoriamusical.es\/blog\/#\/schema\/person\/abbe30b6f6b449ac9e19ab236fe3d80c"},"keywords":["creatividad","entrevista","escritura","m\u00fasica"],"articleSection":["creatividad","Entrevistas"],"inLanguage":"es","potentialAction":[{"@type":"CommentAction","name":"Comment","target":["https:\/\/www.teoriamusical.es\/blog\/proceso-creativo\/#respond"]}]},{"@type":"WebPage","@id":"https:\/\/www.teoriamusical.es\/blog\/proceso-creativo\/","url":"https:\/\/www.teoriamusical.es\/blog\/proceso-creativo\/","name":"Proceso Creativo, \u00bfLe Afecta La M\u00fasica? Preguntemos. -","isPartOf":{"@id":"https:\/\/www.teoriamusical.es\/blog\/#website"},"datePublished":"2019-12-04T12:25:44+00:00","dateModified":"2019-12-04T13:09:34+00:00","description":"Varios creativos de distintos campos hablan de c\u00f3mo afecta la m\u00fasica a su proceso creativo. \u00fatil para creativos: escritores, dise\u00f1adores, ilustradores, etc.","breadcrumb":{"@id":"https:\/\/www.teoriamusical.es\/blog\/proceso-creativo\/#breadcrumb"},"inLanguage":"es","potentialAction":[{"@type":"ReadAction","target":["https:\/\/www.teoriamusical.es\/blog\/proceso-creativo\/"]}]},{"@type":"BreadcrumbList","@id":"https:\/\/www.teoriamusical.es\/blog\/proceso-creativo\/#breadcrumb","itemListElement":[{"@type":"ListItem","position":1,"name":"Home","item":"https:\/\/www.teoriamusical.es\/blog\/"},{"@type":"ListItem","position":2,"name":"Proceso Creativo, \u00bfLe Afecta La M\u00fasica? Preguntemos."}]},{"@type":"WebSite","@id":"https:\/\/www.teoriamusical.es\/blog\/#website","url":"https:\/\/www.teoriamusical.es\/blog\/","name":"Teor\u00eda Musical","description":"Teor\u00eda Musical, Armon\u00eda Moderna y Cursos Online","publisher":{"@id":"https:\/\/www.teoriamusical.es\/blog\/#\/schema\/person\/abbe30b6f6b449ac9e19ab236fe3d80c"},"potentialAction":[{"@type":"SearchAction","target":{"@type":"EntryPoint","urlTemplate":"https:\/\/www.teoriamusical.es\/blog\/?s={search_term_string}"},"query-input":"required name=search_term_string"}],"inLanguage":"es"},{"@type":["Person","Organization"],"@id":"https:\/\/www.teoriamusical.es\/blog\/#\/schema\/person\/abbe30b6f6b449ac9e19ab236fe3d80c","name":"teoriamusical.es","image":{"@type":"ImageObject","inLanguage":"es","@id":"https:\/\/www.teoriamusical.es\/blog\/#\/schema\/person\/image\/","url":"https:\/\/secure.gravatar.com\/avatar\/1d7014e5a95916f717d86ab0aceffce14fd35c12b39d368d60384afae17e1760?s=96&d=mm&r=g","contentUrl":"https:\/\/secure.gravatar.com\/avatar\/1d7014e5a95916f717d86ab0aceffce14fd35c12b39d368d60384afae17e1760?s=96&d=mm&r=g","caption":"teoriamusical.es"},"logo":{"@id":"https:\/\/www.teoriamusical.es\/blog\/#\/schema\/person\/image\/"}}]}},"jetpack_featured_media_url":"","jetpack-related-posts":[{"id":350,"url":"https:\/\/www.teoriamusical.es\/blog\/productividad-para-musicos-crear-una-rutina-de-estudio\/","url_meta":{"origin":40,"position":0},"title":"Productividad para M\u00fasicos: Crear una Rutina de Estudio","date":"julio 22, 2021","format":false,"excerpt":"La productividad para m\u00fasicos es algo sobre lo que no solemos hablar. Necesitamos tener un workflow eficiente para la composici\u00f3n, para trabajar con nuestro DAW pero, sobre todo, necesitamos tener una rutina de estudio eficiente, una rutina de estudio que realmente nos sirva a nosotros, no una rutina general, sino\u2026","rel":"","context":"En \u00abcreatividad\u00bb","img":{"alt_text":"","src":"https:\/\/i0.wp.com\/img.youtube.com\/vi\/IMvXQvFN3ss\/0.jpg?resize=350%2C200","width":350,"height":200},"classes":[]},{"id":323,"url":"https:\/\/www.teoriamusical.es\/blog\/componer-sobre-un-groove\/","url_meta":{"origin":40,"position":1},"title":"Groove: Componer con Groove.","date":"julio 16, 2021","format":false,"excerpt":"\u00bfQu\u00e9 es el groove? \u00bfC\u00f3mo tener groove? \u00bfEl groove lo hace la bater\u00eda? \u00bfEl groove lo hace el bajo? \u00bfCu\u00e1ndo vas a hacer un video sobre groove? Estas son algunas de las preguntas que me han hecho con respecto al groove en este canal dedicado a la teor\u00eda musical, los\u2026","rel":"","context":"En \u00abAn\u00e1lisis Musical\u00bb","img":{"alt_text":"","src":"https:\/\/i0.wp.com\/img.youtube.com\/vi\/aZAZtam7hug\/0.jpg?resize=350%2C200","width":350,"height":200},"classes":[]},{"id":335,"url":"https:\/\/www.teoriamusical.es\/blog\/componer-canciones-con-la-letra-como-base\/","url_meta":{"origin":40,"position":2},"title":"Componer Canciones con la Letra como Base","date":"julio 16, 2021","format":false,"excerpt":"Aprender a componer canciones, entendiendo como canci\u00f3n aquello que lleva letra, es un proceso muy distinoa a componer m\u00fasica a secas. En este mini tutorial aprenderemos c\u00f3mo utilizar la letra como gu\u00eda para tomar decisiones arm\u00f3nicas, r\u00edtmicas y mel\u00f3dicas, de manera que nuestras canciones suenen mucho m\u00e1s profesionales y hechas\u2026","rel":"","context":"En \u00abAn\u00e1lisis Musical\u00bb","img":{"alt_text":"","src":"https:\/\/i0.wp.com\/img.youtube.com\/vi\/C5pjes9b_yg\/0.jpg?resize=350%2C200","width":350,"height":200},"classes":[]},{"id":299,"url":"https:\/\/www.teoriamusical.es\/blog\/como-hacer-bandas-sonoras\/","url_meta":{"origin":40,"position":3},"title":"C\u00f3mo Hacer Bandas Sonoras","date":"julio 16, 2021","format":false,"excerpt":"Hemos visto c\u00f3mo hacer m\u00fasica para ilustraciones, hemos visto c\u00f3mo hacer m\u00fasica para personaje, hemos visto c\u00f3mo hacer m\u00fasica para fotograf\u00eda y hoy, por fin, vamos a ver c\u00f3mo hacer cine. \u00bfPor qu\u00e9 digo c\u00f3mo hacer cine en lugar de c\u00f3mo hacer m\u00fasica para cine? Porque la forma narrativa que\u2026","rel":"","context":"En \u00abAn\u00e1lisis Musical\u00bb","img":{"alt_text":"","src":"https:\/\/i0.wp.com\/img.youtube.com\/vi\/HcehG8MRzyw\/0.jpg?resize=350%2C200","width":350,"height":200},"classes":[]},{"id":140,"url":"https:\/\/www.teoriamusical.es\/blog\/componer-para-videojuegos\/","url_meta":{"origin":40,"position":4},"title":"Componer para Videojuegos: Las Hist\u00f3ricas Aventuras de Daniela","date":"enero 1, 2020","format":false,"excerpt":"Componer para videojuegos es una de las cosas que m\u00e1s me gusta dentro del campo de la composici\u00f3n para bandas sonoras. Quiz\u00e1 sea por el uso de m\u00fasica adaptativa o por las posibilidades que ofrece a la hora de utilizar todo el material que genero durante el proceso de composici\u00f3n,\u2026","rel":"","context":"En \u00abAn\u00e1lisis Musical\u00bb","img":{"alt_text":"","src":"https:\/\/i0.wp.com\/img.youtube.com\/vi\/BJJysBW5ic0\/0.jpg?resize=350%2C200","width":350,"height":200},"classes":[]},{"id":453,"url":"https:\/\/www.teoriamusical.es\/blog\/rearmonizar_melodias\/","url_meta":{"origin":40,"position":5},"title":"Rearmonizar Melod\u00edas: La Clave de la Rearmonizaci\u00f3n","date":"diciembre 28, 2021","format":false,"excerpt":"Rearmonizar melod\u00edas es una habilidad musical b\u00e1sica para el m\u00fasico moderno que trabaja en contextos creativos donde la improvisaci\u00f3n y la capacidad de hacer arreglos musicales distintos para una misma pieza tiene relevancia. Mucha de la rearmonizaci\u00f3n que vemos hoy d\u00eda se aplica directamente sobre progresiones de acordes y pide\u2026","rel":"","context":"En \u00abAcordes\u00bb","img":{"alt_text":"","src":"https:\/\/i0.wp.com\/img.youtube.com\/vi\/n8s0FBu3Gbc\/0.jpg?resize=350%2C200","width":350,"height":200},"classes":[]}],"_links":{"self":[{"href":"https:\/\/www.teoriamusical.es\/blog\/wp-json\/wp\/v2\/posts\/40","targetHints":{"allow":["GET"]}}],"collection":[{"href":"https:\/\/www.teoriamusical.es\/blog\/wp-json\/wp\/v2\/posts"}],"about":[{"href":"https:\/\/www.teoriamusical.es\/blog\/wp-json\/wp\/v2\/types\/post"}],"author":[{"embeddable":true,"href":"https:\/\/www.teoriamusical.es\/blog\/wp-json\/wp\/v2\/users\/1"}],"replies":[{"embeddable":true,"href":"https:\/\/www.teoriamusical.es\/blog\/wp-json\/wp\/v2\/comments?post=40"}],"version-history":[{"count":5,"href":"https:\/\/www.teoriamusical.es\/blog\/wp-json\/wp\/v2\/posts\/40\/revisions"}],"predecessor-version":[{"id":48,"href":"https:\/\/www.teoriamusical.es\/blog\/wp-json\/wp\/v2\/posts\/40\/revisions\/48"}],"wp:attachment":[{"href":"https:\/\/www.teoriamusical.es\/blog\/wp-json\/wp\/v2\/media?parent=40"}],"wp:term":[{"taxonomy":"category","embeddable":true,"href":"https:\/\/www.teoriamusical.es\/blog\/wp-json\/wp\/v2\/categories?post=40"},{"taxonomy":"post_tag","embeddable":true,"href":"https:\/\/www.teoriamusical.es\/blog\/wp-json\/wp\/v2\/tags?post=40"}],"curies":[{"name":"wp","href":"https:\/\/api.w.org\/{rel}","templated":true}]}}