{"id":399,"date":"2021-09-29T21:19:37","date_gmt":"2021-09-29T19:19:37","guid":{"rendered":"https:\/\/www.teoriamusical.es\/blog\/?p=399"},"modified":"2021-10-09T12:47:11","modified_gmt":"2021-10-09T10:47:11","slug":"componer-con-clusters-arreglos-musicales","status":"publish","type":"post","link":"https:\/\/www.teoriamusical.es\/blog\/componer-con-clusters-arreglos-musicales\/","title":{"rendered":"Componer con Clusters &#8211; Arreglos Musicales"},"content":{"rendered":"\n<p>Componer con clusters o incorporarlos en nuestros arreglos musicales, sea en la orquestaci\u00f3n de un conjunto sinf\u00f3nico al completo o en ensembles m\u00e1s peque\u00f1os, es un recurso sin duda interesante para nuestros arreglos musicales, aunque presenta ciertas dificultades.<\/p>\n\n\n\n<p>Los clusters son disposiciones de los acordes compuestos exclusivamente de segundas mayores, segundas menores o una combinaci\u00f3n de ambas.<\/p>\n\n\n\n<p>Cuando componemos con clusters tenemos a nuestra disposici\u00f3n sonoridades muy evocadoras, tal y como ya nos mostraron los grandes maestros del impresionismo, pero vamos a tener que manejarlos con cuidado, estando muy pendientes del l\u00edmite de intervalos bajos, de los planos sonoros, de las din\u00e1micas y del aspecto psicoac\u00fastico de nuestra obra; vamos a tener que asegurarnos de que la masa sonora que obtendremos gracias al cluster se percibir\u00e1 en estructuras arm\u00f3nicas que el o\u00eddo podr\u00e1 identificar con claridad.<\/p>\n\n\n\n<p>Crear paisajes sonoros utilizando clusters es, una vez hemos cogido el truco a c\u00f3mo orquestarlos, bastante sencillo, especialmente si lo combinamos con armon\u00eda modal. Sin embargo en el ejercicio propuesto tendremos que tener tambi\u00e9n una melod\u00eda que sea reconocible y memorable; que sea coherente y que funcione de forma clara y bien diferenciada en este contexto donde caer en lo ambiental y regodearnos en la textura va a ser muy, pero muy tentador.<\/p>\n\n\n\n<figure class=\"wp-block-embed is-type-video is-provider-youtube wp-block-embed-youtube wp-embed-aspect-16-9 wp-has-aspect-ratio\"><div class=\"wp-block-embed__wrapper\">\n<iframe loading=\"lazy\" title=\"Arreglos Musicales: Componer con Clusters\" width=\"584\" height=\"329\" src=\"https:\/\/www.youtube.com\/embed\/Xg16hXS6zfE?feature=oembed\" frameborder=\"0\" allow=\"accelerometer; autoplay; clipboard-write; encrypted-media; gyroscope; picture-in-picture; web-share\" referrerpolicy=\"strict-origin-when-cross-origin\" allowfullscreen><\/iframe>\n<\/div><\/figure>\n\n\n\n<p>\u00bfTe Interesa la armon\u00eda moderna, los voicings y el desarrollo mel\u00f3dico? Echa un vistazo a mis <a href=\"https:\/\/www.teoriamusical.es\/blog\/cursos-de-musica\/\">cursos de m\u00fasica online<\/a> y al contenido gratuito en mi <a href=\"http:\/\/www.youtube.com\/countblissett\">canal de Youtube<\/a>.<\/p>\n","protected":false},"excerpt":{"rendered":"<p>Componer con clusters o incorporarlos en nuestros arreglos musicales, sea en la orquestaci\u00f3n de un conjunto sinf\u00f3nico al completo o en ensembles m\u00e1s peque\u00f1os, es un recurso sin duda interesante para nuestros arreglos musicales, aunque presenta ciertas dificultades. Los clusters &hellip; <a href=\"https:\/\/www.teoriamusical.es\/blog\/componer-con-clusters-arreglos-musicales\/\">Sigue leyendo <span class=\"meta-nav\">&rarr;<\/span><\/a><\/p>\n","protected":false},"author":1,"featured_media":0,"comment_status":"open","ping_status":"open","sticky":false,"template":"","format":"standard","meta":{"_monsterinsights_skip_tracking":false,"_monsterinsights_sitenote_active":false,"_monsterinsights_sitenote_note":"","_monsterinsights_sitenote_category":0,"footnotes":""},"categories":[37,15,82],"tags":[],"class_list":["post-399","post","type-post","status-publish","format-standard","hentry","category-acordes","category-armonia-moderna","category-arreglos-musicales"],"yoast_head":"<!-- This site is optimized with the Yoast SEO plugin v19.6 - https:\/\/yoast.com\/wordpress\/plugins\/seo\/ -->\n<title>Componer con Clusters - Arreglos Musicales - Teor\u00eda Musical<\/title>\n<meta name=\"robots\" content=\"index, follow, max-snippet:-1, max-image-preview:large, max-video-preview:-1\" \/>\n<link rel=\"canonical\" href=\"https:\/\/www.teoriamusical.es\/blog\/componer-con-clusters-arreglos-musicales\/\" \/>\n<meta property=\"og:locale\" content=\"es_ES\" \/>\n<meta property=\"og:type\" content=\"article\" \/>\n<meta property=\"og:title\" content=\"Componer con Clusters - Arreglos Musicales - Teor\u00eda Musical\" \/>\n<meta property=\"og:description\" content=\"Componer con clusters o incorporarlos en nuestros arreglos musicales, sea en la orquestaci\u00f3n de un conjunto sinf\u00f3nico al completo o en ensembles m\u00e1s peque\u00f1os, es un recurso sin duda interesante para nuestros arreglos musicales, aunque presenta ciertas dificultades. Los clusters &hellip; Sigue leyendo &rarr;\" \/>\n<meta property=\"og:url\" content=\"https:\/\/www.teoriamusical.es\/blog\/componer-con-clusters-arreglos-musicales\/\" \/>\n<meta property=\"og:site_name\" content=\"Teor\u00eda Musical\" \/>\n<meta property=\"article:published_time\" content=\"2021-09-29T19:19:37+00:00\" \/>\n<meta property=\"article:modified_time\" content=\"2021-10-09T10:47:11+00:00\" \/>\n<meta name=\"author\" content=\"teoriamusical.es\" \/>\n<meta name=\"twitter:card\" content=\"summary_large_image\" \/>\n<meta name=\"twitter:label1\" content=\"Escrito por\" \/>\n\t<meta name=\"twitter:data1\" content=\"teoriamusical.es\" \/>\n\t<meta name=\"twitter:label2\" content=\"Tiempo de lectura\" \/>\n\t<meta name=\"twitter:data2\" content=\"2 minutos\" \/>\n<script type=\"application\/ld+json\" class=\"yoast-schema-graph\">{\"@context\":\"https:\/\/schema.org\",\"@graph\":[{\"@type\":\"Article\",\"@id\":\"https:\/\/www.teoriamusical.es\/blog\/componer-con-clusters-arreglos-musicales\/#article\",\"isPartOf\":{\"@id\":\"https:\/\/www.teoriamusical.es\/blog\/componer-con-clusters-arreglos-musicales\/\"},\"author\":{\"name\":\"teoriamusical.es\",\"@id\":\"https:\/\/www.teoriamusical.es\/blog\/#\/schema\/person\/abbe30b6f6b449ac9e19ab236fe3d80c\"},\"headline\":\"Componer con Clusters &#8211; Arreglos Musicales\",\"datePublished\":\"2021-09-29T19:19:37+00:00\",\"dateModified\":\"2021-10-09T10:47:11+00:00\",\"mainEntityOfPage\":{\"@id\":\"https:\/\/www.teoriamusical.es\/blog\/componer-con-clusters-arreglos-musicales\/\"},\"wordCount\":268,\"commentCount\":0,\"publisher\":{\"@id\":\"https:\/\/www.teoriamusical.es\/blog\/#\/schema\/person\/abbe30b6f6b449ac9e19ab236fe3d80c\"},\"articleSection\":[\"Acordes\",\"Armon\u00eda Moderna\",\"Arreglos Musicales\"],\"inLanguage\":\"es\",\"potentialAction\":[{\"@type\":\"CommentAction\",\"name\":\"Comment\",\"target\":[\"https:\/\/www.teoriamusical.es\/blog\/componer-con-clusters-arreglos-musicales\/#respond\"]}]},{\"@type\":\"WebPage\",\"@id\":\"https:\/\/www.teoriamusical.es\/blog\/componer-con-clusters-arreglos-musicales\/\",\"url\":\"https:\/\/www.teoriamusical.es\/blog\/componer-con-clusters-arreglos-musicales\/\",\"name\":\"Componer con Clusters - Arreglos Musicales - Teor\u00eda Musical\",\"isPartOf\":{\"@id\":\"https:\/\/www.teoriamusical.es\/blog\/#website\"},\"datePublished\":\"2021-09-29T19:19:37+00:00\",\"dateModified\":\"2021-10-09T10:47:11+00:00\",\"breadcrumb\":{\"@id\":\"https:\/\/www.teoriamusical.es\/blog\/componer-con-clusters-arreglos-musicales\/#breadcrumb\"},\"inLanguage\":\"es\",\"potentialAction\":[{\"@type\":\"ReadAction\",\"target\":[\"https:\/\/www.teoriamusical.es\/blog\/componer-con-clusters-arreglos-musicales\/\"]}]},{\"@type\":\"BreadcrumbList\",\"@id\":\"https:\/\/www.teoriamusical.es\/blog\/componer-con-clusters-arreglos-musicales\/#breadcrumb\",\"itemListElement\":[{\"@type\":\"ListItem\",\"position\":1,\"name\":\"Home\",\"item\":\"https:\/\/www.teoriamusical.es\/blog\/\"},{\"@type\":\"ListItem\",\"position\":2,\"name\":\"Componer con Clusters &#8211; Arreglos Musicales\"}]},{\"@type\":\"WebSite\",\"@id\":\"https:\/\/www.teoriamusical.es\/blog\/#website\",\"url\":\"https:\/\/www.teoriamusical.es\/blog\/\",\"name\":\"Teor\u00eda Musical\",\"description\":\"Teor\u00eda Musical, Armon\u00eda Moderna y Cursos Online\",\"publisher\":{\"@id\":\"https:\/\/www.teoriamusical.es\/blog\/#\/schema\/person\/abbe30b6f6b449ac9e19ab236fe3d80c\"},\"potentialAction\":[{\"@type\":\"SearchAction\",\"target\":{\"@type\":\"EntryPoint\",\"urlTemplate\":\"https:\/\/www.teoriamusical.es\/blog\/?s={search_term_string}\"},\"query-input\":\"required name=search_term_string\"}],\"inLanguage\":\"es\"},{\"@type\":[\"Person\",\"Organization\"],\"@id\":\"https:\/\/www.teoriamusical.es\/blog\/#\/schema\/person\/abbe30b6f6b449ac9e19ab236fe3d80c\",\"name\":\"teoriamusical.es\",\"image\":{\"@type\":\"ImageObject\",\"inLanguage\":\"es\",\"@id\":\"https:\/\/www.teoriamusical.es\/blog\/#\/schema\/person\/image\/\",\"url\":\"https:\/\/secure.gravatar.com\/avatar\/1d7014e5a95916f717d86ab0aceffce14fd35c12b39d368d60384afae17e1760?s=96&d=mm&r=g\",\"contentUrl\":\"https:\/\/secure.gravatar.com\/avatar\/1d7014e5a95916f717d86ab0aceffce14fd35c12b39d368d60384afae17e1760?s=96&d=mm&r=g\",\"caption\":\"teoriamusical.es\"},\"logo\":{\"@id\":\"https:\/\/www.teoriamusical.es\/blog\/#\/schema\/person\/image\/\"}}]}<\/script>\n<!-- \/ Yoast SEO plugin. -->","yoast_head_json":{"title":"Componer con Clusters - Arreglos Musicales - Teor\u00eda Musical","robots":{"index":"index","follow":"follow","max-snippet":"max-snippet:-1","max-image-preview":"max-image-preview:large","max-video-preview":"max-video-preview:-1"},"canonical":"https:\/\/www.teoriamusical.es\/blog\/componer-con-clusters-arreglos-musicales\/","og_locale":"es_ES","og_type":"article","og_title":"Componer con Clusters - Arreglos Musicales - Teor\u00eda Musical","og_description":"Componer con clusters o incorporarlos en nuestros arreglos musicales, sea en la orquestaci\u00f3n de un conjunto sinf\u00f3nico al completo o en ensembles m\u00e1s peque\u00f1os, es un recurso sin duda interesante para nuestros arreglos musicales, aunque presenta ciertas dificultades. Los clusters &hellip; Sigue leyendo &rarr;","og_url":"https:\/\/www.teoriamusical.es\/blog\/componer-con-clusters-arreglos-musicales\/","og_site_name":"Teor\u00eda Musical","article_published_time":"2021-09-29T19:19:37+00:00","article_modified_time":"2021-10-09T10:47:11+00:00","author":"teoriamusical.es","twitter_card":"summary_large_image","twitter_misc":{"Escrito por":"teoriamusical.es","Tiempo de lectura":"2 minutos"},"schema":{"@context":"https:\/\/schema.org","@graph":[{"@type":"Article","@id":"https:\/\/www.teoriamusical.es\/blog\/componer-con-clusters-arreglos-musicales\/#article","isPartOf":{"@id":"https:\/\/www.teoriamusical.es\/blog\/componer-con-clusters-arreglos-musicales\/"},"author":{"name":"teoriamusical.es","@id":"https:\/\/www.teoriamusical.es\/blog\/#\/schema\/person\/abbe30b6f6b449ac9e19ab236fe3d80c"},"headline":"Componer con Clusters &#8211; Arreglos Musicales","datePublished":"2021-09-29T19:19:37+00:00","dateModified":"2021-10-09T10:47:11+00:00","mainEntityOfPage":{"@id":"https:\/\/www.teoriamusical.es\/blog\/componer-con-clusters-arreglos-musicales\/"},"wordCount":268,"commentCount":0,"publisher":{"@id":"https:\/\/www.teoriamusical.es\/blog\/#\/schema\/person\/abbe30b6f6b449ac9e19ab236fe3d80c"},"articleSection":["Acordes","Armon\u00eda Moderna","Arreglos Musicales"],"inLanguage":"es","potentialAction":[{"@type":"CommentAction","name":"Comment","target":["https:\/\/www.teoriamusical.es\/blog\/componer-con-clusters-arreglos-musicales\/#respond"]}]},{"@type":"WebPage","@id":"https:\/\/www.teoriamusical.es\/blog\/componer-con-clusters-arreglos-musicales\/","url":"https:\/\/www.teoriamusical.es\/blog\/componer-con-clusters-arreglos-musicales\/","name":"Componer con Clusters - Arreglos Musicales - Teor\u00eda Musical","isPartOf":{"@id":"https:\/\/www.teoriamusical.es\/blog\/#website"},"datePublished":"2021-09-29T19:19:37+00:00","dateModified":"2021-10-09T10:47:11+00:00","breadcrumb":{"@id":"https:\/\/www.teoriamusical.es\/blog\/componer-con-clusters-arreglos-musicales\/#breadcrumb"},"inLanguage":"es","potentialAction":[{"@type":"ReadAction","target":["https:\/\/www.teoriamusical.es\/blog\/componer-con-clusters-arreglos-musicales\/"]}]},{"@type":"BreadcrumbList","@id":"https:\/\/www.teoriamusical.es\/blog\/componer-con-clusters-arreglos-musicales\/#breadcrumb","itemListElement":[{"@type":"ListItem","position":1,"name":"Home","item":"https:\/\/www.teoriamusical.es\/blog\/"},{"@type":"ListItem","position":2,"name":"Componer con Clusters &#8211; Arreglos Musicales"}]},{"@type":"WebSite","@id":"https:\/\/www.teoriamusical.es\/blog\/#website","url":"https:\/\/www.teoriamusical.es\/blog\/","name":"Teor\u00eda Musical","description":"Teor\u00eda Musical, Armon\u00eda Moderna y Cursos Online","publisher":{"@id":"https:\/\/www.teoriamusical.es\/blog\/#\/schema\/person\/abbe30b6f6b449ac9e19ab236fe3d80c"},"potentialAction":[{"@type":"SearchAction","target":{"@type":"EntryPoint","urlTemplate":"https:\/\/www.teoriamusical.es\/blog\/?s={search_term_string}"},"query-input":"required name=search_term_string"}],"inLanguage":"es"},{"@type":["Person","Organization"],"@id":"https:\/\/www.teoriamusical.es\/blog\/#\/schema\/person\/abbe30b6f6b449ac9e19ab236fe3d80c","name":"teoriamusical.es","image":{"@type":"ImageObject","inLanguage":"es","@id":"https:\/\/www.teoriamusical.es\/blog\/#\/schema\/person\/image\/","url":"https:\/\/secure.gravatar.com\/avatar\/1d7014e5a95916f717d86ab0aceffce14fd35c12b39d368d60384afae17e1760?s=96&d=mm&r=g","contentUrl":"https:\/\/secure.gravatar.com\/avatar\/1d7014e5a95916f717d86ab0aceffce14fd35c12b39d368d60384afae17e1760?s=96&d=mm&r=g","caption":"teoriamusical.es"},"logo":{"@id":"https:\/\/www.teoriamusical.es\/blog\/#\/schema\/person\/image\/"}}]}},"jetpack_featured_media_url":"","jetpack-related-posts":[{"id":1,"url":"https:\/\/www.teoriamusical.es\/blog\/teoria-musical-presentacion\/","url_meta":{"origin":399,"position":0},"title":"Countblissett Teor\u00eda Musical","date":"diciembre 3, 2019","format":false,"excerpt":"\u00bfTeor\u00eda Musical? \u00bfArmon\u00eda Moderna? Te cuento qui\u00e9n soy: Soy Tony Domenech, profesor de m\u00fasica moderna. Trabaj\u00e9 m\u00e1s de 12 a\u00f1os como educador musical en una escuela privada de M\u00fasica Moderna. Ahora estoy en Youtube y hablo de teor\u00eda musical con todo lo que eso implica: Armon\u00eda moderna, an\u00e1lisis musical, acordes,\u2026","rel":"","context":"En \u00abAn\u00e1lisis Musical\u00bb","img":{"alt_text":"","src":"","width":0,"height":0},"classes":[]},{"id":355,"url":"https:\/\/www.teoriamusical.es\/blog\/arreglos-musicales\/","url_meta":{"origin":399,"position":1},"title":"Arreglos Musicales para Big Band de Jazz","date":"agosto 3, 2021","format":false,"excerpt":"Hacer arreglos musicales para big band es una de las cosas m\u00e1s divertidas que, como m\u00fasicos de jazz, podemos hacer. Estudiar arreglos para big band es una forma perfecta de introducirse al lenguaje previo a la orquestaci\u00f3n en un contexto de m\u00fasica moderna. Las grandes big bands de Ellington, Basie,\u2026","rel":"","context":"En \u00abArreglos Musicales\u00bb","img":{"alt_text":"","src":"https:\/\/i0.wp.com\/img.youtube.com\/vi\/57c-HRoCpe4\/0.jpg?resize=350%2C200","width":350,"height":200},"classes":[]},{"id":456,"url":"https:\/\/www.teoriamusical.es\/blog\/arreglos-musicales-organizacion-por-capas\/","url_meta":{"origin":399,"position":2},"title":"Arreglos Musicales: Organizaci\u00f3n por Capas","date":"junio 29, 2022","format":false,"excerpt":"En los arreglos musicales hechos en el DAW la organizaci\u00f3n por capas es fundamental. En la orquestaci\u00f3n h\u00edbrida, organizar nuestras capas y saber c\u00f3mo combinarlas con los instrumentos orquestales es importante pero si queremos componer m\u00fasica electr\u00f3nica el saber organizar por capas nuestros arreglos musicales cobra m\u00e1s importancia todav\u00eda. En\u2026","rel":"","context":"En \u00abCursos de M\u00fasica\u00bb","img":{"alt_text":"","src":"https:\/\/i0.wp.com\/img.youtube.com\/vi\/fKUI37st1eM\/0.jpg?resize=350%2C200","width":350,"height":200},"classes":[]},{"id":273,"url":"https:\/\/www.teoriamusical.es\/blog\/arreglos-musicales-composicion-musical\/","url_meta":{"origin":399,"position":3},"title":"Arreglos Musicales &#8211; Composici\u00f3n Musical","date":"julio 16, 2021","format":false,"excerpt":"En este video vamos a ver los elementos compositivos a tener en cuenta en nuestro arreglo musical para ser capaces de crear diferenciaci\u00f3n y distintos planos sonoros ya desde lo musical, sin tener que recurrir, ni esperar, al proceso de producci\u00f3n musical, mezcla y mastering para solventar problemas que son\u2026","rel":"","context":"En \u00abAn\u00e1lisis Musical\u00bb","img":{"alt_text":"","src":"https:\/\/i0.wp.com\/img.youtube.com\/vi\/e6cUo3iSEbs\/0.jpg?resize=350%2C200","width":350,"height":200},"classes":[]},{"id":131,"url":"https:\/\/www.teoriamusical.es\/blog\/rosalia\/","url_meta":{"origin":399,"position":4},"title":"Rosal\u00eda: La armon\u00eda, tr\u00e1 tr\u00e1.","date":"enero 1, 2020","format":false,"excerpt":"Rosal\u00eda es, sin duda, la artista del momento. No s\u00f3lo por su forma de irrumpir, por su propuesta est\u00e9tica y musical o por su alcance internacional sino por aspectos no tan evidentes de su m\u00fasica. La conoc\u00ed de una forma totalmente accidental gracias a la cantidad de detractores a los\u2026","rel":"","context":"En \u00abAn\u00e1lisis Musical\u00bb","img":{"alt_text":"","src":"https:\/\/i0.wp.com\/img.youtube.com\/vi\/3bvkR2c1oQ0\/0.jpg?resize=350%2C200","width":350,"height":200},"classes":[]},{"id":288,"url":"https:\/\/www.teoriamusical.es\/blog\/acordes-de-cine\/","url_meta":{"origin":399,"position":5},"title":"Acordes de Cine","date":"julio 16, 2021","format":false,"excerpt":"Acordes de Cine es el ejercicio de la secci\u00f3n de teor\u00eda musical con el que empezamos el a\u00f1o. En esta secci\u00f3n se explica una t\u00e9cnica musical y vosotros compon\u00e9is algo us\u00e1ndola. Vamos a hablar de armon\u00eda de cine, que es la armon\u00eda habitual en el arte de componer para bandas\u2026","rel":"","context":"En \u00abArmon\u00eda Moderna\u00bb","img":{"alt_text":"","src":"https:\/\/i0.wp.com\/img.youtube.com\/vi\/eLqVo5lR3ZM\/0.jpg?resize=350%2C200","width":350,"height":200},"classes":[]}],"_links":{"self":[{"href":"https:\/\/www.teoriamusical.es\/blog\/wp-json\/wp\/v2\/posts\/399","targetHints":{"allow":["GET"]}}],"collection":[{"href":"https:\/\/www.teoriamusical.es\/blog\/wp-json\/wp\/v2\/posts"}],"about":[{"href":"https:\/\/www.teoriamusical.es\/blog\/wp-json\/wp\/v2\/types\/post"}],"author":[{"embeddable":true,"href":"https:\/\/www.teoriamusical.es\/blog\/wp-json\/wp\/v2\/users\/1"}],"replies":[{"embeddable":true,"href":"https:\/\/www.teoriamusical.es\/blog\/wp-json\/wp\/v2\/comments?post=399"}],"version-history":[{"count":2,"href":"https:\/\/www.teoriamusical.es\/blog\/wp-json\/wp\/v2\/posts\/399\/revisions"}],"predecessor-version":[{"id":403,"href":"https:\/\/www.teoriamusical.es\/blog\/wp-json\/wp\/v2\/posts\/399\/revisions\/403"}],"wp:attachment":[{"href":"https:\/\/www.teoriamusical.es\/blog\/wp-json\/wp\/v2\/media?parent=399"}],"wp:term":[{"taxonomy":"category","embeddable":true,"href":"https:\/\/www.teoriamusical.es\/blog\/wp-json\/wp\/v2\/categories?post=399"},{"taxonomy":"post_tag","embeddable":true,"href":"https:\/\/www.teoriamusical.es\/blog\/wp-json\/wp\/v2\/tags?post=399"}],"curies":[{"name":"wp","href":"https:\/\/api.w.org\/{rel}","templated":true}]}}