{"id":393,"date":"2021-09-13T21:08:10","date_gmt":"2021-09-13T19:08:10","guid":{"rendered":"https:\/\/www.teoriamusical.es\/blog\/?p=393"},"modified":"2021-09-13T21:08:59","modified_gmt":"2021-09-13T19:08:59","slug":"modulacion-en-los-doce-tonos","status":"publish","type":"post","link":"https:\/\/www.teoriamusical.es\/blog\/modulacion-en-los-doce-tonos\/","title":{"rendered":"Componer con Modulaci\u00f3n En Los Doce Tonos"},"content":{"rendered":"\n<p>Componer con modulaci\u00f3n en los doce tonos es la actividad musical de esta semana donde, b\u00e1sicamente, nos iremos moviendo de un centro tonal a otro siguiendo el ciclo de quintas en sentido inverso, es decir el ciclo de cuartas, mientras nuestra melod\u00eda sigue la modulaci\u00f3n en los doce tonos aportando coherencia musical con su gestualidad mel\u00f3dica, es decir, que debemos construir una melod\u00eda cuyos periodos y frases sucedan a lo largo de las doce tonalidades, no simplemente utilizar secuencias mel\u00f3dicas adaptadas a cada tono sino componer un discurso coherente con direccionalidad y sentido.<\/p>\n\n\n\n<p>La progresi\u00f3n presenta algunos retos musicales, ya que la funci\u00f3n tonal de cada uno de los acordes se va a ver afectada por un determinado gesto mel\u00f3dico que, al final, se traduce en un gesto arm\u00f3nico estar\u00e1 presente a lo largo de toda la estructura del tema.<br>En el curso de armon\u00eda moderna hemos visto modulaciones de distinto tipo, modulaciones directas, modulaciones con acordes pivot, modulaciones concretas, etc, pero en este video vamos a usar una modulaci\u00f3n continua, en una especie de armon\u00eda errante que nos llevar\u00e1 por las doce tonalidades mayores mientras vamos desarrollando nuestra melod\u00eda, de manera que al final tendremos una l\u00ednea mel\u00f3dica coherente en medio de una modulaci\u00f3n en los doce tonos.<\/p>\n\n\n\n<figure class=\"wp-block-embed is-type-video is-provider-youtube wp-block-embed-youtube wp-embed-aspect-16-9 wp-has-aspect-ratio\"><div class=\"wp-block-embed__wrapper\">\n<iframe loading=\"lazy\" title=\"Componer con Modulaci\u00f3n En Los Doce Tonos\" width=\"584\" height=\"329\" src=\"https:\/\/www.youtube.com\/embed\/ircIzmNng9A?feature=oembed\" frameborder=\"0\" allow=\"accelerometer; autoplay; clipboard-write; encrypted-media; gyroscope; picture-in-picture; web-share\" referrerpolicy=\"strict-origin-when-cross-origin\" allowfullscreen><\/iframe>\n<\/div><\/figure>\n\n\n\n<p>\u00bfTe Interesa la armon\u00eda moderna, los voicings y el desarrollo mel\u00f3dico? Echa un vistazo a mis <a href=\"https:\/\/www.teoriamusical.es\/blog\/cursos-de-musica\/\">cursos de m\u00fasica online<\/a> y al contenido gratuito en mi <a href=\"http:\/\/www.youtube.com\/countblissett\">canal de Youtube<\/a>.<\/p>\n","protected":false},"excerpt":{"rendered":"<p>Componer con modulaci\u00f3n en los doce tonos es la actividad musical de esta semana donde, b\u00e1sicamente, nos iremos moviendo de un centro tonal a otro siguiendo el ciclo de quintas en sentido inverso, es decir el ciclo de cuartas, mientras &hellip; <a href=\"https:\/\/www.teoriamusical.es\/blog\/modulacion-en-los-doce-tonos\/\">Sigue leyendo <span class=\"meta-nav\">&rarr;<\/span><\/a><\/p>\n","protected":false},"author":1,"featured_media":0,"comment_status":"open","ping_status":"open","sticky":false,"template":"","format":"standard","meta":{"_monsterinsights_skip_tracking":false,"_monsterinsights_sitenote_active":false,"_monsterinsights_sitenote_note":"","_monsterinsights_sitenote_category":0,"footnotes":""},"categories":[15,27],"tags":[],"class_list":["post-393","post","type-post","status-publish","format-standard","hentry","category-armonia-moderna","category-creatividad"],"yoast_head":"<!-- This site is optimized with the Yoast SEO plugin v19.6 - https:\/\/yoast.com\/wordpress\/plugins\/seo\/ -->\n<title>Componer con Modulaci\u00f3n En Los Doce Tonos - Teor\u00eda Musical<\/title>\n<meta name=\"description\" content=\"La modulaci\u00f3n en los doce tonos mientras mantenemos una l\u00ednea mel\u00f3dica coherente es el objetivo de este ejercicio musical de modulaci\u00f3n.\" \/>\n<meta name=\"robots\" content=\"index, follow, max-snippet:-1, max-image-preview:large, max-video-preview:-1\" \/>\n<link rel=\"canonical\" href=\"https:\/\/www.teoriamusical.es\/blog\/modulacion-en-los-doce-tonos\/\" \/>\n<meta property=\"og:locale\" content=\"es_ES\" \/>\n<meta property=\"og:type\" content=\"article\" \/>\n<meta property=\"og:title\" content=\"Componer con Modulaci\u00f3n En Los Doce Tonos - Teor\u00eda Musical\" \/>\n<meta property=\"og:description\" content=\"La modulaci\u00f3n en los doce tonos mientras mantenemos una l\u00ednea mel\u00f3dica coherente es el objetivo de este ejercicio musical de modulaci\u00f3n.\" \/>\n<meta property=\"og:url\" content=\"https:\/\/www.teoriamusical.es\/blog\/modulacion-en-los-doce-tonos\/\" \/>\n<meta property=\"og:site_name\" content=\"Teor\u00eda Musical\" \/>\n<meta property=\"article:published_time\" content=\"2021-09-13T19:08:10+00:00\" \/>\n<meta property=\"article:modified_time\" content=\"2021-09-13T19:08:59+00:00\" \/>\n<meta name=\"author\" content=\"teoriamusical.es\" \/>\n<meta name=\"twitter:card\" content=\"summary_large_image\" \/>\n<meta name=\"twitter:label1\" content=\"Escrito por\" \/>\n\t<meta name=\"twitter:data1\" content=\"teoriamusical.es\" \/>\n\t<meta name=\"twitter:label2\" content=\"Tiempo de lectura\" \/>\n\t<meta name=\"twitter:data2\" content=\"2 minutos\" \/>\n<script type=\"application\/ld+json\" class=\"yoast-schema-graph\">{\"@context\":\"https:\/\/schema.org\",\"@graph\":[{\"@type\":\"Article\",\"@id\":\"https:\/\/www.teoriamusical.es\/blog\/modulacion-en-los-doce-tonos\/#article\",\"isPartOf\":{\"@id\":\"https:\/\/www.teoriamusical.es\/blog\/modulacion-en-los-doce-tonos\/\"},\"author\":{\"name\":\"teoriamusical.es\",\"@id\":\"https:\/\/www.teoriamusical.es\/blog\/#\/schema\/person\/abbe30b6f6b449ac9e19ab236fe3d80c\"},\"headline\":\"Componer con Modulaci\u00f3n En Los Doce Tonos\",\"datePublished\":\"2021-09-13T19:08:10+00:00\",\"dateModified\":\"2021-09-13T19:08:59+00:00\",\"mainEntityOfPage\":{\"@id\":\"https:\/\/www.teoriamusical.es\/blog\/modulacion-en-los-doce-tonos\/\"},\"wordCount\":272,\"commentCount\":0,\"publisher\":{\"@id\":\"https:\/\/www.teoriamusical.es\/blog\/#\/schema\/person\/abbe30b6f6b449ac9e19ab236fe3d80c\"},\"articleSection\":[\"Armon\u00eda Moderna\",\"creatividad\"],\"inLanguage\":\"es\",\"potentialAction\":[{\"@type\":\"CommentAction\",\"name\":\"Comment\",\"target\":[\"https:\/\/www.teoriamusical.es\/blog\/modulacion-en-los-doce-tonos\/#respond\"]}]},{\"@type\":\"WebPage\",\"@id\":\"https:\/\/www.teoriamusical.es\/blog\/modulacion-en-los-doce-tonos\/\",\"url\":\"https:\/\/www.teoriamusical.es\/blog\/modulacion-en-los-doce-tonos\/\",\"name\":\"Componer con Modulaci\u00f3n En Los Doce Tonos - Teor\u00eda Musical\",\"isPartOf\":{\"@id\":\"https:\/\/www.teoriamusical.es\/blog\/#website\"},\"datePublished\":\"2021-09-13T19:08:10+00:00\",\"dateModified\":\"2021-09-13T19:08:59+00:00\",\"description\":\"La modulaci\u00f3n en los doce tonos mientras mantenemos una l\u00ednea mel\u00f3dica coherente es el objetivo de este ejercicio musical de modulaci\u00f3n.\",\"breadcrumb\":{\"@id\":\"https:\/\/www.teoriamusical.es\/blog\/modulacion-en-los-doce-tonos\/#breadcrumb\"},\"inLanguage\":\"es\",\"potentialAction\":[{\"@type\":\"ReadAction\",\"target\":[\"https:\/\/www.teoriamusical.es\/blog\/modulacion-en-los-doce-tonos\/\"]}]},{\"@type\":\"BreadcrumbList\",\"@id\":\"https:\/\/www.teoriamusical.es\/blog\/modulacion-en-los-doce-tonos\/#breadcrumb\",\"itemListElement\":[{\"@type\":\"ListItem\",\"position\":1,\"name\":\"Home\",\"item\":\"https:\/\/www.teoriamusical.es\/blog\/\"},{\"@type\":\"ListItem\",\"position\":2,\"name\":\"Componer con Modulaci\u00f3n En Los Doce Tonos\"}]},{\"@type\":\"WebSite\",\"@id\":\"https:\/\/www.teoriamusical.es\/blog\/#website\",\"url\":\"https:\/\/www.teoriamusical.es\/blog\/\",\"name\":\"Teor\u00eda Musical\",\"description\":\"Teor\u00eda Musical, Armon\u00eda Moderna y Cursos Online\",\"publisher\":{\"@id\":\"https:\/\/www.teoriamusical.es\/blog\/#\/schema\/person\/abbe30b6f6b449ac9e19ab236fe3d80c\"},\"potentialAction\":[{\"@type\":\"SearchAction\",\"target\":{\"@type\":\"EntryPoint\",\"urlTemplate\":\"https:\/\/www.teoriamusical.es\/blog\/?s={search_term_string}\"},\"query-input\":\"required name=search_term_string\"}],\"inLanguage\":\"es\"},{\"@type\":[\"Person\",\"Organization\"],\"@id\":\"https:\/\/www.teoriamusical.es\/blog\/#\/schema\/person\/abbe30b6f6b449ac9e19ab236fe3d80c\",\"name\":\"teoriamusical.es\",\"image\":{\"@type\":\"ImageObject\",\"inLanguage\":\"es\",\"@id\":\"https:\/\/www.teoriamusical.es\/blog\/#\/schema\/person\/image\/\",\"url\":\"https:\/\/secure.gravatar.com\/avatar\/1d7014e5a95916f717d86ab0aceffce14fd35c12b39d368d60384afae17e1760?s=96&d=mm&r=g\",\"contentUrl\":\"https:\/\/secure.gravatar.com\/avatar\/1d7014e5a95916f717d86ab0aceffce14fd35c12b39d368d60384afae17e1760?s=96&d=mm&r=g\",\"caption\":\"teoriamusical.es\"},\"logo\":{\"@id\":\"https:\/\/www.teoriamusical.es\/blog\/#\/schema\/person\/image\/\"}}]}<\/script>\n<!-- \/ Yoast SEO plugin. -->","yoast_head_json":{"title":"Componer con Modulaci\u00f3n En Los Doce Tonos - Teor\u00eda Musical","description":"La modulaci\u00f3n en los doce tonos mientras mantenemos una l\u00ednea mel\u00f3dica coherente es el objetivo de este ejercicio musical de modulaci\u00f3n.","robots":{"index":"index","follow":"follow","max-snippet":"max-snippet:-1","max-image-preview":"max-image-preview:large","max-video-preview":"max-video-preview:-1"},"canonical":"https:\/\/www.teoriamusical.es\/blog\/modulacion-en-los-doce-tonos\/","og_locale":"es_ES","og_type":"article","og_title":"Componer con Modulaci\u00f3n En Los Doce Tonos - Teor\u00eda Musical","og_description":"La modulaci\u00f3n en los doce tonos mientras mantenemos una l\u00ednea mel\u00f3dica coherente es el objetivo de este ejercicio musical de modulaci\u00f3n.","og_url":"https:\/\/www.teoriamusical.es\/blog\/modulacion-en-los-doce-tonos\/","og_site_name":"Teor\u00eda Musical","article_published_time":"2021-09-13T19:08:10+00:00","article_modified_time":"2021-09-13T19:08:59+00:00","author":"teoriamusical.es","twitter_card":"summary_large_image","twitter_misc":{"Escrito por":"teoriamusical.es","Tiempo de lectura":"2 minutos"},"schema":{"@context":"https:\/\/schema.org","@graph":[{"@type":"Article","@id":"https:\/\/www.teoriamusical.es\/blog\/modulacion-en-los-doce-tonos\/#article","isPartOf":{"@id":"https:\/\/www.teoriamusical.es\/blog\/modulacion-en-los-doce-tonos\/"},"author":{"name":"teoriamusical.es","@id":"https:\/\/www.teoriamusical.es\/blog\/#\/schema\/person\/abbe30b6f6b449ac9e19ab236fe3d80c"},"headline":"Componer con Modulaci\u00f3n En Los Doce Tonos","datePublished":"2021-09-13T19:08:10+00:00","dateModified":"2021-09-13T19:08:59+00:00","mainEntityOfPage":{"@id":"https:\/\/www.teoriamusical.es\/blog\/modulacion-en-los-doce-tonos\/"},"wordCount":272,"commentCount":0,"publisher":{"@id":"https:\/\/www.teoriamusical.es\/blog\/#\/schema\/person\/abbe30b6f6b449ac9e19ab236fe3d80c"},"articleSection":["Armon\u00eda Moderna","creatividad"],"inLanguage":"es","potentialAction":[{"@type":"CommentAction","name":"Comment","target":["https:\/\/www.teoriamusical.es\/blog\/modulacion-en-los-doce-tonos\/#respond"]}]},{"@type":"WebPage","@id":"https:\/\/www.teoriamusical.es\/blog\/modulacion-en-los-doce-tonos\/","url":"https:\/\/www.teoriamusical.es\/blog\/modulacion-en-los-doce-tonos\/","name":"Componer con Modulaci\u00f3n En Los Doce Tonos - Teor\u00eda Musical","isPartOf":{"@id":"https:\/\/www.teoriamusical.es\/blog\/#website"},"datePublished":"2021-09-13T19:08:10+00:00","dateModified":"2021-09-13T19:08:59+00:00","description":"La modulaci\u00f3n en los doce tonos mientras mantenemos una l\u00ednea mel\u00f3dica coherente es el objetivo de este ejercicio musical de modulaci\u00f3n.","breadcrumb":{"@id":"https:\/\/www.teoriamusical.es\/blog\/modulacion-en-los-doce-tonos\/#breadcrumb"},"inLanguage":"es","potentialAction":[{"@type":"ReadAction","target":["https:\/\/www.teoriamusical.es\/blog\/modulacion-en-los-doce-tonos\/"]}]},{"@type":"BreadcrumbList","@id":"https:\/\/www.teoriamusical.es\/blog\/modulacion-en-los-doce-tonos\/#breadcrumb","itemListElement":[{"@type":"ListItem","position":1,"name":"Home","item":"https:\/\/www.teoriamusical.es\/blog\/"},{"@type":"ListItem","position":2,"name":"Componer con Modulaci\u00f3n En Los Doce Tonos"}]},{"@type":"WebSite","@id":"https:\/\/www.teoriamusical.es\/blog\/#website","url":"https:\/\/www.teoriamusical.es\/blog\/","name":"Teor\u00eda Musical","description":"Teor\u00eda Musical, Armon\u00eda Moderna y Cursos Online","publisher":{"@id":"https:\/\/www.teoriamusical.es\/blog\/#\/schema\/person\/abbe30b6f6b449ac9e19ab236fe3d80c"},"potentialAction":[{"@type":"SearchAction","target":{"@type":"EntryPoint","urlTemplate":"https:\/\/www.teoriamusical.es\/blog\/?s={search_term_string}"},"query-input":"required name=search_term_string"}],"inLanguage":"es"},{"@type":["Person","Organization"],"@id":"https:\/\/www.teoriamusical.es\/blog\/#\/schema\/person\/abbe30b6f6b449ac9e19ab236fe3d80c","name":"teoriamusical.es","image":{"@type":"ImageObject","inLanguage":"es","@id":"https:\/\/www.teoriamusical.es\/blog\/#\/schema\/person\/image\/","url":"https:\/\/secure.gravatar.com\/avatar\/1d7014e5a95916f717d86ab0aceffce14fd35c12b39d368d60384afae17e1760?s=96&d=mm&r=g","contentUrl":"https:\/\/secure.gravatar.com\/avatar\/1d7014e5a95916f717d86ab0aceffce14fd35c12b39d368d60384afae17e1760?s=96&d=mm&r=g","caption":"teoriamusical.es"},"logo":{"@id":"https:\/\/www.teoriamusical.es\/blog\/#\/schema\/person\/image\/"}}]}},"jetpack_featured_media_url":"","jetpack-related-posts":[{"id":396,"url":"https:\/\/www.teoriamusical.es\/blog\/componer-con-modulaciones-plagales\/","url_meta":{"origin":393,"position":0},"title":"Componer con Modulaciones Plagales","date":"septiembre 21, 2021","format":false,"excerpt":"La modulaci\u00f3n es un recurso arm\u00f3nico que nos ayuda a dar inter\u00e9s a nuestras composiciones. La semana pasada constru\u00edmos una melod\u00eda que atravesaba las doce tonalidades utilizando una progresi\u00f3n de acordes que se basaba en la modulaci\u00f3n constante. En el video de esta semana vamos a insistir en la idea\u2026","rel":"","context":"En \u00abAcordes\u00bb","img":{"alt_text":"","src":"https:\/\/i0.wp.com\/img.youtube.com\/vi\/T35TjEu-Egc\/0.jpg?resize=350%2C200","width":350,"height":200},"classes":[]},{"id":153,"url":"https:\/\/www.teoriamusical.es\/blog\/todas-las-tonalidades\/","url_meta":{"origin":393,"position":1},"title":"TOCAR EN TODAS LAS TONALIDADES","date":"febrero 28, 2020","format":false,"excerpt":"\u00bfTocar en todas las tonalidades? En este video de teoria musical s\u00faper f\u00e1cil para principiantes, te ense\u00f1o c\u00f3mo entender los acordes, escalas, modos y tonos para que puedas hacerlo. Tambi\u00e9n te sirve para componer canciones, porque a veces compones en un tono y luego quieres transportarla a otras tonalidades para\u2026","rel":"","context":"En \u00abcreatividad\u00bb","img":{"alt_text":"","src":"https:\/\/i0.wp.com\/img.youtube.com\/vi\/uX5brnc3OxM\/0.jpg?resize=350%2C200","width":350,"height":200},"classes":[]},{"id":317,"url":"https:\/\/www.teoriamusical.es\/blog\/direccionalidad-melodica\/","url_meta":{"origin":393,"position":2},"title":"Direccionalidad Mel\u00f3dica","date":"julio 16, 2021","format":false,"excerpt":"C\u00f3mo componer melod\u00edas, sin saber teor\u00eda musical o sabi\u00e9ndola, tiene mucho que ver con percibir d\u00f3nde quieren moverse las notas. Todo el desarrollo mel\u00f3dico posterior reforzar\u00e1 y ampliar\u00e1 la intenci\u00f3n y direcci\u00f3n de la melod\u00eda, por eso es importante que sepamos crear melod\u00edas s\u00f3lidas que no dependan de la armon\u00eda.\u2026","rel":"","context":"En \u00abArmon\u00eda Moderna\u00bb","img":{"alt_text":"","src":"https:\/\/i0.wp.com\/img.youtube.com\/vi\/rf4hxJ-XIn0\/0.jpg?resize=350%2C200","width":350,"height":200},"classes":[]},{"id":428,"url":"https:\/\/www.teoriamusical.es\/blog\/componer-con-acordes\/","url_meta":{"origin":393,"position":3},"title":"Componer con Acordes","date":"noviembre 29, 2021","format":false,"excerpt":"Componer con acordes es algo com\u00fan pero no siempre sabemos exactamente c\u00f3mo componer con acordes. Para poder realizar un desarrollo arm\u00f3nico y un desarrollo mel\u00f3dico debemos comprender qu\u00e9 son las notas no estructurales y qu\u00e9 son las notas estructurales y lo mismo sucede con los acordes, es decir, qu\u00e9 acordes\u2026","rel":"","context":"En \u00abAcordes\u00bb","img":{"alt_text":"","src":"https:\/\/i0.wp.com\/img.youtube.com\/vi\/9xhHsHX1wmc\/0.jpg?resize=350%2C200","width":350,"height":200},"classes":[]},{"id":476,"url":"https:\/\/www.teoriamusical.es\/blog\/funciones-melodicas\/","url_meta":{"origin":393,"position":4},"title":"Funciones mel\u00f3dicas","date":"junio 29, 2022","format":false,"excerpt":"Las funciones mel\u00f3dicas son clave para componer m\u00fasica y sacar partido del contexto arm\u00f3nico de nuestras composiciones. Sin embargo, no es algo a lo que se preste demasiada atenci\u00f3n, pese al enorme potencial creativo que el uso de funciones mel\u00f3dicas tiene cuando se aplican de forma efectiva. En este video\u2026","rel":"","context":"En \u00abCursos de M\u00fasica\u00bb","img":{"alt_text":"","src":"https:\/\/i0.wp.com\/img.youtube.com\/vi\/qeaFCoznBac\/0.jpg?resize=350%2C200","width":350,"height":200},"classes":[]},{"id":276,"url":"https:\/\/www.teoriamusical.es\/blog\/componer-con-sets-de-notas\/","url_meta":{"origin":393,"position":5},"title":"Componer con Sets de Notas","date":"julio 16, 2021","format":false,"excerpt":"Armonizar melod\u00edas es relativamente sencillo cuando conoces los modos y las escalas fuente de las cuales surgen los acordes y qu\u00e9 notas son chord tones y cu\u00e1les son tensiones del acorde. El problema viene cuando, para armonizar melod\u00edas, trabajamos con sets de notas que no se agrupan en los modelos\u2026","rel":"","context":"En \u00abAcordes\u00bb","img":{"alt_text":"","src":"https:\/\/i0.wp.com\/img.youtube.com\/vi\/Ttg-oprgrPw\/0.jpg?resize=350%2C200","width":350,"height":200},"classes":[]}],"_links":{"self":[{"href":"https:\/\/www.teoriamusical.es\/blog\/wp-json\/wp\/v2\/posts\/393","targetHints":{"allow":["GET"]}}],"collection":[{"href":"https:\/\/www.teoriamusical.es\/blog\/wp-json\/wp\/v2\/posts"}],"about":[{"href":"https:\/\/www.teoriamusical.es\/blog\/wp-json\/wp\/v2\/types\/post"}],"author":[{"embeddable":true,"href":"https:\/\/www.teoriamusical.es\/blog\/wp-json\/wp\/v2\/users\/1"}],"replies":[{"embeddable":true,"href":"https:\/\/www.teoriamusical.es\/blog\/wp-json\/wp\/v2\/comments?post=393"}],"version-history":[{"count":2,"href":"https:\/\/www.teoriamusical.es\/blog\/wp-json\/wp\/v2\/posts\/393\/revisions"}],"predecessor-version":[{"id":395,"href":"https:\/\/www.teoriamusical.es\/blog\/wp-json\/wp\/v2\/posts\/393\/revisions\/395"}],"wp:attachment":[{"href":"https:\/\/www.teoriamusical.es\/blog\/wp-json\/wp\/v2\/media?parent=393"}],"wp:term":[{"taxonomy":"category","embeddable":true,"href":"https:\/\/www.teoriamusical.es\/blog\/wp-json\/wp\/v2\/categories?post=393"},{"taxonomy":"post_tag","embeddable":true,"href":"https:\/\/www.teoriamusical.es\/blog\/wp-json\/wp\/v2\/tags?post=393"}],"curies":[{"name":"wp","href":"https:\/\/api.w.org\/{rel}","templated":true}]}}