{"id":390,"date":"2021-09-08T16:51:44","date_gmt":"2021-09-08T14:51:44","guid":{"rendered":"https:\/\/www.teoriamusical.es\/blog\/?p=390"},"modified":"2021-09-08T16:51:47","modified_gmt":"2021-09-08T14:51:47","slug":"armonia-modal","status":"publish","type":"post","link":"https:\/\/www.teoriamusical.es\/blog\/armonia-modal\/","title":{"rendered":"Armon\u00eda Modal &#8211; Pivotar entre modos"},"content":{"rendered":"\n<p>La Armon\u00eda Modal es una de las herramientas compositivas que podemos utilizar en m\u00fasica moderna para dar car\u00e1cter y riqueza arm\u00f3nica a nuestras composiciones.<\/p>\n\n\n\n<p>Por supuesto la composici\u00f3n modal moderna no es algo exclusivo del Jazz; en el pop\/rock encontramos multitud de temas modales, desde el luminoso Man on The Moon de R.E.M en modo lidio hasta el oscuro Painkiller de Judas Priest, que es, por cierto, uno de los pocos temas en modo locrio ya que este modo presenta algunos problemas que explicamos en el video.<\/p>\n\n\n\n<p>El rock por su parte nos ha dejado grandes temas cuyas progresiones son claramente mixolidias. Tambi\u00e9n en Jazz tenemos multitud de ejemplos de composiciones modales, de hecho toda una rama del jazz, el jazz modal, se centr\u00f3 en el trabajo con los modos como eje compositivo.<\/p>\n\n\n\n<p>Otros artistas como Sting o Radiohead nos han brindado algunos temas donde los modos juegan un papel decisivo, vali\u00e9ndose de procesos cadenciales m\u00e1s propios de la m\u00fasica tonal que de el caracter\u00edstico eje de tensi\u00f3n\/relajaci\u00f3n t\u00edpico de la m\u00fasica modal.<\/p>\n\n\n\n<p>En el canal hemos dedicado una serie de videos a la composici\u00f3n con modos, tanto de la escala mayor como de otras escalas fuente como la mayor arm\u00f3nica, la menor arm\u00f3nica y la escala napolitana menor.<\/p>\n\n\n\n<p>En este video tutorial vamos a ver c\u00f3mo podemos utilizar algunos de los conceptos que hemos trabajado en armon\u00eda moderna para desenvolvernos con soltura en contextos modales, as\u00ed que debajo del video ten\u00e9is el \u00edndice:<\/p>\n\n\n\n<figure class=\"wp-block-embed is-type-video is-provider-youtube wp-block-embed-youtube wp-embed-aspect-16-9 wp-has-aspect-ratio\"><div class=\"wp-block-embed__wrapper\">\n<iframe loading=\"lazy\" title=\"Armon\u00eda Modal\" width=\"584\" height=\"329\" src=\"https:\/\/www.youtube.com\/embed\/tTAvhm1zGZ8?feature=oembed\" frameborder=\"0\" allow=\"accelerometer; autoplay; clipboard-write; encrypted-media; gyroscope; picture-in-picture; web-share\" referrerpolicy=\"strict-origin-when-cross-origin\" allowfullscreen><\/iframe>\n<\/div><\/figure>\n\n\n\n<p><a href=\"https:\/\/www.youtube.com\/watch?v=tTAvhm1zGZ8&amp;t=0s\">00:00<\/a> Inicio <\/p>\n\n\n\n<p><a href=\"https:\/\/www.youtube.com\/watch?v=tTAvhm1zGZ8&amp;t=21s\">00:21<\/a> Eje Arm\u00f3nico Tonal <\/p>\n\n\n\n<p><a href=\"https:\/\/www.youtube.com\/watch?v=tTAvhm1zGZ8&amp;t=54s\">00:54<\/a> Armon\u00eda Modal <\/p>\n\n\n\n<p><a href=\"https:\/\/www.youtube.com\/watch?v=tTAvhm1zGZ8&amp;t=83s\">01:23<\/a> Set de Notas <\/p>\n\n\n\n<p><a href=\"https:\/\/www.youtube.com\/watch?v=tTAvhm1zGZ8&amp;t=134s\">02:14<\/a> El Modo J\u00f3nico <\/p>\n\n\n\n<p><a href=\"https:\/\/www.youtube.com\/watch?v=tTAvhm1zGZ8&amp;t=180s\">03:00<\/a> Centralidad Desplazada <\/p>\n\n\n\n<p><a href=\"https:\/\/www.youtube.com\/watch?v=tTAvhm1zGZ8&amp;t=223s\">03:43<\/a> La problem\u00e1tica del modo Locrio <\/p>\n\n\n\n<p><a href=\"https:\/\/www.youtube.com\/watch?v=tTAvhm1zGZ8&amp;t=325s\">05:25<\/a> El Modo D\u00f3rico <\/p>\n\n\n\n<p><a href=\"https:\/\/www.youtube.com\/watch?v=tTAvhm1zGZ8&amp;t=394s\">06:34<\/a> Componer en Contextos Modales <\/p>\n\n\n\n<p><a href=\"https:\/\/www.youtube.com\/watch?v=tTAvhm1zGZ8&amp;t=461s\">07:41<\/a> Tensi\u00f3n\/Relajaci\u00f3n <\/p>\n\n\n\n<p><a href=\"https:\/\/www.youtube.com\/watch?v=tTAvhm1zGZ8&amp;t=562s\">09:22<\/a> Nota Caracter\u00edstica del Modo <\/p>\n\n\n\n<p><a href=\"https:\/\/www.youtube.com\/watch?v=tTAvhm1zGZ8&amp;t=627s\">10:27<\/a> Direccionalidad Mel\u00f3dica <\/p>\n\n\n\n<p><a href=\"https:\/\/www.youtube.com\/watch?v=tTAvhm1zGZ8&amp;t=690s\">11:30<\/a> Ruptura Modal <\/p>\n\n\n\n<p><a href=\"https:\/\/www.youtube.com\/watch?v=tTAvhm1zGZ8&amp;t=747s\">12:27<\/a> Ritmo Arm\u00f3nico <\/p>\n\n\n\n<p><a href=\"https:\/\/www.youtube.com\/watch?v=tTAvhm1zGZ8&amp;t=807s\">13:27<\/a> Pivotar en Contextos Modales <\/p>\n\n\n\n<p><a href=\"https:\/\/www.youtube.com\/watch?v=tTAvhm1zGZ8&amp;t=884s\">14:44<\/a> Posibilidades Compositivas <\/p>\n\n\n\n<p><a href=\"https:\/\/www.youtube.com\/watch?v=tTAvhm1zGZ8&amp;t=1007s\">16:47<\/a> Direccionalidad Mel\u00f3dica en Armon\u00eda Modal <\/p>\n\n\n\n<p><a href=\"https:\/\/www.youtube.com\/watch?v=tTAvhm1zGZ8&amp;t=1176s\">19:36<\/a> Direccionalidad Arm\u00f3nica en Armon\u00eda Modal <\/p>\n\n\n\n<p><a href=\"https:\/\/www.youtube.com\/watch?v=tTAvhm1zGZ8&amp;t=1199s\">19:59<\/a> Mantener el Centro Modal <\/p>\n\n\n\n<p><a href=\"https:\/\/www.youtube.com\/watch?v=tTAvhm1zGZ8&amp;t=1223s\">20:23<\/a> Ejemplo Modo Mixolidio <\/p>\n\n\n\n<p><a href=\"https:\/\/www.youtube.com\/watch?v=tTAvhm1zGZ8&amp;t=1285s\">21:25<\/a> El Problema La No Exclusividad Arm\u00f3nica <\/p>\n\n\n\n<p><a href=\"https:\/\/www.youtube.com\/watch?v=tTAvhm1zGZ8&amp;t=1434s\">23:54<\/a> Ejemplo Modo Lidio <\/p>\n\n\n\n<p><a href=\"https:\/\/www.youtube.com\/watch?v=tTAvhm1zGZ8&amp;t=1481s\">24:41<\/a> Uso Modal de los Pedales Arm\u00f3nicos <\/p>\n\n\n\n<p><a href=\"https:\/\/www.youtube.com\/watch?v=tTAvhm1zGZ8&amp;t=1593s\">26:33<\/a> Ejemplo Modo Frigio <\/p>\n\n\n\n<p><a href=\"https:\/\/www.youtube.com\/watch?v=tTAvhm1zGZ8&amp;t=1705s\">28:25<\/a> Ejercicio de la Semana <\/p>\n\n\n\n<p>*<strong>A<\/strong>l<strong>gunos Videos del canal sobre Armon\u00eda Modal*<\/strong><\/p>\n\n\n\n<p><a href=\"https:\/\/www.teoriamusical.es\/blog\/modo-mixolidio\/\">Modo Mixolidio<\/a>:<\/p>\n\n\n\n<p><a href=\"https:\/\/www.teoriamusical.es\/blog\/modo-lidio-2\/\">Modo Lidio: <\/a><\/p>\n\n\n\n<p>M<a href=\"https:\/\/www.teoriamusical.es\/blog\/modo-dorico\/\">odo D\u00f3rico: <\/a><\/p>\n\n\n\n<p><a href=\"https:\/\/www.teoriamusical.es\/blog\/modo-frigio\/\">Modo Frigio: <\/a><\/p>\n\n\n\n<p><\/p>\n","protected":false},"excerpt":{"rendered":"<p>La Armon\u00eda Modal es una de las herramientas compositivas que podemos utilizar en m\u00fasica moderna para dar car\u00e1cter y riqueza arm\u00f3nica a nuestras composiciones. Por supuesto la composici\u00f3n modal moderna no es algo exclusivo del Jazz; en el pop\/rock encontramos &hellip; <a href=\"https:\/\/www.teoriamusical.es\/blog\/armonia-modal\/\">Sigue leyendo <span class=\"meta-nav\">&rarr;<\/span><\/a><\/p>\n","protected":false},"author":1,"featured_media":0,"comment_status":"open","ping_status":"open","sticky":false,"template":"","format":"standard","meta":{"_monsterinsights_skip_tracking":false,"_monsterinsights_sitenote_active":false,"_monsterinsights_sitenote_note":"","_monsterinsights_sitenote_category":0,"footnotes":""},"categories":[37,83,15],"tags":[84,4,9],"class_list":["post-390","post","type-post","status-publish","format-standard","hentry","category-acordes","category-armonia-modal","category-armonia-moderna","tag-armonia-modal","tag-armonia-moderna","tag-escalas"],"yoast_head":"<!-- This site is optimized with the Yoast SEO plugin v19.6 - https:\/\/yoast.com\/wordpress\/plugins\/seo\/ -->\n<title>Armon\u00eda Modal - Pivotar entre modos - Teor\u00eda Musical<\/title>\n<meta name=\"description\" content=\"La armon\u00eda modal es una herramienta b\u00e1sica para componer melod\u00edas y en este video veremos c\u00f3mo pivotar entre modos de forma f\u00e1cil.\" \/>\n<meta name=\"robots\" content=\"index, follow, max-snippet:-1, max-image-preview:large, max-video-preview:-1\" \/>\n<link rel=\"canonical\" href=\"https:\/\/www.teoriamusical.es\/blog\/armonia-modal\/\" \/>\n<meta property=\"og:locale\" content=\"es_ES\" \/>\n<meta property=\"og:type\" content=\"article\" \/>\n<meta property=\"og:title\" content=\"Armon\u00eda Modal - Pivotar entre modos - Teor\u00eda Musical\" \/>\n<meta property=\"og:description\" content=\"La armon\u00eda modal es una herramienta b\u00e1sica para componer melod\u00edas y en este video veremos c\u00f3mo pivotar entre modos de forma f\u00e1cil.\" \/>\n<meta property=\"og:url\" content=\"https:\/\/www.teoriamusical.es\/blog\/armonia-modal\/\" \/>\n<meta property=\"og:site_name\" content=\"Teor\u00eda Musical\" \/>\n<meta property=\"article:published_time\" content=\"2021-09-08T14:51:44+00:00\" \/>\n<meta property=\"article:modified_time\" content=\"2021-09-08T14:51:47+00:00\" \/>\n<meta name=\"author\" content=\"teoriamusical.es\" \/>\n<meta name=\"twitter:card\" content=\"summary_large_image\" \/>\n<meta name=\"twitter:label1\" content=\"Escrito por\" \/>\n\t<meta name=\"twitter:data1\" content=\"teoriamusical.es\" \/>\n\t<meta name=\"twitter:label2\" content=\"Tiempo de lectura\" \/>\n\t<meta name=\"twitter:data2\" content=\"2 minutos\" \/>\n<script type=\"application\/ld+json\" class=\"yoast-schema-graph\">{\"@context\":\"https:\/\/schema.org\",\"@graph\":[{\"@type\":\"Article\",\"@id\":\"https:\/\/www.teoriamusical.es\/blog\/armonia-modal\/#article\",\"isPartOf\":{\"@id\":\"https:\/\/www.teoriamusical.es\/blog\/armonia-modal\/\"},\"author\":{\"name\":\"teoriamusical.es\",\"@id\":\"https:\/\/www.teoriamusical.es\/blog\/#\/schema\/person\/abbe30b6f6b449ac9e19ab236fe3d80c\"},\"headline\":\"Armon\u00eda Modal &#8211; Pivotar entre modos\",\"datePublished\":\"2021-09-08T14:51:44+00:00\",\"dateModified\":\"2021-09-08T14:51:47+00:00\",\"mainEntityOfPage\":{\"@id\":\"https:\/\/www.teoriamusical.es\/blog\/armonia-modal\/\"},\"wordCount\":396,\"commentCount\":0,\"publisher\":{\"@id\":\"https:\/\/www.teoriamusical.es\/blog\/#\/schema\/person\/abbe30b6f6b449ac9e19ab236fe3d80c\"},\"keywords\":[\"armon\u00eda modal\",\"armonia moderna\",\"Escalas\"],\"articleSection\":[\"Acordes\",\"armon\u00eda modal\",\"Armon\u00eda Moderna\"],\"inLanguage\":\"es\",\"potentialAction\":[{\"@type\":\"CommentAction\",\"name\":\"Comment\",\"target\":[\"https:\/\/www.teoriamusical.es\/blog\/armonia-modal\/#respond\"]}]},{\"@type\":\"WebPage\",\"@id\":\"https:\/\/www.teoriamusical.es\/blog\/armonia-modal\/\",\"url\":\"https:\/\/www.teoriamusical.es\/blog\/armonia-modal\/\",\"name\":\"Armon\u00eda Modal - Pivotar entre modos - Teor\u00eda Musical\",\"isPartOf\":{\"@id\":\"https:\/\/www.teoriamusical.es\/blog\/#website\"},\"datePublished\":\"2021-09-08T14:51:44+00:00\",\"dateModified\":\"2021-09-08T14:51:47+00:00\",\"description\":\"La armon\u00eda modal es una herramienta b\u00e1sica para componer melod\u00edas y en este video veremos c\u00f3mo pivotar entre modos de forma f\u00e1cil.\",\"breadcrumb\":{\"@id\":\"https:\/\/www.teoriamusical.es\/blog\/armonia-modal\/#breadcrumb\"},\"inLanguage\":\"es\",\"potentialAction\":[{\"@type\":\"ReadAction\",\"target\":[\"https:\/\/www.teoriamusical.es\/blog\/armonia-modal\/\"]}]},{\"@type\":\"BreadcrumbList\",\"@id\":\"https:\/\/www.teoriamusical.es\/blog\/armonia-modal\/#breadcrumb\",\"itemListElement\":[{\"@type\":\"ListItem\",\"position\":1,\"name\":\"Home\",\"item\":\"https:\/\/www.teoriamusical.es\/blog\/\"},{\"@type\":\"ListItem\",\"position\":2,\"name\":\"Armon\u00eda Modal &#8211; Pivotar entre modos\"}]},{\"@type\":\"WebSite\",\"@id\":\"https:\/\/www.teoriamusical.es\/blog\/#website\",\"url\":\"https:\/\/www.teoriamusical.es\/blog\/\",\"name\":\"Teor\u00eda Musical\",\"description\":\"Teor\u00eda Musical, Armon\u00eda Moderna y Cursos Online\",\"publisher\":{\"@id\":\"https:\/\/www.teoriamusical.es\/blog\/#\/schema\/person\/abbe30b6f6b449ac9e19ab236fe3d80c\"},\"potentialAction\":[{\"@type\":\"SearchAction\",\"target\":{\"@type\":\"EntryPoint\",\"urlTemplate\":\"https:\/\/www.teoriamusical.es\/blog\/?s={search_term_string}\"},\"query-input\":\"required name=search_term_string\"}],\"inLanguage\":\"es\"},{\"@type\":[\"Person\",\"Organization\"],\"@id\":\"https:\/\/www.teoriamusical.es\/blog\/#\/schema\/person\/abbe30b6f6b449ac9e19ab236fe3d80c\",\"name\":\"teoriamusical.es\",\"image\":{\"@type\":\"ImageObject\",\"inLanguage\":\"es\",\"@id\":\"https:\/\/www.teoriamusical.es\/blog\/#\/schema\/person\/image\/\",\"url\":\"https:\/\/secure.gravatar.com\/avatar\/1d7014e5a95916f717d86ab0aceffce14fd35c12b39d368d60384afae17e1760?s=96&d=mm&r=g\",\"contentUrl\":\"https:\/\/secure.gravatar.com\/avatar\/1d7014e5a95916f717d86ab0aceffce14fd35c12b39d368d60384afae17e1760?s=96&d=mm&r=g\",\"caption\":\"teoriamusical.es\"},\"logo\":{\"@id\":\"https:\/\/www.teoriamusical.es\/blog\/#\/schema\/person\/image\/\"}}]}<\/script>\n<!-- \/ Yoast SEO plugin. -->","yoast_head_json":{"title":"Armon\u00eda Modal - Pivotar entre modos - Teor\u00eda Musical","description":"La armon\u00eda modal es una herramienta b\u00e1sica para componer melod\u00edas y en este video veremos c\u00f3mo pivotar entre modos de forma f\u00e1cil.","robots":{"index":"index","follow":"follow","max-snippet":"max-snippet:-1","max-image-preview":"max-image-preview:large","max-video-preview":"max-video-preview:-1"},"canonical":"https:\/\/www.teoriamusical.es\/blog\/armonia-modal\/","og_locale":"es_ES","og_type":"article","og_title":"Armon\u00eda Modal - Pivotar entre modos - Teor\u00eda Musical","og_description":"La armon\u00eda modal es una herramienta b\u00e1sica para componer melod\u00edas y en este video veremos c\u00f3mo pivotar entre modos de forma f\u00e1cil.","og_url":"https:\/\/www.teoriamusical.es\/blog\/armonia-modal\/","og_site_name":"Teor\u00eda Musical","article_published_time":"2021-09-08T14:51:44+00:00","article_modified_time":"2021-09-08T14:51:47+00:00","author":"teoriamusical.es","twitter_card":"summary_large_image","twitter_misc":{"Escrito por":"teoriamusical.es","Tiempo de lectura":"2 minutos"},"schema":{"@context":"https:\/\/schema.org","@graph":[{"@type":"Article","@id":"https:\/\/www.teoriamusical.es\/blog\/armonia-modal\/#article","isPartOf":{"@id":"https:\/\/www.teoriamusical.es\/blog\/armonia-modal\/"},"author":{"name":"teoriamusical.es","@id":"https:\/\/www.teoriamusical.es\/blog\/#\/schema\/person\/abbe30b6f6b449ac9e19ab236fe3d80c"},"headline":"Armon\u00eda Modal &#8211; Pivotar entre modos","datePublished":"2021-09-08T14:51:44+00:00","dateModified":"2021-09-08T14:51:47+00:00","mainEntityOfPage":{"@id":"https:\/\/www.teoriamusical.es\/blog\/armonia-modal\/"},"wordCount":396,"commentCount":0,"publisher":{"@id":"https:\/\/www.teoriamusical.es\/blog\/#\/schema\/person\/abbe30b6f6b449ac9e19ab236fe3d80c"},"keywords":["armon\u00eda modal","armonia moderna","Escalas"],"articleSection":["Acordes","armon\u00eda modal","Armon\u00eda Moderna"],"inLanguage":"es","potentialAction":[{"@type":"CommentAction","name":"Comment","target":["https:\/\/www.teoriamusical.es\/blog\/armonia-modal\/#respond"]}]},{"@type":"WebPage","@id":"https:\/\/www.teoriamusical.es\/blog\/armonia-modal\/","url":"https:\/\/www.teoriamusical.es\/blog\/armonia-modal\/","name":"Armon\u00eda Modal - Pivotar entre modos - Teor\u00eda Musical","isPartOf":{"@id":"https:\/\/www.teoriamusical.es\/blog\/#website"},"datePublished":"2021-09-08T14:51:44+00:00","dateModified":"2021-09-08T14:51:47+00:00","description":"La armon\u00eda modal es una herramienta b\u00e1sica para componer melod\u00edas y en este video veremos c\u00f3mo pivotar entre modos de forma f\u00e1cil.","breadcrumb":{"@id":"https:\/\/www.teoriamusical.es\/blog\/armonia-modal\/#breadcrumb"},"inLanguage":"es","potentialAction":[{"@type":"ReadAction","target":["https:\/\/www.teoriamusical.es\/blog\/armonia-modal\/"]}]},{"@type":"BreadcrumbList","@id":"https:\/\/www.teoriamusical.es\/blog\/armonia-modal\/#breadcrumb","itemListElement":[{"@type":"ListItem","position":1,"name":"Home","item":"https:\/\/www.teoriamusical.es\/blog\/"},{"@type":"ListItem","position":2,"name":"Armon\u00eda Modal &#8211; Pivotar entre modos"}]},{"@type":"WebSite","@id":"https:\/\/www.teoriamusical.es\/blog\/#website","url":"https:\/\/www.teoriamusical.es\/blog\/","name":"Teor\u00eda Musical","description":"Teor\u00eda Musical, Armon\u00eda Moderna y Cursos Online","publisher":{"@id":"https:\/\/www.teoriamusical.es\/blog\/#\/schema\/person\/abbe30b6f6b449ac9e19ab236fe3d80c"},"potentialAction":[{"@type":"SearchAction","target":{"@type":"EntryPoint","urlTemplate":"https:\/\/www.teoriamusical.es\/blog\/?s={search_term_string}"},"query-input":"required name=search_term_string"}],"inLanguage":"es"},{"@type":["Person","Organization"],"@id":"https:\/\/www.teoriamusical.es\/blog\/#\/schema\/person\/abbe30b6f6b449ac9e19ab236fe3d80c","name":"teoriamusical.es","image":{"@type":"ImageObject","inLanguage":"es","@id":"https:\/\/www.teoriamusical.es\/blog\/#\/schema\/person\/image\/","url":"https:\/\/secure.gravatar.com\/avatar\/1d7014e5a95916f717d86ab0aceffce14fd35c12b39d368d60384afae17e1760?s=96&d=mm&r=g","contentUrl":"https:\/\/secure.gravatar.com\/avatar\/1d7014e5a95916f717d86ab0aceffce14fd35c12b39d368d60384afae17e1760?s=96&d=mm&r=g","caption":"teoriamusical.es"},"logo":{"@id":"https:\/\/www.teoriamusical.es\/blog\/#\/schema\/person\/image\/"}}]}},"jetpack_featured_media_url":"","jetpack-related-posts":[{"id":203,"url":"https:\/\/www.teoriamusical.es\/blog\/modo-mixolidio\/","url_meta":{"origin":390,"position":0},"title":"Modo Mixolidio","date":"julio 7, 2021","format":false,"excerpt":"\u00bfQu\u00e9 es la Armon\u00eda Modal? Esta es una de las preguntas m\u00e1s repetidas por los alumnos y suscriptores que mandan mails. En este video explico de forma sencilla la diferencia entre armon\u00eda funcional y armon\u00eda modal, haciendo hincapi\u00e9 en las diferencias que existen entre gravitar alrededor de un centro tonal\u2026","rel":"","context":"En \u00abAn\u00e1lisis Musical\u00bb","img":{"alt_text":"","src":"https:\/\/i0.wp.com\/img.youtube.com\/vi\/UAsrpzddfGo\/0.jpg?resize=350%2C200","width":350,"height":200},"classes":[]},{"id":206,"url":"https:\/\/www.teoriamusical.es\/blog\/modo-lidio-2\/","url_meta":{"origin":390,"position":1},"title":"Modo Lidio","date":"julio 7, 2021","format":false,"excerpt":"\u00bfQu\u00e9 es la Armon\u00eda Modal? Esta es una de las preguntas m\u00e1s repetidas por los alumnos y suscriptores que mandan mails. En el video anterior expliqu\u00e9 el modo mixolidio y en este repaso de forma sencilla la diferencia entre armon\u00eda tonal y armon\u00eda modal, haciendo hincapi\u00e9 en las diferencias que\u2026","rel":"","context":"En \u00abAn\u00e1lisis Musical\u00bb","img":{"alt_text":"","src":"https:\/\/i0.wp.com\/img.youtube.com\/vi\/pMBoXOjNudg\/0.jpg?resize=350%2C200","width":350,"height":200},"classes":[]},{"id":320,"url":"https:\/\/www.teoriamusical.es\/blog\/dominante-frigio\/","url_meta":{"origin":390,"position":2},"title":"Dominante Frigio: Mixolidio (b9, b13)","date":"julio 16, 2021","format":false,"excerpt":"El modo frigio dominante, conocido tambi\u00e9n como escala frigia dominante, mixolidia (b9 b13), frigio mayor, quinto modo de la escala menor arm\u00f3nica, o cualquier otra etiqueta, es uno de esos modos con multitud de nombres pero una sonoridad espectacular que debemos conocer tanto en contextos modales como en contextos tonales\u2026","rel":"","context":"En \u00abAcordes\u00bb","img":{"alt_text":"","src":"https:\/\/i0.wp.com\/img.youtube.com\/vi\/-EZQuNUAuFs\/0.jpg?resize=350%2C200","width":350,"height":200},"classes":[]},{"id":209,"url":"https:\/\/www.teoriamusical.es\/blog\/modo-dorico\/","url_meta":{"origin":390,"position":3},"title":"Modo D\u00f3rico","date":"julio 7, 2021","format":false,"excerpt":"\u00bfQu\u00e9 es la Armon\u00eda Modal? Esta es una de las preguntas m\u00e1s repetidas por los alumnos y suscriptores que mandan mails. En el video anterior expliqu\u00e9 el modo Lidio y en este repaso de forma sencilla la diferencia entre armon\u00eda tonal y armon\u00eda modal, haciendo hincapi\u00e9 en las diferencias que\u2026","rel":"","context":"En \u00abArmon\u00eda Moderna\u00bb","img":{"alt_text":"","src":"https:\/\/i0.wp.com\/img.youtube.com\/vi\/XASbLPH25fE\/0.jpg?resize=350%2C200","width":350,"height":200},"classes":[]},{"id":465,"url":"https:\/\/www.teoriamusical.es\/blog\/la-clave-del-intercambio-modal\/","url_meta":{"origin":390,"position":4},"title":"La Clave del Intercambio Modal","date":"junio 29, 2022","format":false,"excerpt":"El intercambio modal es un recurso que, en armon\u00eda moderna, nos prepara para la tonalidad extendida, que est\u00e1 a la orden del d\u00eda en la pr\u00e1ctica jazzistica, tanto en composici\u00f3n como en improvisaci\u00f3n. Aprender los recursos arm\u00f3nicos y las formas de ver la armon\u00eda que se tienen en distintos estilos\u2026","rel":"","context":"En \u00abCursos de M\u00fasica\u00bb","img":{"alt_text":"","src":"https:\/\/i0.wp.com\/img.youtube.com\/vi\/_6_BtKDiroM\/0.jpg?resize=350%2C200","width":350,"height":200},"classes":[]},{"id":215,"url":"https:\/\/www.teoriamusical.es\/blog\/modo-eolico\/","url_meta":{"origin":390,"position":5},"title":"Modo E\u00f3lico","date":"julio 7, 2021","format":false,"excerpt":"\u00bfQu\u00e9 es la Armon\u00eda Modal? Esta es una de las preguntas m\u00e1s repetidas por los alumnos y suscriptores que mandan mails. En est\u00e9 video hablamos del modo e\u00f3lico, o Aeolian o, simplemente, \"el modo menor\" para los amigos. Veremos diferencias entre usarlo en un contexto de armon\u00eda tonal y de\u2026","rel":"","context":"En \u00abAn\u00e1lisis Musical\u00bb","img":{"alt_text":"","src":"https:\/\/i0.wp.com\/img.youtube.com\/vi\/yd5H23uBqtk\/0.jpg?resize=350%2C200","width":350,"height":200},"classes":[]}],"_links":{"self":[{"href":"https:\/\/www.teoriamusical.es\/blog\/wp-json\/wp\/v2\/posts\/390","targetHints":{"allow":["GET"]}}],"collection":[{"href":"https:\/\/www.teoriamusical.es\/blog\/wp-json\/wp\/v2\/posts"}],"about":[{"href":"https:\/\/www.teoriamusical.es\/blog\/wp-json\/wp\/v2\/types\/post"}],"author":[{"embeddable":true,"href":"https:\/\/www.teoriamusical.es\/blog\/wp-json\/wp\/v2\/users\/1"}],"replies":[{"embeddable":true,"href":"https:\/\/www.teoriamusical.es\/blog\/wp-json\/wp\/v2\/comments?post=390"}],"version-history":[{"count":1,"href":"https:\/\/www.teoriamusical.es\/blog\/wp-json\/wp\/v2\/posts\/390\/revisions"}],"predecessor-version":[{"id":391,"href":"https:\/\/www.teoriamusical.es\/blog\/wp-json\/wp\/v2\/posts\/390\/revisions\/391"}],"wp:attachment":[{"href":"https:\/\/www.teoriamusical.es\/blog\/wp-json\/wp\/v2\/media?parent=390"}],"wp:term":[{"taxonomy":"category","embeddable":true,"href":"https:\/\/www.teoriamusical.es\/blog\/wp-json\/wp\/v2\/categories?post=390"},{"taxonomy":"post_tag","embeddable":true,"href":"https:\/\/www.teoriamusical.es\/blog\/wp-json\/wp\/v2\/tags?post=390"}],"curies":[{"name":"wp","href":"https:\/\/api.w.org\/{rel}","templated":true}]}}