{"id":329,"date":"2021-07-16T14:23:31","date_gmt":"2021-07-16T12:23:31","guid":{"rendered":"https:\/\/www.teoriamusical.es\/blog\/?p=329"},"modified":"2021-08-09T23:37:49","modified_gmt":"2021-08-09T21:37:49","slug":"armonia-en-el-pop-japones","status":"publish","type":"post","link":"https:\/\/www.teoriamusical.es\/blog\/armonia-en-el-pop-japones\/","title":{"rendered":"Armon\u00eda en el Pop Japon\u00e9s"},"content":{"rendered":"\n<p>El Jpop, o pop japon\u00e9s, es un estilo en el que confluyen muchos estilos, desde el jazz, el pop, el rock a la m\u00fasica cl\u00e1sica. Adem\u00e1s la evoluci\u00f3n de la m\u00fasica japonesa tiene un recorrido distinto a la m\u00fasica de tradici\u00f3n europea o la m\u00fasica afroamericana y eso la hace, a mi entender, muy interesante. En este video nos centramos en una progresi\u00f3n en concreto que aparece mucho en los principales hits del Jpop al igual que sucede con otras progresiones en otros estilos de m\u00fasica comercial. Ten\u00e9is otros canales que hablan en profundidad de la parte sociocultural de ciertos estilos musicales, sobre la m\u00fasica japonesa yo os recomendar\u00eda el canal de Music Radar Clan. No conozco personalmente al creador, ya que el \u00fanico Youtuber al que conozco personalmente es Jaime Altozano, pero he de decir que la tarea que realiza me parece valiosa e importante, al igual que me lo parece la que realiza Shauntrack, Alvinsch y otros Youtubers de habla inglesa como Rick Beato, Adam Neely, Aimee Nolte, etc, que contribuyen a que la gente aprenda sobre m\u00fasica.<\/p>\n\n\n\n<figure class=\"wp-block-embed is-type-video is-provider-youtube wp-block-embed-youtube wp-embed-aspect-16-9 wp-has-aspect-ratio\"><div class=\"wp-block-embed__wrapper\">\n<iframe loading=\"lazy\" title=\"JPop - Armon\u00eda en el Pop Japon\u00e9s\" width=\"584\" height=\"329\" src=\"https:\/\/www.youtube.com\/embed\/tKaUCDHBJpM?feature=oembed\" frameborder=\"0\" allow=\"accelerometer; autoplay; clipboard-write; encrypted-media; gyroscope; picture-in-picture; web-share\" referrerpolicy=\"strict-origin-when-cross-origin\" allowfullscreen><\/iframe>\n<\/div><\/figure>\n\n\n\n<p>\u00bfTe Interesa la armon\u00eda moderna, los voicings y el desarrollo mel\u00f3dico? Echa un vistazo a mis <a href=\"https:\/\/www.teoriamusical.es\/blog\/cursos-de-musica\/\">cursos de m\u00fasica online<\/a> y al contenido gratuito en mi <a href=\"http:\/\/www.youtube.com\/countblissett\">canal de Youtube<\/a>.<\/p>\n","protected":false},"excerpt":{"rendered":"<p>El Jpop, o pop japon\u00e9s, es un estilo en el que confluyen muchos estilos, desde el jazz, el pop, el rock a la m\u00fasica cl\u00e1sica. Adem\u00e1s la evoluci\u00f3n de la m\u00fasica japonesa tiene un recorrido distinto a la m\u00fasica de &hellip; <a href=\"https:\/\/www.teoriamusical.es\/blog\/armonia-en-el-pop-japones\/\">Sigue leyendo <span class=\"meta-nav\">&rarr;<\/span><\/a><\/p>\n","protected":false},"author":1,"featured_media":0,"comment_status":"open","ping_status":"open","sticky":false,"template":"","format":"standard","meta":{"_monsterinsights_skip_tracking":false,"_monsterinsights_sitenote_active":false,"_monsterinsights_sitenote_note":"","_monsterinsights_sitenote_category":0,"footnotes":""},"categories":[37,18,15],"tags":[],"class_list":["post-329","post","type-post","status-publish","format-standard","hentry","category-acordes","category-analisis-musical","category-armonia-moderna"],"yoast_head":"<!-- This site is optimized with the Yoast SEO plugin v19.6 - https:\/\/yoast.com\/wordpress\/plugins\/seo\/ -->\n<title>Armon\u00eda en el Pop Japon\u00e9s - Teor\u00eda Musical<\/title>\n<meta name=\"description\" content=\"La armon\u00eda japonesa que escuchamos en el Jpop tiene una serie de particularidades que vamos a explora juntos en este video.\" \/>\n<meta name=\"robots\" content=\"index, follow, max-snippet:-1, max-image-preview:large, max-video-preview:-1\" \/>\n<link rel=\"canonical\" href=\"https:\/\/www.teoriamusical.es\/blog\/armonia-en-el-pop-japones\/\" \/>\n<meta property=\"og:locale\" content=\"es_ES\" \/>\n<meta property=\"og:type\" content=\"article\" \/>\n<meta property=\"og:title\" content=\"Armon\u00eda en el Pop Japon\u00e9s - Teor\u00eda Musical\" \/>\n<meta property=\"og:description\" content=\"La armon\u00eda japonesa que escuchamos en el Jpop tiene una serie de particularidades que vamos a explora juntos en este video.\" \/>\n<meta property=\"og:url\" content=\"https:\/\/www.teoriamusical.es\/blog\/armonia-en-el-pop-japones\/\" \/>\n<meta property=\"og:site_name\" content=\"Teor\u00eda Musical\" \/>\n<meta property=\"article:published_time\" content=\"2021-07-16T12:23:31+00:00\" \/>\n<meta property=\"article:modified_time\" content=\"2021-08-09T21:37:49+00:00\" \/>\n<meta name=\"author\" content=\"teoriamusical.es\" \/>\n<meta name=\"twitter:card\" content=\"summary_large_image\" \/>\n<meta name=\"twitter:label1\" content=\"Escrito por\" \/>\n\t<meta name=\"twitter:data1\" content=\"teoriamusical.es\" \/>\n\t<meta name=\"twitter:label2\" content=\"Tiempo de lectura\" \/>\n\t<meta name=\"twitter:data2\" content=\"1 minuto\" \/>\n<script type=\"application\/ld+json\" class=\"yoast-schema-graph\">{\"@context\":\"https:\/\/schema.org\",\"@graph\":[{\"@type\":\"Article\",\"@id\":\"https:\/\/www.teoriamusical.es\/blog\/armonia-en-el-pop-japones\/#article\",\"isPartOf\":{\"@id\":\"https:\/\/www.teoriamusical.es\/blog\/armonia-en-el-pop-japones\/\"},\"author\":{\"name\":\"teoriamusical.es\",\"@id\":\"https:\/\/www.teoriamusical.es\/blog\/#\/schema\/person\/abbe30b6f6b449ac9e19ab236fe3d80c\"},\"headline\":\"Armon\u00eda en el Pop Japon\u00e9s\",\"datePublished\":\"2021-07-16T12:23:31+00:00\",\"dateModified\":\"2021-08-09T21:37:49+00:00\",\"mainEntityOfPage\":{\"@id\":\"https:\/\/www.teoriamusical.es\/blog\/armonia-en-el-pop-japones\/\"},\"wordCount\":238,\"commentCount\":0,\"publisher\":{\"@id\":\"https:\/\/www.teoriamusical.es\/blog\/#\/schema\/person\/abbe30b6f6b449ac9e19ab236fe3d80c\"},\"articleSection\":[\"Acordes\",\"An\u00e1lisis Musical\",\"Armon\u00eda Moderna\"],\"inLanguage\":\"es\",\"potentialAction\":[{\"@type\":\"CommentAction\",\"name\":\"Comment\",\"target\":[\"https:\/\/www.teoriamusical.es\/blog\/armonia-en-el-pop-japones\/#respond\"]}]},{\"@type\":\"WebPage\",\"@id\":\"https:\/\/www.teoriamusical.es\/blog\/armonia-en-el-pop-japones\/\",\"url\":\"https:\/\/www.teoriamusical.es\/blog\/armonia-en-el-pop-japones\/\",\"name\":\"Armon\u00eda en el Pop Japon\u00e9s - Teor\u00eda Musical\",\"isPartOf\":{\"@id\":\"https:\/\/www.teoriamusical.es\/blog\/#website\"},\"datePublished\":\"2021-07-16T12:23:31+00:00\",\"dateModified\":\"2021-08-09T21:37:49+00:00\",\"description\":\"La armon\u00eda japonesa que escuchamos en el Jpop tiene una serie de particularidades que vamos a explora juntos en este video.\",\"breadcrumb\":{\"@id\":\"https:\/\/www.teoriamusical.es\/blog\/armonia-en-el-pop-japones\/#breadcrumb\"},\"inLanguage\":\"es\",\"potentialAction\":[{\"@type\":\"ReadAction\",\"target\":[\"https:\/\/www.teoriamusical.es\/blog\/armonia-en-el-pop-japones\/\"]}]},{\"@type\":\"BreadcrumbList\",\"@id\":\"https:\/\/www.teoriamusical.es\/blog\/armonia-en-el-pop-japones\/#breadcrumb\",\"itemListElement\":[{\"@type\":\"ListItem\",\"position\":1,\"name\":\"Home\",\"item\":\"https:\/\/www.teoriamusical.es\/blog\/\"},{\"@type\":\"ListItem\",\"position\":2,\"name\":\"Armon\u00eda en el Pop Japon\u00e9s\"}]},{\"@type\":\"WebSite\",\"@id\":\"https:\/\/www.teoriamusical.es\/blog\/#website\",\"url\":\"https:\/\/www.teoriamusical.es\/blog\/\",\"name\":\"Teor\u00eda Musical\",\"description\":\"Teor\u00eda Musical, Armon\u00eda Moderna y Cursos Online\",\"publisher\":{\"@id\":\"https:\/\/www.teoriamusical.es\/blog\/#\/schema\/person\/abbe30b6f6b449ac9e19ab236fe3d80c\"},\"potentialAction\":[{\"@type\":\"SearchAction\",\"target\":{\"@type\":\"EntryPoint\",\"urlTemplate\":\"https:\/\/www.teoriamusical.es\/blog\/?s={search_term_string}\"},\"query-input\":\"required name=search_term_string\"}],\"inLanguage\":\"es\"},{\"@type\":[\"Person\",\"Organization\"],\"@id\":\"https:\/\/www.teoriamusical.es\/blog\/#\/schema\/person\/abbe30b6f6b449ac9e19ab236fe3d80c\",\"name\":\"teoriamusical.es\",\"image\":{\"@type\":\"ImageObject\",\"inLanguage\":\"es\",\"@id\":\"https:\/\/www.teoriamusical.es\/blog\/#\/schema\/person\/image\/\",\"url\":\"https:\/\/secure.gravatar.com\/avatar\/1d7014e5a95916f717d86ab0aceffce14fd35c12b39d368d60384afae17e1760?s=96&d=mm&r=g\",\"contentUrl\":\"https:\/\/secure.gravatar.com\/avatar\/1d7014e5a95916f717d86ab0aceffce14fd35c12b39d368d60384afae17e1760?s=96&d=mm&r=g\",\"caption\":\"teoriamusical.es\"},\"logo\":{\"@id\":\"https:\/\/www.teoriamusical.es\/blog\/#\/schema\/person\/image\/\"}}]}<\/script>\n<!-- \/ Yoast SEO plugin. -->","yoast_head_json":{"title":"Armon\u00eda en el Pop Japon\u00e9s - Teor\u00eda Musical","description":"La armon\u00eda japonesa que escuchamos en el Jpop tiene una serie de particularidades que vamos a explora juntos en este video.","robots":{"index":"index","follow":"follow","max-snippet":"max-snippet:-1","max-image-preview":"max-image-preview:large","max-video-preview":"max-video-preview:-1"},"canonical":"https:\/\/www.teoriamusical.es\/blog\/armonia-en-el-pop-japones\/","og_locale":"es_ES","og_type":"article","og_title":"Armon\u00eda en el Pop Japon\u00e9s - Teor\u00eda Musical","og_description":"La armon\u00eda japonesa que escuchamos en el Jpop tiene una serie de particularidades que vamos a explora juntos en este video.","og_url":"https:\/\/www.teoriamusical.es\/blog\/armonia-en-el-pop-japones\/","og_site_name":"Teor\u00eda Musical","article_published_time":"2021-07-16T12:23:31+00:00","article_modified_time":"2021-08-09T21:37:49+00:00","author":"teoriamusical.es","twitter_card":"summary_large_image","twitter_misc":{"Escrito por":"teoriamusical.es","Tiempo de lectura":"1 minuto"},"schema":{"@context":"https:\/\/schema.org","@graph":[{"@type":"Article","@id":"https:\/\/www.teoriamusical.es\/blog\/armonia-en-el-pop-japones\/#article","isPartOf":{"@id":"https:\/\/www.teoriamusical.es\/blog\/armonia-en-el-pop-japones\/"},"author":{"name":"teoriamusical.es","@id":"https:\/\/www.teoriamusical.es\/blog\/#\/schema\/person\/abbe30b6f6b449ac9e19ab236fe3d80c"},"headline":"Armon\u00eda en el Pop Japon\u00e9s","datePublished":"2021-07-16T12:23:31+00:00","dateModified":"2021-08-09T21:37:49+00:00","mainEntityOfPage":{"@id":"https:\/\/www.teoriamusical.es\/blog\/armonia-en-el-pop-japones\/"},"wordCount":238,"commentCount":0,"publisher":{"@id":"https:\/\/www.teoriamusical.es\/blog\/#\/schema\/person\/abbe30b6f6b449ac9e19ab236fe3d80c"},"articleSection":["Acordes","An\u00e1lisis Musical","Armon\u00eda Moderna"],"inLanguage":"es","potentialAction":[{"@type":"CommentAction","name":"Comment","target":["https:\/\/www.teoriamusical.es\/blog\/armonia-en-el-pop-japones\/#respond"]}]},{"@type":"WebPage","@id":"https:\/\/www.teoriamusical.es\/blog\/armonia-en-el-pop-japones\/","url":"https:\/\/www.teoriamusical.es\/blog\/armonia-en-el-pop-japones\/","name":"Armon\u00eda en el Pop Japon\u00e9s - Teor\u00eda Musical","isPartOf":{"@id":"https:\/\/www.teoriamusical.es\/blog\/#website"},"datePublished":"2021-07-16T12:23:31+00:00","dateModified":"2021-08-09T21:37:49+00:00","description":"La armon\u00eda japonesa que escuchamos en el Jpop tiene una serie de particularidades que vamos a explora juntos en este video.","breadcrumb":{"@id":"https:\/\/www.teoriamusical.es\/blog\/armonia-en-el-pop-japones\/#breadcrumb"},"inLanguage":"es","potentialAction":[{"@type":"ReadAction","target":["https:\/\/www.teoriamusical.es\/blog\/armonia-en-el-pop-japones\/"]}]},{"@type":"BreadcrumbList","@id":"https:\/\/www.teoriamusical.es\/blog\/armonia-en-el-pop-japones\/#breadcrumb","itemListElement":[{"@type":"ListItem","position":1,"name":"Home","item":"https:\/\/www.teoriamusical.es\/blog\/"},{"@type":"ListItem","position":2,"name":"Armon\u00eda en el Pop Japon\u00e9s"}]},{"@type":"WebSite","@id":"https:\/\/www.teoriamusical.es\/blog\/#website","url":"https:\/\/www.teoriamusical.es\/blog\/","name":"Teor\u00eda Musical","description":"Teor\u00eda Musical, Armon\u00eda Moderna y Cursos Online","publisher":{"@id":"https:\/\/www.teoriamusical.es\/blog\/#\/schema\/person\/abbe30b6f6b449ac9e19ab236fe3d80c"},"potentialAction":[{"@type":"SearchAction","target":{"@type":"EntryPoint","urlTemplate":"https:\/\/www.teoriamusical.es\/blog\/?s={search_term_string}"},"query-input":"required name=search_term_string"}],"inLanguage":"es"},{"@type":["Person","Organization"],"@id":"https:\/\/www.teoriamusical.es\/blog\/#\/schema\/person\/abbe30b6f6b449ac9e19ab236fe3d80c","name":"teoriamusical.es","image":{"@type":"ImageObject","inLanguage":"es","@id":"https:\/\/www.teoriamusical.es\/blog\/#\/schema\/person\/image\/","url":"https:\/\/secure.gravatar.com\/avatar\/1d7014e5a95916f717d86ab0aceffce14fd35c12b39d368d60384afae17e1760?s=96&d=mm&r=g","contentUrl":"https:\/\/secure.gravatar.com\/avatar\/1d7014e5a95916f717d86ab0aceffce14fd35c12b39d368d60384afae17e1760?s=96&d=mm&r=g","caption":"teoriamusical.es"},"logo":{"@id":"https:\/\/www.teoriamusical.es\/blog\/#\/schema\/person\/image\/"}}]}},"jetpack_featured_media_url":"","jetpack-related-posts":[{"id":404,"url":"https:\/\/www.teoriamusical.es\/blog\/cadencias\/","url_meta":{"origin":329,"position":0},"title":"Cadencias y Armon\u00eda","date":"octubre 12, 2021","format":false,"excerpt":"En la armon\u00eda funcional las cadencias son un elemento important\u00edsimo ya \u00a0que nos se\u00f1alan nuestro centro tonal. Muchas obras en la m\u00fasica cl\u00e1sica \u00a0se estructuran en torno a las cadencias, implicando \u00a0diferentes procesos cadenciales. Un an\u00e1lisis arm\u00f3nico de obras de distintos \u00a0autores desde Bach hasta Charlie Parker nos se\u00f1ala con\u2026","rel":"","context":"En \u00abArmon\u00eda Moderna\u00bb","img":{"alt_text":"","src":"https:\/\/i0.wp.com\/img.youtube.com\/vi\/HUTgkUnBrM4\/0.jpg?resize=350%2C200","width":350,"height":200},"classes":[]},{"id":440,"url":"https:\/\/www.teoriamusical.es\/blog\/analizando-musica-de-laura-pausini\/","url_meta":{"origin":329,"position":1},"title":"Analizando M\u00fasica de Laura Pausini","date":"noviembre 29, 2021","format":false,"excerpt":"Analizando m\u00fasica de Laura Pausini es un video de la secci\u00f3n c\u00f3mo sacar canciones de o\u00eddo, donde vemos c\u00f3mo sacar acordes de los temas que nos gustan sin tener que estar probando en el instrumento hasta encontrar uno que encaje. En este tema de Laura Pausini podemos escuchar una progresi\u00f3n\u2026","rel":"","context":"En \u00abAn\u00e1lisis Musical\u00bb","img":{"alt_text":"","src":"https:\/\/i0.wp.com\/img.youtube.com\/vi\/xv1k72AbgKo\/0.jpg?resize=350%2C200","width":350,"height":200},"classes":[]},{"id":352,"url":"https:\/\/www.teoriamusical.es\/blog\/blues\/","url_meta":{"origin":329,"position":2},"title":"Blues &#8211; Armon\u00eda Moderna","date":"julio 31, 2021","format":false,"excerpt":"El Blues es un elemento clave en la armon\u00eda moderna de tradici\u00f3n afroamericana que sirve como base a m\u00fasicas de gran riqueza mel\u00f3dica, r\u00edtmica y arm\u00f3nica. Durante la era del swing dos grandes orquestas compart\u00edan el liderazgo de la escena jazzistica, la orquesta de Count Basie y la orquesta de\u2026","rel":"","context":"En \u00abAcordes\u00bb","img":{"alt_text":"","src":"https:\/\/i0.wp.com\/img.youtube.com\/vi\/gvofLngSgZs\/0.jpg?resize=350%2C200","width":350,"height":200},"classes":[]},{"id":478,"url":"https:\/\/www.teoriamusical.es\/blog\/el-flamenco-y-el-ritmo\/","url_meta":{"origin":329,"position":3},"title":"El Flamenco y El Ritmo","date":"junio 29, 2022","format":false,"excerpt":"La flamencolog\u00eda es la rama de la musicolog\u00eda que se dedica al estudio del flamenco. La teor\u00eda musical ha ido abarcando en las \u00faltimas d\u00e9cadas m\u00fasicas que como el jazz, el flamenco, la m\u00fasica de cine y la m\u00fasica popular, tienen mucho que aportar al lenguaje de la m\u00fasica. El\u2026","rel":"","context":"En \u00abCursos de M\u00fasica\u00bb","img":{"alt_text":"","src":"https:\/\/i0.wp.com\/img.youtube.com\/vi\/g6c4igWvVT0\/0.jpg?resize=350%2C200","width":350,"height":200},"classes":[]},{"id":109,"url":"https:\/\/www.teoriamusical.es\/blog\/escala-de-blues\/","url_meta":{"origin":329,"position":4},"title":"Escala de Blues, \u00bfPuedo usarla en Temas Pop?","date":"diciembre 8, 2019","format":false,"excerpt":"No es raro encontrar la escala de blues en un contexto pop. A fin de cuentas, el pop es una amalgama de influencias y estilos que va mutando con el tiempo. Hace algunas d\u00e9cadas estaba impregnado de rock, ahora tiene m\u00e1s tintes de producci\u00f3n sonora con ritmos latinos y ma\u00f1ana\u2026","rel":"","context":"En \u00abAn\u00e1lisis Musical\u00bb","img":{"alt_text":"","src":"https:\/\/i0.wp.com\/img.youtube.com\/vi\/QEk-ZIWN-7E\/0.jpg?resize=350%2C200","width":350,"height":200},"classes":[]},{"id":448,"url":"https:\/\/www.teoriamusical.es\/blog\/analisis-laura-pausini\/","url_meta":{"origin":329,"position":5},"title":"Analizando M\u00fasica de Laura Pausini","date":"diciembre 3, 2021","format":false,"excerpt":"Analizando m\u00fasica de Laura Pausini es un video de la secci\u00f3n c\u00f3mo sacar canciones de o\u00eddo, donde vemos c\u00f3mo sacar acordes de los temas que nos gustan sin tener que estar probando en el instrumento hasta encontrar uno que encaje. Este tema de Laura Pausini, La Soledad, de su primer\u2026","rel":"","context":"En \u00abAn\u00e1lisis Musical\u00bb","img":{"alt_text":"","src":"https:\/\/i0.wp.com\/img.youtube.com\/vi\/UtKUEUPsD2c\/0.jpg?resize=350%2C200","width":350,"height":200},"classes":[]}],"_links":{"self":[{"href":"https:\/\/www.teoriamusical.es\/blog\/wp-json\/wp\/v2\/posts\/329","targetHints":{"allow":["GET"]}}],"collection":[{"href":"https:\/\/www.teoriamusical.es\/blog\/wp-json\/wp\/v2\/posts"}],"about":[{"href":"https:\/\/www.teoriamusical.es\/blog\/wp-json\/wp\/v2\/types\/post"}],"author":[{"embeddable":true,"href":"https:\/\/www.teoriamusical.es\/blog\/wp-json\/wp\/v2\/users\/1"}],"replies":[{"embeddable":true,"href":"https:\/\/www.teoriamusical.es\/blog\/wp-json\/wp\/v2\/comments?post=329"}],"version-history":[{"count":2,"href":"https:\/\/www.teoriamusical.es\/blog\/wp-json\/wp\/v2\/posts\/329\/revisions"}],"predecessor-version":[{"id":370,"href":"https:\/\/www.teoriamusical.es\/blog\/wp-json\/wp\/v2\/posts\/329\/revisions\/370"}],"wp:attachment":[{"href":"https:\/\/www.teoriamusical.es\/blog\/wp-json\/wp\/v2\/media?parent=329"}],"wp:term":[{"taxonomy":"category","embeddable":true,"href":"https:\/\/www.teoriamusical.es\/blog\/wp-json\/wp\/v2\/categories?post=329"},{"taxonomy":"post_tag","embeddable":true,"href":"https:\/\/www.teoriamusical.es\/blog\/wp-json\/wp\/v2\/tags?post=329"}],"curies":[{"name":"wp","href":"https:\/\/api.w.org\/{rel}","templated":true}]}}