{"id":317,"date":"2021-07-16T12:46:52","date_gmt":"2021-07-16T10:46:52","guid":{"rendered":"https:\/\/www.teoriamusical.es\/blog\/?p=317"},"modified":"2021-08-09T23:46:50","modified_gmt":"2021-08-09T21:46:50","slug":"direccionalidad-melodica","status":"publish","type":"post","link":"https:\/\/www.teoriamusical.es\/blog\/direccionalidad-melodica\/","title":{"rendered":"Direccionalidad Mel\u00f3dica"},"content":{"rendered":"\n<p>C\u00f3mo componer melod\u00edas, sin saber teor\u00eda musical o sabi\u00e9ndola, tiene mucho que ver con percibir d\u00f3nde quieren moverse las notas.<\/p>\n\n\n\n<p>Todo el desarrollo mel\u00f3dico posterior reforzar\u00e1 y ampliar\u00e1 la intenci\u00f3n y direcci\u00f3n de la melod\u00eda, por eso es importante que sepamos crear melod\u00edas s\u00f3lidas que no dependan de la armon\u00eda.<\/p>\n\n\n\n<p> Una vez tengamos una melod\u00eda, podemos construir una armon\u00eda para ella, y siempre ser\u00e1 un proceso m\u00e1s creativo que coger una rueda de acordes y ponernos a improvisar sobre ella sin tener un sentido de la direccionalidad claro ni definido.<\/p>\n\n\n\n<p>La armon\u00eda, como vimos la semana pasada en el video de procesos cadenciales, genera una direccionalidad clara, pero cuando esa direccionalidad est\u00e1 a servicio de la melod\u00eda todo fluye de una forma much\u00edsimo m\u00e1s org\u00e1nica, y eso es lo que me gustar\u00eda que los suscriptores del canal llegasen a hacer: componer melod\u00edas que tengan suficiente sentido como para ser memorables.<\/p>\n\n\n\n<figure class=\"wp-block-embed is-type-video is-provider-youtube wp-block-embed-youtube wp-embed-aspect-16-9 wp-has-aspect-ratio\"><div class=\"wp-block-embed__wrapper\">\n<iframe loading=\"lazy\" title=\"Componer Melod\u00edas y Armonizar Melod\u00edas\" width=\"584\" height=\"329\" src=\"https:\/\/www.youtube.com\/embed\/rf4hxJ-XIn0?feature=oembed\" frameborder=\"0\" allow=\"accelerometer; autoplay; clipboard-write; encrypted-media; gyroscope; picture-in-picture; web-share\" referrerpolicy=\"strict-origin-when-cross-origin\" allowfullscreen><\/iframe>\n<\/div><\/figure>\n\n\n\n<p>\u00bfTe Interesa la armon\u00eda moderna, los voicings y el desarrollo mel\u00f3dico? Echa un vistazo a mis <a href=\"https:\/\/www.teoriamusical.es\/blog\/cursos-de-musica\/\">cursos de m\u00fasica online<\/a> y al contenido gratuito en mi <a href=\"http:\/\/www.youtube.com\/countblissett\">canal de Youtube<\/a>.<\/p>\n","protected":false},"excerpt":{"rendered":"<p>C\u00f3mo componer melod\u00edas, sin saber teor\u00eda musical o sabi\u00e9ndola, tiene mucho que ver con percibir d\u00f3nde quieren moverse las notas. Todo el desarrollo mel\u00f3dico posterior reforzar\u00e1 y ampliar\u00e1 la intenci\u00f3n y direcci\u00f3n de la melod\u00eda, por eso es importante que &hellip; <a href=\"https:\/\/www.teoriamusical.es\/blog\/direccionalidad-melodica\/\">Sigue leyendo <span class=\"meta-nav\">&rarr;<\/span><\/a><\/p>\n","protected":false},"author":1,"featured_media":0,"comment_status":"open","ping_status":"open","sticky":false,"template":"","format":"standard","meta":{"_monsterinsights_skip_tracking":false,"_monsterinsights_sitenote_active":false,"_monsterinsights_sitenote_note":"","_monsterinsights_sitenote_category":0,"footnotes":""},"categories":[15],"tags":[],"class_list":["post-317","post","type-post","status-publish","format-standard","hentry","category-armonia-moderna"],"yoast_head":"<!-- This site is optimized with the Yoast SEO plugin v19.6 - https:\/\/yoast.com\/wordpress\/plugins\/seo\/ -->\n<title>Direccionalidad Mel\u00f3dica - Teor\u00eda Musical<\/title>\n<meta name=\"description\" content=\"La direccionalidad mel\u00f3dica se ignora muchas veces y es un elemento fundamental en nuestras composiciones musicales.\" \/>\n<meta name=\"robots\" content=\"index, follow, max-snippet:-1, max-image-preview:large, max-video-preview:-1\" \/>\n<link rel=\"canonical\" href=\"https:\/\/www.teoriamusical.es\/blog\/direccionalidad-melodica\/\" \/>\n<meta property=\"og:locale\" content=\"es_ES\" \/>\n<meta property=\"og:type\" content=\"article\" \/>\n<meta property=\"og:title\" content=\"Direccionalidad Mel\u00f3dica - Teor\u00eda Musical\" \/>\n<meta property=\"og:description\" content=\"La direccionalidad mel\u00f3dica se ignora muchas veces y es un elemento fundamental en nuestras composiciones musicales.\" \/>\n<meta property=\"og:url\" content=\"https:\/\/www.teoriamusical.es\/blog\/direccionalidad-melodica\/\" \/>\n<meta property=\"og:site_name\" content=\"Teor\u00eda Musical\" \/>\n<meta property=\"article:published_time\" content=\"2021-07-16T10:46:52+00:00\" \/>\n<meta property=\"article:modified_time\" content=\"2021-08-09T21:46:50+00:00\" \/>\n<meta name=\"author\" content=\"teoriamusical.es\" \/>\n<meta name=\"twitter:card\" content=\"summary_large_image\" \/>\n<meta name=\"twitter:label1\" content=\"Escrito por\" \/>\n\t<meta name=\"twitter:data1\" content=\"teoriamusical.es\" \/>\n\t<meta name=\"twitter:label2\" content=\"Tiempo de lectura\" \/>\n\t<meta name=\"twitter:data2\" content=\"1 minuto\" \/>\n<script type=\"application\/ld+json\" class=\"yoast-schema-graph\">{\"@context\":\"https:\/\/schema.org\",\"@graph\":[{\"@type\":\"Article\",\"@id\":\"https:\/\/www.teoriamusical.es\/blog\/direccionalidad-melodica\/#article\",\"isPartOf\":{\"@id\":\"https:\/\/www.teoriamusical.es\/blog\/direccionalidad-melodica\/\"},\"author\":{\"name\":\"teoriamusical.es\",\"@id\":\"https:\/\/www.teoriamusical.es\/blog\/#\/schema\/person\/abbe30b6f6b449ac9e19ab236fe3d80c\"},\"headline\":\"Direccionalidad Mel\u00f3dica\",\"datePublished\":\"2021-07-16T10:46:52+00:00\",\"dateModified\":\"2021-08-09T21:46:50+00:00\",\"mainEntityOfPage\":{\"@id\":\"https:\/\/www.teoriamusical.es\/blog\/direccionalidad-melodica\/\"},\"wordCount\":212,\"commentCount\":0,\"publisher\":{\"@id\":\"https:\/\/www.teoriamusical.es\/blog\/#\/schema\/person\/abbe30b6f6b449ac9e19ab236fe3d80c\"},\"articleSection\":[\"Armon\u00eda Moderna\"],\"inLanguage\":\"es\",\"potentialAction\":[{\"@type\":\"CommentAction\",\"name\":\"Comment\",\"target\":[\"https:\/\/www.teoriamusical.es\/blog\/direccionalidad-melodica\/#respond\"]}]},{\"@type\":\"WebPage\",\"@id\":\"https:\/\/www.teoriamusical.es\/blog\/direccionalidad-melodica\/\",\"url\":\"https:\/\/www.teoriamusical.es\/blog\/direccionalidad-melodica\/\",\"name\":\"Direccionalidad Mel\u00f3dica - Teor\u00eda Musical\",\"isPartOf\":{\"@id\":\"https:\/\/www.teoriamusical.es\/blog\/#website\"},\"datePublished\":\"2021-07-16T10:46:52+00:00\",\"dateModified\":\"2021-08-09T21:46:50+00:00\",\"description\":\"La direccionalidad mel\u00f3dica se ignora muchas veces y es un elemento fundamental en nuestras composiciones musicales.\",\"breadcrumb\":{\"@id\":\"https:\/\/www.teoriamusical.es\/blog\/direccionalidad-melodica\/#breadcrumb\"},\"inLanguage\":\"es\",\"potentialAction\":[{\"@type\":\"ReadAction\",\"target\":[\"https:\/\/www.teoriamusical.es\/blog\/direccionalidad-melodica\/\"]}]},{\"@type\":\"BreadcrumbList\",\"@id\":\"https:\/\/www.teoriamusical.es\/blog\/direccionalidad-melodica\/#breadcrumb\",\"itemListElement\":[{\"@type\":\"ListItem\",\"position\":1,\"name\":\"Home\",\"item\":\"https:\/\/www.teoriamusical.es\/blog\/\"},{\"@type\":\"ListItem\",\"position\":2,\"name\":\"Direccionalidad Mel\u00f3dica\"}]},{\"@type\":\"WebSite\",\"@id\":\"https:\/\/www.teoriamusical.es\/blog\/#website\",\"url\":\"https:\/\/www.teoriamusical.es\/blog\/\",\"name\":\"Teor\u00eda Musical\",\"description\":\"Teor\u00eda Musical, Armon\u00eda Moderna y Cursos Online\",\"publisher\":{\"@id\":\"https:\/\/www.teoriamusical.es\/blog\/#\/schema\/person\/abbe30b6f6b449ac9e19ab236fe3d80c\"},\"potentialAction\":[{\"@type\":\"SearchAction\",\"target\":{\"@type\":\"EntryPoint\",\"urlTemplate\":\"https:\/\/www.teoriamusical.es\/blog\/?s={search_term_string}\"},\"query-input\":\"required name=search_term_string\"}],\"inLanguage\":\"es\"},{\"@type\":[\"Person\",\"Organization\"],\"@id\":\"https:\/\/www.teoriamusical.es\/blog\/#\/schema\/person\/abbe30b6f6b449ac9e19ab236fe3d80c\",\"name\":\"teoriamusical.es\",\"image\":{\"@type\":\"ImageObject\",\"inLanguage\":\"es\",\"@id\":\"https:\/\/www.teoriamusical.es\/blog\/#\/schema\/person\/image\/\",\"url\":\"https:\/\/secure.gravatar.com\/avatar\/1d7014e5a95916f717d86ab0aceffce14fd35c12b39d368d60384afae17e1760?s=96&d=mm&r=g\",\"contentUrl\":\"https:\/\/secure.gravatar.com\/avatar\/1d7014e5a95916f717d86ab0aceffce14fd35c12b39d368d60384afae17e1760?s=96&d=mm&r=g\",\"caption\":\"teoriamusical.es\"},\"logo\":{\"@id\":\"https:\/\/www.teoriamusical.es\/blog\/#\/schema\/person\/image\/\"}}]}<\/script>\n<!-- \/ Yoast SEO plugin. -->","yoast_head_json":{"title":"Direccionalidad Mel\u00f3dica - Teor\u00eda Musical","description":"La direccionalidad mel\u00f3dica se ignora muchas veces y es un elemento fundamental en nuestras composiciones musicales.","robots":{"index":"index","follow":"follow","max-snippet":"max-snippet:-1","max-image-preview":"max-image-preview:large","max-video-preview":"max-video-preview:-1"},"canonical":"https:\/\/www.teoriamusical.es\/blog\/direccionalidad-melodica\/","og_locale":"es_ES","og_type":"article","og_title":"Direccionalidad Mel\u00f3dica - Teor\u00eda Musical","og_description":"La direccionalidad mel\u00f3dica se ignora muchas veces y es un elemento fundamental en nuestras composiciones musicales.","og_url":"https:\/\/www.teoriamusical.es\/blog\/direccionalidad-melodica\/","og_site_name":"Teor\u00eda Musical","article_published_time":"2021-07-16T10:46:52+00:00","article_modified_time":"2021-08-09T21:46:50+00:00","author":"teoriamusical.es","twitter_card":"summary_large_image","twitter_misc":{"Escrito por":"teoriamusical.es","Tiempo de lectura":"1 minuto"},"schema":{"@context":"https:\/\/schema.org","@graph":[{"@type":"Article","@id":"https:\/\/www.teoriamusical.es\/blog\/direccionalidad-melodica\/#article","isPartOf":{"@id":"https:\/\/www.teoriamusical.es\/blog\/direccionalidad-melodica\/"},"author":{"name":"teoriamusical.es","@id":"https:\/\/www.teoriamusical.es\/blog\/#\/schema\/person\/abbe30b6f6b449ac9e19ab236fe3d80c"},"headline":"Direccionalidad Mel\u00f3dica","datePublished":"2021-07-16T10:46:52+00:00","dateModified":"2021-08-09T21:46:50+00:00","mainEntityOfPage":{"@id":"https:\/\/www.teoriamusical.es\/blog\/direccionalidad-melodica\/"},"wordCount":212,"commentCount":0,"publisher":{"@id":"https:\/\/www.teoriamusical.es\/blog\/#\/schema\/person\/abbe30b6f6b449ac9e19ab236fe3d80c"},"articleSection":["Armon\u00eda Moderna"],"inLanguage":"es","potentialAction":[{"@type":"CommentAction","name":"Comment","target":["https:\/\/www.teoriamusical.es\/blog\/direccionalidad-melodica\/#respond"]}]},{"@type":"WebPage","@id":"https:\/\/www.teoriamusical.es\/blog\/direccionalidad-melodica\/","url":"https:\/\/www.teoriamusical.es\/blog\/direccionalidad-melodica\/","name":"Direccionalidad Mel\u00f3dica - Teor\u00eda Musical","isPartOf":{"@id":"https:\/\/www.teoriamusical.es\/blog\/#website"},"datePublished":"2021-07-16T10:46:52+00:00","dateModified":"2021-08-09T21:46:50+00:00","description":"La direccionalidad mel\u00f3dica se ignora muchas veces y es un elemento fundamental en nuestras composiciones musicales.","breadcrumb":{"@id":"https:\/\/www.teoriamusical.es\/blog\/direccionalidad-melodica\/#breadcrumb"},"inLanguage":"es","potentialAction":[{"@type":"ReadAction","target":["https:\/\/www.teoriamusical.es\/blog\/direccionalidad-melodica\/"]}]},{"@type":"BreadcrumbList","@id":"https:\/\/www.teoriamusical.es\/blog\/direccionalidad-melodica\/#breadcrumb","itemListElement":[{"@type":"ListItem","position":1,"name":"Home","item":"https:\/\/www.teoriamusical.es\/blog\/"},{"@type":"ListItem","position":2,"name":"Direccionalidad Mel\u00f3dica"}]},{"@type":"WebSite","@id":"https:\/\/www.teoriamusical.es\/blog\/#website","url":"https:\/\/www.teoriamusical.es\/blog\/","name":"Teor\u00eda Musical","description":"Teor\u00eda Musical, Armon\u00eda Moderna y Cursos Online","publisher":{"@id":"https:\/\/www.teoriamusical.es\/blog\/#\/schema\/person\/abbe30b6f6b449ac9e19ab236fe3d80c"},"potentialAction":[{"@type":"SearchAction","target":{"@type":"EntryPoint","urlTemplate":"https:\/\/www.teoriamusical.es\/blog\/?s={search_term_string}"},"query-input":"required name=search_term_string"}],"inLanguage":"es"},{"@type":["Person","Organization"],"@id":"https:\/\/www.teoriamusical.es\/blog\/#\/schema\/person\/abbe30b6f6b449ac9e19ab236fe3d80c","name":"teoriamusical.es","image":{"@type":"ImageObject","inLanguage":"es","@id":"https:\/\/www.teoriamusical.es\/blog\/#\/schema\/person\/image\/","url":"https:\/\/secure.gravatar.com\/avatar\/1d7014e5a95916f717d86ab0aceffce14fd35c12b39d368d60384afae17e1760?s=96&d=mm&r=g","contentUrl":"https:\/\/secure.gravatar.com\/avatar\/1d7014e5a95916f717d86ab0aceffce14fd35c12b39d368d60384afae17e1760?s=96&d=mm&r=g","caption":"teoriamusical.es"},"logo":{"@id":"https:\/\/www.teoriamusical.es\/blog\/#\/schema\/person\/image\/"}}]}},"jetpack_featured_media_url":"","jetpack-related-posts":[{"id":387,"url":"https:\/\/www.teoriamusical.es\/blog\/notas_guia\/","url_meta":{"origin":317,"position":0},"title":"Notas Gu\u00eda &#8211; Melod\u00eda y Armon\u00eda","date":"agosto 30, 2021","format":false,"excerpt":"Componer melod\u00edas teniendo como notas estructurales las notas gu\u00eda y las notas caracter\u00edsticas del modo como material compositivo es una manera sencilla de construir melod\u00edas memorables. Muchas veces pensamos que el acorde es el que nos aporta la informaci\u00f3n arm\u00f3nica cuando, en realidad, muchas veces es la melod\u00eda la que\u2026","rel":"","context":"En \u00abAcordes\u00bb","img":{"alt_text":"","src":"https:\/\/i0.wp.com\/img.youtube.com\/vi\/s70bqsCSYN0\/0.jpg?resize=350%2C200","width":350,"height":200},"classes":[]},{"id":359,"url":"https:\/\/www.teoriamusical.es\/blog\/chord_melody\/","url_meta":{"origin":317,"position":1},"title":"Chord Melody: Rearmonizaci\u00f3n","date":"agosto 9, 2021","format":false,"excerpt":"Chord Melody es el nombre que ponemos en jazz a convertir una melod\u00eda en una sucesi\u00f3n de acordes, sucesi\u00f3n de acordes que normalmente tiene la melod\u00eda en el top note y hace uso extensivo de las t\u00e9cnicas de rearmonizaci\u00f3n propias del lenguaje jazzistico El chord melody no es patrimonio exclusivo\u2026","rel":"","context":"En \u00abAcordes\u00bb","img":{"alt_text":"","src":"https:\/\/i0.wp.com\/img.youtube.com\/vi\/QdUazsLlQv0\/0.jpg?resize=350%2C200","width":350,"height":200},"classes":[]},{"id":393,"url":"https:\/\/www.teoriamusical.es\/blog\/modulacion-en-los-doce-tonos\/","url_meta":{"origin":317,"position":2},"title":"Componer con Modulaci\u00f3n En Los Doce Tonos","date":"septiembre 13, 2021","format":false,"excerpt":"Componer con modulaci\u00f3n en los doce tonos es la actividad musical de esta semana donde, b\u00e1sicamente, nos iremos moviendo de un centro tonal a otro siguiendo el ciclo de quintas en sentido inverso, es decir el ciclo de cuartas, mientras nuestra melod\u00eda sigue la modulaci\u00f3n en los doce tonos aportando\u2026","rel":"","context":"En \u00abArmon\u00eda Moderna\u00bb","img":{"alt_text":"","src":"https:\/\/i0.wp.com\/img.youtube.com\/vi\/ircIzmNng9A\/0.jpg?resize=350%2C200","width":350,"height":200},"classes":[]},{"id":75,"url":"https:\/\/www.teoriamusical.es\/blog\/melodia-acordes\/","url_meta":{"origin":317,"position":3},"title":"Melod\u00eda y Acordes, \u00bfQu\u00e9 Hago Primero?","date":"diciembre 5, 2019","format":false,"excerpt":"Est\u00e1 la melod\u00eda y est\u00e1n los acordes pero qu\u00e9 hago primero, \u00bfmelod\u00eda y acordes? \u00bfprimero melod\u00eda y luego acordes o al rev\u00e9s? En mis m\u00e1s de 12 a\u00f1os como educador musical en un centro privado me enfrent\u00e9 muchas veces a esta pregunta. Ahora, como profesor online y propietario de un\u2026","rel":"","context":"En \u00abAcordes\u00bb","img":{"alt_text":"","src":"https:\/\/i0.wp.com\/img.youtube.com\/vi\/AeaK-qFqiJ0\/0.jpg?resize=350%2C200","width":350,"height":200},"classes":[]},{"id":453,"url":"https:\/\/www.teoriamusical.es\/blog\/rearmonizar_melodias\/","url_meta":{"origin":317,"position":4},"title":"Rearmonizar Melod\u00edas: La Clave de la Rearmonizaci\u00f3n","date":"diciembre 28, 2021","format":false,"excerpt":"Rearmonizar melod\u00edas es una habilidad musical b\u00e1sica para el m\u00fasico moderno que trabaja en contextos creativos donde la improvisaci\u00f3n y la capacidad de hacer arreglos musicales distintos para una misma pieza tiene relevancia. Mucha de la rearmonizaci\u00f3n que vemos hoy d\u00eda se aplica directamente sobre progresiones de acordes y pide\u2026","rel":"","context":"En \u00abAcordes\u00bb","img":{"alt_text":"","src":"https:\/\/i0.wp.com\/img.youtube.com\/vi\/n8s0FBu3Gbc\/0.jpg?resize=350%2C200","width":350,"height":200},"classes":[]},{"id":94,"url":"https:\/\/www.teoriamusical.es\/blog\/como-desarrollar-melodias\/","url_meta":{"origin":317,"position":5},"title":"\u00bfC\u00f3mo desarrollar melod\u00edas?","date":"diciembre 7, 2019","format":false,"excerpt":"C\u00f3mo desarrollar melod\u00edas. El video que hice en febrero de 2019 iba sobre c\u00f3mo desarrollar melod\u00edas. En \u00e9l expliqu\u00e9 un par de t\u00e9cnicas sencillas para conseguirlo, ya que es cierto que, si comparamos con la cantidad de material sobre armon\u00eda, producci\u00f3n musical, etc, hay muy poco sobre desarrollo mel\u00f3dico. El\u2026","rel":"","context":"En \u00abcreatividad\u00bb","img":{"alt_text":"","src":"https:\/\/i0.wp.com\/img.youtube.com\/vi\/XBy18dMJL6Y\/0.jpg?resize=350%2C200","width":350,"height":200},"classes":[]}],"_links":{"self":[{"href":"https:\/\/www.teoriamusical.es\/blog\/wp-json\/wp\/v2\/posts\/317","targetHints":{"allow":["GET"]}}],"collection":[{"href":"https:\/\/www.teoriamusical.es\/blog\/wp-json\/wp\/v2\/posts"}],"about":[{"href":"https:\/\/www.teoriamusical.es\/blog\/wp-json\/wp\/v2\/types\/post"}],"author":[{"embeddable":true,"href":"https:\/\/www.teoriamusical.es\/blog\/wp-json\/wp\/v2\/users\/1"}],"replies":[{"embeddable":true,"href":"https:\/\/www.teoriamusical.es\/blog\/wp-json\/wp\/v2\/comments?post=317"}],"version-history":[{"count":2,"href":"https:\/\/www.teoriamusical.es\/blog\/wp-json\/wp\/v2\/posts\/317\/revisions"}],"predecessor-version":[{"id":374,"href":"https:\/\/www.teoriamusical.es\/blog\/wp-json\/wp\/v2\/posts\/317\/revisions\/374"}],"wp:attachment":[{"href":"https:\/\/www.teoriamusical.es\/blog\/wp-json\/wp\/v2\/media?parent=317"}],"wp:term":[{"taxonomy":"category","embeddable":true,"href":"https:\/\/www.teoriamusical.es\/blog\/wp-json\/wp\/v2\/categories?post=317"},{"taxonomy":"post_tag","embeddable":true,"href":"https:\/\/www.teoriamusical.es\/blog\/wp-json\/wp\/v2\/tags?post=317"}],"curies":[{"name":"wp","href":"https:\/\/api.w.org\/{rel}","templated":true}]}}