{"id":314,"date":"2021-07-16T12:45:01","date_gmt":"2021-07-16T10:45:01","guid":{"rendered":"https:\/\/www.teoriamusical.es\/blog\/?p=314"},"modified":"2021-08-09T23:47:50","modified_gmt":"2021-08-09T21:47:50","slug":"procesos-cadenciales","status":"publish","type":"post","link":"https:\/\/www.teoriamusical.es\/blog\/procesos-cadenciales\/","title":{"rendered":"Procesos Cadenciales"},"content":{"rendered":"\n<p>Una parte importante del lenguaje arm\u00f3nico son los procesos cadenciales. Los procesos cadenciales entendidos como algo que define el lenguaje musical que empleamos, que cambia en distintas \u00e9pocas y estilos y de los que debemos ser conscientes para mejorar nuestro dominio de la armon\u00eda, la direccionalidad tanto arm\u00f3nica como mel\u00f3dica y, lo m\u00e1s importante y que define gran parte de la m\u00fasica tonal, el proceso cadencial. Las estructuras formales, ya en la m\u00fasica cl\u00e1sica, tienen ciertos patrones arm\u00f3nicos de cadencias prefijadas, sean cadencias aut\u00e9nticas, cadencias rotas, semi cadencias, cadencias plagales, etc. M\u00e1s all\u00e1 de aprender y memorizar las cadencias es imprescindible entender su sonoridad y la sensaci\u00f3n subjetiva que nos producen, ya que ser conscientes de esto nos va a permitir mejorar nuestra expresi\u00f3n musical.<\/p>\n\n\n\n<figure class=\"wp-block-embed is-type-video is-provider-youtube wp-block-embed-youtube wp-embed-aspect-16-9 wp-has-aspect-ratio\"><div class=\"wp-block-embed__wrapper\">\n<iframe loading=\"lazy\" title=\"Lenguaje Arm\u00f3nico - Procesos Cadenciales\" width=\"584\" height=\"329\" src=\"https:\/\/www.youtube.com\/embed\/ELPNYcekQlU?feature=oembed\" frameborder=\"0\" allow=\"accelerometer; autoplay; clipboard-write; encrypted-media; gyroscope; picture-in-picture; web-share\" referrerpolicy=\"strict-origin-when-cross-origin\" allowfullscreen><\/iframe>\n<\/div><\/figure>\n\n\n\n<p>\u00bfTe Interesa la armon\u00eda moderna, los voicings y el desarrollo mel\u00f3dico? Echa un vistazo a mis <a href=\"https:\/\/www.teoriamusical.es\/blog\/cursos-de-musica\/\">cursos de m\u00fasica online<\/a> y al contenido gratuito en mi <a href=\"http:\/\/www.youtube.com\/countblissett\">canal de Youtube<\/a>.<\/p>\n","protected":false},"excerpt":{"rendered":"<p>Una parte importante del lenguaje arm\u00f3nico son los procesos cadenciales. Los procesos cadenciales entendidos como algo que define el lenguaje musical que empleamos, que cambia en distintas \u00e9pocas y estilos y de los que debemos ser conscientes para mejorar nuestro &hellip; <a href=\"https:\/\/www.teoriamusical.es\/blog\/procesos-cadenciales\/\">Sigue leyendo <span class=\"meta-nav\">&rarr;<\/span><\/a><\/p>\n","protected":false},"author":1,"featured_media":0,"comment_status":"open","ping_status":"open","sticky":false,"template":"","format":"standard","meta":{"_monsterinsights_skip_tracking":false,"_monsterinsights_sitenote_active":false,"_monsterinsights_sitenote_note":"","_monsterinsights_sitenote_category":0,"footnotes":""},"categories":[15],"tags":[],"class_list":["post-314","post","type-post","status-publish","format-standard","hentry","category-armonia-moderna"],"yoast_head":"<!-- This site is optimized with the Yoast SEO plugin v19.6 - https:\/\/yoast.com\/wordpress\/plugins\/seo\/ -->\n<title>Procesos Cadenciales - Teor\u00eda Musical<\/title>\n<meta name=\"description\" content=\"Entender los procesos cadenciales hace que nuestra armon\u00eda fluya del punto A hasta el punto B sin el m\u00e1s m\u00ednimo esfuerzo.\" \/>\n<meta name=\"robots\" content=\"index, follow, max-snippet:-1, max-image-preview:large, max-video-preview:-1\" \/>\n<link rel=\"canonical\" href=\"https:\/\/www.teoriamusical.es\/blog\/procesos-cadenciales\/\" \/>\n<meta property=\"og:locale\" content=\"es_ES\" \/>\n<meta property=\"og:type\" content=\"article\" \/>\n<meta property=\"og:title\" content=\"Procesos Cadenciales - Teor\u00eda Musical\" \/>\n<meta property=\"og:description\" content=\"Entender los procesos cadenciales hace que nuestra armon\u00eda fluya del punto A hasta el punto B sin el m\u00e1s m\u00ednimo esfuerzo.\" \/>\n<meta property=\"og:url\" content=\"https:\/\/www.teoriamusical.es\/blog\/procesos-cadenciales\/\" \/>\n<meta property=\"og:site_name\" content=\"Teor\u00eda Musical\" \/>\n<meta property=\"article:published_time\" content=\"2021-07-16T10:45:01+00:00\" \/>\n<meta property=\"article:modified_time\" content=\"2021-08-09T21:47:50+00:00\" \/>\n<meta name=\"author\" content=\"teoriamusical.es\" \/>\n<meta name=\"twitter:card\" content=\"summary_large_image\" \/>\n<meta name=\"twitter:label1\" content=\"Escrito por\" \/>\n\t<meta name=\"twitter:data1\" content=\"teoriamusical.es\" \/>\n\t<meta name=\"twitter:label2\" content=\"Tiempo de lectura\" \/>\n\t<meta name=\"twitter:data2\" content=\"1 minuto\" \/>\n<script type=\"application\/ld+json\" class=\"yoast-schema-graph\">{\"@context\":\"https:\/\/schema.org\",\"@graph\":[{\"@type\":\"Article\",\"@id\":\"https:\/\/www.teoriamusical.es\/blog\/procesos-cadenciales\/#article\",\"isPartOf\":{\"@id\":\"https:\/\/www.teoriamusical.es\/blog\/procesos-cadenciales\/\"},\"author\":{\"name\":\"teoriamusical.es\",\"@id\":\"https:\/\/www.teoriamusical.es\/blog\/#\/schema\/person\/abbe30b6f6b449ac9e19ab236fe3d80c\"},\"headline\":\"Procesos Cadenciales\",\"datePublished\":\"2021-07-16T10:45:01+00:00\",\"dateModified\":\"2021-08-09T21:47:50+00:00\",\"mainEntityOfPage\":{\"@id\":\"https:\/\/www.teoriamusical.es\/blog\/procesos-cadenciales\/\"},\"wordCount\":176,\"commentCount\":0,\"publisher\":{\"@id\":\"https:\/\/www.teoriamusical.es\/blog\/#\/schema\/person\/abbe30b6f6b449ac9e19ab236fe3d80c\"},\"articleSection\":[\"Armon\u00eda Moderna\"],\"inLanguage\":\"es\",\"potentialAction\":[{\"@type\":\"CommentAction\",\"name\":\"Comment\",\"target\":[\"https:\/\/www.teoriamusical.es\/blog\/procesos-cadenciales\/#respond\"]}]},{\"@type\":\"WebPage\",\"@id\":\"https:\/\/www.teoriamusical.es\/blog\/procesos-cadenciales\/\",\"url\":\"https:\/\/www.teoriamusical.es\/blog\/procesos-cadenciales\/\",\"name\":\"Procesos Cadenciales - Teor\u00eda Musical\",\"isPartOf\":{\"@id\":\"https:\/\/www.teoriamusical.es\/blog\/#website\"},\"datePublished\":\"2021-07-16T10:45:01+00:00\",\"dateModified\":\"2021-08-09T21:47:50+00:00\",\"description\":\"Entender los procesos cadenciales hace que nuestra armon\u00eda fluya del punto A hasta el punto B sin el m\u00e1s m\u00ednimo esfuerzo.\",\"breadcrumb\":{\"@id\":\"https:\/\/www.teoriamusical.es\/blog\/procesos-cadenciales\/#breadcrumb\"},\"inLanguage\":\"es\",\"potentialAction\":[{\"@type\":\"ReadAction\",\"target\":[\"https:\/\/www.teoriamusical.es\/blog\/procesos-cadenciales\/\"]}]},{\"@type\":\"BreadcrumbList\",\"@id\":\"https:\/\/www.teoriamusical.es\/blog\/procesos-cadenciales\/#breadcrumb\",\"itemListElement\":[{\"@type\":\"ListItem\",\"position\":1,\"name\":\"Home\",\"item\":\"https:\/\/www.teoriamusical.es\/blog\/\"},{\"@type\":\"ListItem\",\"position\":2,\"name\":\"Procesos Cadenciales\"}]},{\"@type\":\"WebSite\",\"@id\":\"https:\/\/www.teoriamusical.es\/blog\/#website\",\"url\":\"https:\/\/www.teoriamusical.es\/blog\/\",\"name\":\"Teor\u00eda Musical\",\"description\":\"Teor\u00eda Musical, Armon\u00eda Moderna y Cursos Online\",\"publisher\":{\"@id\":\"https:\/\/www.teoriamusical.es\/blog\/#\/schema\/person\/abbe30b6f6b449ac9e19ab236fe3d80c\"},\"potentialAction\":[{\"@type\":\"SearchAction\",\"target\":{\"@type\":\"EntryPoint\",\"urlTemplate\":\"https:\/\/www.teoriamusical.es\/blog\/?s={search_term_string}\"},\"query-input\":\"required name=search_term_string\"}],\"inLanguage\":\"es\"},{\"@type\":[\"Person\",\"Organization\"],\"@id\":\"https:\/\/www.teoriamusical.es\/blog\/#\/schema\/person\/abbe30b6f6b449ac9e19ab236fe3d80c\",\"name\":\"teoriamusical.es\",\"image\":{\"@type\":\"ImageObject\",\"inLanguage\":\"es\",\"@id\":\"https:\/\/www.teoriamusical.es\/blog\/#\/schema\/person\/image\/\",\"url\":\"https:\/\/secure.gravatar.com\/avatar\/1d7014e5a95916f717d86ab0aceffce14fd35c12b39d368d60384afae17e1760?s=96&d=mm&r=g\",\"contentUrl\":\"https:\/\/secure.gravatar.com\/avatar\/1d7014e5a95916f717d86ab0aceffce14fd35c12b39d368d60384afae17e1760?s=96&d=mm&r=g\",\"caption\":\"teoriamusical.es\"},\"logo\":{\"@id\":\"https:\/\/www.teoriamusical.es\/blog\/#\/schema\/person\/image\/\"}}]}<\/script>\n<!-- \/ Yoast SEO plugin. -->","yoast_head_json":{"title":"Procesos Cadenciales - Teor\u00eda Musical","description":"Entender los procesos cadenciales hace que nuestra armon\u00eda fluya del punto A hasta el punto B sin el m\u00e1s m\u00ednimo esfuerzo.","robots":{"index":"index","follow":"follow","max-snippet":"max-snippet:-1","max-image-preview":"max-image-preview:large","max-video-preview":"max-video-preview:-1"},"canonical":"https:\/\/www.teoriamusical.es\/blog\/procesos-cadenciales\/","og_locale":"es_ES","og_type":"article","og_title":"Procesos Cadenciales - Teor\u00eda Musical","og_description":"Entender los procesos cadenciales hace que nuestra armon\u00eda fluya del punto A hasta el punto B sin el m\u00e1s m\u00ednimo esfuerzo.","og_url":"https:\/\/www.teoriamusical.es\/blog\/procesos-cadenciales\/","og_site_name":"Teor\u00eda Musical","article_published_time":"2021-07-16T10:45:01+00:00","article_modified_time":"2021-08-09T21:47:50+00:00","author":"teoriamusical.es","twitter_card":"summary_large_image","twitter_misc":{"Escrito por":"teoriamusical.es","Tiempo de lectura":"1 minuto"},"schema":{"@context":"https:\/\/schema.org","@graph":[{"@type":"Article","@id":"https:\/\/www.teoriamusical.es\/blog\/procesos-cadenciales\/#article","isPartOf":{"@id":"https:\/\/www.teoriamusical.es\/blog\/procesos-cadenciales\/"},"author":{"name":"teoriamusical.es","@id":"https:\/\/www.teoriamusical.es\/blog\/#\/schema\/person\/abbe30b6f6b449ac9e19ab236fe3d80c"},"headline":"Procesos Cadenciales","datePublished":"2021-07-16T10:45:01+00:00","dateModified":"2021-08-09T21:47:50+00:00","mainEntityOfPage":{"@id":"https:\/\/www.teoriamusical.es\/blog\/procesos-cadenciales\/"},"wordCount":176,"commentCount":0,"publisher":{"@id":"https:\/\/www.teoriamusical.es\/blog\/#\/schema\/person\/abbe30b6f6b449ac9e19ab236fe3d80c"},"articleSection":["Armon\u00eda Moderna"],"inLanguage":"es","potentialAction":[{"@type":"CommentAction","name":"Comment","target":["https:\/\/www.teoriamusical.es\/blog\/procesos-cadenciales\/#respond"]}]},{"@type":"WebPage","@id":"https:\/\/www.teoriamusical.es\/blog\/procesos-cadenciales\/","url":"https:\/\/www.teoriamusical.es\/blog\/procesos-cadenciales\/","name":"Procesos Cadenciales - Teor\u00eda Musical","isPartOf":{"@id":"https:\/\/www.teoriamusical.es\/blog\/#website"},"datePublished":"2021-07-16T10:45:01+00:00","dateModified":"2021-08-09T21:47:50+00:00","description":"Entender los procesos cadenciales hace que nuestra armon\u00eda fluya del punto A hasta el punto B sin el m\u00e1s m\u00ednimo esfuerzo.","breadcrumb":{"@id":"https:\/\/www.teoriamusical.es\/blog\/procesos-cadenciales\/#breadcrumb"},"inLanguage":"es","potentialAction":[{"@type":"ReadAction","target":["https:\/\/www.teoriamusical.es\/blog\/procesos-cadenciales\/"]}]},{"@type":"BreadcrumbList","@id":"https:\/\/www.teoriamusical.es\/blog\/procesos-cadenciales\/#breadcrumb","itemListElement":[{"@type":"ListItem","position":1,"name":"Home","item":"https:\/\/www.teoriamusical.es\/blog\/"},{"@type":"ListItem","position":2,"name":"Procesos Cadenciales"}]},{"@type":"WebSite","@id":"https:\/\/www.teoriamusical.es\/blog\/#website","url":"https:\/\/www.teoriamusical.es\/blog\/","name":"Teor\u00eda Musical","description":"Teor\u00eda Musical, Armon\u00eda Moderna y Cursos Online","publisher":{"@id":"https:\/\/www.teoriamusical.es\/blog\/#\/schema\/person\/abbe30b6f6b449ac9e19ab236fe3d80c"},"potentialAction":[{"@type":"SearchAction","target":{"@type":"EntryPoint","urlTemplate":"https:\/\/www.teoriamusical.es\/blog\/?s={search_term_string}"},"query-input":"required name=search_term_string"}],"inLanguage":"es"},{"@type":["Person","Organization"],"@id":"https:\/\/www.teoriamusical.es\/blog\/#\/schema\/person\/abbe30b6f6b449ac9e19ab236fe3d80c","name":"teoriamusical.es","image":{"@type":"ImageObject","inLanguage":"es","@id":"https:\/\/www.teoriamusical.es\/blog\/#\/schema\/person\/image\/","url":"https:\/\/secure.gravatar.com\/avatar\/1d7014e5a95916f717d86ab0aceffce14fd35c12b39d368d60384afae17e1760?s=96&d=mm&r=g","contentUrl":"https:\/\/secure.gravatar.com\/avatar\/1d7014e5a95916f717d86ab0aceffce14fd35c12b39d368d60384afae17e1760?s=96&d=mm&r=g","caption":"teoriamusical.es"},"logo":{"@id":"https:\/\/www.teoriamusical.es\/blog\/#\/schema\/person\/image\/"}}]}},"jetpack_featured_media_url":"","jetpack-related-posts":[{"id":404,"url":"https:\/\/www.teoriamusical.es\/blog\/cadencias\/","url_meta":{"origin":314,"position":0},"title":"Cadencias y Armon\u00eda","date":"octubre 12, 2021","format":false,"excerpt":"En la armon\u00eda funcional las cadencias son un elemento important\u00edsimo ya \u00a0que nos se\u00f1alan nuestro centro tonal. Muchas obras en la m\u00fasica cl\u00e1sica \u00a0se estructuran en torno a las cadencias, implicando \u00a0diferentes procesos cadenciales. Un an\u00e1lisis arm\u00f3nico de obras de distintos \u00a0autores desde Bach hasta Charlie Parker nos se\u00f1ala con\u2026","rel":"","context":"En \u00abArmon\u00eda Moderna\u00bb","img":{"alt_text":"","src":"https:\/\/i0.wp.com\/img.youtube.com\/vi\/HUTgkUnBrM4\/0.jpg?resize=350%2C200","width":350,"height":200},"classes":[]},{"id":85,"url":"https:\/\/www.teoriamusical.es\/blog\/tonalidad-acorde\/","url_meta":{"origin":314,"position":1},"title":"Tonalidad y Acorde","date":"diciembre 5, 2019","format":false,"excerpt":"Tonalidad y acorde tienen, en armon\u00eda funcional, una relaci\u00f3n. Siempre explico, en mis cursos online, en mis clases particulares y en mis videos de Youtube, que debemos saber 3 cosas sobre un acorde; su forma (voicing), el modo que tiene debajo y su escala fuente. Esa escala fuente est\u00e1 en\u2026","rel":"","context":"En \u00abAcordes\u00bb","img":{"alt_text":"","src":"https:\/\/i0.wp.com\/img.youtube.com\/vi\/5f6fnYnNXes\/0.jpg?resize=350%2C200","width":350,"height":200},"classes":[]},{"id":252,"url":"https:\/\/www.teoriamusical.es\/blog\/progresiones-de-acordes-sin-usar-dominantes\/","url_meta":{"origin":314,"position":2},"title":"\u00bfProgresiones de acordes sin usar dominantes?","date":"julio 16, 2021","format":false,"excerpt":"Creamos y usamos progresiones de acordes continuamente. Tenemos acordes de reposo, o acordes de t\u00f3nica, tenemos acordes que se mueven hacia alguna parte, o acordes subdominantes, y tenemos acordes dominantes, que tienen una imperiosa necesidad de resolver. La m\u00fasica occidental se construye sobre esta relaci\u00f3n t\u00f3nica, subdominante, dominante pero... \u00bfqu\u00e9\u2026","rel":"","context":"En \u00abAcordes\u00bb","img":{"alt_text":"","src":"https:\/\/i0.wp.com\/img.youtube.com\/vi\/-j-CsM27WQQ\/0.jpg?resize=350%2C200","width":350,"height":200},"classes":[]},{"id":320,"url":"https:\/\/www.teoriamusical.es\/blog\/dominante-frigio\/","url_meta":{"origin":314,"position":3},"title":"Dominante Frigio: Mixolidio (b9, b13)","date":"julio 16, 2021","format":false,"excerpt":"El modo frigio dominante, conocido tambi\u00e9n como escala frigia dominante, mixolidia (b9 b13), frigio mayor, quinto modo de la escala menor arm\u00f3nica, o cualquier otra etiqueta, es uno de esos modos con multitud de nombres pero una sonoridad espectacular que debemos conocer tanto en contextos modales como en contextos tonales\u2026","rel":"","context":"En \u00abAcordes\u00bb","img":{"alt_text":"","src":"https:\/\/i0.wp.com\/img.youtube.com\/vi\/-EZQuNUAuFs\/0.jpg?resize=350%2C200","width":350,"height":200},"classes":[]},{"id":317,"url":"https:\/\/www.teoriamusical.es\/blog\/direccionalidad-melodica\/","url_meta":{"origin":314,"position":4},"title":"Direccionalidad Mel\u00f3dica","date":"julio 16, 2021","format":false,"excerpt":"C\u00f3mo componer melod\u00edas, sin saber teor\u00eda musical o sabi\u00e9ndola, tiene mucho que ver con percibir d\u00f3nde quieren moverse las notas. Todo el desarrollo mel\u00f3dico posterior reforzar\u00e1 y ampliar\u00e1 la intenci\u00f3n y direcci\u00f3n de la melod\u00eda, por eso es importante que sepamos crear melod\u00edas s\u00f3lidas que no dependan de la armon\u00eda.\u2026","rel":"","context":"En \u00abArmon\u00eda Moderna\u00bb","img":{"alt_text":"","src":"https:\/\/i0.wp.com\/img.youtube.com\/vi\/rf4hxJ-XIn0\/0.jpg?resize=350%2C200","width":350,"height":200},"classes":[]},{"id":282,"url":"https:\/\/www.teoriamusical.es\/blog\/dominantes-extendidos\/","url_meta":{"origin":314,"position":5},"title":"Dominantes Extendidos","date":"julio 16, 2021","format":false,"excerpt":"Los dominantes extendidos suelen crear confusi\u00f3n; alguna gente los confunde con dominantes secundarios y, en menor medida, con dominantes sustitutos. Todos estos acordes de dominante y sus correctas relaciones escala\/acorde est\u00e1n cubiertas en mi masterclass de armon\u00eda moderna, pero para los suscriptores del canal que no est\u00e1n en mis cursos,\u2026","rel":"","context":"En \u00abAcordes\u00bb","img":{"alt_text":"","src":"https:\/\/i0.wp.com\/img.youtube.com\/vi\/mD2nn_wVJqY\/0.jpg?resize=350%2C200","width":350,"height":200},"classes":[]}],"_links":{"self":[{"href":"https:\/\/www.teoriamusical.es\/blog\/wp-json\/wp\/v2\/posts\/314","targetHints":{"allow":["GET"]}}],"collection":[{"href":"https:\/\/www.teoriamusical.es\/blog\/wp-json\/wp\/v2\/posts"}],"about":[{"href":"https:\/\/www.teoriamusical.es\/blog\/wp-json\/wp\/v2\/types\/post"}],"author":[{"embeddable":true,"href":"https:\/\/www.teoriamusical.es\/blog\/wp-json\/wp\/v2\/users\/1"}],"replies":[{"embeddable":true,"href":"https:\/\/www.teoriamusical.es\/blog\/wp-json\/wp\/v2\/comments?post=314"}],"version-history":[{"count":2,"href":"https:\/\/www.teoriamusical.es\/blog\/wp-json\/wp\/v2\/posts\/314\/revisions"}],"predecessor-version":[{"id":375,"href":"https:\/\/www.teoriamusical.es\/blog\/wp-json\/wp\/v2\/posts\/314\/revisions\/375"}],"wp:attachment":[{"href":"https:\/\/www.teoriamusical.es\/blog\/wp-json\/wp\/v2\/media?parent=314"}],"wp:term":[{"taxonomy":"category","embeddable":true,"href":"https:\/\/www.teoriamusical.es\/blog\/wp-json\/wp\/v2\/categories?post=314"},{"taxonomy":"post_tag","embeddable":true,"href":"https:\/\/www.teoriamusical.es\/blog\/wp-json\/wp\/v2\/tags?post=314"}],"curies":[{"name":"wp","href":"https:\/\/api.w.org\/{rel}","templated":true}]}}