{"id":311,"date":"2021-07-16T12:38:47","date_gmt":"2021-07-16T10:38:47","guid":{"rendered":"https:\/\/www.teoriamusical.es\/blog\/?p=311"},"modified":"2021-08-09T23:49:40","modified_gmt":"2021-08-09T21:49:40","slug":"armonia-y-conduccion-de-voces","status":"publish","type":"post","link":"https:\/\/www.teoriamusical.es\/blog\/armonia-y-conduccion-de-voces\/","title":{"rendered":"Armon\u00eda y Conducci\u00f3n de Voces"},"content":{"rendered":"\n<p>Armon\u00eda y conducci\u00f3n de voces son dos t\u00e9rminos que, dentro de la teor\u00eda musical, est\u00e1n intimamente ligados y esto es porque, en esencia, son lo mismo.<\/p>\n\n\n\n<p>\u00bfA qu\u00e9 me refiero?<\/p>\n\n\n\n<p>A que llamamos conducci\u00f3n de voces al tipo de movimiento que las voces de una armon\u00eda dada realizan y se nos pasa por alto el \u00abdetallito\u00bb de que la armon\u00eda surge de la interacci\u00f3n de las voces, es decir, que la conducci\u00f3n de voces es, de alguna forma, la propia armon\u00eda.<\/p>\n\n\n\n<p>Desde Bach hasta nuestros tiempos la conciencia arm\u00f3nica y el o\u00eddo arm\u00f3nico ha ido cambiando, lo que ahora percibimos como un tipo concreto de acorde con una funci\u00f3n espec\u00edfica (un dominante secundario por ejemplo) surge, en realidad como un evento mel\u00f3dico. Lo mismo sucede con la sexta napolitana, sexta aumentada, sexta italiana, sexta francesa y otros movimientos de los cuales hablamos y analizamos armonicamente pero que son, en realidad, fen\u00f3menos mel\u00f3dicos.<\/p>\n\n\n\n<p>Ciertas progresiones, como la progresi\u00f3n omnibus, son, en esencia, fen\u00f3menos de interacci\u00f3n mel\u00f3dica, es decir, fruto de la conducci\u00f3n de voces.<\/p>\n\n\n\n<p>Algunos ejemplos del tipo de movimientos arm\u00f3nicos explicados en el video:<\/p>\n\n\n\n<p><em>Tchaivkoski, Sinfon\u00eda n\u00famero 6, varios movimientos (1\u00ba, 4\u00ba, etc) Listz, Liebestraum Chopin, Nocturno Op15, n2 Beethoven, Sinfonia numero 2, primer movimiento Procal Harum &#8211; Wreck of the Hesperus<\/em><\/p>\n\n\n\n<figure class=\"wp-block-embed is-type-video is-provider-youtube wp-block-embed-youtube wp-embed-aspect-16-9 wp-has-aspect-ratio\"><div class=\"wp-block-embed__wrapper\">\n<iframe loading=\"lazy\" title=\"Armon\u00eda y conducci\u00f3n de voces - Countblissett\" width=\"584\" height=\"329\" src=\"https:\/\/www.youtube.com\/embed\/yo44zx8j3Wk?feature=oembed\" frameborder=\"0\" allow=\"accelerometer; autoplay; clipboard-write; encrypted-media; gyroscope; picture-in-picture; web-share\" referrerpolicy=\"strict-origin-when-cross-origin\" allowfullscreen><\/iframe>\n<\/div><\/figure>\n","protected":false},"excerpt":{"rendered":"<p>Armon\u00eda y conducci\u00f3n de voces son dos t\u00e9rminos que, dentro de la teor\u00eda musical, est\u00e1n intimamente ligados y esto es porque, en esencia, son lo mismo. \u00bfA qu\u00e9 me refiero? A que llamamos conducci\u00f3n de voces al tipo de movimiento &hellip; <a href=\"https:\/\/www.teoriamusical.es\/blog\/armonia-y-conduccion-de-voces\/\">Sigue leyendo <span class=\"meta-nav\">&rarr;<\/span><\/a><\/p>\n","protected":false},"author":1,"featured_media":0,"comment_status":"open","ping_status":"open","sticky":false,"template":"","format":"standard","meta":{"_monsterinsights_skip_tracking":false,"_monsterinsights_sitenote_active":false,"_monsterinsights_sitenote_note":"","_monsterinsights_sitenote_category":0,"footnotes":""},"categories":[37,18,15],"tags":[],"class_list":["post-311","post","type-post","status-publish","format-standard","hentry","category-acordes","category-analisis-musical","category-armonia-moderna"],"yoast_head":"<!-- This site is optimized with the Yoast SEO plugin v19.6 - https:\/\/yoast.com\/wordpress\/plugins\/seo\/ -->\n<title>Armon\u00eda y Conducci\u00f3n de Voces - Teor\u00eda Musical<\/title>\n<meta name=\"description\" content=\"La armon\u00eda surge de la conducci\u00f3n de voces en modelos polif\u00f3nicos. Entender eso nos sit\u00faa en una posici\u00f3n de privilegio como compositores.\" \/>\n<meta name=\"robots\" content=\"index, follow, max-snippet:-1, max-image-preview:large, max-video-preview:-1\" \/>\n<link rel=\"canonical\" href=\"https:\/\/www.teoriamusical.es\/blog\/armonia-y-conduccion-de-voces\/\" \/>\n<meta property=\"og:locale\" content=\"es_ES\" \/>\n<meta property=\"og:type\" content=\"article\" \/>\n<meta property=\"og:title\" content=\"Armon\u00eda y Conducci\u00f3n de Voces - Teor\u00eda Musical\" \/>\n<meta property=\"og:description\" content=\"La armon\u00eda surge de la conducci\u00f3n de voces en modelos polif\u00f3nicos. Entender eso nos sit\u00faa en una posici\u00f3n de privilegio como compositores.\" \/>\n<meta property=\"og:url\" content=\"https:\/\/www.teoriamusical.es\/blog\/armonia-y-conduccion-de-voces\/\" \/>\n<meta property=\"og:site_name\" content=\"Teor\u00eda Musical\" \/>\n<meta property=\"article:published_time\" content=\"2021-07-16T10:38:47+00:00\" \/>\n<meta property=\"article:modified_time\" content=\"2021-08-09T21:49:40+00:00\" \/>\n<meta name=\"author\" content=\"teoriamusical.es\" \/>\n<meta name=\"twitter:card\" content=\"summary_large_image\" \/>\n<meta name=\"twitter:label1\" content=\"Escrito por\" \/>\n\t<meta name=\"twitter:data1\" content=\"teoriamusical.es\" \/>\n\t<meta name=\"twitter:label2\" content=\"Tiempo de lectura\" \/>\n\t<meta name=\"twitter:data2\" content=\"1 minuto\" \/>\n<script type=\"application\/ld+json\" class=\"yoast-schema-graph\">{\"@context\":\"https:\/\/schema.org\",\"@graph\":[{\"@type\":\"Article\",\"@id\":\"https:\/\/www.teoriamusical.es\/blog\/armonia-y-conduccion-de-voces\/#article\",\"isPartOf\":{\"@id\":\"https:\/\/www.teoriamusical.es\/blog\/armonia-y-conduccion-de-voces\/\"},\"author\":{\"name\":\"teoriamusical.es\",\"@id\":\"https:\/\/www.teoriamusical.es\/blog\/#\/schema\/person\/abbe30b6f6b449ac9e19ab236fe3d80c\"},\"headline\":\"Armon\u00eda y Conducci\u00f3n de Voces\",\"datePublished\":\"2021-07-16T10:38:47+00:00\",\"dateModified\":\"2021-08-09T21:49:40+00:00\",\"mainEntityOfPage\":{\"@id\":\"https:\/\/www.teoriamusical.es\/blog\/armonia-y-conduccion-de-voces\/\"},\"wordCount\":249,\"commentCount\":0,\"publisher\":{\"@id\":\"https:\/\/www.teoriamusical.es\/blog\/#\/schema\/person\/abbe30b6f6b449ac9e19ab236fe3d80c\"},\"articleSection\":[\"Acordes\",\"An\u00e1lisis Musical\",\"Armon\u00eda Moderna\"],\"inLanguage\":\"es\",\"potentialAction\":[{\"@type\":\"CommentAction\",\"name\":\"Comment\",\"target\":[\"https:\/\/www.teoriamusical.es\/blog\/armonia-y-conduccion-de-voces\/#respond\"]}]},{\"@type\":\"WebPage\",\"@id\":\"https:\/\/www.teoriamusical.es\/blog\/armonia-y-conduccion-de-voces\/\",\"url\":\"https:\/\/www.teoriamusical.es\/blog\/armonia-y-conduccion-de-voces\/\",\"name\":\"Armon\u00eda y Conducci\u00f3n de Voces - Teor\u00eda Musical\",\"isPartOf\":{\"@id\":\"https:\/\/www.teoriamusical.es\/blog\/#website\"},\"datePublished\":\"2021-07-16T10:38:47+00:00\",\"dateModified\":\"2021-08-09T21:49:40+00:00\",\"description\":\"La armon\u00eda surge de la conducci\u00f3n de voces en modelos polif\u00f3nicos. Entender eso nos sit\u00faa en una posici\u00f3n de privilegio como compositores.\",\"breadcrumb\":{\"@id\":\"https:\/\/www.teoriamusical.es\/blog\/armonia-y-conduccion-de-voces\/#breadcrumb\"},\"inLanguage\":\"es\",\"potentialAction\":[{\"@type\":\"ReadAction\",\"target\":[\"https:\/\/www.teoriamusical.es\/blog\/armonia-y-conduccion-de-voces\/\"]}]},{\"@type\":\"BreadcrumbList\",\"@id\":\"https:\/\/www.teoriamusical.es\/blog\/armonia-y-conduccion-de-voces\/#breadcrumb\",\"itemListElement\":[{\"@type\":\"ListItem\",\"position\":1,\"name\":\"Home\",\"item\":\"https:\/\/www.teoriamusical.es\/blog\/\"},{\"@type\":\"ListItem\",\"position\":2,\"name\":\"Armon\u00eda y Conducci\u00f3n de Voces\"}]},{\"@type\":\"WebSite\",\"@id\":\"https:\/\/www.teoriamusical.es\/blog\/#website\",\"url\":\"https:\/\/www.teoriamusical.es\/blog\/\",\"name\":\"Teor\u00eda Musical\",\"description\":\"Teor\u00eda Musical, Armon\u00eda Moderna y Cursos Online\",\"publisher\":{\"@id\":\"https:\/\/www.teoriamusical.es\/blog\/#\/schema\/person\/abbe30b6f6b449ac9e19ab236fe3d80c\"},\"potentialAction\":[{\"@type\":\"SearchAction\",\"target\":{\"@type\":\"EntryPoint\",\"urlTemplate\":\"https:\/\/www.teoriamusical.es\/blog\/?s={search_term_string}\"},\"query-input\":\"required name=search_term_string\"}],\"inLanguage\":\"es\"},{\"@type\":[\"Person\",\"Organization\"],\"@id\":\"https:\/\/www.teoriamusical.es\/blog\/#\/schema\/person\/abbe30b6f6b449ac9e19ab236fe3d80c\",\"name\":\"teoriamusical.es\",\"image\":{\"@type\":\"ImageObject\",\"inLanguage\":\"es\",\"@id\":\"https:\/\/www.teoriamusical.es\/blog\/#\/schema\/person\/image\/\",\"url\":\"https:\/\/secure.gravatar.com\/avatar\/1d7014e5a95916f717d86ab0aceffce14fd35c12b39d368d60384afae17e1760?s=96&d=mm&r=g\",\"contentUrl\":\"https:\/\/secure.gravatar.com\/avatar\/1d7014e5a95916f717d86ab0aceffce14fd35c12b39d368d60384afae17e1760?s=96&d=mm&r=g\",\"caption\":\"teoriamusical.es\"},\"logo\":{\"@id\":\"https:\/\/www.teoriamusical.es\/blog\/#\/schema\/person\/image\/\"}}]}<\/script>\n<!-- \/ Yoast SEO plugin. -->","yoast_head_json":{"title":"Armon\u00eda y Conducci\u00f3n de Voces - Teor\u00eda Musical","description":"La armon\u00eda surge de la conducci\u00f3n de voces en modelos polif\u00f3nicos. Entender eso nos sit\u00faa en una posici\u00f3n de privilegio como compositores.","robots":{"index":"index","follow":"follow","max-snippet":"max-snippet:-1","max-image-preview":"max-image-preview:large","max-video-preview":"max-video-preview:-1"},"canonical":"https:\/\/www.teoriamusical.es\/blog\/armonia-y-conduccion-de-voces\/","og_locale":"es_ES","og_type":"article","og_title":"Armon\u00eda y Conducci\u00f3n de Voces - Teor\u00eda Musical","og_description":"La armon\u00eda surge de la conducci\u00f3n de voces en modelos polif\u00f3nicos. Entender eso nos sit\u00faa en una posici\u00f3n de privilegio como compositores.","og_url":"https:\/\/www.teoriamusical.es\/blog\/armonia-y-conduccion-de-voces\/","og_site_name":"Teor\u00eda Musical","article_published_time":"2021-07-16T10:38:47+00:00","article_modified_time":"2021-08-09T21:49:40+00:00","author":"teoriamusical.es","twitter_card":"summary_large_image","twitter_misc":{"Escrito por":"teoriamusical.es","Tiempo de lectura":"1 minuto"},"schema":{"@context":"https:\/\/schema.org","@graph":[{"@type":"Article","@id":"https:\/\/www.teoriamusical.es\/blog\/armonia-y-conduccion-de-voces\/#article","isPartOf":{"@id":"https:\/\/www.teoriamusical.es\/blog\/armonia-y-conduccion-de-voces\/"},"author":{"name":"teoriamusical.es","@id":"https:\/\/www.teoriamusical.es\/blog\/#\/schema\/person\/abbe30b6f6b449ac9e19ab236fe3d80c"},"headline":"Armon\u00eda y Conducci\u00f3n de Voces","datePublished":"2021-07-16T10:38:47+00:00","dateModified":"2021-08-09T21:49:40+00:00","mainEntityOfPage":{"@id":"https:\/\/www.teoriamusical.es\/blog\/armonia-y-conduccion-de-voces\/"},"wordCount":249,"commentCount":0,"publisher":{"@id":"https:\/\/www.teoriamusical.es\/blog\/#\/schema\/person\/abbe30b6f6b449ac9e19ab236fe3d80c"},"articleSection":["Acordes","An\u00e1lisis Musical","Armon\u00eda Moderna"],"inLanguage":"es","potentialAction":[{"@type":"CommentAction","name":"Comment","target":["https:\/\/www.teoriamusical.es\/blog\/armonia-y-conduccion-de-voces\/#respond"]}]},{"@type":"WebPage","@id":"https:\/\/www.teoriamusical.es\/blog\/armonia-y-conduccion-de-voces\/","url":"https:\/\/www.teoriamusical.es\/blog\/armonia-y-conduccion-de-voces\/","name":"Armon\u00eda y Conducci\u00f3n de Voces - Teor\u00eda Musical","isPartOf":{"@id":"https:\/\/www.teoriamusical.es\/blog\/#website"},"datePublished":"2021-07-16T10:38:47+00:00","dateModified":"2021-08-09T21:49:40+00:00","description":"La armon\u00eda surge de la conducci\u00f3n de voces en modelos polif\u00f3nicos. Entender eso nos sit\u00faa en una posici\u00f3n de privilegio como compositores.","breadcrumb":{"@id":"https:\/\/www.teoriamusical.es\/blog\/armonia-y-conduccion-de-voces\/#breadcrumb"},"inLanguage":"es","potentialAction":[{"@type":"ReadAction","target":["https:\/\/www.teoriamusical.es\/blog\/armonia-y-conduccion-de-voces\/"]}]},{"@type":"BreadcrumbList","@id":"https:\/\/www.teoriamusical.es\/blog\/armonia-y-conduccion-de-voces\/#breadcrumb","itemListElement":[{"@type":"ListItem","position":1,"name":"Home","item":"https:\/\/www.teoriamusical.es\/blog\/"},{"@type":"ListItem","position":2,"name":"Armon\u00eda y Conducci\u00f3n de Voces"}]},{"@type":"WebSite","@id":"https:\/\/www.teoriamusical.es\/blog\/#website","url":"https:\/\/www.teoriamusical.es\/blog\/","name":"Teor\u00eda Musical","description":"Teor\u00eda Musical, Armon\u00eda Moderna y Cursos Online","publisher":{"@id":"https:\/\/www.teoriamusical.es\/blog\/#\/schema\/person\/abbe30b6f6b449ac9e19ab236fe3d80c"},"potentialAction":[{"@type":"SearchAction","target":{"@type":"EntryPoint","urlTemplate":"https:\/\/www.teoriamusical.es\/blog\/?s={search_term_string}"},"query-input":"required name=search_term_string"}],"inLanguage":"es"},{"@type":["Person","Organization"],"@id":"https:\/\/www.teoriamusical.es\/blog\/#\/schema\/person\/abbe30b6f6b449ac9e19ab236fe3d80c","name":"teoriamusical.es","image":{"@type":"ImageObject","inLanguage":"es","@id":"https:\/\/www.teoriamusical.es\/blog\/#\/schema\/person\/image\/","url":"https:\/\/secure.gravatar.com\/avatar\/1d7014e5a95916f717d86ab0aceffce14fd35c12b39d368d60384afae17e1760?s=96&d=mm&r=g","contentUrl":"https:\/\/secure.gravatar.com\/avatar\/1d7014e5a95916f717d86ab0aceffce14fd35c12b39d368d60384afae17e1760?s=96&d=mm&r=g","caption":"teoriamusical.es"},"logo":{"@id":"https:\/\/www.teoriamusical.es\/blog\/#\/schema\/person\/image\/"}}]}},"jetpack_featured_media_url":"","jetpack-related-posts":[{"id":270,"url":"https:\/\/www.teoriamusical.es\/blog\/como-armonizar-una-melodia\/","url_meta":{"origin":311,"position":0},"title":"C\u00f3mo Armonizar una Melod\u00eda","date":"julio 16, 2021","format":false,"excerpt":"En este video hablaremos sobre c\u00f3mo armonizar melod\u00edas y, para ello, primero debemos distinguir entre melod\u00eda armonizada y melod\u00eda acompa\u00f1ada. Tambi\u00e9n veremos conceptos que nos ser\u00e1n \u00fatiles en orquestaci\u00f3n, tales como densidad arm\u00f3nica y peso instrumental. La idea es que pod\u00e1is armonizar melod\u00edas nota a nota sin que vuestras progresiones\u2026","rel":"","context":"En \u00abAcordes\u00bb","img":{"alt_text":"","src":"https:\/\/i0.wp.com\/img.youtube.com\/vi\/HfMKrJPsKHI\/0.jpg?resize=350%2C200","width":350,"height":200},"classes":[]},{"id":443,"url":"https:\/\/www.teoriamusical.es\/blog\/armonia-cromatica\/","url_meta":{"origin":311,"position":1},"title":"Armon\u00eda Crom\u00e1tica","date":"noviembre 29, 2021","format":false,"excerpt":"La armon\u00eda crom\u00e1tica es parte importante de nuestro lenguaje como compositores, desde el romanticismo hasta el jazz pasando por la m\u00fasica post tonal del siglo XX, todos los recursos de la armon\u00eda crom\u00e1tica est\u00e1n presentes en mayor o menor medida.Hemos visto, tanto en el curso de armon\u00eda moderna como en\u2026","rel":"","context":"En \u00abAn\u00e1lisis Musical\u00bb","img":{"alt_text":"","src":"https:\/\/i0.wp.com\/img.youtube.com\/vi\/M4wXRN5Y8eM\/0.jpg?resize=350%2C200","width":350,"height":200},"classes":[]},{"id":341,"url":"https:\/\/www.teoriamusical.es\/blog\/la-escala-napolitana-menor-modos-y-sonoridades\/","url_meta":{"origin":311,"position":2},"title":"La Escala Napolitana Menor: Modos y Sonoridades","date":"julio 16, 2021","format":false,"excerpt":"\u00bfQu\u00e9 es la escala napolitana? \u00bfqu\u00e9 modos tiene? \u00bfhay escala napolitana mayor y escala napolitana menor? En este tutorial, al margen de los acordes de sexta napolitana que conocemos de la m\u00fasica cl\u00e1sica, echaremos un vistazo a una escala fuente muy interesante que se cubrir\u00e1 en detalle, con otras escalas\u2026","rel":"","context":"En \u00abAn\u00e1lisis Musical\u00bb","img":{"alt_text":"","src":"https:\/\/i0.wp.com\/img.youtube.com\/vi\/WANUZ0Yx4NU\/0.jpg?resize=350%2C200","width":350,"height":200},"classes":[]},{"id":487,"url":"https:\/\/www.teoriamusical.es\/blog\/acordes-sencillos-para-armonias-complejas\/","url_meta":{"origin":311,"position":3},"title":"Acordes Sencillos para Armon\u00edas Complejas","date":"junio 29, 2022","format":false,"excerpt":"\u00bfC\u00f3mo utilizar armon\u00edas complejas si tu vocabulario arm\u00f3nico s\u00f3lo posee acordes sencillos? En este video veremos c\u00f3mo la teor\u00eda musical nos ayuda a manejar armon\u00edas complejas con acordes triada b\u00e1sicos. La triada, que durante siglos ha sido la unidad m\u00ednima de informaci\u00f3n arm\u00f3nica, puede emplearse de muchas otras formas musicales,\u2026","rel":"","context":"En \u00abCursos de M\u00fasica\u00bb","img":{"alt_text":"","src":"https:\/\/i0.wp.com\/img.youtube.com\/vi\/WmTmFyYwFnY\/0.jpg?resize=350%2C200","width":350,"height":200},"classes":[]},{"id":463,"url":"https:\/\/www.teoriamusical.es\/blog\/como-armonizar-una-melodia-con-intervalos\/","url_meta":{"origin":311,"position":4},"title":"C\u00f3mo Armonizar una Melod\u00eda Con Intervalos","date":"junio 29, 2022","format":false,"excerpt":"\u00bfC\u00f3mo armonizar una melod\u00eda sin utilizar acordes? \u00bfC\u00f3mo armonizar una melod\u00eda utilizando solamente 2 voces? El uso de intervalos para armonizar ya se daba en la m\u00fasica antigua y es deseable avanzar sin perder todo lo que ya aprendimos en \u00e9pocas anteriores a la aparici\u00f3n de la armon\u00eda tal y\u2026","rel":"","context":"En \u00abCursos de M\u00fasica\u00bb","img":{"alt_text":"","src":"https:\/\/i0.wp.com\/img.youtube.com\/vi\/hlJ5phHomdA\/0.jpg?resize=350%2C200","width":350,"height":200},"classes":[]},{"id":285,"url":"https:\/\/www.teoriamusical.es\/blog\/escala-mayor-armonica\/","url_meta":{"origin":311,"position":5},"title":"Escala Mayor Arm\u00f3nica","date":"julio 16, 2021","format":false,"excerpt":"La escala mayor arm\u00f3nica, o harmonic major, es una escala fuente de la cual surgen varios modos que utilizamos en jazz y en m\u00fasica moderna. Posee una sonoridad con mucho inter\u00e9s, acordes aumentados, disminuidos, etc, pero nosotros vamos a centrarnos en el desarrollo mel\u00f3dico, es decir, vamos a utilizar la\u2026","rel":"","context":"En \u00abAn\u00e1lisis Musical\u00bb","img":{"alt_text":"","src":"https:\/\/i0.wp.com\/img.youtube.com\/vi\/zIpylteQ5p0\/0.jpg?resize=350%2C200","width":350,"height":200},"classes":[]}],"_links":{"self":[{"href":"https:\/\/www.teoriamusical.es\/blog\/wp-json\/wp\/v2\/posts\/311","targetHints":{"allow":["GET"]}}],"collection":[{"href":"https:\/\/www.teoriamusical.es\/blog\/wp-json\/wp\/v2\/posts"}],"about":[{"href":"https:\/\/www.teoriamusical.es\/blog\/wp-json\/wp\/v2\/types\/post"}],"author":[{"embeddable":true,"href":"https:\/\/www.teoriamusical.es\/blog\/wp-json\/wp\/v2\/users\/1"}],"replies":[{"embeddable":true,"href":"https:\/\/www.teoriamusical.es\/blog\/wp-json\/wp\/v2\/comments?post=311"}],"version-history":[{"count":1,"href":"https:\/\/www.teoriamusical.es\/blog\/wp-json\/wp\/v2\/posts\/311\/revisions"}],"predecessor-version":[{"id":313,"href":"https:\/\/www.teoriamusical.es\/blog\/wp-json\/wp\/v2\/posts\/311\/revisions\/313"}],"wp:attachment":[{"href":"https:\/\/www.teoriamusical.es\/blog\/wp-json\/wp\/v2\/media?parent=311"}],"wp:term":[{"taxonomy":"category","embeddable":true,"href":"https:\/\/www.teoriamusical.es\/blog\/wp-json\/wp\/v2\/categories?post=311"},{"taxonomy":"post_tag","embeddable":true,"href":"https:\/\/www.teoriamusical.es\/blog\/wp-json\/wp\/v2\/tags?post=311"}],"curies":[{"name":"wp","href":"https:\/\/api.w.org\/{rel}","templated":true}]}}