{"id":296,"date":"2021-07-16T12:20:51","date_gmt":"2021-07-16T10:20:51","guid":{"rendered":"https:\/\/www.teoriamusical.es\/blog\/?p=296"},"modified":"2021-07-16T12:21:00","modified_gmt":"2021-07-16T10:21:00","slug":"tonalidad-extendida-como-usarla","status":"publish","type":"post","link":"https:\/\/www.teoriamusical.es\/blog\/tonalidad-extendida-como-usarla\/","title":{"rendered":"Tonalidad Extendida: C\u00f3mo Usarla."},"content":{"rendered":"\n<p>Intercambio modal es un recurso habitual cuando en jazz y otros estilos empezamos enriquecer nuestra armon\u00eda, utilizando acordes que pertenece a otras areas tonales pero con el mismo centro.<\/p>\n\n\n\n<p>Con el tiempo esto va evolucionando y, armonicamente, empezamos a sentir que estamos en una tonalidad sin que nos importe demasiado si es mayor, menor, d\u00f3rica, frigia, o si pertenece a cualquiera de los modos que tenemos en el menor mel\u00f3dico, el menor arm\u00f3nico y todas las escalas y modos que exploramos en la masterclass de armon\u00eda moderna.<\/p>\n\n\n\n<p>Al final, terminamos pensando que estamos en una tonalidad extendida, porque los recursos a nuestra disposici\u00f3n quedan bastante alejados de los 7 modos b\u00e1sicos con los que todos comenzamos. Podemos hablar con m\u00e1s riqueza y expresar muchas m\u00e1s emociones con una paleta amplia de colores arm\u00f3nicos; d\u00e1ndo m\u00e1s potencia a nuestras funciones tonales y enriqueciendo nuestra m\u00fasica.<\/p>\n\n\n\n<p>Tambi\u00e9n aprendemos en el camino que la morfolog\u00eda del acorde es una cosa y la funcionalidad es otra, y que no siempre van juntas, cosa que ya intuimos en el blues y que incrementamos bastante en el jazz<\/p>\n\n\n\n<p> En general, trabajar con tonalidad extendida es una muy buena forma de, hagas el estilo que hagas, enriquecer tu lenguaje musical.<\/p>\n\n\n\n<figure class=\"wp-block-embed is-type-video is-provider-youtube wp-block-embed-youtube wp-embed-aspect-16-9 wp-has-aspect-ratio\"><div class=\"wp-block-embed__wrapper\">\n<iframe loading=\"lazy\" title=\"Intercambio Modal - Tonalidad Extendida\" width=\"584\" height=\"329\" src=\"https:\/\/www.youtube.com\/embed\/qVUyddUkKnA?feature=oembed\" frameborder=\"0\" allow=\"accelerometer; autoplay; clipboard-write; encrypted-media; gyroscope; picture-in-picture; web-share\" referrerpolicy=\"strict-origin-when-cross-origin\" allowfullscreen><\/iframe>\n<\/div><\/figure>\n","protected":false},"excerpt":{"rendered":"<p>Intercambio modal es un recurso habitual cuando en jazz y otros estilos empezamos enriquecer nuestra armon\u00eda, utilizando acordes que pertenece a otras areas tonales pero con el mismo centro. Con el tiempo esto va evolucionando y, armonicamente, empezamos a sentir &hellip; <a href=\"https:\/\/www.teoriamusical.es\/blog\/tonalidad-extendida-como-usarla\/\">Sigue leyendo <span class=\"meta-nav\">&rarr;<\/span><\/a><\/p>\n","protected":false},"author":1,"featured_media":0,"comment_status":"open","ping_status":"open","sticky":false,"template":"","format":"standard","meta":{"_monsterinsights_skip_tracking":false,"_monsterinsights_sitenote_active":false,"_monsterinsights_sitenote_note":"","_monsterinsights_sitenote_category":0,"footnotes":""},"categories":[15],"tags":[],"class_list":["post-296","post","type-post","status-publish","format-standard","hentry","category-armonia-moderna"],"yoast_head":"<!-- This site is optimized with the Yoast SEO plugin v19.6 - https:\/\/yoast.com\/wordpress\/plugins\/seo\/ -->\n<title>Tonalidad Extendida: C\u00f3mo Usarla. - Teor\u00eda Musical<\/title>\n<meta name=\"robots\" content=\"index, follow, max-snippet:-1, max-image-preview:large, max-video-preview:-1\" \/>\n<link rel=\"canonical\" href=\"https:\/\/www.teoriamusical.es\/blog\/tonalidad-extendida-como-usarla\/\" \/>\n<meta property=\"og:locale\" content=\"es_ES\" \/>\n<meta property=\"og:type\" content=\"article\" \/>\n<meta property=\"og:title\" content=\"Tonalidad Extendida: C\u00f3mo Usarla. - Teor\u00eda Musical\" \/>\n<meta property=\"og:description\" content=\"Intercambio modal es un recurso habitual cuando en jazz y otros estilos empezamos enriquecer nuestra armon\u00eda, utilizando acordes que pertenece a otras areas tonales pero con el mismo centro. Con el tiempo esto va evolucionando y, armonicamente, empezamos a sentir &hellip; Sigue leyendo &rarr;\" \/>\n<meta property=\"og:url\" content=\"https:\/\/www.teoriamusical.es\/blog\/tonalidad-extendida-como-usarla\/\" \/>\n<meta property=\"og:site_name\" content=\"Teor\u00eda Musical\" \/>\n<meta property=\"article:published_time\" content=\"2021-07-16T10:20:51+00:00\" \/>\n<meta property=\"article:modified_time\" content=\"2021-07-16T10:21:00+00:00\" \/>\n<meta name=\"author\" content=\"teoriamusical.es\" \/>\n<meta name=\"twitter:card\" content=\"summary_large_image\" \/>\n<meta name=\"twitter:label1\" content=\"Escrito por\" \/>\n\t<meta name=\"twitter:data1\" content=\"teoriamusical.es\" \/>\n\t<meta name=\"twitter:label2\" content=\"Tiempo de lectura\" \/>\n\t<meta name=\"twitter:data2\" content=\"1 minuto\" \/>\n<script type=\"application\/ld+json\" class=\"yoast-schema-graph\">{\"@context\":\"https:\/\/schema.org\",\"@graph\":[{\"@type\":\"Article\",\"@id\":\"https:\/\/www.teoriamusical.es\/blog\/tonalidad-extendida-como-usarla\/#article\",\"isPartOf\":{\"@id\":\"https:\/\/www.teoriamusical.es\/blog\/tonalidad-extendida-como-usarla\/\"},\"author\":{\"name\":\"teoriamusical.es\",\"@id\":\"https:\/\/www.teoriamusical.es\/blog\/#\/schema\/person\/abbe30b6f6b449ac9e19ab236fe3d80c\"},\"headline\":\"Tonalidad Extendida: C\u00f3mo Usarla.\",\"datePublished\":\"2021-07-16T10:20:51+00:00\",\"dateModified\":\"2021-07-16T10:21:00+00:00\",\"mainEntityOfPage\":{\"@id\":\"https:\/\/www.teoriamusical.es\/blog\/tonalidad-extendida-como-usarla\/\"},\"wordCount\":226,\"commentCount\":2,\"publisher\":{\"@id\":\"https:\/\/www.teoriamusical.es\/blog\/#\/schema\/person\/abbe30b6f6b449ac9e19ab236fe3d80c\"},\"articleSection\":[\"Armon\u00eda Moderna\"],\"inLanguage\":\"es\",\"potentialAction\":[{\"@type\":\"CommentAction\",\"name\":\"Comment\",\"target\":[\"https:\/\/www.teoriamusical.es\/blog\/tonalidad-extendida-como-usarla\/#respond\"]}]},{\"@type\":\"WebPage\",\"@id\":\"https:\/\/www.teoriamusical.es\/blog\/tonalidad-extendida-como-usarla\/\",\"url\":\"https:\/\/www.teoriamusical.es\/blog\/tonalidad-extendida-como-usarla\/\",\"name\":\"Tonalidad Extendida: C\u00f3mo Usarla. - Teor\u00eda Musical\",\"isPartOf\":{\"@id\":\"https:\/\/www.teoriamusical.es\/blog\/#website\"},\"datePublished\":\"2021-07-16T10:20:51+00:00\",\"dateModified\":\"2021-07-16T10:21:00+00:00\",\"breadcrumb\":{\"@id\":\"https:\/\/www.teoriamusical.es\/blog\/tonalidad-extendida-como-usarla\/#breadcrumb\"},\"inLanguage\":\"es\",\"potentialAction\":[{\"@type\":\"ReadAction\",\"target\":[\"https:\/\/www.teoriamusical.es\/blog\/tonalidad-extendida-como-usarla\/\"]}]},{\"@type\":\"BreadcrumbList\",\"@id\":\"https:\/\/www.teoriamusical.es\/blog\/tonalidad-extendida-como-usarla\/#breadcrumb\",\"itemListElement\":[{\"@type\":\"ListItem\",\"position\":1,\"name\":\"Home\",\"item\":\"https:\/\/www.teoriamusical.es\/blog\/\"},{\"@type\":\"ListItem\",\"position\":2,\"name\":\"Tonalidad Extendida: C\u00f3mo Usarla.\"}]},{\"@type\":\"WebSite\",\"@id\":\"https:\/\/www.teoriamusical.es\/blog\/#website\",\"url\":\"https:\/\/www.teoriamusical.es\/blog\/\",\"name\":\"Teor\u00eda Musical\",\"description\":\"Teor\u00eda Musical, Armon\u00eda Moderna y Cursos Online\",\"publisher\":{\"@id\":\"https:\/\/www.teoriamusical.es\/blog\/#\/schema\/person\/abbe30b6f6b449ac9e19ab236fe3d80c\"},\"potentialAction\":[{\"@type\":\"SearchAction\",\"target\":{\"@type\":\"EntryPoint\",\"urlTemplate\":\"https:\/\/www.teoriamusical.es\/blog\/?s={search_term_string}\"},\"query-input\":\"required name=search_term_string\"}],\"inLanguage\":\"es\"},{\"@type\":[\"Person\",\"Organization\"],\"@id\":\"https:\/\/www.teoriamusical.es\/blog\/#\/schema\/person\/abbe30b6f6b449ac9e19ab236fe3d80c\",\"name\":\"teoriamusical.es\",\"image\":{\"@type\":\"ImageObject\",\"inLanguage\":\"es\",\"@id\":\"https:\/\/www.teoriamusical.es\/blog\/#\/schema\/person\/image\/\",\"url\":\"https:\/\/secure.gravatar.com\/avatar\/1d7014e5a95916f717d86ab0aceffce14fd35c12b39d368d60384afae17e1760?s=96&d=mm&r=g\",\"contentUrl\":\"https:\/\/secure.gravatar.com\/avatar\/1d7014e5a95916f717d86ab0aceffce14fd35c12b39d368d60384afae17e1760?s=96&d=mm&r=g\",\"caption\":\"teoriamusical.es\"},\"logo\":{\"@id\":\"https:\/\/www.teoriamusical.es\/blog\/#\/schema\/person\/image\/\"}}]}<\/script>\n<!-- \/ Yoast SEO plugin. -->","yoast_head_json":{"title":"Tonalidad Extendida: C\u00f3mo Usarla. - Teor\u00eda Musical","robots":{"index":"index","follow":"follow","max-snippet":"max-snippet:-1","max-image-preview":"max-image-preview:large","max-video-preview":"max-video-preview:-1"},"canonical":"https:\/\/www.teoriamusical.es\/blog\/tonalidad-extendida-como-usarla\/","og_locale":"es_ES","og_type":"article","og_title":"Tonalidad Extendida: C\u00f3mo Usarla. - Teor\u00eda Musical","og_description":"Intercambio modal es un recurso habitual cuando en jazz y otros estilos empezamos enriquecer nuestra armon\u00eda, utilizando acordes que pertenece a otras areas tonales pero con el mismo centro. Con el tiempo esto va evolucionando y, armonicamente, empezamos a sentir &hellip; Sigue leyendo &rarr;","og_url":"https:\/\/www.teoriamusical.es\/blog\/tonalidad-extendida-como-usarla\/","og_site_name":"Teor\u00eda Musical","article_published_time":"2021-07-16T10:20:51+00:00","article_modified_time":"2021-07-16T10:21:00+00:00","author":"teoriamusical.es","twitter_card":"summary_large_image","twitter_misc":{"Escrito por":"teoriamusical.es","Tiempo de lectura":"1 minuto"},"schema":{"@context":"https:\/\/schema.org","@graph":[{"@type":"Article","@id":"https:\/\/www.teoriamusical.es\/blog\/tonalidad-extendida-como-usarla\/#article","isPartOf":{"@id":"https:\/\/www.teoriamusical.es\/blog\/tonalidad-extendida-como-usarla\/"},"author":{"name":"teoriamusical.es","@id":"https:\/\/www.teoriamusical.es\/blog\/#\/schema\/person\/abbe30b6f6b449ac9e19ab236fe3d80c"},"headline":"Tonalidad Extendida: C\u00f3mo Usarla.","datePublished":"2021-07-16T10:20:51+00:00","dateModified":"2021-07-16T10:21:00+00:00","mainEntityOfPage":{"@id":"https:\/\/www.teoriamusical.es\/blog\/tonalidad-extendida-como-usarla\/"},"wordCount":226,"commentCount":2,"publisher":{"@id":"https:\/\/www.teoriamusical.es\/blog\/#\/schema\/person\/abbe30b6f6b449ac9e19ab236fe3d80c"},"articleSection":["Armon\u00eda Moderna"],"inLanguage":"es","potentialAction":[{"@type":"CommentAction","name":"Comment","target":["https:\/\/www.teoriamusical.es\/blog\/tonalidad-extendida-como-usarla\/#respond"]}]},{"@type":"WebPage","@id":"https:\/\/www.teoriamusical.es\/blog\/tonalidad-extendida-como-usarla\/","url":"https:\/\/www.teoriamusical.es\/blog\/tonalidad-extendida-como-usarla\/","name":"Tonalidad Extendida: C\u00f3mo Usarla. - Teor\u00eda Musical","isPartOf":{"@id":"https:\/\/www.teoriamusical.es\/blog\/#website"},"datePublished":"2021-07-16T10:20:51+00:00","dateModified":"2021-07-16T10:21:00+00:00","breadcrumb":{"@id":"https:\/\/www.teoriamusical.es\/blog\/tonalidad-extendida-como-usarla\/#breadcrumb"},"inLanguage":"es","potentialAction":[{"@type":"ReadAction","target":["https:\/\/www.teoriamusical.es\/blog\/tonalidad-extendida-como-usarla\/"]}]},{"@type":"BreadcrumbList","@id":"https:\/\/www.teoriamusical.es\/blog\/tonalidad-extendida-como-usarla\/#breadcrumb","itemListElement":[{"@type":"ListItem","position":1,"name":"Home","item":"https:\/\/www.teoriamusical.es\/blog\/"},{"@type":"ListItem","position":2,"name":"Tonalidad Extendida: C\u00f3mo Usarla."}]},{"@type":"WebSite","@id":"https:\/\/www.teoriamusical.es\/blog\/#website","url":"https:\/\/www.teoriamusical.es\/blog\/","name":"Teor\u00eda Musical","description":"Teor\u00eda Musical, Armon\u00eda Moderna y Cursos Online","publisher":{"@id":"https:\/\/www.teoriamusical.es\/blog\/#\/schema\/person\/abbe30b6f6b449ac9e19ab236fe3d80c"},"potentialAction":[{"@type":"SearchAction","target":{"@type":"EntryPoint","urlTemplate":"https:\/\/www.teoriamusical.es\/blog\/?s={search_term_string}"},"query-input":"required name=search_term_string"}],"inLanguage":"es"},{"@type":["Person","Organization"],"@id":"https:\/\/www.teoriamusical.es\/blog\/#\/schema\/person\/abbe30b6f6b449ac9e19ab236fe3d80c","name":"teoriamusical.es","image":{"@type":"ImageObject","inLanguage":"es","@id":"https:\/\/www.teoriamusical.es\/blog\/#\/schema\/person\/image\/","url":"https:\/\/secure.gravatar.com\/avatar\/1d7014e5a95916f717d86ab0aceffce14fd35c12b39d368d60384afae17e1760?s=96&d=mm&r=g","contentUrl":"https:\/\/secure.gravatar.com\/avatar\/1d7014e5a95916f717d86ab0aceffce14fd35c12b39d368d60384afae17e1760?s=96&d=mm&r=g","caption":"teoriamusical.es"},"logo":{"@id":"https:\/\/www.teoriamusical.es\/blog\/#\/schema\/person\/image\/"}}]}},"jetpack_featured_media_url":"","jetpack-related-posts":[{"id":465,"url":"https:\/\/www.teoriamusical.es\/blog\/la-clave-del-intercambio-modal\/","url_meta":{"origin":296,"position":0},"title":"La Clave del Intercambio Modal","date":"junio 29, 2022","format":false,"excerpt":"El intercambio modal es un recurso que, en armon\u00eda moderna, nos prepara para la tonalidad extendida, que est\u00e1 a la orden del d\u00eda en la pr\u00e1ctica jazzistica, tanto en composici\u00f3n como en improvisaci\u00f3n. Aprender los recursos arm\u00f3nicos y las formas de ver la armon\u00eda que se tienen en distintos estilos\u2026","rel":"","context":"En \u00abCursos de M\u00fasica\u00bb","img":{"alt_text":"","src":"https:\/\/i0.wp.com\/img.youtube.com\/vi\/_6_BtKDiroM\/0.jpg?resize=350%2C200","width":350,"height":200},"classes":[]},{"id":390,"url":"https:\/\/www.teoriamusical.es\/blog\/armonia-modal\/","url_meta":{"origin":296,"position":1},"title":"Armon\u00eda Modal &#8211; Pivotar entre modos","date":"septiembre 8, 2021","format":false,"excerpt":"La Armon\u00eda Modal es una de las herramientas compositivas que podemos utilizar en m\u00fasica moderna para dar car\u00e1cter y riqueza arm\u00f3nica a nuestras composiciones. Por supuesto la composici\u00f3n modal moderna no es algo exclusivo del Jazz; en el pop\/rock encontramos multitud de temas modales, desde el luminoso Man on The\u2026","rel":"","context":"En \u00abAcordes\u00bb","img":{"alt_text":"","src":"https:\/\/i0.wp.com\/img.youtube.com\/vi\/tTAvhm1zGZ8\/0.jpg?resize=350%2C200","width":350,"height":200},"classes":[]},{"id":85,"url":"https:\/\/www.teoriamusical.es\/blog\/tonalidad-acorde\/","url_meta":{"origin":296,"position":2},"title":"Tonalidad y Acorde","date":"diciembre 5, 2019","format":false,"excerpt":"Tonalidad y acorde tienen, en armon\u00eda funcional, una relaci\u00f3n. Siempre explico, en mis cursos online, en mis clases particulares y en mis videos de Youtube, que debemos saber 3 cosas sobre un acorde; su forma (voicing), el modo que tiene debajo y su escala fuente. Esa escala fuente est\u00e1 en\u2026","rel":"","context":"En \u00abAcordes\u00bb","img":{"alt_text":"","src":"https:\/\/i0.wp.com\/img.youtube.com\/vi\/5f6fnYnNXes\/0.jpg?resize=350%2C200","width":350,"height":200},"classes":[]},{"id":121,"url":"https:\/\/www.teoriamusical.es\/blog\/componer-riqueza-armonica\/","url_meta":{"origin":296,"position":3},"title":"Componer con Riqueza Arm\u00f3nica","date":"diciembre 14, 2019","format":false,"excerpt":"Componer con riqueza arm\u00f3nica es una meta deseable pero difusa sin no concretamos un poco de qu\u00e9 estamos hablando. En un primer momento, dado la tendencia a confundir la armon\u00eda con los acordes, podemos pensar que al hablar de riqueza arm\u00f3nica hablamos de que haya muchos acordes. Y no va\u2026","rel":"","context":"En \u00abAcordes\u00bb","img":{"alt_text":"","src":"https:\/\/i0.wp.com\/img.youtube.com\/vi\/aXA85ILVWUE\/0.jpg?resize=350%2C200","width":350,"height":200},"classes":[]},{"id":106,"url":"https:\/\/www.teoriamusical.es\/blog\/acorde-dominante\/","url_meta":{"origin":296,"position":4},"title":"Acorde Dominante: Qu\u00e9 tipos hay","date":"diciembre 8, 2019","format":false,"excerpt":"El acorde dominante nos da mucha libertad y es quiz\u00e1, dentro de la armon\u00eda tonal, el tipo de acorde donde m\u00e1s imaginativos somos cuando empezamos a componer. Sin embargo, al margen de todas las sustituciones y elecciones de modo que tenemos a nuestra disposici\u00f3n, tambi\u00e9n los clasificamos seg\u00fan lo que\u2026","rel":"","context":"En \u00abAcordes\u00bb","img":{"alt_text":"","src":"https:\/\/i0.wp.com\/img.youtube.com\/vi\/lGoU8p7_gjw\/0.jpg?resize=350%2C200","width":350,"height":200},"classes":[]},{"id":404,"url":"https:\/\/www.teoriamusical.es\/blog\/cadencias\/","url_meta":{"origin":296,"position":5},"title":"Cadencias y Armon\u00eda","date":"octubre 12, 2021","format":false,"excerpt":"En la armon\u00eda funcional las cadencias son un elemento important\u00edsimo ya \u00a0que nos se\u00f1alan nuestro centro tonal. Muchas obras en la m\u00fasica cl\u00e1sica \u00a0se estructuran en torno a las cadencias, implicando \u00a0diferentes procesos cadenciales. Un an\u00e1lisis arm\u00f3nico de obras de distintos \u00a0autores desde Bach hasta Charlie Parker nos se\u00f1ala con\u2026","rel":"","context":"En \u00abArmon\u00eda Moderna\u00bb","img":{"alt_text":"","src":"https:\/\/i0.wp.com\/img.youtube.com\/vi\/HUTgkUnBrM4\/0.jpg?resize=350%2C200","width":350,"height":200},"classes":[]}],"_links":{"self":[{"href":"https:\/\/www.teoriamusical.es\/blog\/wp-json\/wp\/v2\/posts\/296","targetHints":{"allow":["GET"]}}],"collection":[{"href":"https:\/\/www.teoriamusical.es\/blog\/wp-json\/wp\/v2\/posts"}],"about":[{"href":"https:\/\/www.teoriamusical.es\/blog\/wp-json\/wp\/v2\/types\/post"}],"author":[{"embeddable":true,"href":"https:\/\/www.teoriamusical.es\/blog\/wp-json\/wp\/v2\/users\/1"}],"replies":[{"embeddable":true,"href":"https:\/\/www.teoriamusical.es\/blog\/wp-json\/wp\/v2\/comments?post=296"}],"version-history":[{"count":1,"href":"https:\/\/www.teoriamusical.es\/blog\/wp-json\/wp\/v2\/posts\/296\/revisions"}],"predecessor-version":[{"id":298,"href":"https:\/\/www.teoriamusical.es\/blog\/wp-json\/wp\/v2\/posts\/296\/revisions\/298"}],"wp:attachment":[{"href":"https:\/\/www.teoriamusical.es\/blog\/wp-json\/wp\/v2\/media?parent=296"}],"wp:term":[{"taxonomy":"category","embeddable":true,"href":"https:\/\/www.teoriamusical.es\/blog\/wp-json\/wp\/v2\/categories?post=296"},{"taxonomy":"post_tag","embeddable":true,"href":"https:\/\/www.teoriamusical.es\/blog\/wp-json\/wp\/v2\/tags?post=296"}],"curies":[{"name":"wp","href":"https:\/\/api.w.org\/{rel}","templated":true}]}}