{"id":292,"date":"2021-07-16T12:16:12","date_gmt":"2021-07-16T10:16:12","guid":{"rendered":"https:\/\/www.teoriamusical.es\/blog\/?p=292"},"modified":"2021-07-16T12:18:02","modified_gmt":"2021-07-16T10:18:02","slug":"armonizar-tensiones-con-triadas-internas","status":"publish","type":"post","link":"https:\/\/www.teoriamusical.es\/blog\/armonizar-tensiones-con-triadas-internas\/","title":{"rendered":"Armonizar Melod\u00edas con Triadas Internas"},"content":{"rendered":"\n<p>Cuando hablamos de armonizar melod\u00edas solemos pensar en c\u00f3mo poner acordes a una melod\u00eda pero a veces pasamos por alto cuestiones que, dentro de la teor\u00eda musical de jazz u otros estilos se consideran estructurales. Gracias a la armon\u00eda moderna sabemos que no s\u00f3lo las notas del acorde se pueden armonizar sino que tambi\u00e9n las tensiones pueden funcionar melodicamente. Cuando hablamos de armonizar melod\u00edas, las tensiones pueden integrarse formando parte de estructuras b\u00e1sicas reconocibles para el o\u00eddo, es decir; acordes triada. Vamos a hablar de bases de armonizaci\u00f3n con estructuras tri\u00e1dicas en contextos no tri\u00e1dicos.<\/p>\n\n\n\n<figure class=\"wp-block-embed is-type-video is-provider-youtube wp-block-embed-youtube wp-embed-aspect-16-9 wp-has-aspect-ratio\"><div class=\"wp-block-embed__wrapper\">\n<iframe loading=\"lazy\" title=\"Armonizar Melod\u00edas - Teor\u00eda Musical\" width=\"584\" height=\"329\" src=\"https:\/\/www.youtube.com\/embed\/DbrBHBBXL8k?feature=oembed\" frameborder=\"0\" allow=\"accelerometer; autoplay; clipboard-write; encrypted-media; gyroscope; picture-in-picture; web-share\" referrerpolicy=\"strict-origin-when-cross-origin\" allowfullscreen><\/iframe>\n<\/div><\/figure>\n","protected":false},"excerpt":{"rendered":"<p>Cuando hablamos de armonizar melod\u00edas solemos pensar en c\u00f3mo poner acordes a una melod\u00eda pero a veces pasamos por alto cuestiones que, dentro de la teor\u00eda musical de jazz u otros estilos se consideran estructurales. Gracias a la armon\u00eda moderna &hellip; <a href=\"https:\/\/www.teoriamusical.es\/blog\/armonizar-tensiones-con-triadas-internas\/\">Sigue leyendo <span class=\"meta-nav\">&rarr;<\/span><\/a><\/p>\n","protected":false},"author":1,"featured_media":0,"comment_status":"open","ping_status":"open","sticky":false,"template":"","format":"standard","meta":{"_monsterinsights_skip_tracking":false,"_monsterinsights_sitenote_active":false,"_monsterinsights_sitenote_note":"","_monsterinsights_sitenote_category":0,"footnotes":""},"categories":[37,15],"tags":[],"class_list":["post-292","post","type-post","status-publish","format-standard","hentry","category-acordes","category-armonia-moderna"],"yoast_head":"<!-- This site is optimized with the Yoast SEO plugin v19.6 - https:\/\/yoast.com\/wordpress\/plugins\/seo\/ -->\n<title>Armonizar Melod\u00edas con Triadas Internas - Teor\u00eda Musical<\/title>\n<meta name=\"robots\" content=\"index, follow, max-snippet:-1, max-image-preview:large, max-video-preview:-1\" \/>\n<link rel=\"canonical\" href=\"https:\/\/www.teoriamusical.es\/blog\/armonizar-tensiones-con-triadas-internas\/\" \/>\n<meta property=\"og:locale\" content=\"es_ES\" \/>\n<meta property=\"og:type\" content=\"article\" \/>\n<meta property=\"og:title\" content=\"Armonizar Melod\u00edas con Triadas Internas - Teor\u00eda Musical\" \/>\n<meta property=\"og:description\" content=\"Cuando hablamos de armonizar melod\u00edas solemos pensar en c\u00f3mo poner acordes a una melod\u00eda pero a veces pasamos por alto cuestiones que, dentro de la teor\u00eda musical de jazz u otros estilos se consideran estructurales. Gracias a la armon\u00eda moderna &hellip; Sigue leyendo &rarr;\" \/>\n<meta property=\"og:url\" content=\"https:\/\/www.teoriamusical.es\/blog\/armonizar-tensiones-con-triadas-internas\/\" \/>\n<meta property=\"og:site_name\" content=\"Teor\u00eda Musical\" \/>\n<meta property=\"article:published_time\" content=\"2021-07-16T10:16:12+00:00\" \/>\n<meta property=\"article:modified_time\" content=\"2021-07-16T10:18:02+00:00\" \/>\n<meta name=\"author\" content=\"teoriamusical.es\" \/>\n<meta name=\"twitter:card\" content=\"summary_large_image\" \/>\n<meta name=\"twitter:label1\" content=\"Escrito por\" \/>\n\t<meta name=\"twitter:data1\" content=\"teoriamusical.es\" \/>\n\t<meta name=\"twitter:label2\" content=\"Tiempo de lectura\" \/>\n\t<meta name=\"twitter:data2\" content=\"1 minuto\" \/>\n<script type=\"application\/ld+json\" class=\"yoast-schema-graph\">{\"@context\":\"https:\/\/schema.org\",\"@graph\":[{\"@type\":\"Article\",\"@id\":\"https:\/\/www.teoriamusical.es\/blog\/armonizar-tensiones-con-triadas-internas\/#article\",\"isPartOf\":{\"@id\":\"https:\/\/www.teoriamusical.es\/blog\/armonizar-tensiones-con-triadas-internas\/\"},\"author\":{\"name\":\"teoriamusical.es\",\"@id\":\"https:\/\/www.teoriamusical.es\/blog\/#\/schema\/person\/abbe30b6f6b449ac9e19ab236fe3d80c\"},\"headline\":\"Armonizar Melod\u00edas con Triadas Internas\",\"datePublished\":\"2021-07-16T10:16:12+00:00\",\"dateModified\":\"2021-07-16T10:18:02+00:00\",\"mainEntityOfPage\":{\"@id\":\"https:\/\/www.teoriamusical.es\/blog\/armonizar-tensiones-con-triadas-internas\/\"},\"wordCount\":119,\"commentCount\":0,\"publisher\":{\"@id\":\"https:\/\/www.teoriamusical.es\/blog\/#\/schema\/person\/abbe30b6f6b449ac9e19ab236fe3d80c\"},\"articleSection\":[\"Acordes\",\"Armon\u00eda Moderna\"],\"inLanguage\":\"es\",\"potentialAction\":[{\"@type\":\"CommentAction\",\"name\":\"Comment\",\"target\":[\"https:\/\/www.teoriamusical.es\/blog\/armonizar-tensiones-con-triadas-internas\/#respond\"]}]},{\"@type\":\"WebPage\",\"@id\":\"https:\/\/www.teoriamusical.es\/blog\/armonizar-tensiones-con-triadas-internas\/\",\"url\":\"https:\/\/www.teoriamusical.es\/blog\/armonizar-tensiones-con-triadas-internas\/\",\"name\":\"Armonizar Melod\u00edas con Triadas Internas - Teor\u00eda Musical\",\"isPartOf\":{\"@id\":\"https:\/\/www.teoriamusical.es\/blog\/#website\"},\"datePublished\":\"2021-07-16T10:16:12+00:00\",\"dateModified\":\"2021-07-16T10:18:02+00:00\",\"breadcrumb\":{\"@id\":\"https:\/\/www.teoriamusical.es\/blog\/armonizar-tensiones-con-triadas-internas\/#breadcrumb\"},\"inLanguage\":\"es\",\"potentialAction\":[{\"@type\":\"ReadAction\",\"target\":[\"https:\/\/www.teoriamusical.es\/blog\/armonizar-tensiones-con-triadas-internas\/\"]}]},{\"@type\":\"BreadcrumbList\",\"@id\":\"https:\/\/www.teoriamusical.es\/blog\/armonizar-tensiones-con-triadas-internas\/#breadcrumb\",\"itemListElement\":[{\"@type\":\"ListItem\",\"position\":1,\"name\":\"Home\",\"item\":\"https:\/\/www.teoriamusical.es\/blog\/\"},{\"@type\":\"ListItem\",\"position\":2,\"name\":\"Armonizar Melod\u00edas con Triadas Internas\"}]},{\"@type\":\"WebSite\",\"@id\":\"https:\/\/www.teoriamusical.es\/blog\/#website\",\"url\":\"https:\/\/www.teoriamusical.es\/blog\/\",\"name\":\"Teor\u00eda Musical\",\"description\":\"Teor\u00eda Musical, Armon\u00eda Moderna y Cursos Online\",\"publisher\":{\"@id\":\"https:\/\/www.teoriamusical.es\/blog\/#\/schema\/person\/abbe30b6f6b449ac9e19ab236fe3d80c\"},\"potentialAction\":[{\"@type\":\"SearchAction\",\"target\":{\"@type\":\"EntryPoint\",\"urlTemplate\":\"https:\/\/www.teoriamusical.es\/blog\/?s={search_term_string}\"},\"query-input\":\"required name=search_term_string\"}],\"inLanguage\":\"es\"},{\"@type\":[\"Person\",\"Organization\"],\"@id\":\"https:\/\/www.teoriamusical.es\/blog\/#\/schema\/person\/abbe30b6f6b449ac9e19ab236fe3d80c\",\"name\":\"teoriamusical.es\",\"image\":{\"@type\":\"ImageObject\",\"inLanguage\":\"es\",\"@id\":\"https:\/\/www.teoriamusical.es\/blog\/#\/schema\/person\/image\/\",\"url\":\"https:\/\/secure.gravatar.com\/avatar\/1d7014e5a95916f717d86ab0aceffce14fd35c12b39d368d60384afae17e1760?s=96&d=mm&r=g\",\"contentUrl\":\"https:\/\/secure.gravatar.com\/avatar\/1d7014e5a95916f717d86ab0aceffce14fd35c12b39d368d60384afae17e1760?s=96&d=mm&r=g\",\"caption\":\"teoriamusical.es\"},\"logo\":{\"@id\":\"https:\/\/www.teoriamusical.es\/blog\/#\/schema\/person\/image\/\"}}]}<\/script>\n<!-- \/ Yoast SEO plugin. -->","yoast_head_json":{"title":"Armonizar Melod\u00edas con Triadas Internas - Teor\u00eda Musical","robots":{"index":"index","follow":"follow","max-snippet":"max-snippet:-1","max-image-preview":"max-image-preview:large","max-video-preview":"max-video-preview:-1"},"canonical":"https:\/\/www.teoriamusical.es\/blog\/armonizar-tensiones-con-triadas-internas\/","og_locale":"es_ES","og_type":"article","og_title":"Armonizar Melod\u00edas con Triadas Internas - Teor\u00eda Musical","og_description":"Cuando hablamos de armonizar melod\u00edas solemos pensar en c\u00f3mo poner acordes a una melod\u00eda pero a veces pasamos por alto cuestiones que, dentro de la teor\u00eda musical de jazz u otros estilos se consideran estructurales. Gracias a la armon\u00eda moderna &hellip; Sigue leyendo &rarr;","og_url":"https:\/\/www.teoriamusical.es\/blog\/armonizar-tensiones-con-triadas-internas\/","og_site_name":"Teor\u00eda Musical","article_published_time":"2021-07-16T10:16:12+00:00","article_modified_time":"2021-07-16T10:18:02+00:00","author":"teoriamusical.es","twitter_card":"summary_large_image","twitter_misc":{"Escrito por":"teoriamusical.es","Tiempo de lectura":"1 minuto"},"schema":{"@context":"https:\/\/schema.org","@graph":[{"@type":"Article","@id":"https:\/\/www.teoriamusical.es\/blog\/armonizar-tensiones-con-triadas-internas\/#article","isPartOf":{"@id":"https:\/\/www.teoriamusical.es\/blog\/armonizar-tensiones-con-triadas-internas\/"},"author":{"name":"teoriamusical.es","@id":"https:\/\/www.teoriamusical.es\/blog\/#\/schema\/person\/abbe30b6f6b449ac9e19ab236fe3d80c"},"headline":"Armonizar Melod\u00edas con Triadas Internas","datePublished":"2021-07-16T10:16:12+00:00","dateModified":"2021-07-16T10:18:02+00:00","mainEntityOfPage":{"@id":"https:\/\/www.teoriamusical.es\/blog\/armonizar-tensiones-con-triadas-internas\/"},"wordCount":119,"commentCount":0,"publisher":{"@id":"https:\/\/www.teoriamusical.es\/blog\/#\/schema\/person\/abbe30b6f6b449ac9e19ab236fe3d80c"},"articleSection":["Acordes","Armon\u00eda Moderna"],"inLanguage":"es","potentialAction":[{"@type":"CommentAction","name":"Comment","target":["https:\/\/www.teoriamusical.es\/blog\/armonizar-tensiones-con-triadas-internas\/#respond"]}]},{"@type":"WebPage","@id":"https:\/\/www.teoriamusical.es\/blog\/armonizar-tensiones-con-triadas-internas\/","url":"https:\/\/www.teoriamusical.es\/blog\/armonizar-tensiones-con-triadas-internas\/","name":"Armonizar Melod\u00edas con Triadas Internas - Teor\u00eda Musical","isPartOf":{"@id":"https:\/\/www.teoriamusical.es\/blog\/#website"},"datePublished":"2021-07-16T10:16:12+00:00","dateModified":"2021-07-16T10:18:02+00:00","breadcrumb":{"@id":"https:\/\/www.teoriamusical.es\/blog\/armonizar-tensiones-con-triadas-internas\/#breadcrumb"},"inLanguage":"es","potentialAction":[{"@type":"ReadAction","target":["https:\/\/www.teoriamusical.es\/blog\/armonizar-tensiones-con-triadas-internas\/"]}]},{"@type":"BreadcrumbList","@id":"https:\/\/www.teoriamusical.es\/blog\/armonizar-tensiones-con-triadas-internas\/#breadcrumb","itemListElement":[{"@type":"ListItem","position":1,"name":"Home","item":"https:\/\/www.teoriamusical.es\/blog\/"},{"@type":"ListItem","position":2,"name":"Armonizar Melod\u00edas con Triadas Internas"}]},{"@type":"WebSite","@id":"https:\/\/www.teoriamusical.es\/blog\/#website","url":"https:\/\/www.teoriamusical.es\/blog\/","name":"Teor\u00eda Musical","description":"Teor\u00eda Musical, Armon\u00eda Moderna y Cursos Online","publisher":{"@id":"https:\/\/www.teoriamusical.es\/blog\/#\/schema\/person\/abbe30b6f6b449ac9e19ab236fe3d80c"},"potentialAction":[{"@type":"SearchAction","target":{"@type":"EntryPoint","urlTemplate":"https:\/\/www.teoriamusical.es\/blog\/?s={search_term_string}"},"query-input":"required name=search_term_string"}],"inLanguage":"es"},{"@type":["Person","Organization"],"@id":"https:\/\/www.teoriamusical.es\/blog\/#\/schema\/person\/abbe30b6f6b449ac9e19ab236fe3d80c","name":"teoriamusical.es","image":{"@type":"ImageObject","inLanguage":"es","@id":"https:\/\/www.teoriamusical.es\/blog\/#\/schema\/person\/image\/","url":"https:\/\/secure.gravatar.com\/avatar\/1d7014e5a95916f717d86ab0aceffce14fd35c12b39d368d60384afae17e1760?s=96&d=mm&r=g","contentUrl":"https:\/\/secure.gravatar.com\/avatar\/1d7014e5a95916f717d86ab0aceffce14fd35c12b39d368d60384afae17e1760?s=96&d=mm&r=g","caption":"teoriamusical.es"},"logo":{"@id":"https:\/\/www.teoriamusical.es\/blog\/#\/schema\/person\/image\/"}}]}},"jetpack_featured_media_url":"","jetpack-related-posts":[{"id":279,"url":"https:\/\/www.teoriamusical.es\/blog\/armonizar-melodias-graves\/","url_meta":{"origin":292,"position":0},"title":"Armonizar melod\u00edas graves","date":"julio 16, 2021","format":false,"excerpt":"Armonizar melod\u00edas es algo de lo que solemos hablar en este canal y utilizar voicings es algo com\u00fan e importante para armonizar las melod\u00edas. Como sab\u00e9is los habituales del canal la melod\u00eda suele estar en el top note, sobre todo cuando armonizamos una melod\u00eda nota a nota con un acorde\u2026","rel":"","context":"En \u00abAcordes\u00bb","img":{"alt_text":"","src":"https:\/\/i0.wp.com\/img.youtube.com\/vi\/VYLdoECxuqM\/0.jpg?resize=350%2C200","width":350,"height":200},"classes":[]},{"id":270,"url":"https:\/\/www.teoriamusical.es\/blog\/como-armonizar-una-melodia\/","url_meta":{"origin":292,"position":1},"title":"C\u00f3mo Armonizar una Melod\u00eda","date":"julio 16, 2021","format":false,"excerpt":"En este video hablaremos sobre c\u00f3mo armonizar melod\u00edas y, para ello, primero debemos distinguir entre melod\u00eda armonizada y melod\u00eda acompa\u00f1ada. Tambi\u00e9n veremos conceptos que nos ser\u00e1n \u00fatiles en orquestaci\u00f3n, tales como densidad arm\u00f3nica y peso instrumental. La idea es que pod\u00e1is armonizar melod\u00edas nota a nota sin que vuestras progresiones\u2026","rel":"","context":"En \u00abAcordes\u00bb","img":{"alt_text":"","src":"https:\/\/i0.wp.com\/img.youtube.com\/vi\/HfMKrJPsKHI\/0.jpg?resize=350%2C200","width":350,"height":200},"classes":[]},{"id":194,"url":"https:\/\/www.teoriamusical.es\/blog\/arreglos-musicales-y-estructura\/","url_meta":{"origin":292,"position":2},"title":"Arreglos Musicales y Estructura","date":"julio 7, 2021","format":false,"excerpt":"Los Arreglos musicales son parte esencial del resultado final. Cuando hacemos arreglos para un tema que hayamos compuesto, o si estamos haciendo arreglos musicales para otro artista, estamos decidiendo, entre otras, cosas la estructura. Tener un plan para la estructura de nuestro arreglo musical nos permite valorar el resultado antes\u2026","rel":"","context":"En \u00abArmon\u00eda Moderna\u00bb","img":{"alt_text":"","src":"https:\/\/i0.wp.com\/img.youtube.com\/vi\/H5gUzGTAIB4\/0.jpg?resize=350%2C200","width":350,"height":200},"classes":[]},{"id":197,"url":"https:\/\/www.teoriamusical.es\/blog\/armonizar-lineas-descendentes\/","url_meta":{"origin":292,"position":3},"title":"Armonizar L\u00edneas Descendentes","date":"julio 7, 2021","format":false,"excerpt":"Los Arreglos musicales son parte esencial del resultado final, as\u00ed como la armonizaci\u00f3n y rearmonizaci\u00f3n. Durante varias semanas he estado explicando distintas t\u00e9cnicas musicales; enriquecimiento de acordes, sin\u00f3nimos arm\u00f3nicos, block voicings, voicings abiertos, melod\u00edas armonizadas utilizando cuatriadas, etc. La semana pasada os di una estructura para que usarais en vuestro\u2026","rel":"","context":"En \u00abArmon\u00eda Moderna\u00bb","img":{"alt_text":"","src":"https:\/\/i0.wp.com\/img.youtube.com\/vi\/pAXNI_VkloY\/0.jpg?resize=350%2C200","width":350,"height":200},"classes":[]},{"id":463,"url":"https:\/\/www.teoriamusical.es\/blog\/como-armonizar-una-melodia-con-intervalos\/","url_meta":{"origin":292,"position":4},"title":"C\u00f3mo Armonizar una Melod\u00eda Con Intervalos","date":"junio 29, 2022","format":false,"excerpt":"\u00bfC\u00f3mo armonizar una melod\u00eda sin utilizar acordes? \u00bfC\u00f3mo armonizar una melod\u00eda utilizando solamente 2 voces? El uso de intervalos para armonizar ya se daba en la m\u00fasica antigua y es deseable avanzar sin perder todo lo que ya aprendimos en \u00e9pocas anteriores a la aparici\u00f3n de la armon\u00eda tal y\u2026","rel":"","context":"En \u00abCursos de M\u00fasica\u00bb","img":{"alt_text":"","src":"https:\/\/i0.wp.com\/img.youtube.com\/vi\/hlJ5phHomdA\/0.jpg?resize=350%2C200","width":350,"height":200},"classes":[]},{"id":276,"url":"https:\/\/www.teoriamusical.es\/blog\/componer-con-sets-de-notas\/","url_meta":{"origin":292,"position":5},"title":"Componer con Sets de Notas","date":"julio 16, 2021","format":false,"excerpt":"Armonizar melod\u00edas es relativamente sencillo cuando conoces los modos y las escalas fuente de las cuales surgen los acordes y qu\u00e9 notas son chord tones y cu\u00e1les son tensiones del acorde. El problema viene cuando, para armonizar melod\u00edas, trabajamos con sets de notas que no se agrupan en los modelos\u2026","rel":"","context":"En \u00abAcordes\u00bb","img":{"alt_text":"","src":"https:\/\/i0.wp.com\/img.youtube.com\/vi\/Ttg-oprgrPw\/0.jpg?resize=350%2C200","width":350,"height":200},"classes":[]}],"_links":{"self":[{"href":"https:\/\/www.teoriamusical.es\/blog\/wp-json\/wp\/v2\/posts\/292","targetHints":{"allow":["GET"]}}],"collection":[{"href":"https:\/\/www.teoriamusical.es\/blog\/wp-json\/wp\/v2\/posts"}],"about":[{"href":"https:\/\/www.teoriamusical.es\/blog\/wp-json\/wp\/v2\/types\/post"}],"author":[{"embeddable":true,"href":"https:\/\/www.teoriamusical.es\/blog\/wp-json\/wp\/v2\/users\/1"}],"replies":[{"embeddable":true,"href":"https:\/\/www.teoriamusical.es\/blog\/wp-json\/wp\/v2\/comments?post=292"}],"version-history":[{"count":2,"href":"https:\/\/www.teoriamusical.es\/blog\/wp-json\/wp\/v2\/posts\/292\/revisions"}],"predecessor-version":[{"id":295,"href":"https:\/\/www.teoriamusical.es\/blog\/wp-json\/wp\/v2\/posts\/292\/revisions\/295"}],"wp:attachment":[{"href":"https:\/\/www.teoriamusical.es\/blog\/wp-json\/wp\/v2\/media?parent=292"}],"wp:term":[{"taxonomy":"category","embeddable":true,"href":"https:\/\/www.teoriamusical.es\/blog\/wp-json\/wp\/v2\/categories?post=292"},{"taxonomy":"post_tag","embeddable":true,"href":"https:\/\/www.teoriamusical.es\/blog\/wp-json\/wp\/v2\/tags?post=292"}],"curies":[{"name":"wp","href":"https:\/\/api.w.org\/{rel}","templated":true}]}}