{"id":282,"date":"2021-07-16T12:09:24","date_gmt":"2021-07-16T10:09:24","guid":{"rendered":"https:\/\/www.teoriamusical.es\/blog\/?p=282"},"modified":"2021-07-16T12:09:27","modified_gmt":"2021-07-16T10:09:27","slug":"dominantes-extendidos","status":"publish","type":"post","link":"https:\/\/www.teoriamusical.es\/blog\/dominantes-extendidos\/","title":{"rendered":"Dominantes Extendidos"},"content":{"rendered":"\n<p>Los dominantes extendidos suelen crear confusi\u00f3n; alguna gente los confunde con dominantes secundarios y, en menor medida, con dominantes sustitutos. Todos estos acordes de dominante y sus correctas relaciones escala\/acorde est\u00e1n cubiertas en mi masterclass de armon\u00eda moderna, pero para los suscriptores del canal que no est\u00e1n en mis cursos, vamos a explicar la idea b\u00e1sica de los dominantes extendidos y haremos un ejercicio para que teng\u00e1is una pr\u00e1ctica musical y no se quede todo en teor\u00eda musical.<\/p>\n\n\n\n<p><a href=\"https:\/\/www.youtube.com\/watch?v=mD2nn_wVJqY&amp;t=0s\">00:00<\/a> Empezamos <a href=\"https:\/\/www.youtube.com\/watch?v=mD2nn_wVJqY&amp;t=45s\">00:45<\/a> Actividades del canal <a href=\"https:\/\/www.youtube.com\/watch?v=mD2nn_wVJqY&amp;t=79s\">01:19<\/a> Confusi\u00f3n con dominantes secundarios <a href=\"https:\/\/www.youtube.com\/watch?v=mD2nn_wVJqY&amp;t=213s\">03:33<\/a> Cadena de dominantes extendidos <a href=\"https:\/\/www.youtube.com\/watch?v=mD2nn_wVJqY&amp;t=285s\">04:45<\/a> Rhythm Changes <a href=\"https:\/\/www.youtube.com\/watch?v=mD2nn_wVJqY&amp;t=349s\">05:49<\/a> Crear la melod\u00eda <a href=\"https:\/\/www.youtube.com\/watch?v=mD2nn_wVJqY&amp;t=378s\">06:18<\/a> Cadencias en la composici\u00f3n <a href=\"https:\/\/www.youtube.com\/watch?v=mD2nn_wVJqY&amp;t=464s\">07:44<\/a> Melod\u00eda sin muletas de funciones tonales <a href=\"https:\/\/www.youtube.com\/watch?v=mD2nn_wVJqY&amp;t=535s\">08:55<\/a> La restricci\u00f3n de las secuencias diat\u00f3nicas <a href=\"https:\/\/www.youtube.com\/watch?v=mD2nn_wVJqY&amp;t=560s\">09:20<\/a> Desarrollo mel\u00f3dico <a href=\"https:\/\/www.youtube.com\/watch?v=mD2nn_wVJqY&amp;t=590s\">09:50<\/a> Puntos de reposo no arm\u00f3nico <a href=\"https:\/\/www.youtube.com\/watch?v=mD2nn_wVJqY&amp;t=626s\">10:26<\/a> Aliteraciones y adaptaciones modales <a href=\"https:\/\/www.youtube.com\/watch?v=mD2nn_wVJqY&amp;t=687s\">11:27<\/a> Notas pivot <a href=\"https:\/\/www.youtube.com\/watch?v=mD2nn_wVJqY&amp;t=769s\">12:49<\/a> Tensi\u00f3n relajaci\u00f3n <a href=\"https:\/\/www.youtube.com\/watch?v=mD2nn_wVJqY&amp;t=917s\">15:17<\/a> Ausencia de reposo arm\u00f3nico <a href=\"https:\/\/www.youtube.com\/watch?v=mD2nn_wVJqY&amp;t=980s\">16:20<\/a> Usando el registro <a href=\"https:\/\/www.youtube.com\/watch?v=mD2nn_wVJqY&amp;t=1010s\">16:50<\/a> Voiceleading Voicings <a href=\"https:\/\/www.youtube.com\/watch?v=mD2nn_wVJqY&amp;t=1050s\">17:30<\/a> Estructura arm\u00f3nica constante <a href=\"https:\/\/www.youtube.com\/watch?v=mD2nn_wVJqY&amp;t=1080s\">18:00<\/a> Equilibrio de chord tones y tensiones<\/p>\n\n\n\n<figure class=\"wp-block-embed is-type-video is-provider-youtube wp-block-embed-youtube wp-embed-aspect-16-9 wp-has-aspect-ratio\"><div class=\"wp-block-embed__wrapper\">\n<iframe loading=\"lazy\" title=\"Dominantes Extendidos | Teoria Musical\" width=\"584\" height=\"329\" src=\"https:\/\/www.youtube.com\/embed\/mD2nn_wVJqY?feature=oembed\" frameborder=\"0\" allow=\"accelerometer; autoplay; clipboard-write; encrypted-media; gyroscope; picture-in-picture; web-share\" referrerpolicy=\"strict-origin-when-cross-origin\" allowfullscreen><\/iframe>\n<\/div><\/figure>\n","protected":false},"excerpt":{"rendered":"<p>Los dominantes extendidos suelen crear confusi\u00f3n; alguna gente los confunde con dominantes secundarios y, en menor medida, con dominantes sustitutos. Todos estos acordes de dominante y sus correctas relaciones escala\/acorde est\u00e1n cubiertas en mi masterclass de armon\u00eda moderna, pero para &hellip; <a href=\"https:\/\/www.teoriamusical.es\/blog\/dominantes-extendidos\/\">Sigue leyendo <span class=\"meta-nav\">&rarr;<\/span><\/a><\/p>\n","protected":false},"author":1,"featured_media":0,"comment_status":"open","ping_status":"open","sticky":false,"template":"","format":"standard","meta":{"_monsterinsights_skip_tracking":false,"_monsterinsights_sitenote_active":false,"_monsterinsights_sitenote_note":"","_monsterinsights_sitenote_category":0,"footnotes":""},"categories":[37,15],"tags":[],"class_list":["post-282","post","type-post","status-publish","format-standard","hentry","category-acordes","category-armonia-moderna"],"yoast_head":"<!-- This site is optimized with the Yoast SEO plugin v19.6 - https:\/\/yoast.com\/wordpress\/plugins\/seo\/ -->\n<title>Dominantes Extendidos - Teor\u00eda Musical<\/title>\n<meta name=\"robots\" content=\"index, follow, max-snippet:-1, max-image-preview:large, max-video-preview:-1\" \/>\n<link rel=\"canonical\" href=\"https:\/\/www.teoriamusical.es\/blog\/dominantes-extendidos\/\" \/>\n<meta property=\"og:locale\" content=\"es_ES\" \/>\n<meta property=\"og:type\" content=\"article\" \/>\n<meta property=\"og:title\" content=\"Dominantes Extendidos - Teor\u00eda Musical\" \/>\n<meta property=\"og:description\" content=\"Los dominantes extendidos suelen crear confusi\u00f3n; alguna gente los confunde con dominantes secundarios y, en menor medida, con dominantes sustitutos. Todos estos acordes de dominante y sus correctas relaciones escala\/acorde est\u00e1n cubiertas en mi masterclass de armon\u00eda moderna, pero para &hellip; Sigue leyendo &rarr;\" \/>\n<meta property=\"og:url\" content=\"https:\/\/www.teoriamusical.es\/blog\/dominantes-extendidos\/\" \/>\n<meta property=\"og:site_name\" content=\"Teor\u00eda Musical\" \/>\n<meta property=\"article:published_time\" content=\"2021-07-16T10:09:24+00:00\" \/>\n<meta property=\"article:modified_time\" content=\"2021-07-16T10:09:27+00:00\" \/>\n<meta name=\"author\" content=\"teoriamusical.es\" \/>\n<meta name=\"twitter:card\" content=\"summary_large_image\" \/>\n<meta name=\"twitter:label1\" content=\"Escrito por\" \/>\n\t<meta name=\"twitter:data1\" content=\"teoriamusical.es\" \/>\n\t<meta name=\"twitter:label2\" content=\"Tiempo de lectura\" \/>\n\t<meta name=\"twitter:data2\" content=\"1 minuto\" \/>\n<script type=\"application\/ld+json\" class=\"yoast-schema-graph\">{\"@context\":\"https:\/\/schema.org\",\"@graph\":[{\"@type\":\"Article\",\"@id\":\"https:\/\/www.teoriamusical.es\/blog\/dominantes-extendidos\/#article\",\"isPartOf\":{\"@id\":\"https:\/\/www.teoriamusical.es\/blog\/dominantes-extendidos\/\"},\"author\":{\"name\":\"teoriamusical.es\",\"@id\":\"https:\/\/www.teoriamusical.es\/blog\/#\/schema\/person\/abbe30b6f6b449ac9e19ab236fe3d80c\"},\"headline\":\"Dominantes Extendidos\",\"datePublished\":\"2021-07-16T10:09:24+00:00\",\"dateModified\":\"2021-07-16T10:09:27+00:00\",\"mainEntityOfPage\":{\"@id\":\"https:\/\/www.teoriamusical.es\/blog\/dominantes-extendidos\/\"},\"wordCount\":173,\"commentCount\":0,\"publisher\":{\"@id\":\"https:\/\/www.teoriamusical.es\/blog\/#\/schema\/person\/abbe30b6f6b449ac9e19ab236fe3d80c\"},\"articleSection\":[\"Acordes\",\"Armon\u00eda Moderna\"],\"inLanguage\":\"es\",\"potentialAction\":[{\"@type\":\"CommentAction\",\"name\":\"Comment\",\"target\":[\"https:\/\/www.teoriamusical.es\/blog\/dominantes-extendidos\/#respond\"]}]},{\"@type\":\"WebPage\",\"@id\":\"https:\/\/www.teoriamusical.es\/blog\/dominantes-extendidos\/\",\"url\":\"https:\/\/www.teoriamusical.es\/blog\/dominantes-extendidos\/\",\"name\":\"Dominantes Extendidos - Teor\u00eda Musical\",\"isPartOf\":{\"@id\":\"https:\/\/www.teoriamusical.es\/blog\/#website\"},\"datePublished\":\"2021-07-16T10:09:24+00:00\",\"dateModified\":\"2021-07-16T10:09:27+00:00\",\"breadcrumb\":{\"@id\":\"https:\/\/www.teoriamusical.es\/blog\/dominantes-extendidos\/#breadcrumb\"},\"inLanguage\":\"es\",\"potentialAction\":[{\"@type\":\"ReadAction\",\"target\":[\"https:\/\/www.teoriamusical.es\/blog\/dominantes-extendidos\/\"]}]},{\"@type\":\"BreadcrumbList\",\"@id\":\"https:\/\/www.teoriamusical.es\/blog\/dominantes-extendidos\/#breadcrumb\",\"itemListElement\":[{\"@type\":\"ListItem\",\"position\":1,\"name\":\"Home\",\"item\":\"https:\/\/www.teoriamusical.es\/blog\/\"},{\"@type\":\"ListItem\",\"position\":2,\"name\":\"Dominantes Extendidos\"}]},{\"@type\":\"WebSite\",\"@id\":\"https:\/\/www.teoriamusical.es\/blog\/#website\",\"url\":\"https:\/\/www.teoriamusical.es\/blog\/\",\"name\":\"Teor\u00eda Musical\",\"description\":\"Teor\u00eda Musical, Armon\u00eda Moderna y Cursos Online\",\"publisher\":{\"@id\":\"https:\/\/www.teoriamusical.es\/blog\/#\/schema\/person\/abbe30b6f6b449ac9e19ab236fe3d80c\"},\"potentialAction\":[{\"@type\":\"SearchAction\",\"target\":{\"@type\":\"EntryPoint\",\"urlTemplate\":\"https:\/\/www.teoriamusical.es\/blog\/?s={search_term_string}\"},\"query-input\":\"required name=search_term_string\"}],\"inLanguage\":\"es\"},{\"@type\":[\"Person\",\"Organization\"],\"@id\":\"https:\/\/www.teoriamusical.es\/blog\/#\/schema\/person\/abbe30b6f6b449ac9e19ab236fe3d80c\",\"name\":\"teoriamusical.es\",\"image\":{\"@type\":\"ImageObject\",\"inLanguage\":\"es\",\"@id\":\"https:\/\/www.teoriamusical.es\/blog\/#\/schema\/person\/image\/\",\"url\":\"https:\/\/secure.gravatar.com\/avatar\/1d7014e5a95916f717d86ab0aceffce14fd35c12b39d368d60384afae17e1760?s=96&d=mm&r=g\",\"contentUrl\":\"https:\/\/secure.gravatar.com\/avatar\/1d7014e5a95916f717d86ab0aceffce14fd35c12b39d368d60384afae17e1760?s=96&d=mm&r=g\",\"caption\":\"teoriamusical.es\"},\"logo\":{\"@id\":\"https:\/\/www.teoriamusical.es\/blog\/#\/schema\/person\/image\/\"}}]}<\/script>\n<!-- \/ Yoast SEO plugin. -->","yoast_head_json":{"title":"Dominantes Extendidos - Teor\u00eda Musical","robots":{"index":"index","follow":"follow","max-snippet":"max-snippet:-1","max-image-preview":"max-image-preview:large","max-video-preview":"max-video-preview:-1"},"canonical":"https:\/\/www.teoriamusical.es\/blog\/dominantes-extendidos\/","og_locale":"es_ES","og_type":"article","og_title":"Dominantes Extendidos - Teor\u00eda Musical","og_description":"Los dominantes extendidos suelen crear confusi\u00f3n; alguna gente los confunde con dominantes secundarios y, en menor medida, con dominantes sustitutos. Todos estos acordes de dominante y sus correctas relaciones escala\/acorde est\u00e1n cubiertas en mi masterclass de armon\u00eda moderna, pero para &hellip; Sigue leyendo &rarr;","og_url":"https:\/\/www.teoriamusical.es\/blog\/dominantes-extendidos\/","og_site_name":"Teor\u00eda Musical","article_published_time":"2021-07-16T10:09:24+00:00","article_modified_time":"2021-07-16T10:09:27+00:00","author":"teoriamusical.es","twitter_card":"summary_large_image","twitter_misc":{"Escrito por":"teoriamusical.es","Tiempo de lectura":"1 minuto"},"schema":{"@context":"https:\/\/schema.org","@graph":[{"@type":"Article","@id":"https:\/\/www.teoriamusical.es\/blog\/dominantes-extendidos\/#article","isPartOf":{"@id":"https:\/\/www.teoriamusical.es\/blog\/dominantes-extendidos\/"},"author":{"name":"teoriamusical.es","@id":"https:\/\/www.teoriamusical.es\/blog\/#\/schema\/person\/abbe30b6f6b449ac9e19ab236fe3d80c"},"headline":"Dominantes Extendidos","datePublished":"2021-07-16T10:09:24+00:00","dateModified":"2021-07-16T10:09:27+00:00","mainEntityOfPage":{"@id":"https:\/\/www.teoriamusical.es\/blog\/dominantes-extendidos\/"},"wordCount":173,"commentCount":0,"publisher":{"@id":"https:\/\/www.teoriamusical.es\/blog\/#\/schema\/person\/abbe30b6f6b449ac9e19ab236fe3d80c"},"articleSection":["Acordes","Armon\u00eda Moderna"],"inLanguage":"es","potentialAction":[{"@type":"CommentAction","name":"Comment","target":["https:\/\/www.teoriamusical.es\/blog\/dominantes-extendidos\/#respond"]}]},{"@type":"WebPage","@id":"https:\/\/www.teoriamusical.es\/blog\/dominantes-extendidos\/","url":"https:\/\/www.teoriamusical.es\/blog\/dominantes-extendidos\/","name":"Dominantes Extendidos - Teor\u00eda Musical","isPartOf":{"@id":"https:\/\/www.teoriamusical.es\/blog\/#website"},"datePublished":"2021-07-16T10:09:24+00:00","dateModified":"2021-07-16T10:09:27+00:00","breadcrumb":{"@id":"https:\/\/www.teoriamusical.es\/blog\/dominantes-extendidos\/#breadcrumb"},"inLanguage":"es","potentialAction":[{"@type":"ReadAction","target":["https:\/\/www.teoriamusical.es\/blog\/dominantes-extendidos\/"]}]},{"@type":"BreadcrumbList","@id":"https:\/\/www.teoriamusical.es\/blog\/dominantes-extendidos\/#breadcrumb","itemListElement":[{"@type":"ListItem","position":1,"name":"Home","item":"https:\/\/www.teoriamusical.es\/blog\/"},{"@type":"ListItem","position":2,"name":"Dominantes Extendidos"}]},{"@type":"WebSite","@id":"https:\/\/www.teoriamusical.es\/blog\/#website","url":"https:\/\/www.teoriamusical.es\/blog\/","name":"Teor\u00eda Musical","description":"Teor\u00eda Musical, Armon\u00eda Moderna y Cursos Online","publisher":{"@id":"https:\/\/www.teoriamusical.es\/blog\/#\/schema\/person\/abbe30b6f6b449ac9e19ab236fe3d80c"},"potentialAction":[{"@type":"SearchAction","target":{"@type":"EntryPoint","urlTemplate":"https:\/\/www.teoriamusical.es\/blog\/?s={search_term_string}"},"query-input":"required name=search_term_string"}],"inLanguage":"es"},{"@type":["Person","Organization"],"@id":"https:\/\/www.teoriamusical.es\/blog\/#\/schema\/person\/abbe30b6f6b449ac9e19ab236fe3d80c","name":"teoriamusical.es","image":{"@type":"ImageObject","inLanguage":"es","@id":"https:\/\/www.teoriamusical.es\/blog\/#\/schema\/person\/image\/","url":"https:\/\/secure.gravatar.com\/avatar\/1d7014e5a95916f717d86ab0aceffce14fd35c12b39d368d60384afae17e1760?s=96&d=mm&r=g","contentUrl":"https:\/\/secure.gravatar.com\/avatar\/1d7014e5a95916f717d86ab0aceffce14fd35c12b39d368d60384afae17e1760?s=96&d=mm&r=g","caption":"teoriamusical.es"},"logo":{"@id":"https:\/\/www.teoriamusical.es\/blog\/#\/schema\/person\/image\/"}}]}},"jetpack_featured_media_url":"","jetpack-related-posts":[{"id":106,"url":"https:\/\/www.teoriamusical.es\/blog\/acorde-dominante\/","url_meta":{"origin":282,"position":0},"title":"Acorde Dominante: Qu\u00e9 tipos hay","date":"diciembre 8, 2019","format":false,"excerpt":"El acorde dominante nos da mucha libertad y es quiz\u00e1, dentro de la armon\u00eda tonal, el tipo de acorde donde m\u00e1s imaginativos somos cuando empezamos a componer. Sin embargo, al margen de todas las sustituciones y elecciones de modo que tenemos a nuestra disposici\u00f3n, tambi\u00e9n los clasificamos seg\u00fan lo que\u2026","rel":"","context":"En \u00abAcordes\u00bb","img":{"alt_text":"","src":"https:\/\/i0.wp.com\/img.youtube.com\/vi\/lGoU8p7_gjw\/0.jpg?resize=350%2C200","width":350,"height":200},"classes":[]},{"id":235,"url":"https:\/\/www.teoriamusical.es\/blog\/dominantes-resoluciones-alternativas\/","url_meta":{"origin":282,"position":1},"title":"Dominantes: Resoluciones alternativas","date":"julio 13, 2021","format":false,"excerpt":"Los acordes dominantes son como el motor de la m\u00fasica; empujan las progresiones de acordes y a\u00f1aden tensi\u00f3n con la resoluci\u00f3n, o no resoluci\u00f3n, de los dominantes y sus tensiones. Tenemos acordes dominantes secundarios, acordes dominantes sustitutos, dominantes extendidos y, por supuesto, diferentes escalas sobre acordes dominantes. En el canal\u2026","rel":"","context":"En \u00abAcordes\u00bb","img":{"alt_text":"","src":"https:\/\/i0.wp.com\/img.youtube.com\/vi\/iQD_0jFWhp4\/0.jpg?resize=350%2C200","width":350,"height":200},"classes":[]},{"id":252,"url":"https:\/\/www.teoriamusical.es\/blog\/progresiones-de-acordes-sin-usar-dominantes\/","url_meta":{"origin":282,"position":2},"title":"\u00bfProgresiones de acordes sin usar dominantes?","date":"julio 16, 2021","format":false,"excerpt":"Creamos y usamos progresiones de acordes continuamente. Tenemos acordes de reposo, o acordes de t\u00f3nica, tenemos acordes que se mueven hacia alguna parte, o acordes subdominantes, y tenemos acordes dominantes, que tienen una imperiosa necesidad de resolver. La m\u00fasica occidental se construye sobre esta relaci\u00f3n t\u00f3nica, subdominante, dominante pero... \u00bfqu\u00e9\u2026","rel":"","context":"En \u00abAcordes\u00bb","img":{"alt_text":"","src":"https:\/\/i0.wp.com\/img.youtube.com\/vi\/-j-CsM27WQQ\/0.jpg?resize=350%2C200","width":350,"height":200},"classes":[]},{"id":90,"url":"https:\/\/www.teoriamusical.es\/blog\/acordes-disminuidos\/","url_meta":{"origin":282,"position":3},"title":"Acordes Disminuidos, \u00bfSab\u00edas esto sobre ellos?","date":"diciembre 6, 2019","format":false,"excerpt":"Los Acordes disminuidos est\u00e1n entre mis acordes din\u00e1micos preferidos y tienen su propio cap\u00edtulo dedicado en mi curso de armon\u00eda moderna. Los hemos escuchado en m\u00fasica cl\u00e1sica, en jazz, en pop y tienen un sonido muy particular y cosas muy interesantes. Sin embargo su uso en la radiof\u00f3rmula es ocasional\u2026","rel":"","context":"En \u00abAcordes\u00bb","img":{"alt_text":"","src":"https:\/\/i0.wp.com\/img.youtube.com\/vi\/kJWGhN4Qpi4\/0.jpg?resize=350%2C200","width":350,"height":200},"classes":[]},{"id":224,"url":"https:\/\/www.teoriamusical.es\/blog\/analisis-armonico-all-of-me\/","url_meta":{"origin":282,"position":4},"title":"An\u00e1lisis Arm\u00f3nico: All of Me","date":"julio 7, 2021","format":false,"excerpt":"An\u00e1lisis musical: Lenguaje arm\u00f3nico es la nueva secci\u00f3n donde veremos an\u00e1lisis arm\u00f3nico de standars de jazz para ampliar recursos y mejorar nuestro lenguaje musical. Veremos standars de distintos estilos musicales, principalmente jazz, y aprenderemos sobre el an\u00e1lisis de modulaciones, dominantes secundarios, dominantes sustitutos, la relaci\u00f3n escala acorde, c\u00f3mo cifrar los\u2026","rel":"","context":"En \u00abAn\u00e1lisis Musical\u00bb","img":{"alt_text":"","src":"https:\/\/i0.wp.com\/img.youtube.com\/vi\/TuQMrxAOjKo\/0.jpg?resize=350%2C200","width":350,"height":200},"classes":[]},{"id":320,"url":"https:\/\/www.teoriamusical.es\/blog\/dominante-frigio\/","url_meta":{"origin":282,"position":5},"title":"Dominante Frigio: Mixolidio (b9, b13)","date":"julio 16, 2021","format":false,"excerpt":"El modo frigio dominante, conocido tambi\u00e9n como escala frigia dominante, mixolidia (b9 b13), frigio mayor, quinto modo de la escala menor arm\u00f3nica, o cualquier otra etiqueta, es uno de esos modos con multitud de nombres pero una sonoridad espectacular que debemos conocer tanto en contextos modales como en contextos tonales\u2026","rel":"","context":"En \u00abAcordes\u00bb","img":{"alt_text":"","src":"https:\/\/i0.wp.com\/img.youtube.com\/vi\/-EZQuNUAuFs\/0.jpg?resize=350%2C200","width":350,"height":200},"classes":[]}],"_links":{"self":[{"href":"https:\/\/www.teoriamusical.es\/blog\/wp-json\/wp\/v2\/posts\/282","targetHints":{"allow":["GET"]}}],"collection":[{"href":"https:\/\/www.teoriamusical.es\/blog\/wp-json\/wp\/v2\/posts"}],"about":[{"href":"https:\/\/www.teoriamusical.es\/blog\/wp-json\/wp\/v2\/types\/post"}],"author":[{"embeddable":true,"href":"https:\/\/www.teoriamusical.es\/blog\/wp-json\/wp\/v2\/users\/1"}],"replies":[{"embeddable":true,"href":"https:\/\/www.teoriamusical.es\/blog\/wp-json\/wp\/v2\/comments?post=282"}],"version-history":[{"count":1,"href":"https:\/\/www.teoriamusical.es\/blog\/wp-json\/wp\/v2\/posts\/282\/revisions"}],"predecessor-version":[{"id":284,"href":"https:\/\/www.teoriamusical.es\/blog\/wp-json\/wp\/v2\/posts\/282\/revisions\/284"}],"wp:attachment":[{"href":"https:\/\/www.teoriamusical.es\/blog\/wp-json\/wp\/v2\/media?parent=282"}],"wp:term":[{"taxonomy":"category","embeddable":true,"href":"https:\/\/www.teoriamusical.es\/blog\/wp-json\/wp\/v2\/categories?post=282"},{"taxonomy":"post_tag","embeddable":true,"href":"https:\/\/www.teoriamusical.es\/blog\/wp-json\/wp\/v2\/tags?post=282"}],"curies":[{"name":"wp","href":"https:\/\/api.w.org\/{rel}","templated":true}]}}