{"id":28,"date":"2019-12-04T10:55:10","date_gmt":"2019-12-04T10:55:10","guid":{"rendered":"http:\/\/www.teoriamusical.es\/blog\/?p=28"},"modified":"2019-12-06T02:21:46","modified_gmt":"2019-12-06T01:21:46","slug":"analisis-musical-coco","status":"publish","type":"post","link":"https:\/\/www.teoriamusical.es\/blog\/analisis-musical-coco\/","title":{"rendered":"An\u00e1lisis Musical: Recu\u00e9rdame, de Coco -Acordes y Melod\u00eda-"},"content":{"rendered":"\n<p>Este an\u00e1lisis musical del tema principal de la pel\u00edcula <strong>Coco<\/strong>, tema que gan\u00f3 el \u00d3scar a la mejor canci\u00f3n, naci\u00f3 en 2018 por petici\u00f3n de mi amiga y compa\u00f1era de fechor\u00edas en Twitter, @MissBracknell.<\/p>\n\n\n\n<p>Tanto en este como otros an\u00e1lisis musicales que encontrar\u00e1s en <a href=\"http:\/\/www.youtube.com\/countblissett\">mi canal de Youtube<\/a>, suelo comentar y explicar:<\/p>\n\n\n\n<p><strong> la armon\u00eda, con sus acordes, modos, escalas fuente, etc, y al desarrollo mel\u00f3dico, arreglo musical e intenci\u00f3n del compositor.<\/strong><\/p>\n\n\n\n<p>En este video le echamos un vistazo a algunos de los recursos de los que habl\u00e9 en otros videos: <strong>inversiones de acordes<\/strong>,  <strong>intercambio modal<\/strong>, <strong>dominantes sustitutos<\/strong>, etc.<\/p>\n\n\n\n<p>Tambi\u00e9n incido en los <strong>patrones mel\u00f3dicos<\/strong> y en lo importantes que son para crear <strong>melod\u00edas memorables<\/strong>. Muchas an\u00e1lisis musicales se centran en lo arm\u00f3nico, sin embargo muchas veces las decisiones arm\u00f3nicas vienen dadas por el desarrollo mel\u00f3dico, as\u00ed que hacer un an\u00e1lisis musical sin tener en cuenta la melod\u00eda es un sinsentido que intento evitar y sobre el siempre advierto, en <a href=\"http:\/\/www.youtube.com\/countblissett\">Youtube<\/a> y tambi\u00e9n en <a href=\"http:\/\/teoriamusical.es\">mis cursos<\/a>.<\/p>\n\n\n\n<p>Al presentarse en forma de canci\u00f3n no incid\u00ed demasiado en aspectos de color y estrategia del arreglo, si te interesan estas cosas, sobre todo con orquesta, te recomiendo mi video sobre <a href=\"https:\/\/www.teoriamusical.es\/blog\/orquestacion\/\">John Williams y la orquestaci\u00f3n en Star Wars<\/a>.<\/p>\n\n\n\n<p>Hacer un <strong>an\u00e1lisis musical<\/strong> de todo lo que te resulta interesante es una forma muy, muy interesante de aprender.<\/p>\n\n\n\n<p> Al final, se trata de convertir la <strong>teor\u00eda musical<\/strong> en algo pr\u00e1ctico; algo que est\u00e9 m\u00e1s en los dedos que en la cabeza.<\/p>\n\n\n\n<p>Espero que disfrutes del video. <\/p>\n\n\n\n<figure class=\"wp-block-embed-youtube wp-block-embed is-type-video is-provider-youtube wp-embed-aspect-16-9 wp-has-aspect-ratio\"><div class=\"wp-block-embed__wrapper\">\n<iframe loading=\"lazy\" title=\"Analisis Musical: Recu\u00e9rdame -Coco- | Countblissett\" width=\"584\" height=\"329\" src=\"https:\/\/www.youtube.com\/embed\/NRxAjb1aL8A?feature=oembed\" frameborder=\"0\" allow=\"accelerometer; autoplay; clipboard-write; encrypted-media; gyroscope; picture-in-picture; web-share\" referrerpolicy=\"strict-origin-when-cross-origin\" allowfullscreen><\/iframe>\n<\/div><\/figure>\n\n\n\n<p>Si quieres aprender en serio, echa un vistazo a mis <a href=\"http:\/\/www.teoriamusical.es\">cursos de m\u00fasica moderna<\/a>.<\/p>\n","protected":false},"excerpt":{"rendered":"<p>Este an\u00e1lisis musical del tema principal de la pel\u00edcula Coco, tema que gan\u00f3 el \u00d3scar a la mejor canci\u00f3n, naci\u00f3 en 2018 por petici\u00f3n de mi amiga y compa\u00f1era de fechor\u00edas en Twitter, @MissBracknell. Tanto en este como otros an\u00e1lisis &hellip; <a href=\"https:\/\/www.teoriamusical.es\/blog\/analisis-musical-coco\/\">Sigue leyendo <span class=\"meta-nav\">&rarr;<\/span><\/a><\/p>\n","protected":false},"author":1,"featured_media":0,"comment_status":"open","ping_status":"open","sticky":false,"template":"","format":"standard","meta":{"_monsterinsights_skip_tracking":false,"_monsterinsights_sitenote_active":false,"_monsterinsights_sitenote_note":"","_monsterinsights_sitenote_category":0,"footnotes":""},"categories":[18,16],"tags":[8,13,6,9,2],"class_list":["post-28","post","type-post","status-publish","format-standard","hentry","category-analisis-musical","category-lenguaje-armonico","tag-acordes","tag-analisis-musical","tag-desarrollo-melodico","tag-escalas","tag-teoria-musical"],"yoast_head":"<!-- This site is optimized with the Yoast SEO plugin v19.6 - https:\/\/yoast.com\/wordpress\/plugins\/seo\/ -->\n<title>An\u00e1lisis Musical: Recu\u00e9rdame, de Coco -Acordes y Melod\u00eda-<\/title>\n<meta name=\"description\" content=\"An\u00e1lisis Musical (armon\u00eda y desarrollo mel\u00f3dico) del tema principal de Coco, la pel\u00edcula. Vemos los acordes, las escalas y c\u00f3mo funciona este tema musical.\" \/>\n<meta name=\"robots\" content=\"index, follow, max-snippet:-1, max-image-preview:large, max-video-preview:-1\" \/>\n<link rel=\"canonical\" href=\"https:\/\/www.teoriamusical.es\/blog\/analisis-musical-coco\/\" \/>\n<meta property=\"og:locale\" content=\"es_ES\" \/>\n<meta property=\"og:type\" content=\"article\" \/>\n<meta property=\"og:title\" content=\"An\u00e1lisis Musical: Recu\u00e9rdame, de Coco -Acordes y Melod\u00eda-\" \/>\n<meta property=\"og:description\" content=\"An\u00e1lisis Musical (armon\u00eda y desarrollo mel\u00f3dico) del tema principal de Coco, la pel\u00edcula. Vemos los acordes, las escalas y c\u00f3mo funciona este tema musical.\" \/>\n<meta property=\"og:url\" content=\"https:\/\/www.teoriamusical.es\/blog\/analisis-musical-coco\/\" \/>\n<meta property=\"og:site_name\" content=\"Teor\u00eda Musical\" \/>\n<meta property=\"article:published_time\" content=\"2019-12-04T10:55:10+00:00\" \/>\n<meta property=\"article:modified_time\" content=\"2019-12-06T01:21:46+00:00\" \/>\n<meta name=\"author\" content=\"teoriamusical.es\" \/>\n<meta name=\"twitter:card\" content=\"summary_large_image\" \/>\n<meta name=\"twitter:label1\" content=\"Escrito por\" \/>\n\t<meta name=\"twitter:data1\" content=\"teoriamusical.es\" \/>\n\t<meta name=\"twitter:label2\" content=\"Tiempo de lectura\" \/>\n\t<meta name=\"twitter:data2\" content=\"1 minuto\" \/>\n<script type=\"application\/ld+json\" class=\"yoast-schema-graph\">{\"@context\":\"https:\/\/schema.org\",\"@graph\":[{\"@type\":\"Article\",\"@id\":\"https:\/\/www.teoriamusical.es\/blog\/analisis-musical-coco\/#article\",\"isPartOf\":{\"@id\":\"https:\/\/www.teoriamusical.es\/blog\/analisis-musical-coco\/\"},\"author\":{\"name\":\"teoriamusical.es\",\"@id\":\"https:\/\/www.teoriamusical.es\/blog\/#\/schema\/person\/abbe30b6f6b449ac9e19ab236fe3d80c\"},\"headline\":\"An\u00e1lisis Musical: Recu\u00e9rdame, de Coco -Acordes y Melod\u00eda-\",\"datePublished\":\"2019-12-04T10:55:10+00:00\",\"dateModified\":\"2019-12-06T01:21:46+00:00\",\"mainEntityOfPage\":{\"@id\":\"https:\/\/www.teoriamusical.es\/blog\/analisis-musical-coco\/\"},\"wordCount\":309,\"commentCount\":0,\"publisher\":{\"@id\":\"https:\/\/www.teoriamusical.es\/blog\/#\/schema\/person\/abbe30b6f6b449ac9e19ab236fe3d80c\"},\"keywords\":[\"Acordes\",\"analisis musical\",\"desarrollo melodico\",\"Escalas\",\"teoria musical\"],\"articleSection\":[\"An\u00e1lisis Musical\",\"Lenguaje Arm\u00f3nico\"],\"inLanguage\":\"es\",\"potentialAction\":[{\"@type\":\"CommentAction\",\"name\":\"Comment\",\"target\":[\"https:\/\/www.teoriamusical.es\/blog\/analisis-musical-coco\/#respond\"]}]},{\"@type\":\"WebPage\",\"@id\":\"https:\/\/www.teoriamusical.es\/blog\/analisis-musical-coco\/\",\"url\":\"https:\/\/www.teoriamusical.es\/blog\/analisis-musical-coco\/\",\"name\":\"An\u00e1lisis Musical: Recu\u00e9rdame, de Coco -Acordes y Melod\u00eda-\",\"isPartOf\":{\"@id\":\"https:\/\/www.teoriamusical.es\/blog\/#website\"},\"datePublished\":\"2019-12-04T10:55:10+00:00\",\"dateModified\":\"2019-12-06T01:21:46+00:00\",\"description\":\"An\u00e1lisis Musical (armon\u00eda y desarrollo mel\u00f3dico) del tema principal de Coco, la pel\u00edcula. Vemos los acordes, las escalas y c\u00f3mo funciona este tema musical.\",\"breadcrumb\":{\"@id\":\"https:\/\/www.teoriamusical.es\/blog\/analisis-musical-coco\/#breadcrumb\"},\"inLanguage\":\"es\",\"potentialAction\":[{\"@type\":\"ReadAction\",\"target\":[\"https:\/\/www.teoriamusical.es\/blog\/analisis-musical-coco\/\"]}]},{\"@type\":\"BreadcrumbList\",\"@id\":\"https:\/\/www.teoriamusical.es\/blog\/analisis-musical-coco\/#breadcrumb\",\"itemListElement\":[{\"@type\":\"ListItem\",\"position\":1,\"name\":\"Home\",\"item\":\"https:\/\/www.teoriamusical.es\/blog\/\"},{\"@type\":\"ListItem\",\"position\":2,\"name\":\"An\u00e1lisis Musical: Recu\u00e9rdame, de Coco -Acordes y Melod\u00eda-\"}]},{\"@type\":\"WebSite\",\"@id\":\"https:\/\/www.teoriamusical.es\/blog\/#website\",\"url\":\"https:\/\/www.teoriamusical.es\/blog\/\",\"name\":\"Teor\u00eda Musical\",\"description\":\"Teor\u00eda Musical, Armon\u00eda Moderna y Cursos Online\",\"publisher\":{\"@id\":\"https:\/\/www.teoriamusical.es\/blog\/#\/schema\/person\/abbe30b6f6b449ac9e19ab236fe3d80c\"},\"potentialAction\":[{\"@type\":\"SearchAction\",\"target\":{\"@type\":\"EntryPoint\",\"urlTemplate\":\"https:\/\/www.teoriamusical.es\/blog\/?s={search_term_string}\"},\"query-input\":\"required name=search_term_string\"}],\"inLanguage\":\"es\"},{\"@type\":[\"Person\",\"Organization\"],\"@id\":\"https:\/\/www.teoriamusical.es\/blog\/#\/schema\/person\/abbe30b6f6b449ac9e19ab236fe3d80c\",\"name\":\"teoriamusical.es\",\"image\":{\"@type\":\"ImageObject\",\"inLanguage\":\"es\",\"@id\":\"https:\/\/www.teoriamusical.es\/blog\/#\/schema\/person\/image\/\",\"url\":\"https:\/\/secure.gravatar.com\/avatar\/1d7014e5a95916f717d86ab0aceffce14fd35c12b39d368d60384afae17e1760?s=96&d=mm&r=g\",\"contentUrl\":\"https:\/\/secure.gravatar.com\/avatar\/1d7014e5a95916f717d86ab0aceffce14fd35c12b39d368d60384afae17e1760?s=96&d=mm&r=g\",\"caption\":\"teoriamusical.es\"},\"logo\":{\"@id\":\"https:\/\/www.teoriamusical.es\/blog\/#\/schema\/person\/image\/\"}}]}<\/script>\n<!-- \/ Yoast SEO plugin. -->","yoast_head_json":{"title":"An\u00e1lisis Musical: Recu\u00e9rdame, de Coco -Acordes y Melod\u00eda-","description":"An\u00e1lisis Musical (armon\u00eda y desarrollo mel\u00f3dico) del tema principal de Coco, la pel\u00edcula. Vemos los acordes, las escalas y c\u00f3mo funciona este tema musical.","robots":{"index":"index","follow":"follow","max-snippet":"max-snippet:-1","max-image-preview":"max-image-preview:large","max-video-preview":"max-video-preview:-1"},"canonical":"https:\/\/www.teoriamusical.es\/blog\/analisis-musical-coco\/","og_locale":"es_ES","og_type":"article","og_title":"An\u00e1lisis Musical: Recu\u00e9rdame, de Coco -Acordes y Melod\u00eda-","og_description":"An\u00e1lisis Musical (armon\u00eda y desarrollo mel\u00f3dico) del tema principal de Coco, la pel\u00edcula. Vemos los acordes, las escalas y c\u00f3mo funciona este tema musical.","og_url":"https:\/\/www.teoriamusical.es\/blog\/analisis-musical-coco\/","og_site_name":"Teor\u00eda Musical","article_published_time":"2019-12-04T10:55:10+00:00","article_modified_time":"2019-12-06T01:21:46+00:00","author":"teoriamusical.es","twitter_card":"summary_large_image","twitter_misc":{"Escrito por":"teoriamusical.es","Tiempo de lectura":"1 minuto"},"schema":{"@context":"https:\/\/schema.org","@graph":[{"@type":"Article","@id":"https:\/\/www.teoriamusical.es\/blog\/analisis-musical-coco\/#article","isPartOf":{"@id":"https:\/\/www.teoriamusical.es\/blog\/analisis-musical-coco\/"},"author":{"name":"teoriamusical.es","@id":"https:\/\/www.teoriamusical.es\/blog\/#\/schema\/person\/abbe30b6f6b449ac9e19ab236fe3d80c"},"headline":"An\u00e1lisis Musical: Recu\u00e9rdame, de Coco -Acordes y Melod\u00eda-","datePublished":"2019-12-04T10:55:10+00:00","dateModified":"2019-12-06T01:21:46+00:00","mainEntityOfPage":{"@id":"https:\/\/www.teoriamusical.es\/blog\/analisis-musical-coco\/"},"wordCount":309,"commentCount":0,"publisher":{"@id":"https:\/\/www.teoriamusical.es\/blog\/#\/schema\/person\/abbe30b6f6b449ac9e19ab236fe3d80c"},"keywords":["Acordes","analisis musical","desarrollo melodico","Escalas","teoria musical"],"articleSection":["An\u00e1lisis Musical","Lenguaje Arm\u00f3nico"],"inLanguage":"es","potentialAction":[{"@type":"CommentAction","name":"Comment","target":["https:\/\/www.teoriamusical.es\/blog\/analisis-musical-coco\/#respond"]}]},{"@type":"WebPage","@id":"https:\/\/www.teoriamusical.es\/blog\/analisis-musical-coco\/","url":"https:\/\/www.teoriamusical.es\/blog\/analisis-musical-coco\/","name":"An\u00e1lisis Musical: Recu\u00e9rdame, de Coco -Acordes y Melod\u00eda-","isPartOf":{"@id":"https:\/\/www.teoriamusical.es\/blog\/#website"},"datePublished":"2019-12-04T10:55:10+00:00","dateModified":"2019-12-06T01:21:46+00:00","description":"An\u00e1lisis Musical (armon\u00eda y desarrollo mel\u00f3dico) del tema principal de Coco, la pel\u00edcula. Vemos los acordes, las escalas y c\u00f3mo funciona este tema musical.","breadcrumb":{"@id":"https:\/\/www.teoriamusical.es\/blog\/analisis-musical-coco\/#breadcrumb"},"inLanguage":"es","potentialAction":[{"@type":"ReadAction","target":["https:\/\/www.teoriamusical.es\/blog\/analisis-musical-coco\/"]}]},{"@type":"BreadcrumbList","@id":"https:\/\/www.teoriamusical.es\/blog\/analisis-musical-coco\/#breadcrumb","itemListElement":[{"@type":"ListItem","position":1,"name":"Home","item":"https:\/\/www.teoriamusical.es\/blog\/"},{"@type":"ListItem","position":2,"name":"An\u00e1lisis Musical: Recu\u00e9rdame, de Coco -Acordes y Melod\u00eda-"}]},{"@type":"WebSite","@id":"https:\/\/www.teoriamusical.es\/blog\/#website","url":"https:\/\/www.teoriamusical.es\/blog\/","name":"Teor\u00eda Musical","description":"Teor\u00eda Musical, Armon\u00eda Moderna y Cursos Online","publisher":{"@id":"https:\/\/www.teoriamusical.es\/blog\/#\/schema\/person\/abbe30b6f6b449ac9e19ab236fe3d80c"},"potentialAction":[{"@type":"SearchAction","target":{"@type":"EntryPoint","urlTemplate":"https:\/\/www.teoriamusical.es\/blog\/?s={search_term_string}"},"query-input":"required name=search_term_string"}],"inLanguage":"es"},{"@type":["Person","Organization"],"@id":"https:\/\/www.teoriamusical.es\/blog\/#\/schema\/person\/abbe30b6f6b449ac9e19ab236fe3d80c","name":"teoriamusical.es","image":{"@type":"ImageObject","inLanguage":"es","@id":"https:\/\/www.teoriamusical.es\/blog\/#\/schema\/person\/image\/","url":"https:\/\/secure.gravatar.com\/avatar\/1d7014e5a95916f717d86ab0aceffce14fd35c12b39d368d60384afae17e1760?s=96&d=mm&r=g","contentUrl":"https:\/\/secure.gravatar.com\/avatar\/1d7014e5a95916f717d86ab0aceffce14fd35c12b39d368d60384afae17e1760?s=96&d=mm&r=g","caption":"teoriamusical.es"},"logo":{"@id":"https:\/\/www.teoriamusical.es\/blog\/#\/schema\/person\/image\/"}}]}},"jetpack_featured_media_url":"","jetpack-related-posts":[{"id":448,"url":"https:\/\/www.teoriamusical.es\/blog\/analisis-laura-pausini\/","url_meta":{"origin":28,"position":0},"title":"Analizando M\u00fasica de Laura Pausini","date":"diciembre 3, 2021","format":false,"excerpt":"Analizando m\u00fasica de Laura Pausini es un video de la secci\u00f3n c\u00f3mo sacar canciones de o\u00eddo, donde vemos c\u00f3mo sacar acordes de los temas que nos gustan sin tener que estar probando en el instrumento hasta encontrar uno que encaje. Este tema de Laura Pausini, La Soledad, de su primer\u2026","rel":"","context":"En \u00abAn\u00e1lisis Musical\u00bb","img":{"alt_text":"","src":"https:\/\/i0.wp.com\/img.youtube.com\/vi\/UtKUEUPsD2c\/0.jpg?resize=350%2C200","width":350,"height":200},"classes":[]},{"id":172,"url":"https:\/\/www.teoriamusical.es\/blog\/improvisacion\/","url_meta":{"origin":28,"position":1},"title":"IMPROVISACI\u00d3N: MAPEO ARM\u00d3NICO","date":"febrero 28, 2020","format":false,"excerpt":"Una de las claves de la improvisaci\u00f3n es conocer perfectamente el modo que pertenece a cada uno de los acordeds en los que estamos movi\u00e9ndonos. Para ello, mapear los chord tones y tensiones del acorde, es un recurso muy \u00fatil. Dentro de la teor\u00eda musical, en el campo de an\u00e1lisis\u2026","rel":"","context":"En \u00abArmon\u00eda Moderna\u00bb","img":{"alt_text":"","src":"https:\/\/i0.wp.com\/img.youtube.com\/vi\/7Oj4wuhzgTs\/0.jpg?resize=350%2C200","width":350,"height":200},"classes":[]},{"id":285,"url":"https:\/\/www.teoriamusical.es\/blog\/escala-mayor-armonica\/","url_meta":{"origin":28,"position":2},"title":"Escala Mayor Arm\u00f3nica","date":"julio 16, 2021","format":false,"excerpt":"La escala mayor arm\u00f3nica, o harmonic major, es una escala fuente de la cual surgen varios modos que utilizamos en jazz y en m\u00fasica moderna. Posee una sonoridad con mucho inter\u00e9s, acordes aumentados, disminuidos, etc, pero nosotros vamos a centrarnos en el desarrollo mel\u00f3dico, es decir, vamos a utilizar la\u2026","rel":"","context":"En \u00abAn\u00e1lisis Musical\u00bb","img":{"alt_text":"","src":"https:\/\/i0.wp.com\/img.youtube.com\/vi\/zIpylteQ5p0\/0.jpg?resize=350%2C200","width":350,"height":200},"classes":[]},{"id":435,"url":"https:\/\/www.teoriamusical.es\/blog\/analizando-show-must-go-on\/","url_meta":{"origin":28,"position":3},"title":"Analizando M\u00fasica de Queen: The Show Must Go On","date":"noviembre 29, 2021","format":false,"excerpt":"Analizando M\u00fasica de Queen est\u00e1 dedicado a la canci\u00f3n The Show Must Go On. En este video haremos un an\u00e1lisis musical del tema de Queen y veremos cosas interesantes de su lenguaje arm\u00f3nico; c\u00f3mo plantean las modulaciones, c\u00f3mo utilizan las notas pivot, los acordes disminuidos, los acordes suspendidos y un\u2026","rel":"","context":"En \u00abAn\u00e1lisis Musical\u00bb","img":{"alt_text":"","src":"https:\/\/i0.wp.com\/img.youtube.com\/vi\/JL3_rYWMynM\/0.jpg?resize=350%2C200","width":350,"height":200},"classes":[]},{"id":424,"url":"https:\/\/www.teoriamusical.es\/blog\/analizando-musica-toni-braxton\/","url_meta":{"origin":28,"position":4},"title":"Analizando M\u00fasica de Toni Braxton","date":"noviembre 29, 2021","format":false,"excerpt":"Analizando M\u00fasica de Toni Braxton es el video de an\u00e1lisis musical y ear training donde sacamos de canciones de oido, hoy es el turno del tema unbreak my heart, de Toni Braxton. En el an\u00e1lisis musical razonamos en voz alta qu\u00e9 est\u00e1 haciendo la armon\u00eda en lugar de lanzarnos a\u2026","rel":"","context":"En \u00abAn\u00e1lisis Musical\u00bb","img":{"alt_text":"","src":"https:\/\/i0.wp.com\/img.youtube.com\/vi\/wNiItJn2bz8\/0.jpg?resize=350%2C200","width":350,"height":200},"classes":[]},{"id":224,"url":"https:\/\/www.teoriamusical.es\/blog\/analisis-armonico-all-of-me\/","url_meta":{"origin":28,"position":5},"title":"An\u00e1lisis Arm\u00f3nico: All of Me","date":"julio 7, 2021","format":false,"excerpt":"An\u00e1lisis musical: Lenguaje arm\u00f3nico es la nueva secci\u00f3n donde veremos an\u00e1lisis arm\u00f3nico de standars de jazz para ampliar recursos y mejorar nuestro lenguaje musical. Veremos standars de distintos estilos musicales, principalmente jazz, y aprenderemos sobre el an\u00e1lisis de modulaciones, dominantes secundarios, dominantes sustitutos, la relaci\u00f3n escala acorde, c\u00f3mo cifrar los\u2026","rel":"","context":"En \u00abAn\u00e1lisis Musical\u00bb","img":{"alt_text":"","src":"https:\/\/i0.wp.com\/img.youtube.com\/vi\/TuQMrxAOjKo\/0.jpg?resize=350%2C200","width":350,"height":200},"classes":[]}],"_links":{"self":[{"href":"https:\/\/www.teoriamusical.es\/blog\/wp-json\/wp\/v2\/posts\/28","targetHints":{"allow":["GET"]}}],"collection":[{"href":"https:\/\/www.teoriamusical.es\/blog\/wp-json\/wp\/v2\/posts"}],"about":[{"href":"https:\/\/www.teoriamusical.es\/blog\/wp-json\/wp\/v2\/types\/post"}],"author":[{"embeddable":true,"href":"https:\/\/www.teoriamusical.es\/blog\/wp-json\/wp\/v2\/users\/1"}],"replies":[{"embeddable":true,"href":"https:\/\/www.teoriamusical.es\/blog\/wp-json\/wp\/v2\/comments?post=28"}],"version-history":[{"count":2,"href":"https:\/\/www.teoriamusical.es\/blog\/wp-json\/wp\/v2\/posts\/28\/revisions"}],"predecessor-version":[{"id":30,"href":"https:\/\/www.teoriamusical.es\/blog\/wp-json\/wp\/v2\/posts\/28\/revisions\/30"}],"wp:attachment":[{"href":"https:\/\/www.teoriamusical.es\/blog\/wp-json\/wp\/v2\/media?parent=28"}],"wp:term":[{"taxonomy":"category","embeddable":true,"href":"https:\/\/www.teoriamusical.es\/blog\/wp-json\/wp\/v2\/categories?post=28"},{"taxonomy":"post_tag","embeddable":true,"href":"https:\/\/www.teoriamusical.es\/blog\/wp-json\/wp\/v2\/tags?post=28"}],"curies":[{"name":"wp","href":"https:\/\/api.w.org\/{rel}","templated":true}]}}