{"id":267,"date":"2021-07-16T11:56:55","date_gmt":"2021-07-16T09:56:55","guid":{"rendered":"https:\/\/www.teoriamusical.es\/blog\/?p=267"},"modified":"2021-07-16T11:56:57","modified_gmt":"2021-07-16T09:56:57","slug":"tensiones-del-acorde-en-la-melodia","status":"publish","type":"post","link":"https:\/\/www.teoriamusical.es\/blog\/tensiones-del-acorde-en-la-melodia\/","title":{"rendered":"Tensiones del acorde en la Melod\u00eda"},"content":{"rendered":"\n<p>Crear melod\u00edas y desarrollarlas es algo a lo que dediqu\u00e9 todo un curso. En este video exploramos algunos conceptos sencillos para, partiendo de la armon\u00eda, crear melod\u00edas. Pero no s\u00f3lo melod\u00edas desde la triada base sino desde las distintas triadas internas que surgen en cada uno de los modos que nos da la relaci\u00f3n escala acorde. Adem\u00e1s vemos que las tensiones no son unicamente notas de paso o notas de adorno sino que pueden ser las notas m\u00e1s importantes cuando vamos a construir una melod\u00eda y ello nos es muy \u00fatil en contextos de armon\u00eda funcional y de armon\u00eda no funcional como el neo soul. Tambi\u00e9n pegamos un repaso r\u00e1pido al concepto de upper structures que, aunque no es lo mismo, est\u00e1 relacionado. Estas son ideas que te pueden ayudar desde cero para aprender teor\u00eda musical desde un enfoque pr\u00e1ctico.<\/p>\n\n\n\n<figure class=\"wp-block-embed is-type-video is-provider-youtube wp-block-embed-youtube wp-embed-aspect-16-9 wp-has-aspect-ratio\"><div class=\"wp-block-embed__wrapper\">\n<iframe loading=\"lazy\" title=\"Componer Melod\u00edas con las Tensiones del Acorde | Countblissett\" width=\"584\" height=\"329\" src=\"https:\/\/www.youtube.com\/embed\/cwXVjkE8KNw?feature=oembed\" frameborder=\"0\" allow=\"accelerometer; autoplay; clipboard-write; encrypted-media; gyroscope; picture-in-picture; web-share\" referrerpolicy=\"strict-origin-when-cross-origin\" allowfullscreen><\/iframe>\n<\/div><\/figure>\n","protected":false},"excerpt":{"rendered":"<p>Crear melod\u00edas y desarrollarlas es algo a lo que dediqu\u00e9 todo un curso. En este video exploramos algunos conceptos sencillos para, partiendo de la armon\u00eda, crear melod\u00edas. Pero no s\u00f3lo melod\u00edas desde la triada base sino desde las distintas triadas &hellip; <a href=\"https:\/\/www.teoriamusical.es\/blog\/tensiones-del-acorde-en-la-melodia\/\">Sigue leyendo <span class=\"meta-nav\">&rarr;<\/span><\/a><\/p>\n","protected":false},"author":1,"featured_media":0,"comment_status":"open","ping_status":"open","sticky":false,"template":"","format":"standard","meta":{"_monsterinsights_skip_tracking":false,"_monsterinsights_sitenote_active":false,"_monsterinsights_sitenote_note":"","_monsterinsights_sitenote_category":0,"footnotes":""},"categories":[18,15,27],"tags":[],"class_list":["post-267","post","type-post","status-publish","format-standard","hentry","category-analisis-musical","category-armonia-moderna","category-creatividad"],"yoast_head":"<!-- This site is optimized with the Yoast SEO plugin v19.6 - https:\/\/yoast.com\/wordpress\/plugins\/seo\/ -->\n<title>Tensiones del acorde en la Melod\u00eda - Teor\u00eda Musical<\/title>\n<meta name=\"robots\" content=\"index, follow, max-snippet:-1, max-image-preview:large, max-video-preview:-1\" \/>\n<link rel=\"canonical\" href=\"https:\/\/www.teoriamusical.es\/blog\/tensiones-del-acorde-en-la-melodia\/\" \/>\n<meta property=\"og:locale\" content=\"es_ES\" \/>\n<meta property=\"og:type\" content=\"article\" \/>\n<meta property=\"og:title\" content=\"Tensiones del acorde en la Melod\u00eda - Teor\u00eda Musical\" \/>\n<meta property=\"og:description\" content=\"Crear melod\u00edas y desarrollarlas es algo a lo que dediqu\u00e9 todo un curso. En este video exploramos algunos conceptos sencillos para, partiendo de la armon\u00eda, crear melod\u00edas. Pero no s\u00f3lo melod\u00edas desde la triada base sino desde las distintas triadas &hellip; Sigue leyendo &rarr;\" \/>\n<meta property=\"og:url\" content=\"https:\/\/www.teoriamusical.es\/blog\/tensiones-del-acorde-en-la-melodia\/\" \/>\n<meta property=\"og:site_name\" content=\"Teor\u00eda Musical\" \/>\n<meta property=\"article:published_time\" content=\"2021-07-16T09:56:55+00:00\" \/>\n<meta property=\"article:modified_time\" content=\"2021-07-16T09:56:57+00:00\" \/>\n<meta name=\"author\" content=\"teoriamusical.es\" \/>\n<meta name=\"twitter:card\" content=\"summary_large_image\" \/>\n<meta name=\"twitter:label1\" content=\"Escrito por\" \/>\n\t<meta name=\"twitter:data1\" content=\"teoriamusical.es\" \/>\n\t<meta name=\"twitter:label2\" content=\"Tiempo de lectura\" \/>\n\t<meta name=\"twitter:data2\" content=\"1 minuto\" \/>\n<script type=\"application\/ld+json\" class=\"yoast-schema-graph\">{\"@context\":\"https:\/\/schema.org\",\"@graph\":[{\"@type\":\"Article\",\"@id\":\"https:\/\/www.teoriamusical.es\/blog\/tensiones-del-acorde-en-la-melodia\/#article\",\"isPartOf\":{\"@id\":\"https:\/\/www.teoriamusical.es\/blog\/tensiones-del-acorde-en-la-melodia\/\"},\"author\":{\"name\":\"teoriamusical.es\",\"@id\":\"https:\/\/www.teoriamusical.es\/blog\/#\/schema\/person\/abbe30b6f6b449ac9e19ab236fe3d80c\"},\"headline\":\"Tensiones del acorde en la Melod\u00eda\",\"datePublished\":\"2021-07-16T09:56:55+00:00\",\"dateModified\":\"2021-07-16T09:56:57+00:00\",\"mainEntityOfPage\":{\"@id\":\"https:\/\/www.teoriamusical.es\/blog\/tensiones-del-acorde-en-la-melodia\/\"},\"wordCount\":167,\"commentCount\":0,\"publisher\":{\"@id\":\"https:\/\/www.teoriamusical.es\/blog\/#\/schema\/person\/abbe30b6f6b449ac9e19ab236fe3d80c\"},\"articleSection\":[\"An\u00e1lisis Musical\",\"Armon\u00eda Moderna\",\"creatividad\"],\"inLanguage\":\"es\",\"potentialAction\":[{\"@type\":\"CommentAction\",\"name\":\"Comment\",\"target\":[\"https:\/\/www.teoriamusical.es\/blog\/tensiones-del-acorde-en-la-melodia\/#respond\"]}]},{\"@type\":\"WebPage\",\"@id\":\"https:\/\/www.teoriamusical.es\/blog\/tensiones-del-acorde-en-la-melodia\/\",\"url\":\"https:\/\/www.teoriamusical.es\/blog\/tensiones-del-acorde-en-la-melodia\/\",\"name\":\"Tensiones del acorde en la Melod\u00eda - Teor\u00eda Musical\",\"isPartOf\":{\"@id\":\"https:\/\/www.teoriamusical.es\/blog\/#website\"},\"datePublished\":\"2021-07-16T09:56:55+00:00\",\"dateModified\":\"2021-07-16T09:56:57+00:00\",\"breadcrumb\":{\"@id\":\"https:\/\/www.teoriamusical.es\/blog\/tensiones-del-acorde-en-la-melodia\/#breadcrumb\"},\"inLanguage\":\"es\",\"potentialAction\":[{\"@type\":\"ReadAction\",\"target\":[\"https:\/\/www.teoriamusical.es\/blog\/tensiones-del-acorde-en-la-melodia\/\"]}]},{\"@type\":\"BreadcrumbList\",\"@id\":\"https:\/\/www.teoriamusical.es\/blog\/tensiones-del-acorde-en-la-melodia\/#breadcrumb\",\"itemListElement\":[{\"@type\":\"ListItem\",\"position\":1,\"name\":\"Home\",\"item\":\"https:\/\/www.teoriamusical.es\/blog\/\"},{\"@type\":\"ListItem\",\"position\":2,\"name\":\"Tensiones del acorde en la Melod\u00eda\"}]},{\"@type\":\"WebSite\",\"@id\":\"https:\/\/www.teoriamusical.es\/blog\/#website\",\"url\":\"https:\/\/www.teoriamusical.es\/blog\/\",\"name\":\"Teor\u00eda Musical\",\"description\":\"Teor\u00eda Musical, Armon\u00eda Moderna y Cursos Online\",\"publisher\":{\"@id\":\"https:\/\/www.teoriamusical.es\/blog\/#\/schema\/person\/abbe30b6f6b449ac9e19ab236fe3d80c\"},\"potentialAction\":[{\"@type\":\"SearchAction\",\"target\":{\"@type\":\"EntryPoint\",\"urlTemplate\":\"https:\/\/www.teoriamusical.es\/blog\/?s={search_term_string}\"},\"query-input\":\"required name=search_term_string\"}],\"inLanguage\":\"es\"},{\"@type\":[\"Person\",\"Organization\"],\"@id\":\"https:\/\/www.teoriamusical.es\/blog\/#\/schema\/person\/abbe30b6f6b449ac9e19ab236fe3d80c\",\"name\":\"teoriamusical.es\",\"image\":{\"@type\":\"ImageObject\",\"inLanguage\":\"es\",\"@id\":\"https:\/\/www.teoriamusical.es\/blog\/#\/schema\/person\/image\/\",\"url\":\"https:\/\/secure.gravatar.com\/avatar\/1d7014e5a95916f717d86ab0aceffce14fd35c12b39d368d60384afae17e1760?s=96&d=mm&r=g\",\"contentUrl\":\"https:\/\/secure.gravatar.com\/avatar\/1d7014e5a95916f717d86ab0aceffce14fd35c12b39d368d60384afae17e1760?s=96&d=mm&r=g\",\"caption\":\"teoriamusical.es\"},\"logo\":{\"@id\":\"https:\/\/www.teoriamusical.es\/blog\/#\/schema\/person\/image\/\"}}]}<\/script>\n<!-- \/ Yoast SEO plugin. -->","yoast_head_json":{"title":"Tensiones del acorde en la Melod\u00eda - Teor\u00eda Musical","robots":{"index":"index","follow":"follow","max-snippet":"max-snippet:-1","max-image-preview":"max-image-preview:large","max-video-preview":"max-video-preview:-1"},"canonical":"https:\/\/www.teoriamusical.es\/blog\/tensiones-del-acorde-en-la-melodia\/","og_locale":"es_ES","og_type":"article","og_title":"Tensiones del acorde en la Melod\u00eda - Teor\u00eda Musical","og_description":"Crear melod\u00edas y desarrollarlas es algo a lo que dediqu\u00e9 todo un curso. En este video exploramos algunos conceptos sencillos para, partiendo de la armon\u00eda, crear melod\u00edas. Pero no s\u00f3lo melod\u00edas desde la triada base sino desde las distintas triadas &hellip; Sigue leyendo &rarr;","og_url":"https:\/\/www.teoriamusical.es\/blog\/tensiones-del-acorde-en-la-melodia\/","og_site_name":"Teor\u00eda Musical","article_published_time":"2021-07-16T09:56:55+00:00","article_modified_time":"2021-07-16T09:56:57+00:00","author":"teoriamusical.es","twitter_card":"summary_large_image","twitter_misc":{"Escrito por":"teoriamusical.es","Tiempo de lectura":"1 minuto"},"schema":{"@context":"https:\/\/schema.org","@graph":[{"@type":"Article","@id":"https:\/\/www.teoriamusical.es\/blog\/tensiones-del-acorde-en-la-melodia\/#article","isPartOf":{"@id":"https:\/\/www.teoriamusical.es\/blog\/tensiones-del-acorde-en-la-melodia\/"},"author":{"name":"teoriamusical.es","@id":"https:\/\/www.teoriamusical.es\/blog\/#\/schema\/person\/abbe30b6f6b449ac9e19ab236fe3d80c"},"headline":"Tensiones del acorde en la Melod\u00eda","datePublished":"2021-07-16T09:56:55+00:00","dateModified":"2021-07-16T09:56:57+00:00","mainEntityOfPage":{"@id":"https:\/\/www.teoriamusical.es\/blog\/tensiones-del-acorde-en-la-melodia\/"},"wordCount":167,"commentCount":0,"publisher":{"@id":"https:\/\/www.teoriamusical.es\/blog\/#\/schema\/person\/abbe30b6f6b449ac9e19ab236fe3d80c"},"articleSection":["An\u00e1lisis Musical","Armon\u00eda Moderna","creatividad"],"inLanguage":"es","potentialAction":[{"@type":"CommentAction","name":"Comment","target":["https:\/\/www.teoriamusical.es\/blog\/tensiones-del-acorde-en-la-melodia\/#respond"]}]},{"@type":"WebPage","@id":"https:\/\/www.teoriamusical.es\/blog\/tensiones-del-acorde-en-la-melodia\/","url":"https:\/\/www.teoriamusical.es\/blog\/tensiones-del-acorde-en-la-melodia\/","name":"Tensiones del acorde en la Melod\u00eda - Teor\u00eda Musical","isPartOf":{"@id":"https:\/\/www.teoriamusical.es\/blog\/#website"},"datePublished":"2021-07-16T09:56:55+00:00","dateModified":"2021-07-16T09:56:57+00:00","breadcrumb":{"@id":"https:\/\/www.teoriamusical.es\/blog\/tensiones-del-acorde-en-la-melodia\/#breadcrumb"},"inLanguage":"es","potentialAction":[{"@type":"ReadAction","target":["https:\/\/www.teoriamusical.es\/blog\/tensiones-del-acorde-en-la-melodia\/"]}]},{"@type":"BreadcrumbList","@id":"https:\/\/www.teoriamusical.es\/blog\/tensiones-del-acorde-en-la-melodia\/#breadcrumb","itemListElement":[{"@type":"ListItem","position":1,"name":"Home","item":"https:\/\/www.teoriamusical.es\/blog\/"},{"@type":"ListItem","position":2,"name":"Tensiones del acorde en la Melod\u00eda"}]},{"@type":"WebSite","@id":"https:\/\/www.teoriamusical.es\/blog\/#website","url":"https:\/\/www.teoriamusical.es\/blog\/","name":"Teor\u00eda Musical","description":"Teor\u00eda Musical, Armon\u00eda Moderna y Cursos Online","publisher":{"@id":"https:\/\/www.teoriamusical.es\/blog\/#\/schema\/person\/abbe30b6f6b449ac9e19ab236fe3d80c"},"potentialAction":[{"@type":"SearchAction","target":{"@type":"EntryPoint","urlTemplate":"https:\/\/www.teoriamusical.es\/blog\/?s={search_term_string}"},"query-input":"required name=search_term_string"}],"inLanguage":"es"},{"@type":["Person","Organization"],"@id":"https:\/\/www.teoriamusical.es\/blog\/#\/schema\/person\/abbe30b6f6b449ac9e19ab236fe3d80c","name":"teoriamusical.es","image":{"@type":"ImageObject","inLanguage":"es","@id":"https:\/\/www.teoriamusical.es\/blog\/#\/schema\/person\/image\/","url":"https:\/\/secure.gravatar.com\/avatar\/1d7014e5a95916f717d86ab0aceffce14fd35c12b39d368d60384afae17e1760?s=96&d=mm&r=g","contentUrl":"https:\/\/secure.gravatar.com\/avatar\/1d7014e5a95916f717d86ab0aceffce14fd35c12b39d368d60384afae17e1760?s=96&d=mm&r=g","caption":"teoriamusical.es"},"logo":{"@id":"https:\/\/www.teoriamusical.es\/blog\/#\/schema\/person\/image\/"}}]}},"jetpack_featured_media_url":"","jetpack-related-posts":[{"id":292,"url":"https:\/\/www.teoriamusical.es\/blog\/armonizar-tensiones-con-triadas-internas\/","url_meta":{"origin":267,"position":0},"title":"Armonizar Melod\u00edas con Triadas Internas","date":"julio 16, 2021","format":false,"excerpt":"Cuando hablamos de armonizar melod\u00edas solemos pensar en c\u00f3mo poner acordes a una melod\u00eda pero a veces pasamos por alto cuestiones que, dentro de la teor\u00eda musical de jazz u otros estilos se consideran estructurales. Gracias a la armon\u00eda moderna sabemos que no s\u00f3lo las notas del acorde se pueden\u2026","rel":"","context":"En \u00abAcordes\u00bb","img":{"alt_text":"","src":"https:\/\/i0.wp.com\/img.youtube.com\/vi\/DbrBHBBXL8k\/0.jpg?resize=350%2C200","width":350,"height":200},"classes":[]},{"id":75,"url":"https:\/\/www.teoriamusical.es\/blog\/melodia-acordes\/","url_meta":{"origin":267,"position":1},"title":"Melod\u00eda y Acordes, \u00bfQu\u00e9 Hago Primero?","date":"diciembre 5, 2019","format":false,"excerpt":"Est\u00e1 la melod\u00eda y est\u00e1n los acordes pero qu\u00e9 hago primero, \u00bfmelod\u00eda y acordes? \u00bfprimero melod\u00eda y luego acordes o al rev\u00e9s? En mis m\u00e1s de 12 a\u00f1os como educador musical en un centro privado me enfrent\u00e9 muchas veces a esta pregunta. Ahora, como profesor online y propietario de un\u2026","rel":"","context":"En \u00abAcordes\u00bb","img":{"alt_text":"","src":"https:\/\/i0.wp.com\/img.youtube.com\/vi\/AeaK-qFqiJ0\/0.jpg?resize=350%2C200","width":350,"height":200},"classes":[]},{"id":487,"url":"https:\/\/www.teoriamusical.es\/blog\/acordes-sencillos-para-armonias-complejas\/","url_meta":{"origin":267,"position":2},"title":"Acordes Sencillos para Armon\u00edas Complejas","date":"junio 29, 2022","format":false,"excerpt":"\u00bfC\u00f3mo utilizar armon\u00edas complejas si tu vocabulario arm\u00f3nico s\u00f3lo posee acordes sencillos? En este video veremos c\u00f3mo la teor\u00eda musical nos ayuda a manejar armon\u00edas complejas con acordes triada b\u00e1sicos. La triada, que durante siglos ha sido la unidad m\u00ednima de informaci\u00f3n arm\u00f3nica, puede emplearse de muchas otras formas musicales,\u2026","rel":"","context":"En \u00abCursos de M\u00fasica\u00bb","img":{"alt_text":"","src":"https:\/\/i0.wp.com\/img.youtube.com\/vi\/WmTmFyYwFnY\/0.jpg?resize=350%2C200","width":350,"height":200},"classes":[]},{"id":387,"url":"https:\/\/www.teoriamusical.es\/blog\/notas_guia\/","url_meta":{"origin":267,"position":3},"title":"Notas Gu\u00eda &#8211; Melod\u00eda y Armon\u00eda","date":"agosto 30, 2021","format":false,"excerpt":"Componer melod\u00edas teniendo como notas estructurales las notas gu\u00eda y las notas caracter\u00edsticas del modo como material compositivo es una manera sencilla de construir melod\u00edas memorables. Muchas veces pensamos que el acorde es el que nos aporta la informaci\u00f3n arm\u00f3nica cuando, en realidad, muchas veces es la melod\u00eda la que\u2026","rel":"","context":"En \u00abAcordes\u00bb","img":{"alt_text":"","src":"https:\/\/i0.wp.com\/img.youtube.com\/vi\/s70bqsCSYN0\/0.jpg?resize=350%2C200","width":350,"height":200},"classes":[]},{"id":270,"url":"https:\/\/www.teoriamusical.es\/blog\/como-armonizar-una-melodia\/","url_meta":{"origin":267,"position":4},"title":"C\u00f3mo Armonizar una Melod\u00eda","date":"julio 16, 2021","format":false,"excerpt":"En este video hablaremos sobre c\u00f3mo armonizar melod\u00edas y, para ello, primero debemos distinguir entre melod\u00eda armonizada y melod\u00eda acompa\u00f1ada. Tambi\u00e9n veremos conceptos que nos ser\u00e1n \u00fatiles en orquestaci\u00f3n, tales como densidad arm\u00f3nica y peso instrumental. La idea es que pod\u00e1is armonizar melod\u00edas nota a nota sin que vuestras progresiones\u2026","rel":"","context":"En \u00abAcordes\u00bb","img":{"alt_text":"","src":"https:\/\/i0.wp.com\/img.youtube.com\/vi\/HfMKrJPsKHI\/0.jpg?resize=350%2C200","width":350,"height":200},"classes":[]},{"id":453,"url":"https:\/\/www.teoriamusical.es\/blog\/rearmonizar_melodias\/","url_meta":{"origin":267,"position":5},"title":"Rearmonizar Melod\u00edas: La Clave de la Rearmonizaci\u00f3n","date":"diciembre 28, 2021","format":false,"excerpt":"Rearmonizar melod\u00edas es una habilidad musical b\u00e1sica para el m\u00fasico moderno que trabaja en contextos creativos donde la improvisaci\u00f3n y la capacidad de hacer arreglos musicales distintos para una misma pieza tiene relevancia. Mucha de la rearmonizaci\u00f3n que vemos hoy d\u00eda se aplica directamente sobre progresiones de acordes y pide\u2026","rel":"","context":"En \u00abAcordes\u00bb","img":{"alt_text":"","src":"https:\/\/i0.wp.com\/img.youtube.com\/vi\/n8s0FBu3Gbc\/0.jpg?resize=350%2C200","width":350,"height":200},"classes":[]}],"_links":{"self":[{"href":"https:\/\/www.teoriamusical.es\/blog\/wp-json\/wp\/v2\/posts\/267","targetHints":{"allow":["GET"]}}],"collection":[{"href":"https:\/\/www.teoriamusical.es\/blog\/wp-json\/wp\/v2\/posts"}],"about":[{"href":"https:\/\/www.teoriamusical.es\/blog\/wp-json\/wp\/v2\/types\/post"}],"author":[{"embeddable":true,"href":"https:\/\/www.teoriamusical.es\/blog\/wp-json\/wp\/v2\/users\/1"}],"replies":[{"embeddable":true,"href":"https:\/\/www.teoriamusical.es\/blog\/wp-json\/wp\/v2\/comments?post=267"}],"version-history":[{"count":1,"href":"https:\/\/www.teoriamusical.es\/blog\/wp-json\/wp\/v2\/posts\/267\/revisions"}],"predecessor-version":[{"id":268,"href":"https:\/\/www.teoriamusical.es\/blog\/wp-json\/wp\/v2\/posts\/267\/revisions\/268"}],"wp:attachment":[{"href":"https:\/\/www.teoriamusical.es\/blog\/wp-json\/wp\/v2\/media?parent=267"}],"wp:term":[{"taxonomy":"category","embeddable":true,"href":"https:\/\/www.teoriamusical.es\/blog\/wp-json\/wp\/v2\/categories?post=267"},{"taxonomy":"post_tag","embeddable":true,"href":"https:\/\/www.teoriamusical.es\/blog\/wp-json\/wp\/v2\/tags?post=267"}],"curies":[{"name":"wp","href":"https:\/\/api.w.org\/{rel}","templated":true}]}}