{"id":261,"date":"2021-07-16T11:52:40","date_gmt":"2021-07-16T09:52:40","guid":{"rendered":"https:\/\/www.teoriamusical.es\/blog\/?p=261"},"modified":"2021-07-16T11:52:42","modified_gmt":"2021-07-16T09:52:42","slug":"acordes-neo-soul","status":"publish","type":"post","link":"https:\/\/www.teoriamusical.es\/blog\/acordes-neo-soul\/","title":{"rendered":"Acordes Neo Soul"},"content":{"rendered":"\n<p>Los acordes neo soul forman parte del lenguaje de la armon\u00eda moderna y son el resultado l\u00f3gico de una gran herencia que bebe del jazz, el blues, el gospel, el soul, el hip hop y otras m\u00fasicas de raiz afroamericana. Con antecedentes en la m\u00fasica de algunos artistas Motown y gente como Stevie Wonder, James Brown, Marvin Gaye, llegamos a artistas como Lauryn Hill, Alicia Keys, Erikah Badu, Robert Glasper, Maxwell, etc. Armon\u00edas que evitan el ciclo de quintas, estructuras constantes con acordes movi\u00e9ndose en paralelo, voicings abiertos con tensiones que saltan de una a otra en el ataque y determinados giros de armon\u00eda, tanto funcional como no funcional, dan al neo soul un sonido car\u00e1cter\u00edstico. En este video sobre acordes neo soul echamos un primer vistazo a este sonido tan rico e interesante.<\/p>\n\n\n\n<figure class=\"wp-block-embed is-type-video is-provider-youtube wp-block-embed-youtube wp-embed-aspect-16-9 wp-has-aspect-ratio\"><div class=\"wp-block-embed__wrapper\">\n<iframe loading=\"lazy\" title=\"Acordes Neo Soul Explicados: De Stevie Wonder a Erykah Badu\" width=\"584\" height=\"329\" src=\"https:\/\/www.youtube.com\/embed\/vdtN_pzpfYM?feature=oembed\" frameborder=\"0\" allow=\"accelerometer; autoplay; clipboard-write; encrypted-media; gyroscope; picture-in-picture; web-share\" referrerpolicy=\"strict-origin-when-cross-origin\" allowfullscreen><\/iframe>\n<\/div><\/figure>\n","protected":false},"excerpt":{"rendered":"<p>Los acordes neo soul forman parte del lenguaje de la armon\u00eda moderna y son el resultado l\u00f3gico de una gran herencia que bebe del jazz, el blues, el gospel, el soul, el hip hop y otras m\u00fasicas de raiz afroamericana. &hellip; <a href=\"https:\/\/www.teoriamusical.es\/blog\/acordes-neo-soul\/\">Sigue leyendo <span class=\"meta-nav\">&rarr;<\/span><\/a><\/p>\n","protected":false},"author":1,"featured_media":0,"comment_status":"open","ping_status":"open","sticky":false,"template":"","format":"standard","meta":{"_monsterinsights_skip_tracking":false,"_monsterinsights_sitenote_active":false,"_monsterinsights_sitenote_note":"","_monsterinsights_sitenote_category":0,"footnotes":""},"categories":[37,15],"tags":[],"class_list":["post-261","post","type-post","status-publish","format-standard","hentry","category-acordes","category-armonia-moderna"],"yoast_head":"<!-- This site is optimized with the Yoast SEO plugin v19.6 - https:\/\/yoast.com\/wordpress\/plugins\/seo\/ -->\n<title>Acordes Neo Soul - Teor\u00eda Musical<\/title>\n<meta name=\"robots\" content=\"index, follow, max-snippet:-1, max-image-preview:large, max-video-preview:-1\" \/>\n<link rel=\"canonical\" href=\"https:\/\/www.teoriamusical.es\/blog\/acordes-neo-soul\/\" \/>\n<meta property=\"og:locale\" content=\"es_ES\" \/>\n<meta property=\"og:type\" content=\"article\" \/>\n<meta property=\"og:title\" content=\"Acordes Neo Soul - Teor\u00eda Musical\" \/>\n<meta property=\"og:description\" content=\"Los acordes neo soul forman parte del lenguaje de la armon\u00eda moderna y son el resultado l\u00f3gico de una gran herencia que bebe del jazz, el blues, el gospel, el soul, el hip hop y otras m\u00fasicas de raiz afroamericana. &hellip; Sigue leyendo &rarr;\" \/>\n<meta property=\"og:url\" content=\"https:\/\/www.teoriamusical.es\/blog\/acordes-neo-soul\/\" \/>\n<meta property=\"og:site_name\" content=\"Teor\u00eda Musical\" \/>\n<meta property=\"article:published_time\" content=\"2021-07-16T09:52:40+00:00\" \/>\n<meta property=\"article:modified_time\" content=\"2021-07-16T09:52:42+00:00\" \/>\n<meta name=\"author\" content=\"teoriamusical.es\" \/>\n<meta name=\"twitter:card\" content=\"summary_large_image\" \/>\n<meta name=\"twitter:label1\" content=\"Escrito por\" \/>\n\t<meta name=\"twitter:data1\" content=\"teoriamusical.es\" \/>\n\t<meta name=\"twitter:label2\" content=\"Tiempo de lectura\" \/>\n\t<meta name=\"twitter:data2\" content=\"1 minuto\" \/>\n<script type=\"application\/ld+json\" class=\"yoast-schema-graph\">{\"@context\":\"https:\/\/schema.org\",\"@graph\":[{\"@type\":\"Article\",\"@id\":\"https:\/\/www.teoriamusical.es\/blog\/acordes-neo-soul\/#article\",\"isPartOf\":{\"@id\":\"https:\/\/www.teoriamusical.es\/blog\/acordes-neo-soul\/\"},\"author\":{\"name\":\"teoriamusical.es\",\"@id\":\"https:\/\/www.teoriamusical.es\/blog\/#\/schema\/person\/abbe30b6f6b449ac9e19ab236fe3d80c\"},\"headline\":\"Acordes Neo Soul\",\"datePublished\":\"2021-07-16T09:52:40+00:00\",\"dateModified\":\"2021-07-16T09:52:42+00:00\",\"mainEntityOfPage\":{\"@id\":\"https:\/\/www.teoriamusical.es\/blog\/acordes-neo-soul\/\"},\"wordCount\":151,\"commentCount\":0,\"publisher\":{\"@id\":\"https:\/\/www.teoriamusical.es\/blog\/#\/schema\/person\/abbe30b6f6b449ac9e19ab236fe3d80c\"},\"articleSection\":[\"Acordes\",\"Armon\u00eda Moderna\"],\"inLanguage\":\"es\",\"potentialAction\":[{\"@type\":\"CommentAction\",\"name\":\"Comment\",\"target\":[\"https:\/\/www.teoriamusical.es\/blog\/acordes-neo-soul\/#respond\"]}]},{\"@type\":\"WebPage\",\"@id\":\"https:\/\/www.teoriamusical.es\/blog\/acordes-neo-soul\/\",\"url\":\"https:\/\/www.teoriamusical.es\/blog\/acordes-neo-soul\/\",\"name\":\"Acordes Neo Soul - Teor\u00eda Musical\",\"isPartOf\":{\"@id\":\"https:\/\/www.teoriamusical.es\/blog\/#website\"},\"datePublished\":\"2021-07-16T09:52:40+00:00\",\"dateModified\":\"2021-07-16T09:52:42+00:00\",\"breadcrumb\":{\"@id\":\"https:\/\/www.teoriamusical.es\/blog\/acordes-neo-soul\/#breadcrumb\"},\"inLanguage\":\"es\",\"potentialAction\":[{\"@type\":\"ReadAction\",\"target\":[\"https:\/\/www.teoriamusical.es\/blog\/acordes-neo-soul\/\"]}]},{\"@type\":\"BreadcrumbList\",\"@id\":\"https:\/\/www.teoriamusical.es\/blog\/acordes-neo-soul\/#breadcrumb\",\"itemListElement\":[{\"@type\":\"ListItem\",\"position\":1,\"name\":\"Home\",\"item\":\"https:\/\/www.teoriamusical.es\/blog\/\"},{\"@type\":\"ListItem\",\"position\":2,\"name\":\"Acordes Neo Soul\"}]},{\"@type\":\"WebSite\",\"@id\":\"https:\/\/www.teoriamusical.es\/blog\/#website\",\"url\":\"https:\/\/www.teoriamusical.es\/blog\/\",\"name\":\"Teor\u00eda Musical\",\"description\":\"Teor\u00eda Musical, Armon\u00eda Moderna y Cursos Online\",\"publisher\":{\"@id\":\"https:\/\/www.teoriamusical.es\/blog\/#\/schema\/person\/abbe30b6f6b449ac9e19ab236fe3d80c\"},\"potentialAction\":[{\"@type\":\"SearchAction\",\"target\":{\"@type\":\"EntryPoint\",\"urlTemplate\":\"https:\/\/www.teoriamusical.es\/blog\/?s={search_term_string}\"},\"query-input\":\"required name=search_term_string\"}],\"inLanguage\":\"es\"},{\"@type\":[\"Person\",\"Organization\"],\"@id\":\"https:\/\/www.teoriamusical.es\/blog\/#\/schema\/person\/abbe30b6f6b449ac9e19ab236fe3d80c\",\"name\":\"teoriamusical.es\",\"image\":{\"@type\":\"ImageObject\",\"inLanguage\":\"es\",\"@id\":\"https:\/\/www.teoriamusical.es\/blog\/#\/schema\/person\/image\/\",\"url\":\"https:\/\/secure.gravatar.com\/avatar\/1d7014e5a95916f717d86ab0aceffce14fd35c12b39d368d60384afae17e1760?s=96&d=mm&r=g\",\"contentUrl\":\"https:\/\/secure.gravatar.com\/avatar\/1d7014e5a95916f717d86ab0aceffce14fd35c12b39d368d60384afae17e1760?s=96&d=mm&r=g\",\"caption\":\"teoriamusical.es\"},\"logo\":{\"@id\":\"https:\/\/www.teoriamusical.es\/blog\/#\/schema\/person\/image\/\"}}]}<\/script>\n<!-- \/ Yoast SEO plugin. -->","yoast_head_json":{"title":"Acordes Neo Soul - Teor\u00eda Musical","robots":{"index":"index","follow":"follow","max-snippet":"max-snippet:-1","max-image-preview":"max-image-preview:large","max-video-preview":"max-video-preview:-1"},"canonical":"https:\/\/www.teoriamusical.es\/blog\/acordes-neo-soul\/","og_locale":"es_ES","og_type":"article","og_title":"Acordes Neo Soul - Teor\u00eda Musical","og_description":"Los acordes neo soul forman parte del lenguaje de la armon\u00eda moderna y son el resultado l\u00f3gico de una gran herencia que bebe del jazz, el blues, el gospel, el soul, el hip hop y otras m\u00fasicas de raiz afroamericana. &hellip; Sigue leyendo &rarr;","og_url":"https:\/\/www.teoriamusical.es\/blog\/acordes-neo-soul\/","og_site_name":"Teor\u00eda Musical","article_published_time":"2021-07-16T09:52:40+00:00","article_modified_time":"2021-07-16T09:52:42+00:00","author":"teoriamusical.es","twitter_card":"summary_large_image","twitter_misc":{"Escrito por":"teoriamusical.es","Tiempo de lectura":"1 minuto"},"schema":{"@context":"https:\/\/schema.org","@graph":[{"@type":"Article","@id":"https:\/\/www.teoriamusical.es\/blog\/acordes-neo-soul\/#article","isPartOf":{"@id":"https:\/\/www.teoriamusical.es\/blog\/acordes-neo-soul\/"},"author":{"name":"teoriamusical.es","@id":"https:\/\/www.teoriamusical.es\/blog\/#\/schema\/person\/abbe30b6f6b449ac9e19ab236fe3d80c"},"headline":"Acordes Neo Soul","datePublished":"2021-07-16T09:52:40+00:00","dateModified":"2021-07-16T09:52:42+00:00","mainEntityOfPage":{"@id":"https:\/\/www.teoriamusical.es\/blog\/acordes-neo-soul\/"},"wordCount":151,"commentCount":0,"publisher":{"@id":"https:\/\/www.teoriamusical.es\/blog\/#\/schema\/person\/abbe30b6f6b449ac9e19ab236fe3d80c"},"articleSection":["Acordes","Armon\u00eda Moderna"],"inLanguage":"es","potentialAction":[{"@type":"CommentAction","name":"Comment","target":["https:\/\/www.teoriamusical.es\/blog\/acordes-neo-soul\/#respond"]}]},{"@type":"WebPage","@id":"https:\/\/www.teoriamusical.es\/blog\/acordes-neo-soul\/","url":"https:\/\/www.teoriamusical.es\/blog\/acordes-neo-soul\/","name":"Acordes Neo Soul - Teor\u00eda Musical","isPartOf":{"@id":"https:\/\/www.teoriamusical.es\/blog\/#website"},"datePublished":"2021-07-16T09:52:40+00:00","dateModified":"2021-07-16T09:52:42+00:00","breadcrumb":{"@id":"https:\/\/www.teoriamusical.es\/blog\/acordes-neo-soul\/#breadcrumb"},"inLanguage":"es","potentialAction":[{"@type":"ReadAction","target":["https:\/\/www.teoriamusical.es\/blog\/acordes-neo-soul\/"]}]},{"@type":"BreadcrumbList","@id":"https:\/\/www.teoriamusical.es\/blog\/acordes-neo-soul\/#breadcrumb","itemListElement":[{"@type":"ListItem","position":1,"name":"Home","item":"https:\/\/www.teoriamusical.es\/blog\/"},{"@type":"ListItem","position":2,"name":"Acordes Neo Soul"}]},{"@type":"WebSite","@id":"https:\/\/www.teoriamusical.es\/blog\/#website","url":"https:\/\/www.teoriamusical.es\/blog\/","name":"Teor\u00eda Musical","description":"Teor\u00eda Musical, Armon\u00eda Moderna y Cursos Online","publisher":{"@id":"https:\/\/www.teoriamusical.es\/blog\/#\/schema\/person\/abbe30b6f6b449ac9e19ab236fe3d80c"},"potentialAction":[{"@type":"SearchAction","target":{"@type":"EntryPoint","urlTemplate":"https:\/\/www.teoriamusical.es\/blog\/?s={search_term_string}"},"query-input":"required name=search_term_string"}],"inLanguage":"es"},{"@type":["Person","Organization"],"@id":"https:\/\/www.teoriamusical.es\/blog\/#\/schema\/person\/abbe30b6f6b449ac9e19ab236fe3d80c","name":"teoriamusical.es","image":{"@type":"ImageObject","inLanguage":"es","@id":"https:\/\/www.teoriamusical.es\/blog\/#\/schema\/person\/image\/","url":"https:\/\/secure.gravatar.com\/avatar\/1d7014e5a95916f717d86ab0aceffce14fd35c12b39d368d60384afae17e1760?s=96&d=mm&r=g","contentUrl":"https:\/\/secure.gravatar.com\/avatar\/1d7014e5a95916f717d86ab0aceffce14fd35c12b39d368d60384afae17e1760?s=96&d=mm&r=g","caption":"teoriamusical.es"},"logo":{"@id":"https:\/\/www.teoriamusical.es\/blog\/#\/schema\/person\/image\/"}}]}},"jetpack_featured_media_url":"","jetpack-related-posts":[{"id":264,"url":"https:\/\/www.teoriamusical.es\/blog\/progresiones-neo-soul\/","url_meta":{"origin":261,"position":0},"title":"Progresiones Neo Soul","date":"julio 16, 2021","format":false,"excerpt":"Neo soul es el estilo que nos tuvo ocupados componiendo, arreglando y produciendo durante la semana pasada. Sin embargo en las audiciones en directo vimos que no hab\u00edamos terminado de coger el punto al estilo, pese a que ten\u00edamos referencias como Erykah Badu, Robert Glasper, Maxwell, etc. El lenguaje arm\u00f3nico\u2026","rel":"","context":"En \u00abAcordes\u00bb","img":{"alt_text":"","src":"https:\/\/i0.wp.com\/img.youtube.com\/vi\/CSGmVBIcOwc\/0.jpg?resize=350%2C200","width":350,"height":200},"classes":[]},{"id":267,"url":"https:\/\/www.teoriamusical.es\/blog\/tensiones-del-acorde-en-la-melodia\/","url_meta":{"origin":261,"position":1},"title":"Tensiones del acorde en la Melod\u00eda","date":"julio 16, 2021","format":false,"excerpt":"Crear melod\u00edas y desarrollarlas es algo a lo que dediqu\u00e9 todo un curso. En este video exploramos algunos conceptos sencillos para, partiendo de la armon\u00eda, crear melod\u00edas. Pero no s\u00f3lo melod\u00edas desde la triada base sino desde las distintas triadas internas que surgen en cada uno de los modos que\u2026","rel":"","context":"En \u00abAn\u00e1lisis Musical\u00bb","img":{"alt_text":"","src":"https:\/\/i0.wp.com\/img.youtube.com\/vi\/cwXVjkE8KNw\/0.jpg?resize=350%2C200","width":350,"height":200},"classes":[]},{"id":227,"url":"https:\/\/www.teoriamusical.es\/blog\/armonias-vocales\/","url_meta":{"origin":261,"position":2},"title":"Armon\u00edas Vocales","date":"julio 7, 2021","format":false,"excerpt":"Las Armonias vocales en un arreglo, sea estilo barber shop, neo soul, gospel, etc, siempre tienen un encanto especial. Son esas armon\u00edas vocales, entre otras cosas, las que hacen que artistas como Jacob Collier, Take 6 y otros tengan un sitio especial en nuestra lista de reproducci\u00f3n pero, \u00bfc\u00f3mo se\u2026","rel":"","context":"En \u00abArmon\u00eda Moderna\u00bb","img":{"alt_text":"","src":"https:\/\/i0.wp.com\/img.youtube.com\/vi\/ctfaguNICGI\/0.jpg?resize=350%2C200","width":350,"height":200},"classes":[]},{"id":242,"url":"https:\/\/www.teoriamusical.es\/blog\/arreglos-vocales\/","url_meta":{"origin":261,"position":3},"title":"Arreglos Vocales","date":"julio 16, 2021","format":false,"excerpt":"Las Armonias vocales en un arreglo, sea estilo barber shop, neo soul, gospel, etc, siempre tienen un encanto especial. Son esas armon\u00edas vocales, entre otras cosas, las que hacen que artistas como Jacob Collier, Take 6 y otros tengan un sitio especial en nuestra lista de reproducci\u00f3n pero, \u00bfc\u00f3mo se\u2026","rel":"","context":"En \u00abAn\u00e1lisis Musical\u00bb","img":{"alt_text":"","src":"https:\/\/i0.wp.com\/img.youtube.com\/vi\/ctfaguNICGI\/0.jpg?resize=350%2C200","width":350,"height":200},"classes":[]},{"id":338,"url":"https:\/\/www.teoriamusical.es\/blog\/lenguaje-armonico-en-la-guitarra-y-el-piano\/","url_meta":{"origin":261,"position":4},"title":"Lenguaje Arm\u00f3nico en la Guitarra y el Piano","date":"julio 16, 2021","format":false,"excerpt":"Aplicar nuestro lenguaje arm\u00f3nico a distintos instrumentos es una oportunidad buen\u00edsima de ampliar nuestros recursos musicales, ya que las disposiciones y sonoridad de los acordes no es la misma en todos los instrumentos. Por eso, siempre que puedo, toco instrumentos que no sean el piano, que es mi instrumento habitual.\u2026","rel":"","context":"En \u00abAn\u00e1lisis Musical\u00bb","img":{"alt_text":"","src":"https:\/\/i0.wp.com\/img.youtube.com\/vi\/xgjK4SsU_n8\/0.jpg?resize=350%2C200","width":350,"height":200},"classes":[]},{"id":230,"url":"https:\/\/www.teoriamusical.es\/blog\/acordes-modales-en-armonia-funcional\/","url_meta":{"origin":261,"position":5},"title":"Acordes Modales en Armon\u00eda Funcional","date":"julio 7, 2021","format":false,"excerpt":"Hace algunas semanas terminamos la serie de videos sobre armon\u00eda modal y vimos que pod\u00edamos establecer la sonaridad de un modo sin utilizar progresiones de acordes. En este video hablamos sobre c\u00f3mo incorporar estos acordes modales en un contexto musical de armon\u00eda funcional, es decir, un contexto en que el\u2026","rel":"","context":"En \u00abAcordes\u00bb","img":{"alt_text":"","src":"https:\/\/i0.wp.com\/img.youtube.com\/vi\/asd4Ka1fhcM\/0.jpg?resize=350%2C200","width":350,"height":200},"classes":[]}],"_links":{"self":[{"href":"https:\/\/www.teoriamusical.es\/blog\/wp-json\/wp\/v2\/posts\/261","targetHints":{"allow":["GET"]}}],"collection":[{"href":"https:\/\/www.teoriamusical.es\/blog\/wp-json\/wp\/v2\/posts"}],"about":[{"href":"https:\/\/www.teoriamusical.es\/blog\/wp-json\/wp\/v2\/types\/post"}],"author":[{"embeddable":true,"href":"https:\/\/www.teoriamusical.es\/blog\/wp-json\/wp\/v2\/users\/1"}],"replies":[{"embeddable":true,"href":"https:\/\/www.teoriamusical.es\/blog\/wp-json\/wp\/v2\/comments?post=261"}],"version-history":[{"count":1,"href":"https:\/\/www.teoriamusical.es\/blog\/wp-json\/wp\/v2\/posts\/261\/revisions"}],"predecessor-version":[{"id":263,"href":"https:\/\/www.teoriamusical.es\/blog\/wp-json\/wp\/v2\/posts\/261\/revisions\/263"}],"wp:attachment":[{"href":"https:\/\/www.teoriamusical.es\/blog\/wp-json\/wp\/v2\/media?parent=261"}],"wp:term":[{"taxonomy":"category","embeddable":true,"href":"https:\/\/www.teoriamusical.es\/blog\/wp-json\/wp\/v2\/categories?post=261"},{"taxonomy":"post_tag","embeddable":true,"href":"https:\/\/www.teoriamusical.es\/blog\/wp-json\/wp\/v2\/tags?post=261"}],"curies":[{"name":"wp","href":"https:\/\/api.w.org\/{rel}","templated":true}]}}