{"id":230,"date":"2021-07-07T23:27:50","date_gmt":"2021-07-07T21:27:50","guid":{"rendered":"https:\/\/www.teoriamusical.es\/blog\/?p=230"},"modified":"2021-07-07T23:27:52","modified_gmt":"2021-07-07T21:27:52","slug":"acordes-modales-en-armonia-funcional","status":"publish","type":"post","link":"https:\/\/www.teoriamusical.es\/blog\/acordes-modales-en-armonia-funcional\/","title":{"rendered":"Acordes Modales en Armon\u00eda Funcional"},"content":{"rendered":"\n<p>Hace algunas semanas terminamos la serie de videos sobre armon\u00eda modal y vimos que pod\u00edamos establecer la sonaridad de un modo sin utilizar progresiones de acordes. En este video hablamos sobre c\u00f3mo incorporar estos acordes modales en un contexto musical de armon\u00eda funcional, es decir, un contexto en que el acorde est\u00e1 cumpliendo una funci\u00f3n de t\u00f3nica, subdominante o dominante pero sin perder su identidad modal, de forma que si escuchamos un acorde menor, sepamos gracias a sus notas caracter\u00edsticas y al voicing del acorde, si \u00e9ste es d\u00f3rico, frigio o \u00e9olico pese a que no estemos en un entorno modal.<\/p>\n\n\n\n<figure class=\"wp-block-embed-youtube wp-block-embed is-type-video is-provider-youtube wp-embed-aspect-16-9 wp-has-aspect-ratio\"><div class=\"wp-block-embed__wrapper\">\n<iframe loading=\"lazy\" title=\"Acordes Modales en Armon\u00eda Funcional | Countblissett\" width=\"584\" height=\"329\" src=\"https:\/\/www.youtube.com\/embed\/asd4Ka1fhcM?feature=oembed\" frameborder=\"0\" allow=\"accelerometer; autoplay; clipboard-write; encrypted-media; gyroscope; picture-in-picture; web-share\" referrerpolicy=\"strict-origin-when-cross-origin\" allowfullscreen><\/iframe>\n<\/div><\/figure>\n","protected":false},"excerpt":{"rendered":"<p>Hace algunas semanas terminamos la serie de videos sobre armon\u00eda modal y vimos que pod\u00edamos establecer la sonaridad de un modo sin utilizar progresiones de acordes. En este video hablamos sobre c\u00f3mo incorporar estos acordes modales en un contexto musical &hellip; <a href=\"https:\/\/www.teoriamusical.es\/blog\/acordes-modales-en-armonia-funcional\/\">Sigue leyendo <span class=\"meta-nav\">&rarr;<\/span><\/a><\/p>\n","protected":false},"author":1,"featured_media":0,"comment_status":"open","ping_status":"open","sticky":false,"template":"","format":"standard","meta":{"_monsterinsights_skip_tracking":false,"_monsterinsights_sitenote_active":false,"_monsterinsights_sitenote_note":"","_monsterinsights_sitenote_category":0,"footnotes":""},"categories":[37,15],"tags":[],"class_list":["post-230","post","type-post","status-publish","format-standard","hentry","category-acordes","category-armonia-moderna"],"yoast_head":"<!-- This site is optimized with the Yoast SEO plugin v19.6 - https:\/\/yoast.com\/wordpress\/plugins\/seo\/ -->\n<title>Acordes Modales en Armon\u00eda Funcional - Teor\u00eda Musical<\/title>\n<meta name=\"robots\" content=\"index, follow, max-snippet:-1, max-image-preview:large, max-video-preview:-1\" \/>\n<link rel=\"canonical\" href=\"https:\/\/www.teoriamusical.es\/blog\/acordes-modales-en-armonia-funcional\/\" \/>\n<meta property=\"og:locale\" content=\"es_ES\" \/>\n<meta property=\"og:type\" content=\"article\" \/>\n<meta property=\"og:title\" content=\"Acordes Modales en Armon\u00eda Funcional - Teor\u00eda Musical\" \/>\n<meta property=\"og:description\" content=\"Hace algunas semanas terminamos la serie de videos sobre armon\u00eda modal y vimos que pod\u00edamos establecer la sonaridad de un modo sin utilizar progresiones de acordes. En este video hablamos sobre c\u00f3mo incorporar estos acordes modales en un contexto musical &hellip; Sigue leyendo &rarr;\" \/>\n<meta property=\"og:url\" content=\"https:\/\/www.teoriamusical.es\/blog\/acordes-modales-en-armonia-funcional\/\" \/>\n<meta property=\"og:site_name\" content=\"Teor\u00eda Musical\" \/>\n<meta property=\"article:published_time\" content=\"2021-07-07T21:27:50+00:00\" \/>\n<meta property=\"article:modified_time\" content=\"2021-07-07T21:27:52+00:00\" \/>\n<meta name=\"author\" content=\"teoriamusical.es\" \/>\n<meta name=\"twitter:card\" content=\"summary_large_image\" \/>\n<meta name=\"twitter:label1\" content=\"Escrito por\" \/>\n\t<meta name=\"twitter:data1\" content=\"teoriamusical.es\" \/>\n\t<meta name=\"twitter:label2\" content=\"Tiempo de lectura\" \/>\n\t<meta name=\"twitter:data2\" content=\"1 minuto\" \/>\n<script type=\"application\/ld+json\" class=\"yoast-schema-graph\">{\"@context\":\"https:\/\/schema.org\",\"@graph\":[{\"@type\":\"Article\",\"@id\":\"https:\/\/www.teoriamusical.es\/blog\/acordes-modales-en-armonia-funcional\/#article\",\"isPartOf\":{\"@id\":\"https:\/\/www.teoriamusical.es\/blog\/acordes-modales-en-armonia-funcional\/\"},\"author\":{\"name\":\"teoriamusical.es\",\"@id\":\"https:\/\/www.teoriamusical.es\/blog\/#\/schema\/person\/abbe30b6f6b449ac9e19ab236fe3d80c\"},\"headline\":\"Acordes Modales en Armon\u00eda Funcional\",\"datePublished\":\"2021-07-07T21:27:50+00:00\",\"dateModified\":\"2021-07-07T21:27:52+00:00\",\"mainEntityOfPage\":{\"@id\":\"https:\/\/www.teoriamusical.es\/blog\/acordes-modales-en-armonia-funcional\/\"},\"wordCount\":121,\"commentCount\":0,\"publisher\":{\"@id\":\"https:\/\/www.teoriamusical.es\/blog\/#\/schema\/person\/abbe30b6f6b449ac9e19ab236fe3d80c\"},\"articleSection\":[\"Acordes\",\"Armon\u00eda Moderna\"],\"inLanguage\":\"es\",\"potentialAction\":[{\"@type\":\"CommentAction\",\"name\":\"Comment\",\"target\":[\"https:\/\/www.teoriamusical.es\/blog\/acordes-modales-en-armonia-funcional\/#respond\"]}]},{\"@type\":\"WebPage\",\"@id\":\"https:\/\/www.teoriamusical.es\/blog\/acordes-modales-en-armonia-funcional\/\",\"url\":\"https:\/\/www.teoriamusical.es\/blog\/acordes-modales-en-armonia-funcional\/\",\"name\":\"Acordes Modales en Armon\u00eda Funcional - Teor\u00eda Musical\",\"isPartOf\":{\"@id\":\"https:\/\/www.teoriamusical.es\/blog\/#website\"},\"datePublished\":\"2021-07-07T21:27:50+00:00\",\"dateModified\":\"2021-07-07T21:27:52+00:00\",\"breadcrumb\":{\"@id\":\"https:\/\/www.teoriamusical.es\/blog\/acordes-modales-en-armonia-funcional\/#breadcrumb\"},\"inLanguage\":\"es\",\"potentialAction\":[{\"@type\":\"ReadAction\",\"target\":[\"https:\/\/www.teoriamusical.es\/blog\/acordes-modales-en-armonia-funcional\/\"]}]},{\"@type\":\"BreadcrumbList\",\"@id\":\"https:\/\/www.teoriamusical.es\/blog\/acordes-modales-en-armonia-funcional\/#breadcrumb\",\"itemListElement\":[{\"@type\":\"ListItem\",\"position\":1,\"name\":\"Home\",\"item\":\"https:\/\/www.teoriamusical.es\/blog\/\"},{\"@type\":\"ListItem\",\"position\":2,\"name\":\"Acordes Modales en Armon\u00eda Funcional\"}]},{\"@type\":\"WebSite\",\"@id\":\"https:\/\/www.teoriamusical.es\/blog\/#website\",\"url\":\"https:\/\/www.teoriamusical.es\/blog\/\",\"name\":\"Teor\u00eda Musical\",\"description\":\"Teor\u00eda Musical, Armon\u00eda Moderna y Cursos Online\",\"publisher\":{\"@id\":\"https:\/\/www.teoriamusical.es\/blog\/#\/schema\/person\/abbe30b6f6b449ac9e19ab236fe3d80c\"},\"potentialAction\":[{\"@type\":\"SearchAction\",\"target\":{\"@type\":\"EntryPoint\",\"urlTemplate\":\"https:\/\/www.teoriamusical.es\/blog\/?s={search_term_string}\"},\"query-input\":\"required name=search_term_string\"}],\"inLanguage\":\"es\"},{\"@type\":[\"Person\",\"Organization\"],\"@id\":\"https:\/\/www.teoriamusical.es\/blog\/#\/schema\/person\/abbe30b6f6b449ac9e19ab236fe3d80c\",\"name\":\"teoriamusical.es\",\"image\":{\"@type\":\"ImageObject\",\"inLanguage\":\"es\",\"@id\":\"https:\/\/www.teoriamusical.es\/blog\/#\/schema\/person\/image\/\",\"url\":\"https:\/\/secure.gravatar.com\/avatar\/1d7014e5a95916f717d86ab0aceffce14fd35c12b39d368d60384afae17e1760?s=96&d=mm&r=g\",\"contentUrl\":\"https:\/\/secure.gravatar.com\/avatar\/1d7014e5a95916f717d86ab0aceffce14fd35c12b39d368d60384afae17e1760?s=96&d=mm&r=g\",\"caption\":\"teoriamusical.es\"},\"logo\":{\"@id\":\"https:\/\/www.teoriamusical.es\/blog\/#\/schema\/person\/image\/\"}}]}<\/script>\n<!-- \/ Yoast SEO plugin. -->","yoast_head_json":{"title":"Acordes Modales en Armon\u00eda Funcional - Teor\u00eda Musical","robots":{"index":"index","follow":"follow","max-snippet":"max-snippet:-1","max-image-preview":"max-image-preview:large","max-video-preview":"max-video-preview:-1"},"canonical":"https:\/\/www.teoriamusical.es\/blog\/acordes-modales-en-armonia-funcional\/","og_locale":"es_ES","og_type":"article","og_title":"Acordes Modales en Armon\u00eda Funcional - Teor\u00eda Musical","og_description":"Hace algunas semanas terminamos la serie de videos sobre armon\u00eda modal y vimos que pod\u00edamos establecer la sonaridad de un modo sin utilizar progresiones de acordes. En este video hablamos sobre c\u00f3mo incorporar estos acordes modales en un contexto musical &hellip; Sigue leyendo &rarr;","og_url":"https:\/\/www.teoriamusical.es\/blog\/acordes-modales-en-armonia-funcional\/","og_site_name":"Teor\u00eda Musical","article_published_time":"2021-07-07T21:27:50+00:00","article_modified_time":"2021-07-07T21:27:52+00:00","author":"teoriamusical.es","twitter_card":"summary_large_image","twitter_misc":{"Escrito por":"teoriamusical.es","Tiempo de lectura":"1 minuto"},"schema":{"@context":"https:\/\/schema.org","@graph":[{"@type":"Article","@id":"https:\/\/www.teoriamusical.es\/blog\/acordes-modales-en-armonia-funcional\/#article","isPartOf":{"@id":"https:\/\/www.teoriamusical.es\/blog\/acordes-modales-en-armonia-funcional\/"},"author":{"name":"teoriamusical.es","@id":"https:\/\/www.teoriamusical.es\/blog\/#\/schema\/person\/abbe30b6f6b449ac9e19ab236fe3d80c"},"headline":"Acordes Modales en Armon\u00eda Funcional","datePublished":"2021-07-07T21:27:50+00:00","dateModified":"2021-07-07T21:27:52+00:00","mainEntityOfPage":{"@id":"https:\/\/www.teoriamusical.es\/blog\/acordes-modales-en-armonia-funcional\/"},"wordCount":121,"commentCount":0,"publisher":{"@id":"https:\/\/www.teoriamusical.es\/blog\/#\/schema\/person\/abbe30b6f6b449ac9e19ab236fe3d80c"},"articleSection":["Acordes","Armon\u00eda Moderna"],"inLanguage":"es","potentialAction":[{"@type":"CommentAction","name":"Comment","target":["https:\/\/www.teoriamusical.es\/blog\/acordes-modales-en-armonia-funcional\/#respond"]}]},{"@type":"WebPage","@id":"https:\/\/www.teoriamusical.es\/blog\/acordes-modales-en-armonia-funcional\/","url":"https:\/\/www.teoriamusical.es\/blog\/acordes-modales-en-armonia-funcional\/","name":"Acordes Modales en Armon\u00eda Funcional - Teor\u00eda Musical","isPartOf":{"@id":"https:\/\/www.teoriamusical.es\/blog\/#website"},"datePublished":"2021-07-07T21:27:50+00:00","dateModified":"2021-07-07T21:27:52+00:00","breadcrumb":{"@id":"https:\/\/www.teoriamusical.es\/blog\/acordes-modales-en-armonia-funcional\/#breadcrumb"},"inLanguage":"es","potentialAction":[{"@type":"ReadAction","target":["https:\/\/www.teoriamusical.es\/blog\/acordes-modales-en-armonia-funcional\/"]}]},{"@type":"BreadcrumbList","@id":"https:\/\/www.teoriamusical.es\/blog\/acordes-modales-en-armonia-funcional\/#breadcrumb","itemListElement":[{"@type":"ListItem","position":1,"name":"Home","item":"https:\/\/www.teoriamusical.es\/blog\/"},{"@type":"ListItem","position":2,"name":"Acordes Modales en Armon\u00eda Funcional"}]},{"@type":"WebSite","@id":"https:\/\/www.teoriamusical.es\/blog\/#website","url":"https:\/\/www.teoriamusical.es\/blog\/","name":"Teor\u00eda Musical","description":"Teor\u00eda Musical, Armon\u00eda Moderna y Cursos Online","publisher":{"@id":"https:\/\/www.teoriamusical.es\/blog\/#\/schema\/person\/abbe30b6f6b449ac9e19ab236fe3d80c"},"potentialAction":[{"@type":"SearchAction","target":{"@type":"EntryPoint","urlTemplate":"https:\/\/www.teoriamusical.es\/blog\/?s={search_term_string}"},"query-input":"required name=search_term_string"}],"inLanguage":"es"},{"@type":["Person","Organization"],"@id":"https:\/\/www.teoriamusical.es\/blog\/#\/schema\/person\/abbe30b6f6b449ac9e19ab236fe3d80c","name":"teoriamusical.es","image":{"@type":"ImageObject","inLanguage":"es","@id":"https:\/\/www.teoriamusical.es\/blog\/#\/schema\/person\/image\/","url":"https:\/\/secure.gravatar.com\/avatar\/1d7014e5a95916f717d86ab0aceffce14fd35c12b39d368d60384afae17e1760?s=96&d=mm&r=g","contentUrl":"https:\/\/secure.gravatar.com\/avatar\/1d7014e5a95916f717d86ab0aceffce14fd35c12b39d368d60384afae17e1760?s=96&d=mm&r=g","caption":"teoriamusical.es"},"logo":{"@id":"https:\/\/www.teoriamusical.es\/blog\/#\/schema\/person\/image\/"}}]}},"jetpack_featured_media_url":"","jetpack-related-posts":[{"id":247,"url":"https:\/\/www.teoriamusical.es\/blog\/acordes-modales-en-armonia-funcional-2\/","url_meta":{"origin":230,"position":0},"title":"Acordes Modales en Armon\u00eda Funcional","date":"julio 16, 2021","format":false,"excerpt":"Hace algunas semanas terminamos la serie de videos sobre armon\u00eda modal y vimos que pod\u00edamos establecer la sonaridad de un modo sin utilizar progresiones de acordes. En este video hablamos sobre c\u00f3mo incorporar estos acordes modales en un contexto musical de armon\u00eda funcional, es decir, un contexto en que el\u2026","rel":"","context":"En \u00abAcordes\u00bb","img":{"alt_text":"","src":"https:\/\/i0.wp.com\/img.youtube.com\/vi\/asd4Ka1fhcM\/0.jpg?resize=350%2C200","width":350,"height":200},"classes":[]},{"id":85,"url":"https:\/\/www.teoriamusical.es\/blog\/tonalidad-acorde\/","url_meta":{"origin":230,"position":1},"title":"Tonalidad y Acorde","date":"diciembre 5, 2019","format":false,"excerpt":"Tonalidad y acorde tienen, en armon\u00eda funcional, una relaci\u00f3n. Siempre explico, en mis cursos online, en mis clases particulares y en mis videos de Youtube, que debemos saber 3 cosas sobre un acorde; su forma (voicing), el modo que tiene debajo y su escala fuente. Esa escala fuente est\u00e1 en\u2026","rel":"","context":"En \u00abAcordes\u00bb","img":{"alt_text":"","src":"https:\/\/i0.wp.com\/img.youtube.com\/vi\/5f6fnYnNXes\/0.jpg?resize=350%2C200","width":350,"height":200},"classes":[]},{"id":288,"url":"https:\/\/www.teoriamusical.es\/blog\/acordes-de-cine\/","url_meta":{"origin":230,"position":2},"title":"Acordes de Cine","date":"julio 16, 2021","format":false,"excerpt":"Acordes de Cine es el ejercicio de la secci\u00f3n de teor\u00eda musical con el que empezamos el a\u00f1o. En esta secci\u00f3n se explica una t\u00e9cnica musical y vosotros compon\u00e9is algo us\u00e1ndola. Vamos a hablar de armon\u00eda de cine, que es la armon\u00eda habitual en el arte de componer para bandas\u2026","rel":"","context":"En \u00abArmon\u00eda Moderna\u00bb","img":{"alt_text":"","src":"https:\/\/i0.wp.com\/img.youtube.com\/vi\/eLqVo5lR3ZM\/0.jpg?resize=350%2C200","width":350,"height":200},"classes":[]},{"id":203,"url":"https:\/\/www.teoriamusical.es\/blog\/modo-mixolidio\/","url_meta":{"origin":230,"position":3},"title":"Modo Mixolidio","date":"julio 7, 2021","format":false,"excerpt":"\u00bfQu\u00e9 es la Armon\u00eda Modal? Esta es una de las preguntas m\u00e1s repetidas por los alumnos y suscriptores que mandan mails. En este video explico de forma sencilla la diferencia entre armon\u00eda funcional y armon\u00eda modal, haciendo hincapi\u00e9 en las diferencias que existen entre gravitar alrededor de un centro tonal\u2026","rel":"","context":"En \u00abAn\u00e1lisis Musical\u00bb","img":{"alt_text":"","src":"https:\/\/i0.wp.com\/img.youtube.com\/vi\/UAsrpzddfGo\/0.jpg?resize=350%2C200","width":350,"height":200},"classes":[]},{"id":215,"url":"https:\/\/www.teoriamusical.es\/blog\/modo-eolico\/","url_meta":{"origin":230,"position":4},"title":"Modo E\u00f3lico","date":"julio 7, 2021","format":false,"excerpt":"\u00bfQu\u00e9 es la Armon\u00eda Modal? Esta es una de las preguntas m\u00e1s repetidas por los alumnos y suscriptores que mandan mails. En est\u00e9 video hablamos del modo e\u00f3lico, o Aeolian o, simplemente, \"el modo menor\" para los amigos. Veremos diferencias entre usarlo en un contexto de armon\u00eda tonal y de\u2026","rel":"","context":"En \u00abAn\u00e1lisis Musical\u00bb","img":{"alt_text":"","src":"https:\/\/i0.wp.com\/img.youtube.com\/vi\/yd5H23uBqtk\/0.jpg?resize=350%2C200","width":350,"height":200},"classes":[]},{"id":465,"url":"https:\/\/www.teoriamusical.es\/blog\/la-clave-del-intercambio-modal\/","url_meta":{"origin":230,"position":5},"title":"La Clave del Intercambio Modal","date":"junio 29, 2022","format":false,"excerpt":"El intercambio modal es un recurso que, en armon\u00eda moderna, nos prepara para la tonalidad extendida, que est\u00e1 a la orden del d\u00eda en la pr\u00e1ctica jazzistica, tanto en composici\u00f3n como en improvisaci\u00f3n. Aprender los recursos arm\u00f3nicos y las formas de ver la armon\u00eda que se tienen en distintos estilos\u2026","rel":"","context":"En \u00abCursos de M\u00fasica\u00bb","img":{"alt_text":"","src":"https:\/\/i0.wp.com\/img.youtube.com\/vi\/_6_BtKDiroM\/0.jpg?resize=350%2C200","width":350,"height":200},"classes":[]}],"_links":{"self":[{"href":"https:\/\/www.teoriamusical.es\/blog\/wp-json\/wp\/v2\/posts\/230","targetHints":{"allow":["GET"]}}],"collection":[{"href":"https:\/\/www.teoriamusical.es\/blog\/wp-json\/wp\/v2\/posts"}],"about":[{"href":"https:\/\/www.teoriamusical.es\/blog\/wp-json\/wp\/v2\/types\/post"}],"author":[{"embeddable":true,"href":"https:\/\/www.teoriamusical.es\/blog\/wp-json\/wp\/v2\/users\/1"}],"replies":[{"embeddable":true,"href":"https:\/\/www.teoriamusical.es\/blog\/wp-json\/wp\/v2\/comments?post=230"}],"version-history":[{"count":1,"href":"https:\/\/www.teoriamusical.es\/blog\/wp-json\/wp\/v2\/posts\/230\/revisions"}],"predecessor-version":[{"id":231,"href":"https:\/\/www.teoriamusical.es\/blog\/wp-json\/wp\/v2\/posts\/230\/revisions\/231"}],"wp:attachment":[{"href":"https:\/\/www.teoriamusical.es\/blog\/wp-json\/wp\/v2\/media?parent=230"}],"wp:term":[{"taxonomy":"category","embeddable":true,"href":"https:\/\/www.teoriamusical.es\/blog\/wp-json\/wp\/v2\/categories?post=230"},{"taxonomy":"post_tag","embeddable":true,"href":"https:\/\/www.teoriamusical.es\/blog\/wp-json\/wp\/v2\/tags?post=230"}],"curies":[{"name":"wp","href":"https:\/\/api.w.org\/{rel}","templated":true}]}}