{"id":221,"date":"2021-07-07T23:20:42","date_gmt":"2021-07-07T21:20:42","guid":{"rendered":"https:\/\/www.teoriamusical.es\/blog\/?p=221"},"modified":"2021-07-07T23:21:25","modified_gmt":"2021-07-07T21:21:25","slug":"acordes-disminuidos-y-semidisminuidos","status":"publish","type":"post","link":"https:\/\/www.teoriamusical.es\/blog\/acordes-disminuidos-y-semidisminuidos\/","title":{"rendered":"Acordes Disminuidos y Semidisminuidos"},"content":{"rendered":"\n<p>Los acordes disminuidos y los acordes semidisminuidos suelen explicarse juntos para evitar confusiones. A\u00fan as\u00ed, es muy com\u00fan que la persona que estudia m\u00fasica de forma autodidacta, en Youtube, con libros e incluso de forma presencial, se confunda un poco. Esto tiene que ver con que en los propios libros de teoria musical llaman al semidisminuido del s\u00e9ptimo grado de la escala mayor, acorde disminuido, cuando en realidad, al tener modo locrio, es un semidisminuido. Esto est\u00e1 directamente relacionado con el problema que enfrentamos en la educaci\u00f3n musical, ya que muchas veces se separa el modo del acorde, mientras que en realidad son dos formas de la misma cosa. En este video veremos la escala octat\u00f3nica, escala disminuida, y el modo que usamos sobre acordes disminuidos, viendo al mismo tiempo las diferencias con los acordes semidisminuidos.<\/p>\n\n\n\n<figure class=\"wp-block-embed-youtube wp-block-embed is-type-video is-provider-youtube wp-embed-aspect-16-9 wp-has-aspect-ratio\"><div class=\"wp-block-embed__wrapper\">\n<iframe loading=\"lazy\" title=\"Acordes Disminuidos y Semidisminuidos - Teoria Musical | Countblissett\" width=\"584\" height=\"329\" src=\"https:\/\/www.youtube.com\/embed\/0mu2dduRQEc?feature=oembed\" frameborder=\"0\" allow=\"accelerometer; autoplay; clipboard-write; encrypted-media; gyroscope; picture-in-picture; web-share\" referrerpolicy=\"strict-origin-when-cross-origin\" allowfullscreen><\/iframe>\n<\/div><\/figure>\n","protected":false},"excerpt":{"rendered":"<p>Los acordes disminuidos y los acordes semidisminuidos suelen explicarse juntos para evitar confusiones. A\u00fan as\u00ed, es muy com\u00fan que la persona que estudia m\u00fasica de forma autodidacta, en Youtube, con libros e incluso de forma presencial, se confunda un poco. &hellip; <a href=\"https:\/\/www.teoriamusical.es\/blog\/acordes-disminuidos-y-semidisminuidos\/\">Sigue leyendo <span class=\"meta-nav\">&rarr;<\/span><\/a><\/p>\n","protected":false},"author":1,"featured_media":0,"comment_status":"open","ping_status":"open","sticky":false,"template":"","format":"standard","meta":{"_monsterinsights_skip_tracking":false,"_monsterinsights_sitenote_active":false,"_monsterinsights_sitenote_note":"","_monsterinsights_sitenote_category":0,"footnotes":""},"categories":[37,15],"tags":[],"class_list":["post-221","post","type-post","status-publish","format-standard","hentry","category-acordes","category-armonia-moderna"],"yoast_head":"<!-- This site is optimized with the Yoast SEO plugin v19.6 - https:\/\/yoast.com\/wordpress\/plugins\/seo\/ -->\n<title>Acordes Disminuidos y Semidisminuidos - Teor\u00eda Musical<\/title>\n<meta name=\"robots\" content=\"index, follow, max-snippet:-1, max-image-preview:large, max-video-preview:-1\" \/>\n<link rel=\"canonical\" href=\"https:\/\/www.teoriamusical.es\/blog\/acordes-disminuidos-y-semidisminuidos\/\" \/>\n<meta property=\"og:locale\" content=\"es_ES\" \/>\n<meta property=\"og:type\" content=\"article\" \/>\n<meta property=\"og:title\" content=\"Acordes Disminuidos y Semidisminuidos - Teor\u00eda Musical\" \/>\n<meta property=\"og:description\" content=\"Los acordes disminuidos y los acordes semidisminuidos suelen explicarse juntos para evitar confusiones. A\u00fan as\u00ed, es muy com\u00fan que la persona que estudia m\u00fasica de forma autodidacta, en Youtube, con libros e incluso de forma presencial, se confunda un poco. &hellip; Sigue leyendo &rarr;\" \/>\n<meta property=\"og:url\" content=\"https:\/\/www.teoriamusical.es\/blog\/acordes-disminuidos-y-semidisminuidos\/\" \/>\n<meta property=\"og:site_name\" content=\"Teor\u00eda Musical\" \/>\n<meta property=\"article:published_time\" content=\"2021-07-07T21:20:42+00:00\" \/>\n<meta property=\"article:modified_time\" content=\"2021-07-07T21:21:25+00:00\" \/>\n<meta name=\"author\" content=\"teoriamusical.es\" \/>\n<meta name=\"twitter:card\" content=\"summary_large_image\" \/>\n<meta name=\"twitter:label1\" content=\"Escrito por\" \/>\n\t<meta name=\"twitter:data1\" content=\"teoriamusical.es\" \/>\n\t<meta name=\"twitter:label2\" content=\"Tiempo de lectura\" \/>\n\t<meta name=\"twitter:data2\" content=\"1 minuto\" \/>\n<script type=\"application\/ld+json\" class=\"yoast-schema-graph\">{\"@context\":\"https:\/\/schema.org\",\"@graph\":[{\"@type\":\"Article\",\"@id\":\"https:\/\/www.teoriamusical.es\/blog\/acordes-disminuidos-y-semidisminuidos\/#article\",\"isPartOf\":{\"@id\":\"https:\/\/www.teoriamusical.es\/blog\/acordes-disminuidos-y-semidisminuidos\/\"},\"author\":{\"name\":\"teoriamusical.es\",\"@id\":\"https:\/\/www.teoriamusical.es\/blog\/#\/schema\/person\/abbe30b6f6b449ac9e19ab236fe3d80c\"},\"headline\":\"Acordes Disminuidos y Semidisminuidos\",\"datePublished\":\"2021-07-07T21:20:42+00:00\",\"dateModified\":\"2021-07-07T21:21:25+00:00\",\"mainEntityOfPage\":{\"@id\":\"https:\/\/www.teoriamusical.es\/blog\/acordes-disminuidos-y-semidisminuidos\/\"},\"wordCount\":151,\"commentCount\":0,\"publisher\":{\"@id\":\"https:\/\/www.teoriamusical.es\/blog\/#\/schema\/person\/abbe30b6f6b449ac9e19ab236fe3d80c\"},\"articleSection\":[\"Acordes\",\"Armon\u00eda Moderna\"],\"inLanguage\":\"es\",\"potentialAction\":[{\"@type\":\"CommentAction\",\"name\":\"Comment\",\"target\":[\"https:\/\/www.teoriamusical.es\/blog\/acordes-disminuidos-y-semidisminuidos\/#respond\"]}]},{\"@type\":\"WebPage\",\"@id\":\"https:\/\/www.teoriamusical.es\/blog\/acordes-disminuidos-y-semidisminuidos\/\",\"url\":\"https:\/\/www.teoriamusical.es\/blog\/acordes-disminuidos-y-semidisminuidos\/\",\"name\":\"Acordes Disminuidos y Semidisminuidos - Teor\u00eda Musical\",\"isPartOf\":{\"@id\":\"https:\/\/www.teoriamusical.es\/blog\/#website\"},\"datePublished\":\"2021-07-07T21:20:42+00:00\",\"dateModified\":\"2021-07-07T21:21:25+00:00\",\"breadcrumb\":{\"@id\":\"https:\/\/www.teoriamusical.es\/blog\/acordes-disminuidos-y-semidisminuidos\/#breadcrumb\"},\"inLanguage\":\"es\",\"potentialAction\":[{\"@type\":\"ReadAction\",\"target\":[\"https:\/\/www.teoriamusical.es\/blog\/acordes-disminuidos-y-semidisminuidos\/\"]}]},{\"@type\":\"BreadcrumbList\",\"@id\":\"https:\/\/www.teoriamusical.es\/blog\/acordes-disminuidos-y-semidisminuidos\/#breadcrumb\",\"itemListElement\":[{\"@type\":\"ListItem\",\"position\":1,\"name\":\"Home\",\"item\":\"https:\/\/www.teoriamusical.es\/blog\/\"},{\"@type\":\"ListItem\",\"position\":2,\"name\":\"Acordes Disminuidos y Semidisminuidos\"}]},{\"@type\":\"WebSite\",\"@id\":\"https:\/\/www.teoriamusical.es\/blog\/#website\",\"url\":\"https:\/\/www.teoriamusical.es\/blog\/\",\"name\":\"Teor\u00eda Musical\",\"description\":\"Teor\u00eda Musical, Armon\u00eda Moderna y Cursos Online\",\"publisher\":{\"@id\":\"https:\/\/www.teoriamusical.es\/blog\/#\/schema\/person\/abbe30b6f6b449ac9e19ab236fe3d80c\"},\"potentialAction\":[{\"@type\":\"SearchAction\",\"target\":{\"@type\":\"EntryPoint\",\"urlTemplate\":\"https:\/\/www.teoriamusical.es\/blog\/?s={search_term_string}\"},\"query-input\":\"required name=search_term_string\"}],\"inLanguage\":\"es\"},{\"@type\":[\"Person\",\"Organization\"],\"@id\":\"https:\/\/www.teoriamusical.es\/blog\/#\/schema\/person\/abbe30b6f6b449ac9e19ab236fe3d80c\",\"name\":\"teoriamusical.es\",\"image\":{\"@type\":\"ImageObject\",\"inLanguage\":\"es\",\"@id\":\"https:\/\/www.teoriamusical.es\/blog\/#\/schema\/person\/image\/\",\"url\":\"https:\/\/secure.gravatar.com\/avatar\/1d7014e5a95916f717d86ab0aceffce14fd35c12b39d368d60384afae17e1760?s=96&d=mm&r=g\",\"contentUrl\":\"https:\/\/secure.gravatar.com\/avatar\/1d7014e5a95916f717d86ab0aceffce14fd35c12b39d368d60384afae17e1760?s=96&d=mm&r=g\",\"caption\":\"teoriamusical.es\"},\"logo\":{\"@id\":\"https:\/\/www.teoriamusical.es\/blog\/#\/schema\/person\/image\/\"}}]}<\/script>\n<!-- \/ Yoast SEO plugin. -->","yoast_head_json":{"title":"Acordes Disminuidos y Semidisminuidos - Teor\u00eda Musical","robots":{"index":"index","follow":"follow","max-snippet":"max-snippet:-1","max-image-preview":"max-image-preview:large","max-video-preview":"max-video-preview:-1"},"canonical":"https:\/\/www.teoriamusical.es\/blog\/acordes-disminuidos-y-semidisminuidos\/","og_locale":"es_ES","og_type":"article","og_title":"Acordes Disminuidos y Semidisminuidos - Teor\u00eda Musical","og_description":"Los acordes disminuidos y los acordes semidisminuidos suelen explicarse juntos para evitar confusiones. A\u00fan as\u00ed, es muy com\u00fan que la persona que estudia m\u00fasica de forma autodidacta, en Youtube, con libros e incluso de forma presencial, se confunda un poco. &hellip; Sigue leyendo &rarr;","og_url":"https:\/\/www.teoriamusical.es\/blog\/acordes-disminuidos-y-semidisminuidos\/","og_site_name":"Teor\u00eda Musical","article_published_time":"2021-07-07T21:20:42+00:00","article_modified_time":"2021-07-07T21:21:25+00:00","author":"teoriamusical.es","twitter_card":"summary_large_image","twitter_misc":{"Escrito por":"teoriamusical.es","Tiempo de lectura":"1 minuto"},"schema":{"@context":"https:\/\/schema.org","@graph":[{"@type":"Article","@id":"https:\/\/www.teoriamusical.es\/blog\/acordes-disminuidos-y-semidisminuidos\/#article","isPartOf":{"@id":"https:\/\/www.teoriamusical.es\/blog\/acordes-disminuidos-y-semidisminuidos\/"},"author":{"name":"teoriamusical.es","@id":"https:\/\/www.teoriamusical.es\/blog\/#\/schema\/person\/abbe30b6f6b449ac9e19ab236fe3d80c"},"headline":"Acordes Disminuidos y Semidisminuidos","datePublished":"2021-07-07T21:20:42+00:00","dateModified":"2021-07-07T21:21:25+00:00","mainEntityOfPage":{"@id":"https:\/\/www.teoriamusical.es\/blog\/acordes-disminuidos-y-semidisminuidos\/"},"wordCount":151,"commentCount":0,"publisher":{"@id":"https:\/\/www.teoriamusical.es\/blog\/#\/schema\/person\/abbe30b6f6b449ac9e19ab236fe3d80c"},"articleSection":["Acordes","Armon\u00eda Moderna"],"inLanguage":"es","potentialAction":[{"@type":"CommentAction","name":"Comment","target":["https:\/\/www.teoriamusical.es\/blog\/acordes-disminuidos-y-semidisminuidos\/#respond"]}]},{"@type":"WebPage","@id":"https:\/\/www.teoriamusical.es\/blog\/acordes-disminuidos-y-semidisminuidos\/","url":"https:\/\/www.teoriamusical.es\/blog\/acordes-disminuidos-y-semidisminuidos\/","name":"Acordes Disminuidos y Semidisminuidos - Teor\u00eda Musical","isPartOf":{"@id":"https:\/\/www.teoriamusical.es\/blog\/#website"},"datePublished":"2021-07-07T21:20:42+00:00","dateModified":"2021-07-07T21:21:25+00:00","breadcrumb":{"@id":"https:\/\/www.teoriamusical.es\/blog\/acordes-disminuidos-y-semidisminuidos\/#breadcrumb"},"inLanguage":"es","potentialAction":[{"@type":"ReadAction","target":["https:\/\/www.teoriamusical.es\/blog\/acordes-disminuidos-y-semidisminuidos\/"]}]},{"@type":"BreadcrumbList","@id":"https:\/\/www.teoriamusical.es\/blog\/acordes-disminuidos-y-semidisminuidos\/#breadcrumb","itemListElement":[{"@type":"ListItem","position":1,"name":"Home","item":"https:\/\/www.teoriamusical.es\/blog\/"},{"@type":"ListItem","position":2,"name":"Acordes Disminuidos y Semidisminuidos"}]},{"@type":"WebSite","@id":"https:\/\/www.teoriamusical.es\/blog\/#website","url":"https:\/\/www.teoriamusical.es\/blog\/","name":"Teor\u00eda Musical","description":"Teor\u00eda Musical, Armon\u00eda Moderna y Cursos Online","publisher":{"@id":"https:\/\/www.teoriamusical.es\/blog\/#\/schema\/person\/abbe30b6f6b449ac9e19ab236fe3d80c"},"potentialAction":[{"@type":"SearchAction","target":{"@type":"EntryPoint","urlTemplate":"https:\/\/www.teoriamusical.es\/blog\/?s={search_term_string}"},"query-input":"required name=search_term_string"}],"inLanguage":"es"},{"@type":["Person","Organization"],"@id":"https:\/\/www.teoriamusical.es\/blog\/#\/schema\/person\/abbe30b6f6b449ac9e19ab236fe3d80c","name":"teoriamusical.es","image":{"@type":"ImageObject","inLanguage":"es","@id":"https:\/\/www.teoriamusical.es\/blog\/#\/schema\/person\/image\/","url":"https:\/\/secure.gravatar.com\/avatar\/1d7014e5a95916f717d86ab0aceffce14fd35c12b39d368d60384afae17e1760?s=96&d=mm&r=g","contentUrl":"https:\/\/secure.gravatar.com\/avatar\/1d7014e5a95916f717d86ab0aceffce14fd35c12b39d368d60384afae17e1760?s=96&d=mm&r=g","caption":"teoriamusical.es"},"logo":{"@id":"https:\/\/www.teoriamusical.es\/blog\/#\/schema\/person\/image\/"}}]}},"jetpack_featured_media_url":"","jetpack-related-posts":[{"id":90,"url":"https:\/\/www.teoriamusical.es\/blog\/acordes-disminuidos\/","url_meta":{"origin":221,"position":0},"title":"Acordes Disminuidos, \u00bfSab\u00edas esto sobre ellos?","date":"diciembre 6, 2019","format":false,"excerpt":"Los Acordes disminuidos est\u00e1n entre mis acordes din\u00e1micos preferidos y tienen su propio cap\u00edtulo dedicado en mi curso de armon\u00eda moderna. Los hemos escuchado en m\u00fasica cl\u00e1sica, en jazz, en pop y tienen un sonido muy particular y cosas muy interesantes. Sin embargo su uso en la radiof\u00f3rmula es ocasional\u2026","rel":"","context":"En \u00abAcordes\u00bb","img":{"alt_text":"","src":"https:\/\/i0.wp.com\/img.youtube.com\/vi\/kJWGhN4Qpi4\/0.jpg?resize=350%2C200","width":350,"height":200},"classes":[]},{"id":169,"url":"https:\/\/www.teoriamusical.es\/blog\/acordes-menores\/","url_meta":{"origin":221,"position":1},"title":"\u00bfLos Acordes Menores Son Tristes?","date":"febrero 28, 2020","format":false,"excerpt":"\u00bfEs verdad que los modos producen emociones? \u00bfque los acordes mayores son alegres y los acordes menores son tristes? No exactamente, ni los acordes menores son tristes ni los mayores son alegres y en este video te cuento por qu\u00e9. Hay muchos modos adem\u00e1s de los 7 modos griegos que\u2026","rel":"","context":"En \u00abArmon\u00eda Moderna\u00bb","img":{"alt_text":"","src":"https:\/\/i0.wp.com\/img.youtube.com\/vi\/q-WlT03xHWk\/0.jpg?resize=350%2C200","width":350,"height":200},"classes":[]},{"id":285,"url":"https:\/\/www.teoriamusical.es\/blog\/escala-mayor-armonica\/","url_meta":{"origin":221,"position":2},"title":"Escala Mayor Arm\u00f3nica","date":"julio 16, 2021","format":false,"excerpt":"La escala mayor arm\u00f3nica, o harmonic major, es una escala fuente de la cual surgen varios modos que utilizamos en jazz y en m\u00fasica moderna. Posee una sonoridad con mucho inter\u00e9s, acordes aumentados, disminuidos, etc, pero nosotros vamos a centrarnos en el desarrollo mel\u00f3dico, es decir, vamos a utilizar la\u2026","rel":"","context":"En \u00abAn\u00e1lisis Musical\u00bb","img":{"alt_text":"","src":"https:\/\/i0.wp.com\/img.youtube.com\/vi\/zIpylteQ5p0\/0.jpg?resize=350%2C200","width":350,"height":200},"classes":[]},{"id":467,"url":"https:\/\/www.teoriamusical.es\/blog\/acordes-disminuidos-portales-armonicos\/","url_meta":{"origin":221,"position":3},"title":"Acordes Disminuidos &#8211;  Portales Arm\u00f3nicos","date":"junio 29, 2022","format":false,"excerpt":"Los acordes disminuidos son portales arm\u00f3nicos. Aunque solemos utilizarlos como acordes de paso para aportar movimiento crom\u00e1tico en progresiones diat\u00f3nicas, los acordes disminuidos tienen much\u00edsimas posibilidades arm\u00f3nicas. En este tutorial veremos c\u00f3mo utilizar un acorde disminuido para obtener distintos acordes dominantes y c\u00f3mo resolverlos, teniendo en cuenta tambi\u00e9n las posibilidades\u2026","rel":"","context":"En \u00abCursos de M\u00fasica\u00bb","img":{"alt_text":"","src":"https:\/\/i0.wp.com\/img.youtube.com\/vi\/UfeWzrTT8g4\/0.jpg?resize=350%2C200","width":350,"height":200},"classes":[]},{"id":308,"url":"https:\/\/www.teoriamusical.es\/blog\/escala-hexatonica\/","url_meta":{"origin":221,"position":4},"title":"Escala Hexat\u00f3nica","date":"julio 16, 2021","format":false,"excerpt":"John Williams y otros compositores con sonoridad sinf\u00f3nica nos han demostrado varias veces que, en armon\u00eda de cine, las escalas hexat\u00f3nicas son tan importantes y \u00fatiles como las escalas octat\u00f3nicas y las escalas septat\u00f3nicas, ya que nos permiten ampliar las conexiones entre mediantes y llegar a sonoridades t\u00edpicas del film\u2026","rel":"","context":"En \u00abArmon\u00eda Moderna\u00bb","img":{"alt_text":"","src":"https:\/\/i0.wp.com\/img.youtube.com\/vi\/5NHXS9BmY6s\/0.jpg?resize=350%2C200","width":350,"height":200},"classes":[]},{"id":166,"url":"https:\/\/www.teoriamusical.es\/blog\/la-escala-cromatica\/","url_meta":{"origin":221,"position":5},"title":"La Escala Crom\u00e1tica como Mapa de Acordes.","date":"febrero 28, 2020","format":false,"excerpt":"La escala crom\u00e1tica, adem\u00e1s de ser importante en el jazz y en las m\u00fasicas urbanas, es una gu\u00eda \u00fatil para localizar varios tipos de acorde con un s\u00f3lo golpe de vista: Acordes Disminuidos como acordes de paso, dominantes secundarios y acordes sustitutos o SubV7. En este video echamos un vistazo\u2026","rel":"","context":"En \u00abArmon\u00eda Moderna\u00bb","img":{"alt_text":"","src":"https:\/\/i0.wp.com\/img.youtube.com\/vi\/avGFI6gZbb0\/0.jpg?resize=350%2C200","width":350,"height":200},"classes":[]}],"_links":{"self":[{"href":"https:\/\/www.teoriamusical.es\/blog\/wp-json\/wp\/v2\/posts\/221","targetHints":{"allow":["GET"]}}],"collection":[{"href":"https:\/\/www.teoriamusical.es\/blog\/wp-json\/wp\/v2\/posts"}],"about":[{"href":"https:\/\/www.teoriamusical.es\/blog\/wp-json\/wp\/v2\/types\/post"}],"author":[{"embeddable":true,"href":"https:\/\/www.teoriamusical.es\/blog\/wp-json\/wp\/v2\/users\/1"}],"replies":[{"embeddable":true,"href":"https:\/\/www.teoriamusical.es\/blog\/wp-json\/wp\/v2\/comments?post=221"}],"version-history":[{"count":1,"href":"https:\/\/www.teoriamusical.es\/blog\/wp-json\/wp\/v2\/posts\/221\/revisions"}],"predecessor-version":[{"id":222,"href":"https:\/\/www.teoriamusical.es\/blog\/wp-json\/wp\/v2\/posts\/221\/revisions\/222"}],"wp:attachment":[{"href":"https:\/\/www.teoriamusical.es\/blog\/wp-json\/wp\/v2\/media?parent=221"}],"wp:term":[{"taxonomy":"category","embeddable":true,"href":"https:\/\/www.teoriamusical.es\/blog\/wp-json\/wp\/v2\/categories?post=221"},{"taxonomy":"post_tag","embeddable":true,"href":"https:\/\/www.teoriamusical.es\/blog\/wp-json\/wp\/v2\/tags?post=221"}],"curies":[{"name":"wp","href":"https:\/\/api.w.org\/{rel}","templated":true}]}}