{"id":206,"date":"2021-07-07T23:10:52","date_gmt":"2021-07-07T21:10:52","guid":{"rendered":"https:\/\/www.teoriamusical.es\/blog\/?p=206"},"modified":"2021-07-07T23:10:54","modified_gmt":"2021-07-07T21:10:54","slug":"modo-lidio-2","status":"publish","type":"post","link":"https:\/\/www.teoriamusical.es\/blog\/modo-lidio-2\/","title":{"rendered":"Modo Lidio"},"content":{"rendered":"\n<p>\u00bfQu\u00e9 es la Armon\u00eda Modal? Esta es una de las preguntas m\u00e1s repetidas por los alumnos y suscriptores que mandan mails. En el video anterior expliqu\u00e9 el modo mixolidio y en este repaso de forma sencilla la diferencia entre armon\u00eda tonal y armon\u00eda modal, haciendo hincapi\u00e9 en las diferencias que existen entre gravitar alrededor de un centro tonal usando progresiones de acordes y estar todo el tiempo en ese centro tonal explotando el sabor de su modo, que es lo que hace la armon\u00eda modal, en este caso con un ejemplo lidio. El modo lidio es otro de los modos preferidos del rock y podemos encontrar ejemplos en la m\u00fasica popular, de ah\u00ed que sea un modo griego adecuado para iniciarse en el mundo de la composici\u00f3n modal. Temas que utilizan modo lidio como su centro, sea en pasajes o durante el tema: Tema de cabecera de Los Simpsons. Human Nature, de Michael Jackson. Mar\u00eda, de West Side Story. Man on the Moon, de R.E.M. etc, etc.<\/p>\n\n\n\n<figure class=\"wp-block-embed-youtube wp-block-embed is-type-video is-provider-youtube wp-embed-aspect-16-9 wp-has-aspect-ratio\"><div class=\"wp-block-embed__wrapper\">\n<iframe loading=\"lazy\" title=\"Armon\u00eda Modal y Armon\u00eda Funcional -  Modo Lidio\" width=\"584\" height=\"329\" src=\"https:\/\/www.youtube.com\/embed\/pMBoXOjNudg?feature=oembed\" frameborder=\"0\" allow=\"accelerometer; autoplay; clipboard-write; encrypted-media; gyroscope; picture-in-picture; web-share\" referrerpolicy=\"strict-origin-when-cross-origin\" allowfullscreen><\/iframe>\n<\/div><\/figure>\n","protected":false},"excerpt":{"rendered":"<p>\u00bfQu\u00e9 es la Armon\u00eda Modal? Esta es una de las preguntas m\u00e1s repetidas por los alumnos y suscriptores que mandan mails. En el video anterior expliqu\u00e9 el modo mixolidio y en este repaso de forma sencilla la diferencia entre armon\u00eda &hellip; <a href=\"https:\/\/www.teoriamusical.es\/blog\/modo-lidio-2\/\">Sigue leyendo <span class=\"meta-nav\">&rarr;<\/span><\/a><\/p>\n","protected":false},"author":1,"featured_media":0,"comment_status":"open","ping_status":"open","sticky":false,"template":"","format":"standard","meta":{"_monsterinsights_skip_tracking":false,"_monsterinsights_sitenote_active":false,"_monsterinsights_sitenote_note":"","_monsterinsights_sitenote_category":0,"footnotes":""},"categories":[18,15],"tags":[],"class_list":["post-206","post","type-post","status-publish","format-standard","hentry","category-analisis-musical","category-armonia-moderna"],"yoast_head":"<!-- This site is optimized with the Yoast SEO plugin v19.6 - https:\/\/yoast.com\/wordpress\/plugins\/seo\/ -->\n<title>Modo Lidio - Teor\u00eda Musical<\/title>\n<meta name=\"robots\" content=\"index, follow, max-snippet:-1, max-image-preview:large, max-video-preview:-1\" \/>\n<link rel=\"canonical\" href=\"https:\/\/www.teoriamusical.es\/blog\/modo-lidio-2\/\" \/>\n<meta property=\"og:locale\" content=\"es_ES\" \/>\n<meta property=\"og:type\" content=\"article\" \/>\n<meta property=\"og:title\" content=\"Modo Lidio - Teor\u00eda Musical\" \/>\n<meta property=\"og:description\" content=\"\u00bfQu\u00e9 es la Armon\u00eda Modal? Esta es una de las preguntas m\u00e1s repetidas por los alumnos y suscriptores que mandan mails. En el video anterior expliqu\u00e9 el modo mixolidio y en este repaso de forma sencilla la diferencia entre armon\u00eda &hellip; Sigue leyendo &rarr;\" \/>\n<meta property=\"og:url\" content=\"https:\/\/www.teoriamusical.es\/blog\/modo-lidio-2\/\" \/>\n<meta property=\"og:site_name\" content=\"Teor\u00eda Musical\" \/>\n<meta property=\"article:published_time\" content=\"2021-07-07T21:10:52+00:00\" \/>\n<meta property=\"article:modified_time\" content=\"2021-07-07T21:10:54+00:00\" \/>\n<meta name=\"author\" content=\"teoriamusical.es\" \/>\n<meta name=\"twitter:card\" content=\"summary_large_image\" \/>\n<meta name=\"twitter:label1\" content=\"Escrito por\" \/>\n\t<meta name=\"twitter:data1\" content=\"teoriamusical.es\" \/>\n\t<meta name=\"twitter:label2\" content=\"Tiempo de lectura\" \/>\n\t<meta name=\"twitter:data2\" content=\"1 minuto\" \/>\n<script type=\"application\/ld+json\" class=\"yoast-schema-graph\">{\"@context\":\"https:\/\/schema.org\",\"@graph\":[{\"@type\":\"Article\",\"@id\":\"https:\/\/www.teoriamusical.es\/blog\/modo-lidio-2\/#article\",\"isPartOf\":{\"@id\":\"https:\/\/www.teoriamusical.es\/blog\/modo-lidio-2\/\"},\"author\":{\"name\":\"teoriamusical.es\",\"@id\":\"https:\/\/www.teoriamusical.es\/blog\/#\/schema\/person\/abbe30b6f6b449ac9e19ab236fe3d80c\"},\"headline\":\"Modo Lidio\",\"datePublished\":\"2021-07-07T21:10:52+00:00\",\"dateModified\":\"2021-07-07T21:10:54+00:00\",\"mainEntityOfPage\":{\"@id\":\"https:\/\/www.teoriamusical.es\/blog\/modo-lidio-2\/\"},\"wordCount\":183,\"commentCount\":0,\"publisher\":{\"@id\":\"https:\/\/www.teoriamusical.es\/blog\/#\/schema\/person\/abbe30b6f6b449ac9e19ab236fe3d80c\"},\"articleSection\":[\"An\u00e1lisis Musical\",\"Armon\u00eda Moderna\"],\"inLanguage\":\"es\",\"potentialAction\":[{\"@type\":\"CommentAction\",\"name\":\"Comment\",\"target\":[\"https:\/\/www.teoriamusical.es\/blog\/modo-lidio-2\/#respond\"]}]},{\"@type\":\"WebPage\",\"@id\":\"https:\/\/www.teoriamusical.es\/blog\/modo-lidio-2\/\",\"url\":\"https:\/\/www.teoriamusical.es\/blog\/modo-lidio-2\/\",\"name\":\"Modo Lidio - Teor\u00eda Musical\",\"isPartOf\":{\"@id\":\"https:\/\/www.teoriamusical.es\/blog\/#website\"},\"datePublished\":\"2021-07-07T21:10:52+00:00\",\"dateModified\":\"2021-07-07T21:10:54+00:00\",\"breadcrumb\":{\"@id\":\"https:\/\/www.teoriamusical.es\/blog\/modo-lidio-2\/#breadcrumb\"},\"inLanguage\":\"es\",\"potentialAction\":[{\"@type\":\"ReadAction\",\"target\":[\"https:\/\/www.teoriamusical.es\/blog\/modo-lidio-2\/\"]}]},{\"@type\":\"BreadcrumbList\",\"@id\":\"https:\/\/www.teoriamusical.es\/blog\/modo-lidio-2\/#breadcrumb\",\"itemListElement\":[{\"@type\":\"ListItem\",\"position\":1,\"name\":\"Home\",\"item\":\"https:\/\/www.teoriamusical.es\/blog\/\"},{\"@type\":\"ListItem\",\"position\":2,\"name\":\"Modo Lidio\"}]},{\"@type\":\"WebSite\",\"@id\":\"https:\/\/www.teoriamusical.es\/blog\/#website\",\"url\":\"https:\/\/www.teoriamusical.es\/blog\/\",\"name\":\"Teor\u00eda Musical\",\"description\":\"Teor\u00eda Musical, Armon\u00eda Moderna y Cursos Online\",\"publisher\":{\"@id\":\"https:\/\/www.teoriamusical.es\/blog\/#\/schema\/person\/abbe30b6f6b449ac9e19ab236fe3d80c\"},\"potentialAction\":[{\"@type\":\"SearchAction\",\"target\":{\"@type\":\"EntryPoint\",\"urlTemplate\":\"https:\/\/www.teoriamusical.es\/blog\/?s={search_term_string}\"},\"query-input\":\"required name=search_term_string\"}],\"inLanguage\":\"es\"},{\"@type\":[\"Person\",\"Organization\"],\"@id\":\"https:\/\/www.teoriamusical.es\/blog\/#\/schema\/person\/abbe30b6f6b449ac9e19ab236fe3d80c\",\"name\":\"teoriamusical.es\",\"image\":{\"@type\":\"ImageObject\",\"inLanguage\":\"es\",\"@id\":\"https:\/\/www.teoriamusical.es\/blog\/#\/schema\/person\/image\/\",\"url\":\"https:\/\/secure.gravatar.com\/avatar\/1d7014e5a95916f717d86ab0aceffce14fd35c12b39d368d60384afae17e1760?s=96&d=mm&r=g\",\"contentUrl\":\"https:\/\/secure.gravatar.com\/avatar\/1d7014e5a95916f717d86ab0aceffce14fd35c12b39d368d60384afae17e1760?s=96&d=mm&r=g\",\"caption\":\"teoriamusical.es\"},\"logo\":{\"@id\":\"https:\/\/www.teoriamusical.es\/blog\/#\/schema\/person\/image\/\"}}]}<\/script>\n<!-- \/ Yoast SEO plugin. -->","yoast_head_json":{"title":"Modo Lidio - Teor\u00eda Musical","robots":{"index":"index","follow":"follow","max-snippet":"max-snippet:-1","max-image-preview":"max-image-preview:large","max-video-preview":"max-video-preview:-1"},"canonical":"https:\/\/www.teoriamusical.es\/blog\/modo-lidio-2\/","og_locale":"es_ES","og_type":"article","og_title":"Modo Lidio - Teor\u00eda Musical","og_description":"\u00bfQu\u00e9 es la Armon\u00eda Modal? Esta es una de las preguntas m\u00e1s repetidas por los alumnos y suscriptores que mandan mails. En el video anterior expliqu\u00e9 el modo mixolidio y en este repaso de forma sencilla la diferencia entre armon\u00eda &hellip; Sigue leyendo &rarr;","og_url":"https:\/\/www.teoriamusical.es\/blog\/modo-lidio-2\/","og_site_name":"Teor\u00eda Musical","article_published_time":"2021-07-07T21:10:52+00:00","article_modified_time":"2021-07-07T21:10:54+00:00","author":"teoriamusical.es","twitter_card":"summary_large_image","twitter_misc":{"Escrito por":"teoriamusical.es","Tiempo de lectura":"1 minuto"},"schema":{"@context":"https:\/\/schema.org","@graph":[{"@type":"Article","@id":"https:\/\/www.teoriamusical.es\/blog\/modo-lidio-2\/#article","isPartOf":{"@id":"https:\/\/www.teoriamusical.es\/blog\/modo-lidio-2\/"},"author":{"name":"teoriamusical.es","@id":"https:\/\/www.teoriamusical.es\/blog\/#\/schema\/person\/abbe30b6f6b449ac9e19ab236fe3d80c"},"headline":"Modo Lidio","datePublished":"2021-07-07T21:10:52+00:00","dateModified":"2021-07-07T21:10:54+00:00","mainEntityOfPage":{"@id":"https:\/\/www.teoriamusical.es\/blog\/modo-lidio-2\/"},"wordCount":183,"commentCount":0,"publisher":{"@id":"https:\/\/www.teoriamusical.es\/blog\/#\/schema\/person\/abbe30b6f6b449ac9e19ab236fe3d80c"},"articleSection":["An\u00e1lisis Musical","Armon\u00eda Moderna"],"inLanguage":"es","potentialAction":[{"@type":"CommentAction","name":"Comment","target":["https:\/\/www.teoriamusical.es\/blog\/modo-lidio-2\/#respond"]}]},{"@type":"WebPage","@id":"https:\/\/www.teoriamusical.es\/blog\/modo-lidio-2\/","url":"https:\/\/www.teoriamusical.es\/blog\/modo-lidio-2\/","name":"Modo Lidio - Teor\u00eda Musical","isPartOf":{"@id":"https:\/\/www.teoriamusical.es\/blog\/#website"},"datePublished":"2021-07-07T21:10:52+00:00","dateModified":"2021-07-07T21:10:54+00:00","breadcrumb":{"@id":"https:\/\/www.teoriamusical.es\/blog\/modo-lidio-2\/#breadcrumb"},"inLanguage":"es","potentialAction":[{"@type":"ReadAction","target":["https:\/\/www.teoriamusical.es\/blog\/modo-lidio-2\/"]}]},{"@type":"BreadcrumbList","@id":"https:\/\/www.teoriamusical.es\/blog\/modo-lidio-2\/#breadcrumb","itemListElement":[{"@type":"ListItem","position":1,"name":"Home","item":"https:\/\/www.teoriamusical.es\/blog\/"},{"@type":"ListItem","position":2,"name":"Modo Lidio"}]},{"@type":"WebSite","@id":"https:\/\/www.teoriamusical.es\/blog\/#website","url":"https:\/\/www.teoriamusical.es\/blog\/","name":"Teor\u00eda Musical","description":"Teor\u00eda Musical, Armon\u00eda Moderna y Cursos Online","publisher":{"@id":"https:\/\/www.teoriamusical.es\/blog\/#\/schema\/person\/abbe30b6f6b449ac9e19ab236fe3d80c"},"potentialAction":[{"@type":"SearchAction","target":{"@type":"EntryPoint","urlTemplate":"https:\/\/www.teoriamusical.es\/blog\/?s={search_term_string}"},"query-input":"required name=search_term_string"}],"inLanguage":"es"},{"@type":["Person","Organization"],"@id":"https:\/\/www.teoriamusical.es\/blog\/#\/schema\/person\/abbe30b6f6b449ac9e19ab236fe3d80c","name":"teoriamusical.es","image":{"@type":"ImageObject","inLanguage":"es","@id":"https:\/\/www.teoriamusical.es\/blog\/#\/schema\/person\/image\/","url":"https:\/\/secure.gravatar.com\/avatar\/1d7014e5a95916f717d86ab0aceffce14fd35c12b39d368d60384afae17e1760?s=96&d=mm&r=g","contentUrl":"https:\/\/secure.gravatar.com\/avatar\/1d7014e5a95916f717d86ab0aceffce14fd35c12b39d368d60384afae17e1760?s=96&d=mm&r=g","caption":"teoriamusical.es"},"logo":{"@id":"https:\/\/www.teoriamusical.es\/blog\/#\/schema\/person\/image\/"}}]}},"jetpack_featured_media_url":"","jetpack-related-posts":[{"id":209,"url":"https:\/\/www.teoriamusical.es\/blog\/modo-dorico\/","url_meta":{"origin":206,"position":0},"title":"Modo D\u00f3rico","date":"julio 7, 2021","format":false,"excerpt":"\u00bfQu\u00e9 es la Armon\u00eda Modal? Esta es una de las preguntas m\u00e1s repetidas por los alumnos y suscriptores que mandan mails. En el video anterior expliqu\u00e9 el modo Lidio y en este repaso de forma sencilla la diferencia entre armon\u00eda tonal y armon\u00eda modal, haciendo hincapi\u00e9 en las diferencias que\u2026","rel":"","context":"En \u00abArmon\u00eda Moderna\u00bb","img":{"alt_text":"","src":"https:\/\/i0.wp.com\/img.youtube.com\/vi\/XASbLPH25fE\/0.jpg?resize=350%2C200","width":350,"height":200},"classes":[]},{"id":390,"url":"https:\/\/www.teoriamusical.es\/blog\/armonia-modal\/","url_meta":{"origin":206,"position":1},"title":"Armon\u00eda Modal &#8211; Pivotar entre modos","date":"septiembre 8, 2021","format":false,"excerpt":"La Armon\u00eda Modal es una de las herramientas compositivas que podemos utilizar en m\u00fasica moderna para dar car\u00e1cter y riqueza arm\u00f3nica a nuestras composiciones. Por supuesto la composici\u00f3n modal moderna no es algo exclusivo del Jazz; en el pop\/rock encontramos multitud de temas modales, desde el luminoso Man on The\u2026","rel":"","context":"En \u00abAcordes\u00bb","img":{"alt_text":"","src":"https:\/\/i0.wp.com\/img.youtube.com\/vi\/tTAvhm1zGZ8\/0.jpg?resize=350%2C200","width":350,"height":200},"classes":[]},{"id":203,"url":"https:\/\/www.teoriamusical.es\/blog\/modo-mixolidio\/","url_meta":{"origin":206,"position":2},"title":"Modo Mixolidio","date":"julio 7, 2021","format":false,"excerpt":"\u00bfQu\u00e9 es la Armon\u00eda Modal? Esta es una de las preguntas m\u00e1s repetidas por los alumnos y suscriptores que mandan mails. En este video explico de forma sencilla la diferencia entre armon\u00eda funcional y armon\u00eda modal, haciendo hincapi\u00e9 en las diferencias que existen entre gravitar alrededor de un centro tonal\u2026","rel":"","context":"En \u00abAn\u00e1lisis Musical\u00bb","img":{"alt_text":"","src":"https:\/\/i0.wp.com\/img.youtube.com\/vi\/UAsrpzddfGo\/0.jpg?resize=350%2C200","width":350,"height":200},"classes":[]},{"id":212,"url":"https:\/\/www.teoriamusical.es\/blog\/modo-frigio\/","url_meta":{"origin":206,"position":3},"title":"Modo Frigio","date":"julio 7, 2021","format":false,"excerpt":"\u00bfQu\u00e9 es la Armon\u00eda Modal? Esta es una de las preguntas m\u00e1s repetidas por los alumnos y suscriptores que mandan mails. En el video anterior expliqu\u00e9 el modo D\u00f3rico y en este repaso de forma sencilla la diferencia entre armon\u00eda tonal y armon\u00eda modal, haciendo hincapi\u00e9 en las diferencias que\u2026","rel":"","context":"En \u00abArmon\u00eda Moderna\u00bb","img":{"alt_text":"","src":"https:\/\/i0.wp.com\/img.youtube.com\/vi\/HFqqkRvICNU\/0.jpg?resize=350%2C200","width":350,"height":200},"classes":[]},{"id":215,"url":"https:\/\/www.teoriamusical.es\/blog\/modo-eolico\/","url_meta":{"origin":206,"position":4},"title":"Modo E\u00f3lico","date":"julio 7, 2021","format":false,"excerpt":"\u00bfQu\u00e9 es la Armon\u00eda Modal? Esta es una de las preguntas m\u00e1s repetidas por los alumnos y suscriptores que mandan mails. En est\u00e9 video hablamos del modo e\u00f3lico, o Aeolian o, simplemente, \"el modo menor\" para los amigos. Veremos diferencias entre usarlo en un contexto de armon\u00eda tonal y de\u2026","rel":"","context":"En \u00abAn\u00e1lisis Musical\u00bb","img":{"alt_text":"","src":"https:\/\/i0.wp.com\/img.youtube.com\/vi\/yd5H23uBqtk\/0.jpg?resize=350%2C200","width":350,"height":200},"classes":[]},{"id":124,"url":"https:\/\/www.teoriamusical.es\/blog\/modo-lidio\/","url_meta":{"origin":206,"position":5},"title":"\u00bfModo Lidio o Modos Lidios? Aprende a usarlos todos.","date":"diciembre 14, 2019","format":false,"excerpt":"\u00bfModo Lidio o Modos Lidios? \u00bfDe d\u00f3nde sale ese plural? En el post anterior ve\u00edamos que hab\u00eda m\u00e1s de 7 modos musicales, de hecho nos centramos en 21 y en esos 21 hab\u00eda modos lidios. El cuarto grado del menor mel\u00f3dico, por ejemplo, se llama Lydian b7 o Lidio dominante.\u2026","rel":"","context":"En \u00abArmon\u00eda Moderna\u00bb","img":{"alt_text":"","src":"https:\/\/i0.wp.com\/img.youtube.com\/vi\/xMHy-k_BIjk\/0.jpg?resize=350%2C200","width":350,"height":200},"classes":[]}],"_links":{"self":[{"href":"https:\/\/www.teoriamusical.es\/blog\/wp-json\/wp\/v2\/posts\/206","targetHints":{"allow":["GET"]}}],"collection":[{"href":"https:\/\/www.teoriamusical.es\/blog\/wp-json\/wp\/v2\/posts"}],"about":[{"href":"https:\/\/www.teoriamusical.es\/blog\/wp-json\/wp\/v2\/types\/post"}],"author":[{"embeddable":true,"href":"https:\/\/www.teoriamusical.es\/blog\/wp-json\/wp\/v2\/users\/1"}],"replies":[{"embeddable":true,"href":"https:\/\/www.teoriamusical.es\/blog\/wp-json\/wp\/v2\/comments?post=206"}],"version-history":[{"count":1,"href":"https:\/\/www.teoriamusical.es\/blog\/wp-json\/wp\/v2\/posts\/206\/revisions"}],"predecessor-version":[{"id":207,"href":"https:\/\/www.teoriamusical.es\/blog\/wp-json\/wp\/v2\/posts\/206\/revisions\/207"}],"wp:attachment":[{"href":"https:\/\/www.teoriamusical.es\/blog\/wp-json\/wp\/v2\/media?parent=206"}],"wp:term":[{"taxonomy":"category","embeddable":true,"href":"https:\/\/www.teoriamusical.es\/blog\/wp-json\/wp\/v2\/categories?post=206"},{"taxonomy":"post_tag","embeddable":true,"href":"https:\/\/www.teoriamusical.es\/blog\/wp-json\/wp\/v2\/tags?post=206"}],"curies":[{"name":"wp","href":"https:\/\/api.w.org\/{rel}","templated":true}]}}