{"id":203,"date":"2021-07-07T23:09:25","date_gmt":"2021-07-07T21:09:25","guid":{"rendered":"https:\/\/www.teoriamusical.es\/blog\/?p=203"},"modified":"2021-07-07T23:09:26","modified_gmt":"2021-07-07T21:09:26","slug":"modo-mixolidio","status":"publish","type":"post","link":"https:\/\/www.teoriamusical.es\/blog\/modo-mixolidio\/","title":{"rendered":"Modo Mixolidio"},"content":{"rendered":"\n<p>\u00bfQu\u00e9 es la Armon\u00eda Modal? Esta es una de las preguntas m\u00e1s repetidas por los alumnos y suscriptores que mandan mails. En este video explico de forma sencilla la diferencia entre armon\u00eda funcional y armon\u00eda modal, haciendo hincapi\u00e9 en las diferencias que existen entre gravitar alrededor de un centro tonal usando progresiones de acordes y estar todo el tiempo en ese centro tonal explotando el sabor de su modo, que es lo que hace la armon\u00eda modal, en este caso con un ejemplo mixolidio. El modo mixolidio es uno de los modos preferidos del rock y podemos encontrar ejemplos en la m\u00fasica popular, de ah\u00ed que sea un modo griego adecuado para iniciarse en el mundo de la composici\u00f3n modal.<\/p>\n\n\n\n<figure class=\"wp-block-embed-youtube wp-block-embed is-type-video is-provider-youtube wp-embed-aspect-16-9 wp-has-aspect-ratio\"><div class=\"wp-block-embed__wrapper\">\n<iframe loading=\"lazy\" title=\"Armon\u00eda MODAL y Armon\u00eda FUNCIONAL -  Modo Mixolidio\" width=\"584\" height=\"329\" src=\"https:\/\/www.youtube.com\/embed\/UAsrpzddfGo?feature=oembed\" frameborder=\"0\" allow=\"accelerometer; autoplay; clipboard-write; encrypted-media; gyroscope; picture-in-picture; web-share\" referrerpolicy=\"strict-origin-when-cross-origin\" allowfullscreen><\/iframe>\n<\/div><\/figure>\n","protected":false},"excerpt":{"rendered":"<p>\u00bfQu\u00e9 es la Armon\u00eda Modal? Esta es una de las preguntas m\u00e1s repetidas por los alumnos y suscriptores que mandan mails. En este video explico de forma sencilla la diferencia entre armon\u00eda funcional y armon\u00eda modal, haciendo hincapi\u00e9 en las &hellip; <a href=\"https:\/\/www.teoriamusical.es\/blog\/modo-mixolidio\/\">Sigue leyendo <span class=\"meta-nav\">&rarr;<\/span><\/a><\/p>\n","protected":false},"author":1,"featured_media":0,"comment_status":"open","ping_status":"open","sticky":false,"template":"","format":"standard","meta":{"_monsterinsights_skip_tracking":false,"_monsterinsights_sitenote_active":false,"_monsterinsights_sitenote_note":"","_monsterinsights_sitenote_category":0,"footnotes":""},"categories":[18,15],"tags":[],"class_list":["post-203","post","type-post","status-publish","format-standard","hentry","category-analisis-musical","category-armonia-moderna"],"yoast_head":"<!-- This site is optimized with the Yoast SEO plugin v19.6 - https:\/\/yoast.com\/wordpress\/plugins\/seo\/ -->\n<title>Modo Mixolidio - Teor\u00eda Musical<\/title>\n<meta name=\"robots\" content=\"index, follow, max-snippet:-1, max-image-preview:large, max-video-preview:-1\" \/>\n<link rel=\"canonical\" href=\"https:\/\/www.teoriamusical.es\/blog\/modo-mixolidio\/\" \/>\n<meta property=\"og:locale\" content=\"es_ES\" \/>\n<meta property=\"og:type\" content=\"article\" \/>\n<meta property=\"og:title\" content=\"Modo Mixolidio - Teor\u00eda Musical\" \/>\n<meta property=\"og:description\" content=\"\u00bfQu\u00e9 es la Armon\u00eda Modal? Esta es una de las preguntas m\u00e1s repetidas por los alumnos y suscriptores que mandan mails. En este video explico de forma sencilla la diferencia entre armon\u00eda funcional y armon\u00eda modal, haciendo hincapi\u00e9 en las &hellip; Sigue leyendo &rarr;\" \/>\n<meta property=\"og:url\" content=\"https:\/\/www.teoriamusical.es\/blog\/modo-mixolidio\/\" \/>\n<meta property=\"og:site_name\" content=\"Teor\u00eda Musical\" \/>\n<meta property=\"article:published_time\" content=\"2021-07-07T21:09:25+00:00\" \/>\n<meta property=\"article:modified_time\" content=\"2021-07-07T21:09:26+00:00\" \/>\n<meta name=\"author\" content=\"teoriamusical.es\" \/>\n<meta name=\"twitter:card\" content=\"summary_large_image\" \/>\n<meta name=\"twitter:label1\" content=\"Escrito por\" \/>\n\t<meta name=\"twitter:data1\" content=\"teoriamusical.es\" \/>\n\t<meta name=\"twitter:label2\" content=\"Tiempo de lectura\" \/>\n\t<meta name=\"twitter:data2\" content=\"1 minuto\" \/>\n<script type=\"application\/ld+json\" class=\"yoast-schema-graph\">{\"@context\":\"https:\/\/schema.org\",\"@graph\":[{\"@type\":\"Article\",\"@id\":\"https:\/\/www.teoriamusical.es\/blog\/modo-mixolidio\/#article\",\"isPartOf\":{\"@id\":\"https:\/\/www.teoriamusical.es\/blog\/modo-mixolidio\/\"},\"author\":{\"name\":\"teoriamusical.es\",\"@id\":\"https:\/\/www.teoriamusical.es\/blog\/#\/schema\/person\/abbe30b6f6b449ac9e19ab236fe3d80c\"},\"headline\":\"Modo Mixolidio\",\"datePublished\":\"2021-07-07T21:09:25+00:00\",\"dateModified\":\"2021-07-07T21:09:26+00:00\",\"mainEntityOfPage\":{\"@id\":\"https:\/\/www.teoriamusical.es\/blog\/modo-mixolidio\/\"},\"wordCount\":133,\"commentCount\":1,\"publisher\":{\"@id\":\"https:\/\/www.teoriamusical.es\/blog\/#\/schema\/person\/abbe30b6f6b449ac9e19ab236fe3d80c\"},\"articleSection\":[\"An\u00e1lisis Musical\",\"Armon\u00eda Moderna\"],\"inLanguage\":\"es\",\"potentialAction\":[{\"@type\":\"CommentAction\",\"name\":\"Comment\",\"target\":[\"https:\/\/www.teoriamusical.es\/blog\/modo-mixolidio\/#respond\"]}]},{\"@type\":\"WebPage\",\"@id\":\"https:\/\/www.teoriamusical.es\/blog\/modo-mixolidio\/\",\"url\":\"https:\/\/www.teoriamusical.es\/blog\/modo-mixolidio\/\",\"name\":\"Modo Mixolidio - Teor\u00eda Musical\",\"isPartOf\":{\"@id\":\"https:\/\/www.teoriamusical.es\/blog\/#website\"},\"datePublished\":\"2021-07-07T21:09:25+00:00\",\"dateModified\":\"2021-07-07T21:09:26+00:00\",\"breadcrumb\":{\"@id\":\"https:\/\/www.teoriamusical.es\/blog\/modo-mixolidio\/#breadcrumb\"},\"inLanguage\":\"es\",\"potentialAction\":[{\"@type\":\"ReadAction\",\"target\":[\"https:\/\/www.teoriamusical.es\/blog\/modo-mixolidio\/\"]}]},{\"@type\":\"BreadcrumbList\",\"@id\":\"https:\/\/www.teoriamusical.es\/blog\/modo-mixolidio\/#breadcrumb\",\"itemListElement\":[{\"@type\":\"ListItem\",\"position\":1,\"name\":\"Home\",\"item\":\"https:\/\/www.teoriamusical.es\/blog\/\"},{\"@type\":\"ListItem\",\"position\":2,\"name\":\"Modo Mixolidio\"}]},{\"@type\":\"WebSite\",\"@id\":\"https:\/\/www.teoriamusical.es\/blog\/#website\",\"url\":\"https:\/\/www.teoriamusical.es\/blog\/\",\"name\":\"Teor\u00eda Musical\",\"description\":\"Teor\u00eda Musical, Armon\u00eda Moderna y Cursos Online\",\"publisher\":{\"@id\":\"https:\/\/www.teoriamusical.es\/blog\/#\/schema\/person\/abbe30b6f6b449ac9e19ab236fe3d80c\"},\"potentialAction\":[{\"@type\":\"SearchAction\",\"target\":{\"@type\":\"EntryPoint\",\"urlTemplate\":\"https:\/\/www.teoriamusical.es\/blog\/?s={search_term_string}\"},\"query-input\":\"required name=search_term_string\"}],\"inLanguage\":\"es\"},{\"@type\":[\"Person\",\"Organization\"],\"@id\":\"https:\/\/www.teoriamusical.es\/blog\/#\/schema\/person\/abbe30b6f6b449ac9e19ab236fe3d80c\",\"name\":\"teoriamusical.es\",\"image\":{\"@type\":\"ImageObject\",\"inLanguage\":\"es\",\"@id\":\"https:\/\/www.teoriamusical.es\/blog\/#\/schema\/person\/image\/\",\"url\":\"https:\/\/secure.gravatar.com\/avatar\/1d7014e5a95916f717d86ab0aceffce14fd35c12b39d368d60384afae17e1760?s=96&d=mm&r=g\",\"contentUrl\":\"https:\/\/secure.gravatar.com\/avatar\/1d7014e5a95916f717d86ab0aceffce14fd35c12b39d368d60384afae17e1760?s=96&d=mm&r=g\",\"caption\":\"teoriamusical.es\"},\"logo\":{\"@id\":\"https:\/\/www.teoriamusical.es\/blog\/#\/schema\/person\/image\/\"}}]}<\/script>\n<!-- \/ Yoast SEO plugin. -->","yoast_head_json":{"title":"Modo Mixolidio - Teor\u00eda Musical","robots":{"index":"index","follow":"follow","max-snippet":"max-snippet:-1","max-image-preview":"max-image-preview:large","max-video-preview":"max-video-preview:-1"},"canonical":"https:\/\/www.teoriamusical.es\/blog\/modo-mixolidio\/","og_locale":"es_ES","og_type":"article","og_title":"Modo Mixolidio - Teor\u00eda Musical","og_description":"\u00bfQu\u00e9 es la Armon\u00eda Modal? Esta es una de las preguntas m\u00e1s repetidas por los alumnos y suscriptores que mandan mails. En este video explico de forma sencilla la diferencia entre armon\u00eda funcional y armon\u00eda modal, haciendo hincapi\u00e9 en las &hellip; Sigue leyendo &rarr;","og_url":"https:\/\/www.teoriamusical.es\/blog\/modo-mixolidio\/","og_site_name":"Teor\u00eda Musical","article_published_time":"2021-07-07T21:09:25+00:00","article_modified_time":"2021-07-07T21:09:26+00:00","author":"teoriamusical.es","twitter_card":"summary_large_image","twitter_misc":{"Escrito por":"teoriamusical.es","Tiempo de lectura":"1 minuto"},"schema":{"@context":"https:\/\/schema.org","@graph":[{"@type":"Article","@id":"https:\/\/www.teoriamusical.es\/blog\/modo-mixolidio\/#article","isPartOf":{"@id":"https:\/\/www.teoriamusical.es\/blog\/modo-mixolidio\/"},"author":{"name":"teoriamusical.es","@id":"https:\/\/www.teoriamusical.es\/blog\/#\/schema\/person\/abbe30b6f6b449ac9e19ab236fe3d80c"},"headline":"Modo Mixolidio","datePublished":"2021-07-07T21:09:25+00:00","dateModified":"2021-07-07T21:09:26+00:00","mainEntityOfPage":{"@id":"https:\/\/www.teoriamusical.es\/blog\/modo-mixolidio\/"},"wordCount":133,"commentCount":1,"publisher":{"@id":"https:\/\/www.teoriamusical.es\/blog\/#\/schema\/person\/abbe30b6f6b449ac9e19ab236fe3d80c"},"articleSection":["An\u00e1lisis Musical","Armon\u00eda Moderna"],"inLanguage":"es","potentialAction":[{"@type":"CommentAction","name":"Comment","target":["https:\/\/www.teoriamusical.es\/blog\/modo-mixolidio\/#respond"]}]},{"@type":"WebPage","@id":"https:\/\/www.teoriamusical.es\/blog\/modo-mixolidio\/","url":"https:\/\/www.teoriamusical.es\/blog\/modo-mixolidio\/","name":"Modo Mixolidio - Teor\u00eda Musical","isPartOf":{"@id":"https:\/\/www.teoriamusical.es\/blog\/#website"},"datePublished":"2021-07-07T21:09:25+00:00","dateModified":"2021-07-07T21:09:26+00:00","breadcrumb":{"@id":"https:\/\/www.teoriamusical.es\/blog\/modo-mixolidio\/#breadcrumb"},"inLanguage":"es","potentialAction":[{"@type":"ReadAction","target":["https:\/\/www.teoriamusical.es\/blog\/modo-mixolidio\/"]}]},{"@type":"BreadcrumbList","@id":"https:\/\/www.teoriamusical.es\/blog\/modo-mixolidio\/#breadcrumb","itemListElement":[{"@type":"ListItem","position":1,"name":"Home","item":"https:\/\/www.teoriamusical.es\/blog\/"},{"@type":"ListItem","position":2,"name":"Modo Mixolidio"}]},{"@type":"WebSite","@id":"https:\/\/www.teoriamusical.es\/blog\/#website","url":"https:\/\/www.teoriamusical.es\/blog\/","name":"Teor\u00eda Musical","description":"Teor\u00eda Musical, Armon\u00eda Moderna y Cursos Online","publisher":{"@id":"https:\/\/www.teoriamusical.es\/blog\/#\/schema\/person\/abbe30b6f6b449ac9e19ab236fe3d80c"},"potentialAction":[{"@type":"SearchAction","target":{"@type":"EntryPoint","urlTemplate":"https:\/\/www.teoriamusical.es\/blog\/?s={search_term_string}"},"query-input":"required name=search_term_string"}],"inLanguage":"es"},{"@type":["Person","Organization"],"@id":"https:\/\/www.teoriamusical.es\/blog\/#\/schema\/person\/abbe30b6f6b449ac9e19ab236fe3d80c","name":"teoriamusical.es","image":{"@type":"ImageObject","inLanguage":"es","@id":"https:\/\/www.teoriamusical.es\/blog\/#\/schema\/person\/image\/","url":"https:\/\/secure.gravatar.com\/avatar\/1d7014e5a95916f717d86ab0aceffce14fd35c12b39d368d60384afae17e1760?s=96&d=mm&r=g","contentUrl":"https:\/\/secure.gravatar.com\/avatar\/1d7014e5a95916f717d86ab0aceffce14fd35c12b39d368d60384afae17e1760?s=96&d=mm&r=g","caption":"teoriamusical.es"},"logo":{"@id":"https:\/\/www.teoriamusical.es\/blog\/#\/schema\/person\/image\/"}}]}},"jetpack_featured_media_url":"","jetpack-related-posts":[{"id":206,"url":"https:\/\/www.teoriamusical.es\/blog\/modo-lidio-2\/","url_meta":{"origin":203,"position":0},"title":"Modo Lidio","date":"julio 7, 2021","format":false,"excerpt":"\u00bfQu\u00e9 es la Armon\u00eda Modal? Esta es una de las preguntas m\u00e1s repetidas por los alumnos y suscriptores que mandan mails. En el video anterior expliqu\u00e9 el modo mixolidio y en este repaso de forma sencilla la diferencia entre armon\u00eda tonal y armon\u00eda modal, haciendo hincapi\u00e9 en las diferencias que\u2026","rel":"","context":"En \u00abAn\u00e1lisis Musical\u00bb","img":{"alt_text":"","src":"https:\/\/i0.wp.com\/img.youtube.com\/vi\/pMBoXOjNudg\/0.jpg?resize=350%2C200","width":350,"height":200},"classes":[]},{"id":390,"url":"https:\/\/www.teoriamusical.es\/blog\/armonia-modal\/","url_meta":{"origin":203,"position":1},"title":"Armon\u00eda Modal &#8211; Pivotar entre modos","date":"septiembre 8, 2021","format":false,"excerpt":"La Armon\u00eda Modal es una de las herramientas compositivas que podemos utilizar en m\u00fasica moderna para dar car\u00e1cter y riqueza arm\u00f3nica a nuestras composiciones. Por supuesto la composici\u00f3n modal moderna no es algo exclusivo del Jazz; en el pop\/rock encontramos multitud de temas modales, desde el luminoso Man on The\u2026","rel":"","context":"En \u00abAcordes\u00bb","img":{"alt_text":"","src":"https:\/\/i0.wp.com\/img.youtube.com\/vi\/tTAvhm1zGZ8\/0.jpg?resize=350%2C200","width":350,"height":200},"classes":[]},{"id":320,"url":"https:\/\/www.teoriamusical.es\/blog\/dominante-frigio\/","url_meta":{"origin":203,"position":2},"title":"Dominante Frigio: Mixolidio (b9, b13)","date":"julio 16, 2021","format":false,"excerpt":"El modo frigio dominante, conocido tambi\u00e9n como escala frigia dominante, mixolidia (b9 b13), frigio mayor, quinto modo de la escala menor arm\u00f3nica, o cualquier otra etiqueta, es uno de esos modos con multitud de nombres pero una sonoridad espectacular que debemos conocer tanto en contextos modales como en contextos tonales\u2026","rel":"","context":"En \u00abAcordes\u00bb","img":{"alt_text":"","src":"https:\/\/i0.wp.com\/img.youtube.com\/vi\/-EZQuNUAuFs\/0.jpg?resize=350%2C200","width":350,"height":200},"classes":[]},{"id":143,"url":"https:\/\/www.teoriamusical.es\/blog\/mixolidio\/","url_meta":{"origin":203,"position":3},"title":"Mixolidio &#8211; Varios Modos Mixolidios","date":"enero 1, 2020","format":false,"excerpt":"Mixolidio es el modo que encontramos en el quinto grado de una escala J\u00f3nica. Sin embargo existe m\u00e1s de un modo mixolodio que provienen de distintas escalas fuente y, adem\u00e1s de servir para usarse sobre un acorde con funci\u00f3n dominante, se puede usar como modo fuente para canciones modales. De\u2026","rel":"","context":"En \u00abArmon\u00eda Moderna\u00bb","img":{"alt_text":"","src":"https:\/\/i0.wp.com\/img.youtube.com\/vi\/FixDuQc0N2g\/0.jpg?resize=350%2C200","width":350,"height":200},"classes":[]},{"id":209,"url":"https:\/\/www.teoriamusical.es\/blog\/modo-dorico\/","url_meta":{"origin":203,"position":4},"title":"Modo D\u00f3rico","date":"julio 7, 2021","format":false,"excerpt":"\u00bfQu\u00e9 es la Armon\u00eda Modal? Esta es una de las preguntas m\u00e1s repetidas por los alumnos y suscriptores que mandan mails. En el video anterior expliqu\u00e9 el modo Lidio y en este repaso de forma sencilla la diferencia entre armon\u00eda tonal y armon\u00eda modal, haciendo hincapi\u00e9 en las diferencias que\u2026","rel":"","context":"En \u00abArmon\u00eda Moderna\u00bb","img":{"alt_text":"","src":"https:\/\/i0.wp.com\/img.youtube.com\/vi\/XASbLPH25fE\/0.jpg?resize=350%2C200","width":350,"height":200},"classes":[]},{"id":212,"url":"https:\/\/www.teoriamusical.es\/blog\/modo-frigio\/","url_meta":{"origin":203,"position":5},"title":"Modo Frigio","date":"julio 7, 2021","format":false,"excerpt":"\u00bfQu\u00e9 es la Armon\u00eda Modal? Esta es una de las preguntas m\u00e1s repetidas por los alumnos y suscriptores que mandan mails. En el video anterior expliqu\u00e9 el modo D\u00f3rico y en este repaso de forma sencilla la diferencia entre armon\u00eda tonal y armon\u00eda modal, haciendo hincapi\u00e9 en las diferencias que\u2026","rel":"","context":"En \u00abArmon\u00eda Moderna\u00bb","img":{"alt_text":"","src":"https:\/\/i0.wp.com\/img.youtube.com\/vi\/HFqqkRvICNU\/0.jpg?resize=350%2C200","width":350,"height":200},"classes":[]}],"_links":{"self":[{"href":"https:\/\/www.teoriamusical.es\/blog\/wp-json\/wp\/v2\/posts\/203","targetHints":{"allow":["GET"]}}],"collection":[{"href":"https:\/\/www.teoriamusical.es\/blog\/wp-json\/wp\/v2\/posts"}],"about":[{"href":"https:\/\/www.teoriamusical.es\/blog\/wp-json\/wp\/v2\/types\/post"}],"author":[{"embeddable":true,"href":"https:\/\/www.teoriamusical.es\/blog\/wp-json\/wp\/v2\/users\/1"}],"replies":[{"embeddable":true,"href":"https:\/\/www.teoriamusical.es\/blog\/wp-json\/wp\/v2\/comments?post=203"}],"version-history":[{"count":1,"href":"https:\/\/www.teoriamusical.es\/blog\/wp-json\/wp\/v2\/posts\/203\/revisions"}],"predecessor-version":[{"id":204,"href":"https:\/\/www.teoriamusical.es\/blog\/wp-json\/wp\/v2\/posts\/203\/revisions\/204"}],"wp:attachment":[{"href":"https:\/\/www.teoriamusical.es\/blog\/wp-json\/wp\/v2\/media?parent=203"}],"wp:term":[{"taxonomy":"category","embeddable":true,"href":"https:\/\/www.teoriamusical.es\/blog\/wp-json\/wp\/v2\/categories?post=203"},{"taxonomy":"post_tag","embeddable":true,"href":"https:\/\/www.teoriamusical.es\/blog\/wp-json\/wp\/v2\/tags?post=203"}],"curies":[{"name":"wp","href":"https:\/\/api.w.org\/{rel}","templated":true}]}}