{"id":166,"date":"2020-02-28T11:33:11","date_gmt":"2020-02-28T10:33:11","guid":{"rendered":"https:\/\/www.teoriamusical.es\/blog\/?p=166"},"modified":"2020-02-28T11:33:12","modified_gmt":"2020-02-28T10:33:12","slug":"la-escala-cromatica","status":"publish","type":"post","link":"https:\/\/www.teoriamusical.es\/blog\/la-escala-cromatica\/","title":{"rendered":"La Escala Crom\u00e1tica como Mapa de Acordes."},"content":{"rendered":"\n<p>La escala crom\u00e1tica, adem\u00e1s de ser importante en el jazz y en las  m\u00fasicas urbanas, es una gu\u00eda \u00fatil para localizar varios tipos de acorde  con un s\u00f3lo golpe de vista:<\/p>\n\n\n\n<p>Acordes Disminuidos como acordes de paso,  dominantes secundarios y acordes sustitutos o SubV7. En este video echamos un vistazo a un recurso b\u00e1sico y f\u00e1cil para  situarte usando la escala cromatica como gu\u00eda.<\/p>\n\n\n\n<figure class=\"wp-block-embed-youtube wp-block-embed is-type-video is-provider-youtube wp-embed-aspect-16-9 wp-has-aspect-ratio\"><div class=\"wp-block-embed__wrapper\">\n<iframe loading=\"lazy\" title=\"La Escala Cromatica Explicada COMO MAPA: Sit\u00faa Acordes Disminuidos, Dominantes Secundarios y SubV7\" width=\"584\" height=\"329\" src=\"https:\/\/www.youtube.com\/embed\/avGFI6gZbb0?feature=oembed\" frameborder=\"0\" allow=\"accelerometer; autoplay; clipboard-write; encrypted-media; gyroscope; picture-in-picture; web-share\" referrerpolicy=\"strict-origin-when-cross-origin\" allowfullscreen><\/iframe>\n<\/div><\/figure>\n\n\n\n<p>\u00bfTe interesa la armon\u00eda moderna, los voicings y el desarrollo mel\u00f3dico? Echa un ojo a mis <a href=\"https:\/\/www.teoriamusical.es\/blog\/cursos-de-musica\/\">cursos de m\u00fasica online<\/a> y al contenido gratuito en mi <a href=\"http:\/\/www.youtube.com\/countblissett\">canal de Youtube<\/a>.<\/p>\n","protected":false},"excerpt":{"rendered":"<p>La escala crom\u00e1tica, adem\u00e1s de ser importante en el jazz y en las m\u00fasicas urbanas, es una gu\u00eda \u00fatil para localizar varios tipos de acorde con un s\u00f3lo golpe de vista: Acordes Disminuidos como acordes de paso, dominantes secundarios y &hellip; <a href=\"https:\/\/www.teoriamusical.es\/blog\/la-escala-cromatica\/\">Sigue leyendo <span class=\"meta-nav\">&rarr;<\/span><\/a><\/p>\n","protected":false},"author":1,"featured_media":0,"comment_status":"open","ping_status":"open","sticky":false,"template":"","format":"standard","meta":{"_monsterinsights_skip_tracking":false,"_monsterinsights_sitenote_active":false,"_monsterinsights_sitenote_note":"","_monsterinsights_sitenote_category":0,"footnotes":""},"categories":[15,27,57,16],"tags":[],"class_list":["post-166","post","type-post","status-publish","format-standard","hentry","category-armonia-moderna","category-creatividad","category-escalas","category-lenguaje-armonico"],"yoast_head":"<!-- This site is optimized with the Yoast SEO plugin v19.6 - https:\/\/yoast.com\/wordpress\/plugins\/seo\/ -->\n<title>La Escala Crom\u00e1tica como Mapa de Acordes. - Teor\u00eda Musical<\/title>\n<meta name=\"description\" content=\"La escala crom\u00e1tica sirve, adem\u00e1s de como escala por derecho propio, como mapa para situar alguno recursos arm\u00f3nicos y acordes de paso de distinta clase.\" \/>\n<meta name=\"robots\" content=\"index, follow, max-snippet:-1, max-image-preview:large, max-video-preview:-1\" \/>\n<link rel=\"canonical\" href=\"https:\/\/www.teoriamusical.es\/blog\/la-escala-cromatica\/\" \/>\n<meta property=\"og:locale\" content=\"es_ES\" \/>\n<meta property=\"og:type\" content=\"article\" \/>\n<meta property=\"og:title\" content=\"La Escala Crom\u00e1tica como Mapa de Acordes. - Teor\u00eda Musical\" \/>\n<meta property=\"og:description\" content=\"La escala crom\u00e1tica sirve, adem\u00e1s de como escala por derecho propio, como mapa para situar alguno recursos arm\u00f3nicos y acordes de paso de distinta clase.\" \/>\n<meta property=\"og:url\" content=\"https:\/\/www.teoriamusical.es\/blog\/la-escala-cromatica\/\" \/>\n<meta property=\"og:site_name\" content=\"Teor\u00eda Musical\" \/>\n<meta property=\"article:published_time\" content=\"2020-02-28T10:33:11+00:00\" \/>\n<meta property=\"article:modified_time\" content=\"2020-02-28T10:33:12+00:00\" \/>\n<meta name=\"author\" content=\"teoriamusical.es\" \/>\n<meta name=\"twitter:card\" content=\"summary_large_image\" \/>\n<meta name=\"twitter:label1\" content=\"Escrito por\" \/>\n\t<meta name=\"twitter:data1\" content=\"teoriamusical.es\" \/>\n\t<meta name=\"twitter:label2\" content=\"Tiempo de lectura\" \/>\n\t<meta name=\"twitter:data2\" content=\"1 minuto\" \/>\n<script type=\"application\/ld+json\" class=\"yoast-schema-graph\">{\"@context\":\"https:\/\/schema.org\",\"@graph\":[{\"@type\":\"Article\",\"@id\":\"https:\/\/www.teoriamusical.es\/blog\/la-escala-cromatica\/#article\",\"isPartOf\":{\"@id\":\"https:\/\/www.teoriamusical.es\/blog\/la-escala-cromatica\/\"},\"author\":{\"name\":\"teoriamusical.es\",\"@id\":\"https:\/\/www.teoriamusical.es\/blog\/#\/schema\/person\/abbe30b6f6b449ac9e19ab236fe3d80c\"},\"headline\":\"La Escala Crom\u00e1tica como Mapa de Acordes.\",\"datePublished\":\"2020-02-28T10:33:11+00:00\",\"dateModified\":\"2020-02-28T10:33:12+00:00\",\"mainEntityOfPage\":{\"@id\":\"https:\/\/www.teoriamusical.es\/blog\/la-escala-cromatica\/\"},\"wordCount\":117,\"commentCount\":0,\"publisher\":{\"@id\":\"https:\/\/www.teoriamusical.es\/blog\/#\/schema\/person\/abbe30b6f6b449ac9e19ab236fe3d80c\"},\"articleSection\":[\"Armon\u00eda Moderna\",\"creatividad\",\"Escalas\",\"Lenguaje Arm\u00f3nico\"],\"inLanguage\":\"es\",\"potentialAction\":[{\"@type\":\"CommentAction\",\"name\":\"Comment\",\"target\":[\"https:\/\/www.teoriamusical.es\/blog\/la-escala-cromatica\/#respond\"]}]},{\"@type\":\"WebPage\",\"@id\":\"https:\/\/www.teoriamusical.es\/blog\/la-escala-cromatica\/\",\"url\":\"https:\/\/www.teoriamusical.es\/blog\/la-escala-cromatica\/\",\"name\":\"La Escala Crom\u00e1tica como Mapa de Acordes. - Teor\u00eda Musical\",\"isPartOf\":{\"@id\":\"https:\/\/www.teoriamusical.es\/blog\/#website\"},\"datePublished\":\"2020-02-28T10:33:11+00:00\",\"dateModified\":\"2020-02-28T10:33:12+00:00\",\"description\":\"La escala crom\u00e1tica sirve, adem\u00e1s de como escala por derecho propio, como mapa para situar alguno recursos arm\u00f3nicos y acordes de paso de distinta clase.\",\"breadcrumb\":{\"@id\":\"https:\/\/www.teoriamusical.es\/blog\/la-escala-cromatica\/#breadcrumb\"},\"inLanguage\":\"es\",\"potentialAction\":[{\"@type\":\"ReadAction\",\"target\":[\"https:\/\/www.teoriamusical.es\/blog\/la-escala-cromatica\/\"]}]},{\"@type\":\"BreadcrumbList\",\"@id\":\"https:\/\/www.teoriamusical.es\/blog\/la-escala-cromatica\/#breadcrumb\",\"itemListElement\":[{\"@type\":\"ListItem\",\"position\":1,\"name\":\"Home\",\"item\":\"https:\/\/www.teoriamusical.es\/blog\/\"},{\"@type\":\"ListItem\",\"position\":2,\"name\":\"La Escala Crom\u00e1tica como Mapa de Acordes.\"}]},{\"@type\":\"WebSite\",\"@id\":\"https:\/\/www.teoriamusical.es\/blog\/#website\",\"url\":\"https:\/\/www.teoriamusical.es\/blog\/\",\"name\":\"Teor\u00eda Musical\",\"description\":\"Teor\u00eda Musical, Armon\u00eda Moderna y Cursos Online\",\"publisher\":{\"@id\":\"https:\/\/www.teoriamusical.es\/blog\/#\/schema\/person\/abbe30b6f6b449ac9e19ab236fe3d80c\"},\"potentialAction\":[{\"@type\":\"SearchAction\",\"target\":{\"@type\":\"EntryPoint\",\"urlTemplate\":\"https:\/\/www.teoriamusical.es\/blog\/?s={search_term_string}\"},\"query-input\":\"required name=search_term_string\"}],\"inLanguage\":\"es\"},{\"@type\":[\"Person\",\"Organization\"],\"@id\":\"https:\/\/www.teoriamusical.es\/blog\/#\/schema\/person\/abbe30b6f6b449ac9e19ab236fe3d80c\",\"name\":\"teoriamusical.es\",\"image\":{\"@type\":\"ImageObject\",\"inLanguage\":\"es\",\"@id\":\"https:\/\/www.teoriamusical.es\/blog\/#\/schema\/person\/image\/\",\"url\":\"https:\/\/secure.gravatar.com\/avatar\/1d7014e5a95916f717d86ab0aceffce14fd35c12b39d368d60384afae17e1760?s=96&d=mm&r=g\",\"contentUrl\":\"https:\/\/secure.gravatar.com\/avatar\/1d7014e5a95916f717d86ab0aceffce14fd35c12b39d368d60384afae17e1760?s=96&d=mm&r=g\",\"caption\":\"teoriamusical.es\"},\"logo\":{\"@id\":\"https:\/\/www.teoriamusical.es\/blog\/#\/schema\/person\/image\/\"}}]}<\/script>\n<!-- \/ Yoast SEO plugin. -->","yoast_head_json":{"title":"La Escala Crom\u00e1tica como Mapa de Acordes. - Teor\u00eda Musical","description":"La escala crom\u00e1tica sirve, adem\u00e1s de como escala por derecho propio, como mapa para situar alguno recursos arm\u00f3nicos y acordes de paso de distinta clase.","robots":{"index":"index","follow":"follow","max-snippet":"max-snippet:-1","max-image-preview":"max-image-preview:large","max-video-preview":"max-video-preview:-1"},"canonical":"https:\/\/www.teoriamusical.es\/blog\/la-escala-cromatica\/","og_locale":"es_ES","og_type":"article","og_title":"La Escala Crom\u00e1tica como Mapa de Acordes. - Teor\u00eda Musical","og_description":"La escala crom\u00e1tica sirve, adem\u00e1s de como escala por derecho propio, como mapa para situar alguno recursos arm\u00f3nicos y acordes de paso de distinta clase.","og_url":"https:\/\/www.teoriamusical.es\/blog\/la-escala-cromatica\/","og_site_name":"Teor\u00eda Musical","article_published_time":"2020-02-28T10:33:11+00:00","article_modified_time":"2020-02-28T10:33:12+00:00","author":"teoriamusical.es","twitter_card":"summary_large_image","twitter_misc":{"Escrito por":"teoriamusical.es","Tiempo de lectura":"1 minuto"},"schema":{"@context":"https:\/\/schema.org","@graph":[{"@type":"Article","@id":"https:\/\/www.teoriamusical.es\/blog\/la-escala-cromatica\/#article","isPartOf":{"@id":"https:\/\/www.teoriamusical.es\/blog\/la-escala-cromatica\/"},"author":{"name":"teoriamusical.es","@id":"https:\/\/www.teoriamusical.es\/blog\/#\/schema\/person\/abbe30b6f6b449ac9e19ab236fe3d80c"},"headline":"La Escala Crom\u00e1tica como Mapa de Acordes.","datePublished":"2020-02-28T10:33:11+00:00","dateModified":"2020-02-28T10:33:12+00:00","mainEntityOfPage":{"@id":"https:\/\/www.teoriamusical.es\/blog\/la-escala-cromatica\/"},"wordCount":117,"commentCount":0,"publisher":{"@id":"https:\/\/www.teoriamusical.es\/blog\/#\/schema\/person\/abbe30b6f6b449ac9e19ab236fe3d80c"},"articleSection":["Armon\u00eda Moderna","creatividad","Escalas","Lenguaje Arm\u00f3nico"],"inLanguage":"es","potentialAction":[{"@type":"CommentAction","name":"Comment","target":["https:\/\/www.teoriamusical.es\/blog\/la-escala-cromatica\/#respond"]}]},{"@type":"WebPage","@id":"https:\/\/www.teoriamusical.es\/blog\/la-escala-cromatica\/","url":"https:\/\/www.teoriamusical.es\/blog\/la-escala-cromatica\/","name":"La Escala Crom\u00e1tica como Mapa de Acordes. - Teor\u00eda Musical","isPartOf":{"@id":"https:\/\/www.teoriamusical.es\/blog\/#website"},"datePublished":"2020-02-28T10:33:11+00:00","dateModified":"2020-02-28T10:33:12+00:00","description":"La escala crom\u00e1tica sirve, adem\u00e1s de como escala por derecho propio, como mapa para situar alguno recursos arm\u00f3nicos y acordes de paso de distinta clase.","breadcrumb":{"@id":"https:\/\/www.teoriamusical.es\/blog\/la-escala-cromatica\/#breadcrumb"},"inLanguage":"es","potentialAction":[{"@type":"ReadAction","target":["https:\/\/www.teoriamusical.es\/blog\/la-escala-cromatica\/"]}]},{"@type":"BreadcrumbList","@id":"https:\/\/www.teoriamusical.es\/blog\/la-escala-cromatica\/#breadcrumb","itemListElement":[{"@type":"ListItem","position":1,"name":"Home","item":"https:\/\/www.teoriamusical.es\/blog\/"},{"@type":"ListItem","position":2,"name":"La Escala Crom\u00e1tica como Mapa de Acordes."}]},{"@type":"WebSite","@id":"https:\/\/www.teoriamusical.es\/blog\/#website","url":"https:\/\/www.teoriamusical.es\/blog\/","name":"Teor\u00eda Musical","description":"Teor\u00eda Musical, Armon\u00eda Moderna y Cursos Online","publisher":{"@id":"https:\/\/www.teoriamusical.es\/blog\/#\/schema\/person\/abbe30b6f6b449ac9e19ab236fe3d80c"},"potentialAction":[{"@type":"SearchAction","target":{"@type":"EntryPoint","urlTemplate":"https:\/\/www.teoriamusical.es\/blog\/?s={search_term_string}"},"query-input":"required name=search_term_string"}],"inLanguage":"es"},{"@type":["Person","Organization"],"@id":"https:\/\/www.teoriamusical.es\/blog\/#\/schema\/person\/abbe30b6f6b449ac9e19ab236fe3d80c","name":"teoriamusical.es","image":{"@type":"ImageObject","inLanguage":"es","@id":"https:\/\/www.teoriamusical.es\/blog\/#\/schema\/person\/image\/","url":"https:\/\/secure.gravatar.com\/avatar\/1d7014e5a95916f717d86ab0aceffce14fd35c12b39d368d60384afae17e1760?s=96&d=mm&r=g","contentUrl":"https:\/\/secure.gravatar.com\/avatar\/1d7014e5a95916f717d86ab0aceffce14fd35c12b39d368d60384afae17e1760?s=96&d=mm&r=g","caption":"teoriamusical.es"},"logo":{"@id":"https:\/\/www.teoriamusical.es\/blog\/#\/schema\/person\/image\/"}}]}},"jetpack_featured_media_url":"","jetpack-related-posts":[{"id":381,"url":"https:\/\/www.teoriamusical.es\/blog\/notas-pivot\/","url_meta":{"origin":166,"position":0},"title":"Notas Pivot: Rearmonizaci\u00f3n","date":"agosto 18, 2021","format":false,"excerpt":"La rearmonizaci\u00f3n con notas pivot es una t\u00e9cnica habitual en jazz y en artistas con un lenguaje arm\u00f3nico avanzado como Jacob Collier. Las notas pivot utilizan un concepto muy similar al concepto de los acordes pivot que encontramos en la modulaci\u00f3n con acordes pivot, que es uno de los tipos\u2026","rel":"","context":"En \u00abArmon\u00eda Moderna\u00bb","img":{"alt_text":"","src":"https:\/\/i0.wp.com\/img.youtube.com\/vi\/330ozUR0h-g\/0.jpg?resize=350%2C200","width":350,"height":200},"classes":[]},{"id":150,"url":"https:\/\/www.teoriamusical.es\/blog\/escala-alterada\/","url_meta":{"origin":166,"position":1},"title":"Escala Alterada y Acordes Alterados","date":"febrero 28, 2020","format":false,"excerpt":"La escala Alterada es, de todas las escalas, una de mis preferidas. Se forma sobre el s\u00e9ptimo grado de la melodic minor scale y la usamos en el acorde alterado. Alguna gente la llama diminished whole tone, otros la llaman escala super locria pero, como veremos en el video, llamarla\u2026","rel":"","context":"En \u00abAcordes\u00bb","img":{"alt_text":"","src":"https:\/\/i0.wp.com\/img.youtube.com\/vi\/Ow0YAjtRS4s\/0.jpg?resize=350%2C200","width":350,"height":200},"classes":[]},{"id":90,"url":"https:\/\/www.teoriamusical.es\/blog\/acordes-disminuidos\/","url_meta":{"origin":166,"position":2},"title":"Acordes Disminuidos, \u00bfSab\u00edas esto sobre ellos?","date":"diciembre 6, 2019","format":false,"excerpt":"Los Acordes disminuidos est\u00e1n entre mis acordes din\u00e1micos preferidos y tienen su propio cap\u00edtulo dedicado en mi curso de armon\u00eda moderna. Los hemos escuchado en m\u00fasica cl\u00e1sica, en jazz, en pop y tienen un sonido muy particular y cosas muy interesantes. Sin embargo su uso en la radiof\u00f3rmula es ocasional\u2026","rel":"","context":"En \u00abAcordes\u00bb","img":{"alt_text":"","src":"https:\/\/i0.wp.com\/img.youtube.com\/vi\/kJWGhN4Qpi4\/0.jpg?resize=350%2C200","width":350,"height":200},"classes":[]},{"id":443,"url":"https:\/\/www.teoriamusical.es\/blog\/armonia-cromatica\/","url_meta":{"origin":166,"position":3},"title":"Armon\u00eda Crom\u00e1tica","date":"noviembre 29, 2021","format":false,"excerpt":"La armon\u00eda crom\u00e1tica es parte importante de nuestro lenguaje como compositores, desde el romanticismo hasta el jazz pasando por la m\u00fasica post tonal del siglo XX, todos los recursos de la armon\u00eda crom\u00e1tica est\u00e1n presentes en mayor o menor medida.Hemos visto, tanto en el curso de armon\u00eda moderna como en\u2026","rel":"","context":"En \u00abAn\u00e1lisis Musical\u00bb","img":{"alt_text":"","src":"https:\/\/i0.wp.com\/img.youtube.com\/vi\/M4wXRN5Y8eM\/0.jpg?resize=350%2C200","width":350,"height":200},"classes":[]},{"id":276,"url":"https:\/\/www.teoriamusical.es\/blog\/componer-con-sets-de-notas\/","url_meta":{"origin":166,"position":4},"title":"Componer con Sets de Notas","date":"julio 16, 2021","format":false,"excerpt":"Armonizar melod\u00edas es relativamente sencillo cuando conoces los modos y las escalas fuente de las cuales surgen los acordes y qu\u00e9 notas son chord tones y cu\u00e1les son tensiones del acorde. El problema viene cuando, para armonizar melod\u00edas, trabajamos con sets de notas que no se agrupan en los modelos\u2026","rel":"","context":"En \u00abAcordes\u00bb","img":{"alt_text":"","src":"https:\/\/i0.wp.com\/img.youtube.com\/vi\/Ttg-oprgrPw\/0.jpg?resize=350%2C200","width":350,"height":200},"classes":[]},{"id":85,"url":"https:\/\/www.teoriamusical.es\/blog\/tonalidad-acorde\/","url_meta":{"origin":166,"position":5},"title":"Tonalidad y Acorde","date":"diciembre 5, 2019","format":false,"excerpt":"Tonalidad y acorde tienen, en armon\u00eda funcional, una relaci\u00f3n. Siempre explico, en mis cursos online, en mis clases particulares y en mis videos de Youtube, que debemos saber 3 cosas sobre un acorde; su forma (voicing), el modo que tiene debajo y su escala fuente. Esa escala fuente est\u00e1 en\u2026","rel":"","context":"En \u00abAcordes\u00bb","img":{"alt_text":"","src":"https:\/\/i0.wp.com\/img.youtube.com\/vi\/5f6fnYnNXes\/0.jpg?resize=350%2C200","width":350,"height":200},"classes":[]}],"_links":{"self":[{"href":"https:\/\/www.teoriamusical.es\/blog\/wp-json\/wp\/v2\/posts\/166","targetHints":{"allow":["GET"]}}],"collection":[{"href":"https:\/\/www.teoriamusical.es\/blog\/wp-json\/wp\/v2\/posts"}],"about":[{"href":"https:\/\/www.teoriamusical.es\/blog\/wp-json\/wp\/v2\/types\/post"}],"author":[{"embeddable":true,"href":"https:\/\/www.teoriamusical.es\/blog\/wp-json\/wp\/v2\/users\/1"}],"replies":[{"embeddable":true,"href":"https:\/\/www.teoriamusical.es\/blog\/wp-json\/wp\/v2\/comments?post=166"}],"version-history":[{"count":1,"href":"https:\/\/www.teoriamusical.es\/blog\/wp-json\/wp\/v2\/posts\/166\/revisions"}],"predecessor-version":[{"id":168,"href":"https:\/\/www.teoriamusical.es\/blog\/wp-json\/wp\/v2\/posts\/166\/revisions\/168"}],"wp:attachment":[{"href":"https:\/\/www.teoriamusical.es\/blog\/wp-json\/wp\/v2\/media?parent=166"}],"wp:term":[{"taxonomy":"category","embeddable":true,"href":"https:\/\/www.teoriamusical.es\/blog\/wp-json\/wp\/v2\/categories?post=166"},{"taxonomy":"post_tag","embeddable":true,"href":"https:\/\/www.teoriamusical.es\/blog\/wp-json\/wp\/v2\/tags?post=166"}],"curies":[{"name":"wp","href":"https:\/\/api.w.org\/{rel}","templated":true}]}}