{"id":150,"date":"2020-02-28T01:24:23","date_gmt":"2020-02-28T00:24:23","guid":{"rendered":"https:\/\/www.teoriamusical.es\/blog\/?p=150"},"modified":"2020-02-28T01:24:24","modified_gmt":"2020-02-28T00:24:24","slug":"escala-alterada","status":"publish","type":"post","link":"https:\/\/www.teoriamusical.es\/blog\/escala-alterada\/","title":{"rendered":"Escala Alterada y Acordes Alterados"},"content":{"rendered":"\n<p>La escala Alterada es, de todas las escalas, una de mis preferidas. <\/p>\n\n\n\n<p>Se forma sobre el s\u00e9ptimo grado de la melodic minor scale y la usamos en el acorde alterado.<\/p>\n\n\n\n<p>Alguna gente la  llama diminished whole tone, otros la llaman escala super locria pero,  como veremos en el video, llamarla escala alterada (o modo alterado) es bastante pr\u00e1ctico, al igual que cifrarlo como acorde alterado en lugar de acorde con chorrocientas mil tensiones o con cifrados de acordes m\u00e1s confusos.<\/p>\n\n\n\n<p>Veremos qu\u00e9 diferencias tiene esta escala si la comparamos con otras escalas como la diminished scale  o la whole tone scale y veremos como podemos resolver sus tensiones.<\/p>\n\n\n\n<p>AL FINAL DEL VIDEO TIENES UNA T\u00c9CNICA F\u00c1CIL PARA FORMAR ACORDES  ALTERADOS EN UN S\u00d3LO PASO. <\/p>\n\n\n\n<figure class=\"wp-block-embed-youtube wp-block-embed is-type-video is-provider-youtube wp-embed-aspect-16-9 wp-has-aspect-ratio\"><div class=\"wp-block-embed__wrapper\">\n<iframe loading=\"lazy\" title=\"Escala Alterada y Acordes Alterados\" width=\"584\" height=\"329\" src=\"https:\/\/www.youtube.com\/embed\/Ow0YAjtRS4s?feature=oembed\" frameborder=\"0\" allow=\"accelerometer; autoplay; clipboard-write; encrypted-media; gyroscope; picture-in-picture; web-share\" referrerpolicy=\"strict-origin-when-cross-origin\" allowfullscreen><\/iframe>\n<\/div><\/figure>\n\n\n\n<p>\u00bfTe interesa la armon\u00eda moderna, los voicings y el desarrollo mel\u00f3dico? Echa un vistazo a mis <a href=\"https:\/\/www.teoriamusical.es\/blog\/cursos-de-musica\/\">cursos online<\/a> o disfruta de contenido gratuito en mi <a href=\"http:\/\/www.youtube.com\/countblissett\">canal de Youtube<\/a>.<\/p>\n","protected":false},"excerpt":{"rendered":"<p>La escala Alterada es, de todas las escalas, una de mis preferidas. Se forma sobre el s\u00e9ptimo grado de la melodic minor scale y la usamos en el acorde alterado. Alguna gente la llama diminished whole tone, otros la llaman &hellip; <a href=\"https:\/\/www.teoriamusical.es\/blog\/escala-alterada\/\">Sigue leyendo <span class=\"meta-nav\">&rarr;<\/span><\/a><\/p>\n","protected":false},"author":1,"featured_media":0,"comment_status":"open","ping_status":"open","sticky":false,"template":"","format":"standard","meta":{"_monsterinsights_skip_tracking":false,"_monsterinsights_sitenote_active":false,"_monsterinsights_sitenote_note":"","_monsterinsights_sitenote_category":0,"footnotes":""},"categories":[37,15,57,16],"tags":[],"class_list":["post-150","post","type-post","status-publish","format-standard","hentry","category-acordes","category-armonia-moderna","category-escalas","category-lenguaje-armonico"],"yoast_head":"<!-- This site is optimized with the Yoast SEO plugin v19.6 - https:\/\/yoast.com\/wordpress\/plugins\/seo\/ -->\n<title>Escala Alterada y Acordes Alterados - Teor\u00eda Musical<\/title>\n<meta name=\"description\" content=\"La escala alterada es una de mis modos preferidos de la escala menor mel\u00f3dica. En este video aprendemos algunas cosas sobre ella y sobre c\u00f3mo usarla.\" \/>\n<meta name=\"robots\" content=\"index, follow, max-snippet:-1, max-image-preview:large, max-video-preview:-1\" \/>\n<link rel=\"canonical\" href=\"https:\/\/www.teoriamusical.es\/blog\/escala-alterada\/\" \/>\n<meta property=\"og:locale\" content=\"es_ES\" \/>\n<meta property=\"og:type\" content=\"article\" \/>\n<meta property=\"og:title\" content=\"Escala Alterada y Acordes Alterados - Teor\u00eda Musical\" \/>\n<meta property=\"og:description\" content=\"La escala alterada es una de mis modos preferidos de la escala menor mel\u00f3dica. En este video aprendemos algunas cosas sobre ella y sobre c\u00f3mo usarla.\" \/>\n<meta property=\"og:url\" content=\"https:\/\/www.teoriamusical.es\/blog\/escala-alterada\/\" \/>\n<meta property=\"og:site_name\" content=\"Teor\u00eda Musical\" \/>\n<meta property=\"article:published_time\" content=\"2020-02-28T00:24:23+00:00\" \/>\n<meta property=\"article:modified_time\" content=\"2020-02-28T00:24:24+00:00\" \/>\n<meta name=\"author\" content=\"teoriamusical.es\" \/>\n<meta name=\"twitter:card\" content=\"summary_large_image\" \/>\n<meta name=\"twitter:label1\" content=\"Escrito por\" \/>\n\t<meta name=\"twitter:data1\" content=\"teoriamusical.es\" \/>\n\t<meta name=\"twitter:label2\" content=\"Tiempo de lectura\" \/>\n\t<meta name=\"twitter:data2\" content=\"1 minuto\" \/>\n<script type=\"application\/ld+json\" class=\"yoast-schema-graph\">{\"@context\":\"https:\/\/schema.org\",\"@graph\":[{\"@type\":\"Article\",\"@id\":\"https:\/\/www.teoriamusical.es\/blog\/escala-alterada\/#article\",\"isPartOf\":{\"@id\":\"https:\/\/www.teoriamusical.es\/blog\/escala-alterada\/\"},\"author\":{\"name\":\"teoriamusical.es\",\"@id\":\"https:\/\/www.teoriamusical.es\/blog\/#\/schema\/person\/abbe30b6f6b449ac9e19ab236fe3d80c\"},\"headline\":\"Escala Alterada y Acordes Alterados\",\"datePublished\":\"2020-02-28T00:24:23+00:00\",\"dateModified\":\"2020-02-28T00:24:24+00:00\",\"mainEntityOfPage\":{\"@id\":\"https:\/\/www.teoriamusical.es\/blog\/escala-alterada\/\"},\"wordCount\":171,\"commentCount\":0,\"publisher\":{\"@id\":\"https:\/\/www.teoriamusical.es\/blog\/#\/schema\/person\/abbe30b6f6b449ac9e19ab236fe3d80c\"},\"articleSection\":[\"Acordes\",\"Armon\u00eda Moderna\",\"Escalas\",\"Lenguaje Arm\u00f3nico\"],\"inLanguage\":\"es\",\"potentialAction\":[{\"@type\":\"CommentAction\",\"name\":\"Comment\",\"target\":[\"https:\/\/www.teoriamusical.es\/blog\/escala-alterada\/#respond\"]}]},{\"@type\":\"WebPage\",\"@id\":\"https:\/\/www.teoriamusical.es\/blog\/escala-alterada\/\",\"url\":\"https:\/\/www.teoriamusical.es\/blog\/escala-alterada\/\",\"name\":\"Escala Alterada y Acordes Alterados - Teor\u00eda Musical\",\"isPartOf\":{\"@id\":\"https:\/\/www.teoriamusical.es\/blog\/#website\"},\"datePublished\":\"2020-02-28T00:24:23+00:00\",\"dateModified\":\"2020-02-28T00:24:24+00:00\",\"description\":\"La escala alterada es una de mis modos preferidos de la escala menor mel\u00f3dica. En este video aprendemos algunas cosas sobre ella y sobre c\u00f3mo usarla.\",\"breadcrumb\":{\"@id\":\"https:\/\/www.teoriamusical.es\/blog\/escala-alterada\/#breadcrumb\"},\"inLanguage\":\"es\",\"potentialAction\":[{\"@type\":\"ReadAction\",\"target\":[\"https:\/\/www.teoriamusical.es\/blog\/escala-alterada\/\"]}]},{\"@type\":\"BreadcrumbList\",\"@id\":\"https:\/\/www.teoriamusical.es\/blog\/escala-alterada\/#breadcrumb\",\"itemListElement\":[{\"@type\":\"ListItem\",\"position\":1,\"name\":\"Home\",\"item\":\"https:\/\/www.teoriamusical.es\/blog\/\"},{\"@type\":\"ListItem\",\"position\":2,\"name\":\"Escala Alterada y Acordes Alterados\"}]},{\"@type\":\"WebSite\",\"@id\":\"https:\/\/www.teoriamusical.es\/blog\/#website\",\"url\":\"https:\/\/www.teoriamusical.es\/blog\/\",\"name\":\"Teor\u00eda Musical\",\"description\":\"Teor\u00eda Musical, Armon\u00eda Moderna y Cursos Online\",\"publisher\":{\"@id\":\"https:\/\/www.teoriamusical.es\/blog\/#\/schema\/person\/abbe30b6f6b449ac9e19ab236fe3d80c\"},\"potentialAction\":[{\"@type\":\"SearchAction\",\"target\":{\"@type\":\"EntryPoint\",\"urlTemplate\":\"https:\/\/www.teoriamusical.es\/blog\/?s={search_term_string}\"},\"query-input\":\"required name=search_term_string\"}],\"inLanguage\":\"es\"},{\"@type\":[\"Person\",\"Organization\"],\"@id\":\"https:\/\/www.teoriamusical.es\/blog\/#\/schema\/person\/abbe30b6f6b449ac9e19ab236fe3d80c\",\"name\":\"teoriamusical.es\",\"image\":{\"@type\":\"ImageObject\",\"inLanguage\":\"es\",\"@id\":\"https:\/\/www.teoriamusical.es\/blog\/#\/schema\/person\/image\/\",\"url\":\"https:\/\/secure.gravatar.com\/avatar\/1d7014e5a95916f717d86ab0aceffce14fd35c12b39d368d60384afae17e1760?s=96&d=mm&r=g\",\"contentUrl\":\"https:\/\/secure.gravatar.com\/avatar\/1d7014e5a95916f717d86ab0aceffce14fd35c12b39d368d60384afae17e1760?s=96&d=mm&r=g\",\"caption\":\"teoriamusical.es\"},\"logo\":{\"@id\":\"https:\/\/www.teoriamusical.es\/blog\/#\/schema\/person\/image\/\"}}]}<\/script>\n<!-- \/ Yoast SEO plugin. -->","yoast_head_json":{"title":"Escala Alterada y Acordes Alterados - Teor\u00eda Musical","description":"La escala alterada es una de mis modos preferidos de la escala menor mel\u00f3dica. En este video aprendemos algunas cosas sobre ella y sobre c\u00f3mo usarla.","robots":{"index":"index","follow":"follow","max-snippet":"max-snippet:-1","max-image-preview":"max-image-preview:large","max-video-preview":"max-video-preview:-1"},"canonical":"https:\/\/www.teoriamusical.es\/blog\/escala-alterada\/","og_locale":"es_ES","og_type":"article","og_title":"Escala Alterada y Acordes Alterados - Teor\u00eda Musical","og_description":"La escala alterada es una de mis modos preferidos de la escala menor mel\u00f3dica. En este video aprendemos algunas cosas sobre ella y sobre c\u00f3mo usarla.","og_url":"https:\/\/www.teoriamusical.es\/blog\/escala-alterada\/","og_site_name":"Teor\u00eda Musical","article_published_time":"2020-02-28T00:24:23+00:00","article_modified_time":"2020-02-28T00:24:24+00:00","author":"teoriamusical.es","twitter_card":"summary_large_image","twitter_misc":{"Escrito por":"teoriamusical.es","Tiempo de lectura":"1 minuto"},"schema":{"@context":"https:\/\/schema.org","@graph":[{"@type":"Article","@id":"https:\/\/www.teoriamusical.es\/blog\/escala-alterada\/#article","isPartOf":{"@id":"https:\/\/www.teoriamusical.es\/blog\/escala-alterada\/"},"author":{"name":"teoriamusical.es","@id":"https:\/\/www.teoriamusical.es\/blog\/#\/schema\/person\/abbe30b6f6b449ac9e19ab236fe3d80c"},"headline":"Escala Alterada y Acordes Alterados","datePublished":"2020-02-28T00:24:23+00:00","dateModified":"2020-02-28T00:24:24+00:00","mainEntityOfPage":{"@id":"https:\/\/www.teoriamusical.es\/blog\/escala-alterada\/"},"wordCount":171,"commentCount":0,"publisher":{"@id":"https:\/\/www.teoriamusical.es\/blog\/#\/schema\/person\/abbe30b6f6b449ac9e19ab236fe3d80c"},"articleSection":["Acordes","Armon\u00eda Moderna","Escalas","Lenguaje Arm\u00f3nico"],"inLanguage":"es","potentialAction":[{"@type":"CommentAction","name":"Comment","target":["https:\/\/www.teoriamusical.es\/blog\/escala-alterada\/#respond"]}]},{"@type":"WebPage","@id":"https:\/\/www.teoriamusical.es\/blog\/escala-alterada\/","url":"https:\/\/www.teoriamusical.es\/blog\/escala-alterada\/","name":"Escala Alterada y Acordes Alterados - Teor\u00eda Musical","isPartOf":{"@id":"https:\/\/www.teoriamusical.es\/blog\/#website"},"datePublished":"2020-02-28T00:24:23+00:00","dateModified":"2020-02-28T00:24:24+00:00","description":"La escala alterada es una de mis modos preferidos de la escala menor mel\u00f3dica. En este video aprendemos algunas cosas sobre ella y sobre c\u00f3mo usarla.","breadcrumb":{"@id":"https:\/\/www.teoriamusical.es\/blog\/escala-alterada\/#breadcrumb"},"inLanguage":"es","potentialAction":[{"@type":"ReadAction","target":["https:\/\/www.teoriamusical.es\/blog\/escala-alterada\/"]}]},{"@type":"BreadcrumbList","@id":"https:\/\/www.teoriamusical.es\/blog\/escala-alterada\/#breadcrumb","itemListElement":[{"@type":"ListItem","position":1,"name":"Home","item":"https:\/\/www.teoriamusical.es\/blog\/"},{"@type":"ListItem","position":2,"name":"Escala Alterada y Acordes Alterados"}]},{"@type":"WebSite","@id":"https:\/\/www.teoriamusical.es\/blog\/#website","url":"https:\/\/www.teoriamusical.es\/blog\/","name":"Teor\u00eda Musical","description":"Teor\u00eda Musical, Armon\u00eda Moderna y Cursos Online","publisher":{"@id":"https:\/\/www.teoriamusical.es\/blog\/#\/schema\/person\/abbe30b6f6b449ac9e19ab236fe3d80c"},"potentialAction":[{"@type":"SearchAction","target":{"@type":"EntryPoint","urlTemplate":"https:\/\/www.teoriamusical.es\/blog\/?s={search_term_string}"},"query-input":"required name=search_term_string"}],"inLanguage":"es"},{"@type":["Person","Organization"],"@id":"https:\/\/www.teoriamusical.es\/blog\/#\/schema\/person\/abbe30b6f6b449ac9e19ab236fe3d80c","name":"teoriamusical.es","image":{"@type":"ImageObject","inLanguage":"es","@id":"https:\/\/www.teoriamusical.es\/blog\/#\/schema\/person\/image\/","url":"https:\/\/secure.gravatar.com\/avatar\/1d7014e5a95916f717d86ab0aceffce14fd35c12b39d368d60384afae17e1760?s=96&d=mm&r=g","contentUrl":"https:\/\/secure.gravatar.com\/avatar\/1d7014e5a95916f717d86ab0aceffce14fd35c12b39d368d60384afae17e1760?s=96&d=mm&r=g","caption":"teoriamusical.es"},"logo":{"@id":"https:\/\/www.teoriamusical.es\/blog\/#\/schema\/person\/image\/"}}]}},"jetpack_featured_media_url":"","jetpack-related-posts":[{"id":235,"url":"https:\/\/www.teoriamusical.es\/blog\/dominantes-resoluciones-alternativas\/","url_meta":{"origin":150,"position":0},"title":"Dominantes: Resoluciones alternativas","date":"julio 13, 2021","format":false,"excerpt":"Los acordes dominantes son como el motor de la m\u00fasica; empujan las progresiones de acordes y a\u00f1aden tensi\u00f3n con la resoluci\u00f3n, o no resoluci\u00f3n, de los dominantes y sus tensiones. Tenemos acordes dominantes secundarios, acordes dominantes sustitutos, dominantes extendidos y, por supuesto, diferentes escalas sobre acordes dominantes. En el canal\u2026","rel":"","context":"En \u00abAcordes\u00bb","img":{"alt_text":"","src":"https:\/\/i0.wp.com\/img.youtube.com\/vi\/iQD_0jFWhp4\/0.jpg?resize=350%2C200","width":350,"height":200},"classes":[]},{"id":147,"url":"https:\/\/www.teoriamusical.es\/blog\/dominantes-sustitutos-2\/","url_meta":{"origin":150,"position":1},"title":"Dominantes Sustitutos y Dominantes Alterados; \u00bfQu\u00e9 Relaci\u00f3n Tienen?","date":"febrero 28, 2020","format":false,"excerpt":"Hoy vamos a hablar de la relaci\u00f3n entre los dominantes sustitutos y los dominantes alterados porque en el video de ayer os habl\u00e9 de la escala alterada y el dominante alterado que la usa, uno de mis tipos de acorde dominante preferido y, sin duda, una de los modos del\u2026","rel":"","context":"En \u00abCursos de M\u00fasica\u00bb","img":{"alt_text":"","src":"https:\/\/i0.wp.com\/img.youtube.com\/vi\/pWCT20HEWy4\/0.jpg?resize=350%2C200","width":350,"height":200},"classes":[]},{"id":341,"url":"https:\/\/www.teoriamusical.es\/blog\/la-escala-napolitana-menor-modos-y-sonoridades\/","url_meta":{"origin":150,"position":2},"title":"La Escala Napolitana Menor: Modos y Sonoridades","date":"julio 16, 2021","format":false,"excerpt":"\u00bfQu\u00e9 es la escala napolitana? \u00bfqu\u00e9 modos tiene? \u00bfhay escala napolitana mayor y escala napolitana menor? En este tutorial, al margen de los acordes de sexta napolitana que conocemos de la m\u00fasica cl\u00e1sica, echaremos un vistazo a una escala fuente muy interesante que se cubrir\u00e1 en detalle, con otras escalas\u2026","rel":"","context":"En \u00abAn\u00e1lisis Musical\u00bb","img":{"alt_text":"","src":"https:\/\/i0.wp.com\/img.youtube.com\/vi\/WANUZ0Yx4NU\/0.jpg?resize=350%2C200","width":350,"height":200},"classes":[]},{"id":101,"url":"https:\/\/www.teoriamusical.es\/blog\/dominantes-sustitutos\/","url_meta":{"origin":150,"position":3},"title":"Dominantes Sustitutos; Qu\u00e9 Son y C\u00f3mo Funcionan.","date":"diciembre 8, 2019","format":false,"excerpt":"Los dominantes sustitutos son un recurso habitual en jazz, en pop y en pr\u00e1cticamente cualquier estilo de m\u00fasica. Sin embargo, muchas veces nos limitamos a la forma, el voicing concreto arpegiado, sin tener demasiado claro qu\u00e9 modo tenemos debajo y qu\u00e9 sustituciones permite. Tras muchos a\u00f1os como educador musical, he\u2026","rel":"","context":"En \u00abAcordes\u00bb","img":{"alt_text":"","src":"https:\/\/i0.wp.com\/img.youtube.com\/vi\/WA6XbEzJb3Q\/0.jpg?resize=350%2C200","width":350,"height":200},"classes":[]},{"id":121,"url":"https:\/\/www.teoriamusical.es\/blog\/componer-riqueza-armonica\/","url_meta":{"origin":150,"position":4},"title":"Componer con Riqueza Arm\u00f3nica","date":"diciembre 14, 2019","format":false,"excerpt":"Componer con riqueza arm\u00f3nica es una meta deseable pero difusa sin no concretamos un poco de qu\u00e9 estamos hablando. En un primer momento, dado la tendencia a confundir la armon\u00eda con los acordes, podemos pensar que al hablar de riqueza arm\u00f3nica hablamos de que haya muchos acordes. Y no va\u2026","rel":"","context":"En \u00abAcordes\u00bb","img":{"alt_text":"","src":"https:\/\/i0.wp.com\/img.youtube.com\/vi\/aXA85ILVWUE\/0.jpg?resize=350%2C200","width":350,"height":200},"classes":[]},{"id":465,"url":"https:\/\/www.teoriamusical.es\/blog\/la-clave-del-intercambio-modal\/","url_meta":{"origin":150,"position":5},"title":"La Clave del Intercambio Modal","date":"junio 29, 2022","format":false,"excerpt":"El intercambio modal es un recurso que, en armon\u00eda moderna, nos prepara para la tonalidad extendida, que est\u00e1 a la orden del d\u00eda en la pr\u00e1ctica jazzistica, tanto en composici\u00f3n como en improvisaci\u00f3n. Aprender los recursos arm\u00f3nicos y las formas de ver la armon\u00eda que se tienen en distintos estilos\u2026","rel":"","context":"En \u00abCursos de M\u00fasica\u00bb","img":{"alt_text":"","src":"https:\/\/i0.wp.com\/img.youtube.com\/vi\/_6_BtKDiroM\/0.jpg?resize=350%2C200","width":350,"height":200},"classes":[]}],"_links":{"self":[{"href":"https:\/\/www.teoriamusical.es\/blog\/wp-json\/wp\/v2\/posts\/150","targetHints":{"allow":["GET"]}}],"collection":[{"href":"https:\/\/www.teoriamusical.es\/blog\/wp-json\/wp\/v2\/posts"}],"about":[{"href":"https:\/\/www.teoriamusical.es\/blog\/wp-json\/wp\/v2\/types\/post"}],"author":[{"embeddable":true,"href":"https:\/\/www.teoriamusical.es\/blog\/wp-json\/wp\/v2\/users\/1"}],"replies":[{"embeddable":true,"href":"https:\/\/www.teoriamusical.es\/blog\/wp-json\/wp\/v2\/comments?post=150"}],"version-history":[{"count":1,"href":"https:\/\/www.teoriamusical.es\/blog\/wp-json\/wp\/v2\/posts\/150\/revisions"}],"predecessor-version":[{"id":152,"href":"https:\/\/www.teoriamusical.es\/blog\/wp-json\/wp\/v2\/posts\/150\/revisions\/152"}],"wp:attachment":[{"href":"https:\/\/www.teoriamusical.es\/blog\/wp-json\/wp\/v2\/media?parent=150"}],"wp:term":[{"taxonomy":"category","embeddable":true,"href":"https:\/\/www.teoriamusical.es\/blog\/wp-json\/wp\/v2\/categories?post=150"},{"taxonomy":"post_tag","embeddable":true,"href":"https:\/\/www.teoriamusical.es\/blog\/wp-json\/wp\/v2\/tags?post=150"}],"curies":[{"name":"wp","href":"https:\/\/api.w.org\/{rel}","templated":true}]}}