{"id":112,"date":"2019-12-08T11:38:21","date_gmt":"2019-12-08T10:38:21","guid":{"rendered":"https:\/\/www.teoriamusical.es\/blog\/?p=112"},"modified":"2019-12-08T11:38:23","modified_gmt":"2019-12-08T10:38:23","slug":"ciclo-de-quintas","status":"publish","type":"post","link":"https:\/\/www.teoriamusical.es\/blog\/ciclo-de-quintas\/","title":{"rendered":"El Ciclo de Quintas y El Ciclo de Cuartas"},"content":{"rendered":"\n<p>El ciclo de quintas es una de las primeras cosas que aprendemos porque tiene m\u00faltiples usos.<\/p>\n\n\n\n<p>Nos ayuda a ver el orden en el que van apareciendo los sostenidos, cuando nos movemos hacia atr\u00e1s, los bemoles. Tambi\u00e9n nos sirve para ubicar el dominante de un tono, su menor relativo y relaciones arm\u00f3nicas diversas.<\/p>\n\n\n\n<p>En jazz solemos hablar m\u00e1s de ciclo de cuartas, es decir, lo que viene siendo coger el ciclo de quintas y recorrerlo \u00abal rev\u00e9s\u00bb, pero simplemente por la ventaja que representa frente a recorrerlo de forma normal.<\/p>\n\n\n\n<p>Me explico:<\/p>\n\n\n\n<p>Si voy de C a G y luego a D estoy movi\u00e9ndome por quintas, estoy yendo de la t\u00f3nica a su dominante y de ese dominante hacia el ii grado, que tiene funci\u00f3n de subdominante, creando de esta forma una cadencia rota, que oye, tampoco est\u00e1 mal.<\/p>\n\n\n\n<p>Sin embargo, si lo recorro al rev\u00e9s, es decir, si voy de D a G y luego a C, las funciones arm\u00f3nicas se alinean y todo empieza a funcionar. Dm es subdominante, G es dominante y C es la t\u00f3nica en la que aterrizo.<\/p>\n\n\n\n<p>Este Dm-G-C es un ii-V-I, una de las progresiones arm\u00f3nicas m\u00e1s fuertes de la m\u00fasica occidental y que aparece como elemento importante en el jazz. En otras m\u00fasicas este ii se sustituye por un IV pero la funci\u00f3n tonal es la misma.<\/p>\n\n\n\n<p>Si en lugar de hacer esto lo convertimos todos en dominantes tenemos una cadena de dominantes extendidos; D7 que va a G7 que va a C.<\/p>\n\n\n\n<p>Es decir, desde el punto de vista de la armon\u00eda funcional, recorriendo el ciclo de quintas de forma normal tenemos un mapa de d\u00f3nde est\u00e1n los dominantes, etc, pero recorri\u00e9ndolo por el ciclo de cuartas, tenemos una forma de movernos de tono a tono muy clara y potente.<\/p>\n\n\n\n<p>Podemos adem\u00e1s recorrer los primeros 6 tonos as\u00ed:<\/p>\n\n\n\n<p>Dm7 G7 CMaj7 | Cm7 F7 BbMaj7 | Bbm Eb7 AbMaj7 | Abm7 Db7 GbMaj7 | F#m7 B7 EMaj7| Em7 A7 DMaj7 | y volvemos al principio (C) con Dm7-G7-CMaj7<\/p>\n\n\n\n<p>Aqu\u00ed hemos recorrido C Bb Ab Gb E D<\/p>\n\n\n\n<p>Si empezamos desde F por ejemplo tendriamos el resto, es decir:<\/p>\n\n\n\n<p>Gm7-C7-Fmaj7 | Fm7 Bb7 EbMaj7 | Ebm7 Ab7 DbMaj7 | etc, etc, hasta volver a F.<\/p>\n\n\n\n<p>Lo que hacemos basicamente es convertir el acorde objetivo que hace de t\u00f3nica en el nuevo ii de la siguiente progresi\u00f3n, de esta forma enlazamos todo y podemos practicar movi\u00e9ndonos por los doce tonos de forma fluida. <\/p>\n\n\n\n<p>Esto facilita que, todo lo que aprendamos, lo <a href=\"https:\/\/youtu.be\/uX5brnc3OxM\">aprendamos en los 12 tonos<\/a>.<\/p>\n\n\n\n<p>Aqu\u00ed abajo tienes dos videos para practicar.<\/p>\n\n\n\n<figure class=\"wp-block-embed-youtube wp-block-embed is-type-video is-provider-youtube wp-embed-aspect-16-9 wp-has-aspect-ratio\"><div class=\"wp-block-embed__wrapper\">\n<iframe loading=\"lazy\" title=\"POR QU\u00c9 LO MEJOR DEL CICLO DE QUINTAS ES EL CICLO DE CUARTAS. \u00af_(\u30c4)_\/\u00af | Countblissett\" width=\"584\" height=\"329\" src=\"https:\/\/www.youtube.com\/embed\/lls1-_M6gO8?feature=oembed\" frameborder=\"0\" allow=\"accelerometer; autoplay; clipboard-write; encrypted-media; gyroscope; picture-in-picture; web-share\" referrerpolicy=\"strict-origin-when-cross-origin\" allowfullscreen><\/iframe>\n<\/div><\/figure>\n\n\n\n<figure class=\"wp-block-embed-youtube wp-block-embed is-type-video is-provider-youtube wp-embed-aspect-16-9 wp-has-aspect-ratio\"><div class=\"wp-block-embed__wrapper\">\n<iframe loading=\"lazy\" title=\"2 PARTE : POR QU\u00c9 LO MEJOR DEL CICLO DE QUINTAS ES EL CICLO DE CUARTAS. \u00af_(\u30c4)_\/\u00af\" width=\"584\" height=\"329\" src=\"https:\/\/www.youtube.com\/embed\/v95lCz-NFxo?feature=oembed\" frameborder=\"0\" allow=\"accelerometer; autoplay; clipboard-write; encrypted-media; gyroscope; picture-in-picture; web-share\" referrerpolicy=\"strict-origin-when-cross-origin\" allowfullscreen><\/iframe>\n<\/div><\/figure>\n\n\n\n<p>Si te interesa la armon\u00eda moderna, los voicings y el desarrollo mel\u00f3dico, echa un vistazo a mis <a href=\"https:\/\/www.teoriamusical.es\/blog\/cursos-de-musica\/\">cursos online de m\u00fasica moderna<\/a>.<\/p>\n\n\n\n<p>Si quiere disfrutar de m\u00e1s contenido gratuito p\u00e1sate por mi <a href=\"http:\/\/www.youtube.com\/countblissett\">canal de Youtube<\/a><\/p>\n","protected":false},"excerpt":{"rendered":"<p>El ciclo de quintas es una de las primeras cosas que aprendemos porque tiene m\u00faltiples usos. Nos ayuda a ver el orden en el que van apareciendo los sostenidos, cuando nos movemos hacia atr\u00e1s, los bemoles. Tambi\u00e9n nos sirve para &hellip; <a href=\"https:\/\/www.teoriamusical.es\/blog\/ciclo-de-quintas\/\">Sigue leyendo <span class=\"meta-nav\">&rarr;<\/span><\/a><\/p>\n","protected":false},"author":1,"featured_media":0,"comment_status":"open","ping_status":"open","sticky":false,"template":"","format":"standard","meta":{"_monsterinsights_skip_tracking":false,"_monsterinsights_sitenote_active":false,"_monsterinsights_sitenote_note":"","_monsterinsights_sitenote_category":0,"footnotes":""},"categories":[15,16],"tags":[61,60],"class_list":["post-112","post","type-post","status-publish","format-standard","hentry","category-armonia-moderna","category-lenguaje-armonico","tag-ciclo-de-cuartas","tag-ciclo-de-quintas"],"yoast_head":"<!-- This site is optimized with the Yoast SEO plugin v19.6 - https:\/\/yoast.com\/wordpress\/plugins\/seo\/ -->\n<title>El Ciclo de Quintas y El Ciclo de Cuartas - Teor\u00eda Musical<\/title>\n<meta name=\"description\" content=\"El ciclo de quintas y su versi\u00f3n inversa, el ciclo de cuartas, es una herramienta magn\u00edfica para practicar en los 12 tonos. Aqu\u00ed tienes algunos ejercicios.\" \/>\n<meta name=\"robots\" content=\"index, follow, max-snippet:-1, max-image-preview:large, max-video-preview:-1\" \/>\n<link rel=\"canonical\" href=\"https:\/\/www.teoriamusical.es\/blog\/ciclo-de-quintas\/\" \/>\n<meta property=\"og:locale\" content=\"es_ES\" \/>\n<meta property=\"og:type\" content=\"article\" \/>\n<meta property=\"og:title\" content=\"El Ciclo de Quintas y El Ciclo de Cuartas - Teor\u00eda Musical\" \/>\n<meta property=\"og:description\" content=\"El ciclo de quintas y su versi\u00f3n inversa, el ciclo de cuartas, es una herramienta magn\u00edfica para practicar en los 12 tonos. Aqu\u00ed tienes algunos ejercicios.\" \/>\n<meta property=\"og:url\" content=\"https:\/\/www.teoriamusical.es\/blog\/ciclo-de-quintas\/\" \/>\n<meta property=\"og:site_name\" content=\"Teor\u00eda Musical\" \/>\n<meta property=\"article:published_time\" content=\"2019-12-08T10:38:21+00:00\" \/>\n<meta property=\"article:modified_time\" content=\"2019-12-08T10:38:23+00:00\" \/>\n<meta name=\"author\" content=\"teoriamusical.es\" \/>\n<meta name=\"twitter:card\" content=\"summary_large_image\" \/>\n<meta name=\"twitter:label1\" content=\"Escrito por\" \/>\n\t<meta name=\"twitter:data1\" content=\"teoriamusical.es\" \/>\n\t<meta name=\"twitter:label2\" content=\"Tiempo de lectura\" \/>\n\t<meta name=\"twitter:data2\" content=\"3 minutos\" \/>\n<script type=\"application\/ld+json\" class=\"yoast-schema-graph\">{\"@context\":\"https:\/\/schema.org\",\"@graph\":[{\"@type\":\"Article\",\"@id\":\"https:\/\/www.teoriamusical.es\/blog\/ciclo-de-quintas\/#article\",\"isPartOf\":{\"@id\":\"https:\/\/www.teoriamusical.es\/blog\/ciclo-de-quintas\/\"},\"author\":{\"name\":\"teoriamusical.es\",\"@id\":\"https:\/\/www.teoriamusical.es\/blog\/#\/schema\/person\/abbe30b6f6b449ac9e19ab236fe3d80c\"},\"headline\":\"El Ciclo de Quintas y El Ciclo de Cuartas\",\"datePublished\":\"2019-12-08T10:38:21+00:00\",\"dateModified\":\"2019-12-08T10:38:23+00:00\",\"mainEntityOfPage\":{\"@id\":\"https:\/\/www.teoriamusical.es\/blog\/ciclo-de-quintas\/\"},\"wordCount\":511,\"commentCount\":0,\"publisher\":{\"@id\":\"https:\/\/www.teoriamusical.es\/blog\/#\/schema\/person\/abbe30b6f6b449ac9e19ab236fe3d80c\"},\"keywords\":[\"ciclo de cuartas\",\"ciclo de quintas\"],\"articleSection\":[\"Armon\u00eda Moderna\",\"Lenguaje Arm\u00f3nico\"],\"inLanguage\":\"es\",\"potentialAction\":[{\"@type\":\"CommentAction\",\"name\":\"Comment\",\"target\":[\"https:\/\/www.teoriamusical.es\/blog\/ciclo-de-quintas\/#respond\"]}]},{\"@type\":\"WebPage\",\"@id\":\"https:\/\/www.teoriamusical.es\/blog\/ciclo-de-quintas\/\",\"url\":\"https:\/\/www.teoriamusical.es\/blog\/ciclo-de-quintas\/\",\"name\":\"El Ciclo de Quintas y El Ciclo de Cuartas - Teor\u00eda Musical\",\"isPartOf\":{\"@id\":\"https:\/\/www.teoriamusical.es\/blog\/#website\"},\"datePublished\":\"2019-12-08T10:38:21+00:00\",\"dateModified\":\"2019-12-08T10:38:23+00:00\",\"description\":\"El ciclo de quintas y su versi\u00f3n inversa, el ciclo de cuartas, es una herramienta magn\u00edfica para practicar en los 12 tonos. Aqu\u00ed tienes algunos ejercicios.\",\"breadcrumb\":{\"@id\":\"https:\/\/www.teoriamusical.es\/blog\/ciclo-de-quintas\/#breadcrumb\"},\"inLanguage\":\"es\",\"potentialAction\":[{\"@type\":\"ReadAction\",\"target\":[\"https:\/\/www.teoriamusical.es\/blog\/ciclo-de-quintas\/\"]}]},{\"@type\":\"BreadcrumbList\",\"@id\":\"https:\/\/www.teoriamusical.es\/blog\/ciclo-de-quintas\/#breadcrumb\",\"itemListElement\":[{\"@type\":\"ListItem\",\"position\":1,\"name\":\"Home\",\"item\":\"https:\/\/www.teoriamusical.es\/blog\/\"},{\"@type\":\"ListItem\",\"position\":2,\"name\":\"El Ciclo de Quintas y El Ciclo de Cuartas\"}]},{\"@type\":\"WebSite\",\"@id\":\"https:\/\/www.teoriamusical.es\/blog\/#website\",\"url\":\"https:\/\/www.teoriamusical.es\/blog\/\",\"name\":\"Teor\u00eda Musical\",\"description\":\"Teor\u00eda Musical, Armon\u00eda Moderna y Cursos Online\",\"publisher\":{\"@id\":\"https:\/\/www.teoriamusical.es\/blog\/#\/schema\/person\/abbe30b6f6b449ac9e19ab236fe3d80c\"},\"potentialAction\":[{\"@type\":\"SearchAction\",\"target\":{\"@type\":\"EntryPoint\",\"urlTemplate\":\"https:\/\/www.teoriamusical.es\/blog\/?s={search_term_string}\"},\"query-input\":\"required name=search_term_string\"}],\"inLanguage\":\"es\"},{\"@type\":[\"Person\",\"Organization\"],\"@id\":\"https:\/\/www.teoriamusical.es\/blog\/#\/schema\/person\/abbe30b6f6b449ac9e19ab236fe3d80c\",\"name\":\"teoriamusical.es\",\"image\":{\"@type\":\"ImageObject\",\"inLanguage\":\"es\",\"@id\":\"https:\/\/www.teoriamusical.es\/blog\/#\/schema\/person\/image\/\",\"url\":\"https:\/\/secure.gravatar.com\/avatar\/1d7014e5a95916f717d86ab0aceffce14fd35c12b39d368d60384afae17e1760?s=96&d=mm&r=g\",\"contentUrl\":\"https:\/\/secure.gravatar.com\/avatar\/1d7014e5a95916f717d86ab0aceffce14fd35c12b39d368d60384afae17e1760?s=96&d=mm&r=g\",\"caption\":\"teoriamusical.es\"},\"logo\":{\"@id\":\"https:\/\/www.teoriamusical.es\/blog\/#\/schema\/person\/image\/\"}}]}<\/script>\n<!-- \/ Yoast SEO plugin. -->","yoast_head_json":{"title":"El Ciclo de Quintas y El Ciclo de Cuartas - Teor\u00eda Musical","description":"El ciclo de quintas y su versi\u00f3n inversa, el ciclo de cuartas, es una herramienta magn\u00edfica para practicar en los 12 tonos. Aqu\u00ed tienes algunos ejercicios.","robots":{"index":"index","follow":"follow","max-snippet":"max-snippet:-1","max-image-preview":"max-image-preview:large","max-video-preview":"max-video-preview:-1"},"canonical":"https:\/\/www.teoriamusical.es\/blog\/ciclo-de-quintas\/","og_locale":"es_ES","og_type":"article","og_title":"El Ciclo de Quintas y El Ciclo de Cuartas - Teor\u00eda Musical","og_description":"El ciclo de quintas y su versi\u00f3n inversa, el ciclo de cuartas, es una herramienta magn\u00edfica para practicar en los 12 tonos. Aqu\u00ed tienes algunos ejercicios.","og_url":"https:\/\/www.teoriamusical.es\/blog\/ciclo-de-quintas\/","og_site_name":"Teor\u00eda Musical","article_published_time":"2019-12-08T10:38:21+00:00","article_modified_time":"2019-12-08T10:38:23+00:00","author":"teoriamusical.es","twitter_card":"summary_large_image","twitter_misc":{"Escrito por":"teoriamusical.es","Tiempo de lectura":"3 minutos"},"schema":{"@context":"https:\/\/schema.org","@graph":[{"@type":"Article","@id":"https:\/\/www.teoriamusical.es\/blog\/ciclo-de-quintas\/#article","isPartOf":{"@id":"https:\/\/www.teoriamusical.es\/blog\/ciclo-de-quintas\/"},"author":{"name":"teoriamusical.es","@id":"https:\/\/www.teoriamusical.es\/blog\/#\/schema\/person\/abbe30b6f6b449ac9e19ab236fe3d80c"},"headline":"El Ciclo de Quintas y El Ciclo de Cuartas","datePublished":"2019-12-08T10:38:21+00:00","dateModified":"2019-12-08T10:38:23+00:00","mainEntityOfPage":{"@id":"https:\/\/www.teoriamusical.es\/blog\/ciclo-de-quintas\/"},"wordCount":511,"commentCount":0,"publisher":{"@id":"https:\/\/www.teoriamusical.es\/blog\/#\/schema\/person\/abbe30b6f6b449ac9e19ab236fe3d80c"},"keywords":["ciclo de cuartas","ciclo de quintas"],"articleSection":["Armon\u00eda Moderna","Lenguaje Arm\u00f3nico"],"inLanguage":"es","potentialAction":[{"@type":"CommentAction","name":"Comment","target":["https:\/\/www.teoriamusical.es\/blog\/ciclo-de-quintas\/#respond"]}]},{"@type":"WebPage","@id":"https:\/\/www.teoriamusical.es\/blog\/ciclo-de-quintas\/","url":"https:\/\/www.teoriamusical.es\/blog\/ciclo-de-quintas\/","name":"El Ciclo de Quintas y El Ciclo de Cuartas - Teor\u00eda Musical","isPartOf":{"@id":"https:\/\/www.teoriamusical.es\/blog\/#website"},"datePublished":"2019-12-08T10:38:21+00:00","dateModified":"2019-12-08T10:38:23+00:00","description":"El ciclo de quintas y su versi\u00f3n inversa, el ciclo de cuartas, es una herramienta magn\u00edfica para practicar en los 12 tonos. Aqu\u00ed tienes algunos ejercicios.","breadcrumb":{"@id":"https:\/\/www.teoriamusical.es\/blog\/ciclo-de-quintas\/#breadcrumb"},"inLanguage":"es","potentialAction":[{"@type":"ReadAction","target":["https:\/\/www.teoriamusical.es\/blog\/ciclo-de-quintas\/"]}]},{"@type":"BreadcrumbList","@id":"https:\/\/www.teoriamusical.es\/blog\/ciclo-de-quintas\/#breadcrumb","itemListElement":[{"@type":"ListItem","position":1,"name":"Home","item":"https:\/\/www.teoriamusical.es\/blog\/"},{"@type":"ListItem","position":2,"name":"El Ciclo de Quintas y El Ciclo de Cuartas"}]},{"@type":"WebSite","@id":"https:\/\/www.teoriamusical.es\/blog\/#website","url":"https:\/\/www.teoriamusical.es\/blog\/","name":"Teor\u00eda Musical","description":"Teor\u00eda Musical, Armon\u00eda Moderna y Cursos Online","publisher":{"@id":"https:\/\/www.teoriamusical.es\/blog\/#\/schema\/person\/abbe30b6f6b449ac9e19ab236fe3d80c"},"potentialAction":[{"@type":"SearchAction","target":{"@type":"EntryPoint","urlTemplate":"https:\/\/www.teoriamusical.es\/blog\/?s={search_term_string}"},"query-input":"required name=search_term_string"}],"inLanguage":"es"},{"@type":["Person","Organization"],"@id":"https:\/\/www.teoriamusical.es\/blog\/#\/schema\/person\/abbe30b6f6b449ac9e19ab236fe3d80c","name":"teoriamusical.es","image":{"@type":"ImageObject","inLanguage":"es","@id":"https:\/\/www.teoriamusical.es\/blog\/#\/schema\/person\/image\/","url":"https:\/\/secure.gravatar.com\/avatar\/1d7014e5a95916f717d86ab0aceffce14fd35c12b39d368d60384afae17e1760?s=96&d=mm&r=g","contentUrl":"https:\/\/secure.gravatar.com\/avatar\/1d7014e5a95916f717d86ab0aceffce14fd35c12b39d368d60384afae17e1760?s=96&d=mm&r=g","caption":"teoriamusical.es"},"logo":{"@id":"https:\/\/www.teoriamusical.es\/blog\/#\/schema\/person\/image\/"}}]}},"jetpack_featured_media_url":"","jetpack-related-posts":[{"id":459,"url":"https:\/\/www.teoriamusical.es\/blog\/rearmonizar-utilizando-bitonalidad\/","url_meta":{"origin":112,"position":0},"title":"\u00bfRearmonizar Utilizando Bitonalidad?","date":"junio 29, 2022","format":false,"excerpt":"La rearmonizaci\u00f3n nos brinda muchos recursos arm\u00f3nicos y uno de ellos es el efecto de la bitonalidad aparente. La idea detr\u00e1s de esta t\u00e9cnica musical es rica pero puede simplificarse como una especie de acordes h\u00edbridos planteados al rev\u00e9s. El ciclo que quintas es tremendamente \u00fatil para visualizar lo que\u2026","rel":"","context":"En \u00abCursos de M\u00fasica\u00bb","img":{"alt_text":"","src":"https:\/\/i0.wp.com\/img.youtube.com\/vi\/_in_BcNonPg\/0.jpg?resize=350%2C200","width":350,"height":200},"classes":[]},{"id":264,"url":"https:\/\/www.teoriamusical.es\/blog\/progresiones-neo-soul\/","url_meta":{"origin":112,"position":1},"title":"Progresiones Neo Soul","date":"julio 16, 2021","format":false,"excerpt":"Neo soul es el estilo que nos tuvo ocupados componiendo, arreglando y produciendo durante la semana pasada. Sin embargo en las audiciones en directo vimos que no hab\u00edamos terminado de coger el punto al estilo, pese a que ten\u00edamos referencias como Erykah Badu, Robert Glasper, Maxwell, etc. El lenguaje arm\u00f3nico\u2026","rel":"","context":"En \u00abAcordes\u00bb","img":{"alt_text":"","src":"https:\/\/i0.wp.com\/img.youtube.com\/vi\/CSGmVBIcOwc\/0.jpg?resize=350%2C200","width":350,"height":200},"classes":[]},{"id":393,"url":"https:\/\/www.teoriamusical.es\/blog\/modulacion-en-los-doce-tonos\/","url_meta":{"origin":112,"position":2},"title":"Componer con Modulaci\u00f3n En Los Doce Tonos","date":"septiembre 13, 2021","format":false,"excerpt":"Componer con modulaci\u00f3n en los doce tonos es la actividad musical de esta semana donde, b\u00e1sicamente, nos iremos moviendo de un centro tonal a otro siguiendo el ciclo de quintas en sentido inverso, es decir el ciclo de cuartas, mientras nuestra melod\u00eda sigue la modulaci\u00f3n en los doce tonos aportando\u2026","rel":"","context":"En \u00abArmon\u00eda Moderna\u00bb","img":{"alt_text":"","src":"https:\/\/i0.wp.com\/img.youtube.com\/vi\/ircIzmNng9A\/0.jpg?resize=350%2C200","width":350,"height":200},"classes":[]},{"id":469,"url":"https:\/\/www.teoriamusical.es\/blog\/ejes-de-bartok-facil\/","url_meta":{"origin":112,"position":3},"title":"Ejes de Bartok F\u00e1cil","date":"junio 29, 2022","format":false,"excerpt":"Los ejes de Bartok explicados en un tutorial f\u00e1cil para que los suscriptores del canal puedan componer una pieza musical utiliz\u00e1ndolos. B\u00e9la Bart\u00f3k era un compositor enorme cuya armon\u00eda y sistema compositivo, que nos llega por terceros ya que \u00e9l no habl\u00f3 demasiado sobre ello, ha dado muchas alegr\u00edas dentro\u2026","rel":"","context":"En \u00abCursos de M\u00fasica\u00bb","img":{"alt_text":"","src":"https:\/\/i0.wp.com\/img.youtube.com\/vi\/Xvexn3WavSk\/0.jpg?resize=350%2C200","width":350,"height":200},"classes":[]},{"id":320,"url":"https:\/\/www.teoriamusical.es\/blog\/dominante-frigio\/","url_meta":{"origin":112,"position":4},"title":"Dominante Frigio: Mixolidio (b9, b13)","date":"julio 16, 2021","format":false,"excerpt":"El modo frigio dominante, conocido tambi\u00e9n como escala frigia dominante, mixolidia (b9 b13), frigio mayor, quinto modo de la escala menor arm\u00f3nica, o cualquier otra etiqueta, es uno de esos modos con multitud de nombres pero una sonoridad espectacular que debemos conocer tanto en contextos modales como en contextos tonales\u2026","rel":"","context":"En \u00abAcordes\u00bb","img":{"alt_text":"","src":"https:\/\/i0.wp.com\/img.youtube.com\/vi\/-EZQuNUAuFs\/0.jpg?resize=350%2C200","width":350,"height":200},"classes":[]},{"id":261,"url":"https:\/\/www.teoriamusical.es\/blog\/acordes-neo-soul\/","url_meta":{"origin":112,"position":5},"title":"Acordes Neo Soul","date":"julio 16, 2021","format":false,"excerpt":"Los acordes neo soul forman parte del lenguaje de la armon\u00eda moderna y son el resultado l\u00f3gico de una gran herencia que bebe del jazz, el blues, el gospel, el soul, el hip hop y otras m\u00fasicas de raiz afroamericana. Con antecedentes en la m\u00fasica de algunos artistas Motown y\u2026","rel":"","context":"En \u00abAcordes\u00bb","img":{"alt_text":"","src":"https:\/\/i0.wp.com\/img.youtube.com\/vi\/vdtN_pzpfYM\/0.jpg?resize=350%2C200","width":350,"height":200},"classes":[]}],"_links":{"self":[{"href":"https:\/\/www.teoriamusical.es\/blog\/wp-json\/wp\/v2\/posts\/112","targetHints":{"allow":["GET"]}}],"collection":[{"href":"https:\/\/www.teoriamusical.es\/blog\/wp-json\/wp\/v2\/posts"}],"about":[{"href":"https:\/\/www.teoriamusical.es\/blog\/wp-json\/wp\/v2\/types\/post"}],"author":[{"embeddable":true,"href":"https:\/\/www.teoriamusical.es\/blog\/wp-json\/wp\/v2\/users\/1"}],"replies":[{"embeddable":true,"href":"https:\/\/www.teoriamusical.es\/blog\/wp-json\/wp\/v2\/comments?post=112"}],"version-history":[{"count":1,"href":"https:\/\/www.teoriamusical.es\/blog\/wp-json\/wp\/v2\/posts\/112\/revisions"}],"predecessor-version":[{"id":113,"href":"https:\/\/www.teoriamusical.es\/blog\/wp-json\/wp\/v2\/posts\/112\/revisions\/113"}],"wp:attachment":[{"href":"https:\/\/www.teoriamusical.es\/blog\/wp-json\/wp\/v2\/media?parent=112"}],"wp:term":[{"taxonomy":"category","embeddable":true,"href":"https:\/\/www.teoriamusical.es\/blog\/wp-json\/wp\/v2\/categories?post=112"},{"taxonomy":"post_tag","embeddable":true,"href":"https:\/\/www.teoriamusical.es\/blog\/wp-json\/wp\/v2\/tags?post=112"}],"curies":[{"name":"wp","href":"https:\/\/api.w.org\/{rel}","templated":true}]}}